{"id":179323,"date":"2019-05-09T06:58:26","date_gmt":"2019-05-09T09:58:26","guid":{"rendered":"https:\/\/franciscanos.org.br\/vidacrista\/?p=179323"},"modified":"2020-07-31T14:00:47","modified_gmt":"2020-07-31T17:00:47","slug":"dia-das-maes-dia-de-celebrar-a-cultura-do-amor","status":"publish","type":"post","link":"https:\/\/franciscanos.org.br\/vidacrista\/dia-das-maes-dia-de-celebrar-a-cultura-do-amor\/","title":{"rendered":"Dia das M\u00e3es, dia de celebrar  a cultura do amor"},"content":{"rendered":"<div id=\"attachment_187330\" style=\"width: 850px\" class=\"wp-caption alignnone\"><img aria-describedby=\"caption-attachment-187330\" decoding=\"async\" loading=\"lazy\" class=\"wp-image-187330 size-full\" src=\"https:\/\/franciscanos.org.br\/vidacrista\/wp-content\/uploads\/2019\/05\/artigo_19.jpg\" alt=\"\" width=\"840\" height=\"450\" srcset=\"https:\/\/franciscanos.org.br\/vidacrista\/wp-content\/uploads\/2019\/05\/artigo_19.jpg 840w, https:\/\/franciscanos.org.br\/vidacrista\/wp-content\/uploads\/2019\/05\/artigo_19-450x241.jpg 450w, https:\/\/franciscanos.org.br\/vidacrista\/wp-content\/uploads\/2019\/05\/artigo_19-768x411.jpg 768w, https:\/\/franciscanos.org.br\/vidacrista\/wp-content\/uploads\/2019\/05\/artigo_19-150x80.jpg 150w\" sizes=\"(max-width: 840px) 100vw, 840px\" \/><p id=\"caption-attachment-187330\" class=\"wp-caption-text\">\u00a0 \u00a0 \u00a0 \u00a0 \u00a0 \u00a0 \u00a0 \u00a0 \u00a0 \u00a0 \u00a0 \u00a0 \u00a0 \u00a0 \u00a0 \u00a0 \u00a0 \u00a0 \u00a0 \u00a0 \u00a0 \u00a0 \u00a0 \u00a0 \u00a0 \u00a0 \u00a0 \u00a0 \u00a0 \u00a0 \u00a0 \u00a0 \u00a0 \u00a0 \u00a0 \u00a0 \u00a0 \u00a0 \u00a0 \u00a0 \u00a0 \u00a0 \u00a0 \u00a0 \u00a0 \u00a0 \u00a0 \u00a0 \u00a0 \u00a0 \u00a0 \u00a0 \u00a0 \u00a0 \u00a0 \u00a0<em> Imagem Ilustrativa (Madonna, de Simone Martini)<\/em><\/p><\/div>\n<p><img decoding=\"async\" loading=\"lazy\" class=\"alignnone wp-image-179325 size-full\" src=\"https:\/\/franciscanos.org.br\/vidacrista\/wp-content\/uploads\/2019\/05\/maria_0905.jpg\" alt=\"\" width=\"840\" height=\"394\" \/>Cada ano a vida repete a mesma celebra\u00e7\u00e3o. Celebrar \u00e9 tornar presente, de um modo repetitivo, uma verdade, uma mensagem, uma data, uma vida, at\u00e9 que um dia tudo nos preencha do mais belo sentido. Mas o Dia das M\u00e3es n\u00e3o \u00e9 uma simples celebra\u00e7\u00e3o, \u00e9 uma amplia\u00e7\u00e3o de todos os sentidos da vida. As m\u00e3es que est\u00e3o vivas ganham t\u00edmidas palavras, beijos e abra\u00e7os. As m\u00e3es falecidas ressuscitam nas mem\u00f3rias e nas preces.<\/p>\n<p>Cada ano flores, almo\u00e7o, festa, presentes e telefonemas reacendem o sentimento de eterno pertencimento. N\u00f3s somos o que \u00e9 esta mulher que nos ensinou a ser al\u00e9m de n\u00f3s; que nos ensinou a ser fam\u00edlia e fazer parte do sonho de algu\u00e9m.\u00a0 A m\u00e3e nos ensinou a existir e \u00e9 imposs\u00edvel conceber a exist\u00eancia sem ela. Ela est\u00e1 presente assim como Deus \u00e9 onipresente.<\/p>\n<p>O Dia das M\u00e3es \u00e9 um dia feito para lembrar quem ajudou a organizar a nossa vida, que cuidou para que tiv\u00e9ssemos o melhor, quem nos olhou com um olhar amoroso sem nenhum ran\u00e7o de condena\u00e7\u00e3o. M\u00e3e foi e \u00e9 uma entrega constante, uma entrega absoluta em cada tarefa, uma ren\u00fancia de si para que possamos ser. M\u00e3e \u00e9 determina\u00e7\u00e3o; ela est\u00e1 sempre determinada em ajudar filhos a encontrarem o rumo na vida.<\/p>\n<p>M\u00e3e \u00e9 o minist\u00e9rio da educa\u00e7\u00e3o mais verdadeiro, que nunca se fragmenta ou experimenta a decad\u00eancia, porque ela \u00e9 um processo de valores para cada dia da vida. O bem-estar, a beleza, a limpeza, a harmonia, s\u00e3o valores caseiros que se instauram num determinado lugar e ganham espa\u00e7os do mundo. M\u00e3e ensina a arrumar quarto, lavar pratos, limpar banheiro, guardar as roupas jogadas. Quem aprendeu isto no limite da casa, vai levar para a vida. Quem n\u00e3o quis aprender vai saber o que \u00e9 a falta de garra para enfrentar os desafios da vida.<\/p>\n<p>M\u00e3e n\u00e3o teve como n\u00f3s, a conquista acad\u00eamica de tantas faculdades, mas \u00e9 p\u00f3s-graduada em sensibilidade. M\u00e3e n\u00e3o faz prega\u00e7\u00e3o nem curas miraculosas, mas diz que Deus est\u00e1 nas preces mais simples do zeloso guardador, que guarda, governa, ilumina, am\u00e9m! M\u00e3e \u00e9 raz\u00e3o e viv\u00eancia; m\u00e3e \u00e9 afeto, uma usina de energia vital de amor que n\u00e3o se esgota. M\u00e3e \u00e9 uma farm\u00e1cia aberta vinte e quatro horas nos dando rem\u00e9dios de emo\u00e7\u00e3o e b\u00ean\u00e7\u00e3o, para que a gente n\u00e3o perca a capacidade de sentir-se amado no caminho onde estivermos rumo a nossa realiza\u00e7\u00e3o, que \u00e9 a felicidade que ela sonhou para n\u00f3s.<\/p>\n<p>Por isso, parab\u00e9ns a todas as M\u00e3es em seu dia! Que dia \u00e9 este? Dia de celebrar o manancial da exist\u00eancia, a cultura do amor, o sentido da vida, e o jeito terno e materno de Deus encarnado no colo desta mulher.<\/p>\n<p><strong>FREI VITORIO MAZZUCO<\/strong><\/p>\n","protected":false},"excerpt":{"rendered":"<p>Artigo de Frei Vitorio Mazzuco<\/p>\n","protected":false},"author":3,"featured_media":187331,"comment_status":"open","ping_status":"open","sticky":false,"template":"","format":"standard","meta":{"footnotes":""},"categories":[26],"tags":[203],"yoast_head":"<!-- This site is optimized with the Yoast SEO plugin v19.4 - https:\/\/yoast.com\/wordpress\/plugins\/seo\/ -->\n<title>Dia das M\u00e3es, dia de celebrar a cultura do amor - Vida Crist\u00e3 - Franciscanos<\/title>\n<meta name=\"robots\" content=\"index, follow, max-snippet:-1, max-image-preview:large, max-video-preview:-1\" \/>\n<link rel=\"canonical\" href=\"https:\/\/franciscanos.org.br\/vidacrista\/dia-das-maes-dia-de-celebrar-a-cultura-do-amor\/\" \/>\n<meta property=\"og:locale\" content=\"pt_BR\" \/>\n<meta property=\"og:type\" content=\"article\" \/>\n<meta property=\"og:title\" content=\"Dia das M\u00e3es, dia de celebrar a cultura do amor - Vida Crist\u00e3 - Franciscanos\" \/>\n<meta property=\"og:description\" content=\"Artigo de Frei Vitorio Mazzuco\" \/>\n<meta property=\"og:url\" content=\"https:\/\/franciscanos.org.br\/vidacrista\/dia-das-maes-dia-de-celebrar-a-cultura-do-amor\/\" \/>\n<meta property=\"og:site_name\" content=\"Vida Crist\u00e3 - Franciscanos\" \/>\n<meta property=\"article:published_time\" content=\"2019-05-09T09:58:26+00:00\" \/>\n<meta property=\"article:modified_time\" content=\"2020-07-31T17:00:47+00:00\" \/>\n<meta property=\"og:image\" content=\"https:\/\/franciscanos.org.br\/vidacrista\/wp-content\/uploads\/2019\/05\/artigo_19d.jpg\" \/>\n\t<meta property=\"og:image:width\" content=\"800\" \/>\n\t<meta property=\"og:image:height\" content=\"600\" \/>\n\t<meta property=\"og:image:type\" content=\"image\/jpeg\" \/>\n<meta name=\"author\" content=\"moacir\" \/>\n<meta name=\"twitter:card\" content=\"summary_large_image\" \/>\n<meta name=\"twitter:label1\" content=\"Escrito por\" \/>\n\t<meta name=\"twitter:data1\" content=\"moacir\" \/>\n\t<meta name=\"twitter:label2\" content=\"Est. tempo de leitura\" \/>\n\t<meta name=\"twitter:data2\" content=\"3 minutos\" \/>\n<script type=\"application\/ld+json\" class=\"yoast-schema-graph\">{\"@context\":\"https:\/\/schema.org\",\"@graph\":[{\"@type\":\"WebSite\",\"@id\":\"https:\/\/franciscanos.org.br\/vidacrista\/#website\",\"url\":\"https:\/\/franciscanos.org.br\/vidacrista\/\",\"name\":\"Vida Crist\u00e3 - Franciscanos\",\"description\":\"Prov\u00edncia Franciscana da Imaculada Concei\u00e7\u00e3o do Brasil - Ordem dos Frades Menores\",\"potentialAction\":[{\"@type\":\"SearchAction\",\"target\":{\"@type\":\"EntryPoint\",\"urlTemplate\":\"https:\/\/franciscanos.org.br\/vidacrista\/?s={search_term_string}\"},\"query-input\":\"required name=search_term_string\"}],\"inLanguage\":\"pt-BR\"},{\"@type\":\"WebPage\",\"@id\":\"https:\/\/franciscanos.org.br\/vidacrista\/dia-das-maes-dia-de-celebrar-a-cultura-do-amor\/\",\"url\":\"https:\/\/franciscanos.org.br\/vidacrista\/dia-das-maes-dia-de-celebrar-a-cultura-do-amor\/\",\"name\":\"Dia das M\u00e3es, dia de celebrar a cultura do amor - Vida Crist\u00e3 - Franciscanos\",\"isPartOf\":{\"@id\":\"https:\/\/franciscanos.org.br\/vidacrista\/#website\"},\"datePublished\":\"2019-05-09T09:58:26+00:00\",\"dateModified\":\"2020-07-31T17:00:47+00:00\",\"author\":{\"@id\":\"https:\/\/franciscanos.org.br\/vidacrista\/#\/schema\/person\/1880bdd2c350b735648725ef7614736a\"},\"breadcrumb\":{\"@id\":\"https:\/\/franciscanos.org.br\/vidacrista\/dia-das-maes-dia-de-celebrar-a-cultura-do-amor\/#breadcrumb\"},\"inLanguage\":\"pt-BR\",\"potentialAction\":[{\"@type\":\"ReadAction\",\"target\":[\"https:\/\/franciscanos.org.br\/vidacrista\/dia-das-maes-dia-de-celebrar-a-cultura-do-amor\/\"]}]},{\"@type\":\"BreadcrumbList\",\"@id\":\"https:\/\/franciscanos.org.br\/vidacrista\/dia-das-maes-dia-de-celebrar-a-cultura-do-amor\/#breadcrumb\",\"itemListElement\":[{\"@type\":\"ListItem\",\"position\":1,\"name\":\"Home\",\"item\":\"https:\/\/franciscanos.org.br\/vidacrista\/\"},{\"@type\":\"ListItem\",\"position\":2,\"name\":\"Dia das M\u00e3es, dia de celebrar a cultura do amor\"}]},{\"@type\":\"Person\",\"@id\":\"https:\/\/franciscanos.org.br\/vidacrista\/#\/schema\/person\/1880bdd2c350b735648725ef7614736a\",\"name\":\"moacir\",\"image\":{\"@type\":\"ImageObject\",\"inLanguage\":\"pt-BR\",\"@id\":\"https:\/\/franciscanos.org.br\/vidacrista\/#\/schema\/person\/image\/\",\"url\":\"https:\/\/secure.gravatar.com\/avatar\/d08aa2ce4c8dd416d4479aa8536fcf64?s=96&d=mm&r=g\",\"contentUrl\":\"https:\/\/secure.gravatar.com\/avatar\/d08aa2ce4c8dd416d4479aa8536fcf64?s=96&d=mm&r=g\",\"caption\":\"moacir\"},\"url\":\"https:\/\/franciscanos.org.br\/vidacrista\/author\/moacir\/\"}]}<\/script>\n<!-- \/ Yoast SEO plugin. -->","yoast_head_json":{"title":"Dia das M\u00e3es, dia de celebrar a cultura do amor - Vida Crist\u00e3 - Franciscanos","robots":{"index":"index","follow":"follow","max-snippet":"max-snippet:-1","max-image-preview":"max-image-preview:large","max-video-preview":"max-video-preview:-1"},"canonical":"https:\/\/franciscanos.org.br\/vidacrista\/dia-das-maes-dia-de-celebrar-a-cultura-do-amor\/","og_locale":"pt_BR","og_type":"article","og_title":"Dia das M\u00e3es, dia de celebrar a cultura do amor - Vida Crist\u00e3 - Franciscanos","og_description":"Artigo de Frei Vitorio Mazzuco","og_url":"https:\/\/franciscanos.org.br\/vidacrista\/dia-das-maes-dia-de-celebrar-a-cultura-do-amor\/","og_site_name":"Vida Crist\u00e3 - Franciscanos","article_published_time":"2019-05-09T09:58:26+00:00","article_modified_time":"2020-07-31T17:00:47+00:00","og_image":[{"width":800,"height":600,"url":"https:\/\/franciscanos.org.br\/vidacrista\/wp-content\/uploads\/2019\/05\/artigo_19d.jpg","type":"image\/jpeg"}],"author":"moacir","twitter_card":"summary_large_image","twitter_misc":{"Escrito por":"moacir","Est. tempo de leitura":"3 minutos"},"schema":{"@context":"https:\/\/schema.org","@graph":[{"@type":"WebSite","@id":"https:\/\/franciscanos.org.br\/vidacrista\/#website","url":"https:\/\/franciscanos.org.br\/vidacrista\/","name":"Vida Crist\u00e3 - Franciscanos","description":"Prov\u00edncia Franciscana da Imaculada Concei\u00e7\u00e3o do Brasil - Ordem dos Frades Menores","potentialAction":[{"@type":"SearchAction","target":{"@type":"EntryPoint","urlTemplate":"https:\/\/franciscanos.org.br\/vidacrista\/?s={search_term_string}"},"query-input":"required name=search_term_string"}],"inLanguage":"pt-BR"},{"@type":"WebPage","@id":"https:\/\/franciscanos.org.br\/vidacrista\/dia-das-maes-dia-de-celebrar-a-cultura-do-amor\/","url":"https:\/\/franciscanos.org.br\/vidacrista\/dia-das-maes-dia-de-celebrar-a-cultura-do-amor\/","name":"Dia das M\u00e3es, dia de celebrar a cultura do amor - Vida Crist\u00e3 - Franciscanos","isPartOf":{"@id":"https:\/\/franciscanos.org.br\/vidacrista\/#website"},"datePublished":"2019-05-09T09:58:26+00:00","dateModified":"2020-07-31T17:00:47+00:00","author":{"@id":"https:\/\/franciscanos.org.br\/vidacrista\/#\/schema\/person\/1880bdd2c350b735648725ef7614736a"},"breadcrumb":{"@id":"https:\/\/franciscanos.org.br\/vidacrista\/dia-das-maes-dia-de-celebrar-a-cultura-do-amor\/#breadcrumb"},"inLanguage":"pt-BR","potentialAction":[{"@type":"ReadAction","target":["https:\/\/franciscanos.org.br\/vidacrista\/dia-das-maes-dia-de-celebrar-a-cultura-do-amor\/"]}]},{"@type":"BreadcrumbList","@id":"https:\/\/franciscanos.org.br\/vidacrista\/dia-das-maes-dia-de-celebrar-a-cultura-do-amor\/#breadcrumb","itemListElement":[{"@type":"ListItem","position":1,"name":"Home","item":"https:\/\/franciscanos.org.br\/vidacrista\/"},{"@type":"ListItem","position":2,"name":"Dia das M\u00e3es, dia de celebrar a cultura do amor"}]},{"@type":"Person","@id":"https:\/\/franciscanos.org.br\/vidacrista\/#\/schema\/person\/1880bdd2c350b735648725ef7614736a","name":"moacir","image":{"@type":"ImageObject","inLanguage":"pt-BR","@id":"https:\/\/franciscanos.org.br\/vidacrista\/#\/schema\/person\/image\/","url":"https:\/\/secure.gravatar.com\/avatar\/d08aa2ce4c8dd416d4479aa8536fcf64?s=96&d=mm&r=g","contentUrl":"https:\/\/secure.gravatar.com\/avatar\/d08aa2ce4c8dd416d4479aa8536fcf64?s=96&d=mm&r=g","caption":"moacir"},"url":"https:\/\/franciscanos.org.br\/vidacrista\/author\/moacir\/"}]}},"_links":{"self":[{"href":"https:\/\/franciscanos.org.br\/vidacrista\/wp-json\/wp\/v2\/posts\/179323"}],"collection":[{"href":"https:\/\/franciscanos.org.br\/vidacrista\/wp-json\/wp\/v2\/posts"}],"about":[{"href":"https:\/\/franciscanos.org.br\/vidacrista\/wp-json\/wp\/v2\/types\/post"}],"author":[{"embeddable":true,"href":"https:\/\/franciscanos.org.br\/vidacrista\/wp-json\/wp\/v2\/users\/3"}],"replies":[{"embeddable":true,"href":"https:\/\/franciscanos.org.br\/vidacrista\/wp-json\/wp\/v2\/comments?post=179323"}],"version-history":[{"count":3,"href":"https:\/\/franciscanos.org.br\/vidacrista\/wp-json\/wp\/v2\/posts\/179323\/revisions"}],"predecessor-version":[{"id":187332,"href":"https:\/\/franciscanos.org.br\/vidacrista\/wp-json\/wp\/v2\/posts\/179323\/revisions\/187332"}],"wp:featuredmedia":[{"embeddable":true,"href":"https:\/\/franciscanos.org.br\/vidacrista\/wp-json\/wp\/v2\/media\/187331"}],"wp:attachment":[{"href":"https:\/\/franciscanos.org.br\/vidacrista\/wp-json\/wp\/v2\/media?parent=179323"}],"wp:term":[{"taxonomy":"category","embeddable":true,"href":"https:\/\/franciscanos.org.br\/vidacrista\/wp-json\/wp\/v2\/categories?post=179323"},{"taxonomy":"post_tag","embeddable":true,"href":"https:\/\/franciscanos.org.br\/vidacrista\/wp-json\/wp\/v2\/tags?post=179323"}],"curies":[{"name":"wp","href":"https:\/\/api.w.org\/{rel}","templated":true}]}}