{"id":179238,"date":"2019-05-02T06:11:32","date_gmt":"2019-05-02T09:11:32","guid":{"rendered":"https:\/\/franciscanos.org.br\/vidacrista\/?p=179238"},"modified":"2019-05-03T06:14:39","modified_gmt":"2019-05-03T09:14:39","slug":"sexta","status":"publish","type":"post","link":"https:\/\/franciscanos.org.br\/vidacrista\/sexta\/","title":{"rendered":"Feriram o lado do Senhor"},"content":{"rendered":"<p><img decoding=\"async\" loading=\"lazy\" class=\"alignnone wp-image-179239 size-full\" src=\"https:\/\/franciscanos.org.br\/vidacrista\/wp-content\/uploads\/2019\/05\/sexta_0305.jpg\" alt=\"\" width=\"840\" height=\"473\" srcset=\"https:\/\/franciscanos.org.br\/vidacrista\/wp-content\/uploads\/2019\/05\/sexta_0305.jpg 840w, https:\/\/franciscanos.org.br\/vidacrista\/wp-content\/uploads\/2019\/05\/sexta_0305-450x253.jpg 450w, https:\/\/franciscanos.org.br\/vidacrista\/wp-content\/uploads\/2019\/05\/sexta_0305-768x432.jpg 768w, https:\/\/franciscanos.org.br\/vidacrista\/wp-content\/uploads\/2019\/05\/sexta_0305-150x84.jpg 150w\" sizes=\"(max-width: 840px) 100vw, 840px\" \/><\/p>\n<h2>O sol n\u00e3o suportou ver maltratado o Sol da Justi\u00e7a<\/h2>\n<p style=\"padding-left: 40px; text-align: right;\"><em>Com uma lan\u00e7a perfuram o lado daquele que criara Eva do lado de Ad\u00e3o; jorraram \u00e1gua e sangue divino, bebida de imortalidade e batismo de regenera\u00e7\u00e3o. Por isso, o sol escureceu, n\u00e3o suportando ver maltratado o Sol da justi\u00e7a. A terra estremeceu aspergida com o sangue do Senhor, purificada da idolatria e saltando de alegria por essa purifica\u00e7\u00e3o.<\/em><br \/>\nS\u00e3o Jo\u00e3o Damasceno<\/p>\n<p>Atrav\u00e9s de todos os s\u00e9culos, Jesus o Verbo feito carne, esse que assumiu nossa hist\u00f3ria e que, ressuscitado, toma conta do universo de nossa vida e ilumina os nossos caminhos sempre foi adorado, amado, exaltado, enaltecido em seus gestos de amor. Bel\u00edssimas as considera\u00e7\u00f5es de Jo\u00e3o Damasceno (s\u00e9c. VIII), Jo\u00e3o de Damasco, contemplando, extasiado, o lado do Senhor, perfurado por uma lan\u00e7a. Lado quer dizer o espa\u00e7o do cora\u00e7\u00e3o. N\u00e3o t\u00e3o somente o cora\u00e7\u00e3o de carne, mas o n\u00f3 mais \u00edntimo, o santu\u00e1rio mais rec\u00f4ndito do ser humano. Uma brecha no peito do Amado. Cora\u00e7\u00e3o, espa\u00e7o de onde brota a verdade mais profunda do ser humano.<\/p>\n<p style=\"padding-left: 40px;\">\u2666 Lado que evoca a cria\u00e7\u00e3o da mulher do Livro do G\u00eanesis. Ad\u00e3o perambula solit\u00e1rio pelo jardim. Falta-lhe algu\u00e9m. As coisas, os animais e tudo o que tinha \u00e0 sua volta na lhe enchem o cora\u00e7\u00e3o. Em sua caminhada, ele precisa de companheiros. Caminhar com&#8230; Do \u201clado\u201d de Ad\u00e3o, veio a companheira, aquela que seria carne de sua carne. E os dois haveriam de percorrer os caminhos do mundo num imenso bem-querer. Lado, cora\u00e7\u00e3o, amor. Tudo isso se entrela\u00e7a. Nunca foi t\u00e3o importante como em nossos dias fazer de sorte que marido e mulher, sobretudo quando s\u00e3o disc\u00edpulos do Senhor, esvaziem o cora\u00e7\u00e3o de seus \u201cneg\u00f3cios\u201d e se amem \u201cde cora\u00e7\u00e3o\u201d. N\u00e3o um casalzinho fechado em seu pequeno bem-querer. Mas, dois que irradiam&#8230; Como a Igreja tem que irradiar j\u00e1 que ela tamb\u00e9m nasceu do lado do Senhor. Os sacramentos da Igreja, eucaristia e batismo, nasceram do lado aberto do Senhor. Lado, cora\u00e7\u00e3o, casal, Igreja se misturam quando ouvimos novamente o relato da lan\u00e7a do soldado que abre o peito do Senhor.<\/p>\n<p style=\"padding-left: 40px;\">\u2666 Jo\u00e3o Damasceno fala que, no momento da morte do Senhor, conforme os ditos da Escritura, vieram trevas, o sol escureceu, n\u00e3o suportando ver a dor do Senhor. Hora das trevas. Mas houve a entrega do Senhor, serena, no alto da cruz. Depois de tanta dor e t\u00e3o grande solid\u00e3o ele entregou o Esp\u00edrito e tudo foi reconciliado. O amor-obla\u00e7\u00e3o, irrestrito clareia, ilumina. N\u00e3o fincamos nossa aten\u00e7\u00e3o e nossos p\u00e9s na terra das trevas. Os que nos jogamos no Senhor, que ficamos extasiados de dor diante do lado aberto, somos seres que acreditamos no amanh\u00e3. N\u00e3o ficamos queimando incenso ao \u00eddolo que somos n\u00f3s mesmos. O Damasceno escreve: \u201cA terra estremeceu, aspergida com o sangue do Senhor, purificada da idolatria e saltando de alegria por esta purifica\u00e7\u00e3o\u201d.<\/p>\n<p style=\"padding-left: 40px;\">\u2666 No lusco-fusco da f\u00e9, no dia a dia, nem sempre feito de sucessos, no cotidiano, de sonhos nunca realizados, de palavras nunca ditas, de dores que deixam marcas, o crist\u00e3o \u00e9 alegre. Depois da morte, o Senhor ressurgiu e trouxe alegria que n\u00e3o nos pode ser arrancada.<\/p>\n<p style=\"padding-left: 40px;\">\u2666 \u201cTendo diante dos olhos o rosto do homem Jesus desfigurado e transfigurado, que por ele, com ele e nele, nosso \u201csim\u201d seja \u201csim\u201d e nosso \u201cn\u00e3o\u201d seja \u201cn\u00e3o\u201d. Se assim for, amanh\u00e3 quando as noites nos encobrirem, h\u00e3o de se erguer o homem e a mulher novos, filhos da luz\u201d (<em>\u00c9ric T. de Clermont-Tonnerre<\/em>).<\/p>\n<p><strong>Frei Almir Guimar\u00e3es<\/strong><\/p>\n","protected":false},"excerpt":{"rendered":"<p>Reflex\u00e3o de Frei Almir Guimar\u00e3es <\/p>\n","protected":false},"author":3,"featured_media":179240,"comment_status":"open","ping_status":"open","sticky":false,"template":"","format":"standard","meta":{"footnotes":""},"categories":[105],"tags":[106],"yoast_head":"<!-- This site is optimized with the Yoast SEO plugin v19.4 - https:\/\/yoast.com\/wordpress\/plugins\/seo\/ -->\n<title>Feriram o lado do Senhor - Vida Crist\u00e3 - Franciscanos<\/title>\n<meta name=\"robots\" content=\"index, follow, max-snippet:-1, max-image-preview:large, max-video-preview:-1\" \/>\n<link rel=\"canonical\" href=\"https:\/\/franciscanos.org.br\/vidacrista\/sexta\/\" \/>\n<meta property=\"og:locale\" content=\"pt_BR\" \/>\n<meta property=\"og:type\" content=\"article\" \/>\n<meta property=\"og:title\" content=\"Feriram o lado do Senhor - Vida Crist\u00e3 - Franciscanos\" \/>\n<meta property=\"og:description\" content=\"Reflex\u00e3o de Frei Almir Guimar\u00e3es\" \/>\n<meta property=\"og:url\" content=\"https:\/\/franciscanos.org.br\/vidacrista\/sexta\/\" \/>\n<meta property=\"og:site_name\" content=\"Vida Crist\u00e3 - Franciscanos\" \/>\n<meta property=\"article:published_time\" content=\"2019-05-02T09:11:32+00:00\" \/>\n<meta property=\"article:modified_time\" content=\"2019-05-03T09:14:39+00:00\" \/>\n<meta property=\"og:image\" content=\"https:\/\/franciscanos.org.br\/vidacrista\/wp-content\/uploads\/2019\/05\/sexta_0305d.jpg\" \/>\n\t<meta property=\"og:image:width\" content=\"273\" \/>\n\t<meta property=\"og:image:height\" content=\"181\" \/>\n\t<meta property=\"og:image:type\" content=\"image\/jpeg\" \/>\n<meta name=\"author\" content=\"moacir\" \/>\n<meta name=\"twitter:card\" content=\"summary_large_image\" \/>\n<meta name=\"twitter:label1\" content=\"Escrito por\" \/>\n\t<meta name=\"twitter:data1\" content=\"moacir\" \/>\n\t<meta name=\"twitter:label2\" content=\"Est. tempo de leitura\" \/>\n\t<meta name=\"twitter:data2\" content=\"3 minutos\" \/>\n<script type=\"application\/ld+json\" class=\"yoast-schema-graph\">{\"@context\":\"https:\/\/schema.org\",\"@graph\":[{\"@type\":\"WebSite\",\"@id\":\"https:\/\/franciscanos.org.br\/vidacrista\/#website\",\"url\":\"https:\/\/franciscanos.org.br\/vidacrista\/\",\"name\":\"Vida Crist\u00e3 - Franciscanos\",\"description\":\"Prov\u00edncia Franciscana da Imaculada Concei\u00e7\u00e3o do Brasil - Ordem dos Frades Menores\",\"potentialAction\":[{\"@type\":\"SearchAction\",\"target\":{\"@type\":\"EntryPoint\",\"urlTemplate\":\"https:\/\/franciscanos.org.br\/vidacrista\/?s={search_term_string}\"},\"query-input\":\"required name=search_term_string\"}],\"inLanguage\":\"pt-BR\"},{\"@type\":\"WebPage\",\"@id\":\"https:\/\/franciscanos.org.br\/vidacrista\/sexta\/\",\"url\":\"https:\/\/franciscanos.org.br\/vidacrista\/sexta\/\",\"name\":\"Feriram o lado do Senhor - Vida Crist\u00e3 - Franciscanos\",\"isPartOf\":{\"@id\":\"https:\/\/franciscanos.org.br\/vidacrista\/#website\"},\"datePublished\":\"2019-05-02T09:11:32+00:00\",\"dateModified\":\"2019-05-03T09:14:39+00:00\",\"author\":{\"@id\":\"https:\/\/franciscanos.org.br\/vidacrista\/#\/schema\/person\/1880bdd2c350b735648725ef7614736a\"},\"breadcrumb\":{\"@id\":\"https:\/\/franciscanos.org.br\/vidacrista\/sexta\/#breadcrumb\"},\"inLanguage\":\"pt-BR\",\"potentialAction\":[{\"@type\":\"ReadAction\",\"target\":[\"https:\/\/franciscanos.org.br\/vidacrista\/sexta\/\"]}]},{\"@type\":\"BreadcrumbList\",\"@id\":\"https:\/\/franciscanos.org.br\/vidacrista\/sexta\/#breadcrumb\",\"itemListElement\":[{\"@type\":\"ListItem\",\"position\":1,\"name\":\"Home\",\"item\":\"https:\/\/franciscanos.org.br\/vidacrista\/\"},{\"@type\":\"ListItem\",\"position\":2,\"name\":\"Feriram o lado do Senhor\"}]},{\"@type\":\"Person\",\"@id\":\"https:\/\/franciscanos.org.br\/vidacrista\/#\/schema\/person\/1880bdd2c350b735648725ef7614736a\",\"name\":\"moacir\",\"image\":{\"@type\":\"ImageObject\",\"inLanguage\":\"pt-BR\",\"@id\":\"https:\/\/franciscanos.org.br\/vidacrista\/#\/schema\/person\/image\/\",\"url\":\"https:\/\/secure.gravatar.com\/avatar\/d08aa2ce4c8dd416d4479aa8536fcf64?s=96&d=mm&r=g\",\"contentUrl\":\"https:\/\/secure.gravatar.com\/avatar\/d08aa2ce4c8dd416d4479aa8536fcf64?s=96&d=mm&r=g\",\"caption\":\"moacir\"},\"url\":\"https:\/\/franciscanos.org.br\/vidacrista\/author\/moacir\/\"}]}<\/script>\n<!-- \/ Yoast SEO plugin. -->","yoast_head_json":{"title":"Feriram o lado do Senhor - Vida Crist\u00e3 - Franciscanos","robots":{"index":"index","follow":"follow","max-snippet":"max-snippet:-1","max-image-preview":"max-image-preview:large","max-video-preview":"max-video-preview:-1"},"canonical":"https:\/\/franciscanos.org.br\/vidacrista\/sexta\/","og_locale":"pt_BR","og_type":"article","og_title":"Feriram o lado do Senhor - Vida Crist\u00e3 - Franciscanos","og_description":"Reflex\u00e3o de Frei Almir Guimar\u00e3es","og_url":"https:\/\/franciscanos.org.br\/vidacrista\/sexta\/","og_site_name":"Vida Crist\u00e3 - Franciscanos","article_published_time":"2019-05-02T09:11:32+00:00","article_modified_time":"2019-05-03T09:14:39+00:00","og_image":[{"width":273,"height":181,"url":"https:\/\/franciscanos.org.br\/vidacrista\/wp-content\/uploads\/2019\/05\/sexta_0305d.jpg","type":"image\/jpeg"}],"author":"moacir","twitter_card":"summary_large_image","twitter_misc":{"Escrito por":"moacir","Est. tempo de leitura":"3 minutos"},"schema":{"@context":"https:\/\/schema.org","@graph":[{"@type":"WebSite","@id":"https:\/\/franciscanos.org.br\/vidacrista\/#website","url":"https:\/\/franciscanos.org.br\/vidacrista\/","name":"Vida Crist\u00e3 - Franciscanos","description":"Prov\u00edncia Franciscana da Imaculada Concei\u00e7\u00e3o do Brasil - Ordem dos Frades Menores","potentialAction":[{"@type":"SearchAction","target":{"@type":"EntryPoint","urlTemplate":"https:\/\/franciscanos.org.br\/vidacrista\/?s={search_term_string}"},"query-input":"required name=search_term_string"}],"inLanguage":"pt-BR"},{"@type":"WebPage","@id":"https:\/\/franciscanos.org.br\/vidacrista\/sexta\/","url":"https:\/\/franciscanos.org.br\/vidacrista\/sexta\/","name":"Feriram o lado do Senhor - Vida Crist\u00e3 - Franciscanos","isPartOf":{"@id":"https:\/\/franciscanos.org.br\/vidacrista\/#website"},"datePublished":"2019-05-02T09:11:32+00:00","dateModified":"2019-05-03T09:14:39+00:00","author":{"@id":"https:\/\/franciscanos.org.br\/vidacrista\/#\/schema\/person\/1880bdd2c350b735648725ef7614736a"},"breadcrumb":{"@id":"https:\/\/franciscanos.org.br\/vidacrista\/sexta\/#breadcrumb"},"inLanguage":"pt-BR","potentialAction":[{"@type":"ReadAction","target":["https:\/\/franciscanos.org.br\/vidacrista\/sexta\/"]}]},{"@type":"BreadcrumbList","@id":"https:\/\/franciscanos.org.br\/vidacrista\/sexta\/#breadcrumb","itemListElement":[{"@type":"ListItem","position":1,"name":"Home","item":"https:\/\/franciscanos.org.br\/vidacrista\/"},{"@type":"ListItem","position":2,"name":"Feriram o lado do Senhor"}]},{"@type":"Person","@id":"https:\/\/franciscanos.org.br\/vidacrista\/#\/schema\/person\/1880bdd2c350b735648725ef7614736a","name":"moacir","image":{"@type":"ImageObject","inLanguage":"pt-BR","@id":"https:\/\/franciscanos.org.br\/vidacrista\/#\/schema\/person\/image\/","url":"https:\/\/secure.gravatar.com\/avatar\/d08aa2ce4c8dd416d4479aa8536fcf64?s=96&d=mm&r=g","contentUrl":"https:\/\/secure.gravatar.com\/avatar\/d08aa2ce4c8dd416d4479aa8536fcf64?s=96&d=mm&r=g","caption":"moacir"},"url":"https:\/\/franciscanos.org.br\/vidacrista\/author\/moacir\/"}]}},"_links":{"self":[{"href":"https:\/\/franciscanos.org.br\/vidacrista\/wp-json\/wp\/v2\/posts\/179238"}],"collection":[{"href":"https:\/\/franciscanos.org.br\/vidacrista\/wp-json\/wp\/v2\/posts"}],"about":[{"href":"https:\/\/franciscanos.org.br\/vidacrista\/wp-json\/wp\/v2\/types\/post"}],"author":[{"embeddable":true,"href":"https:\/\/franciscanos.org.br\/vidacrista\/wp-json\/wp\/v2\/users\/3"}],"replies":[{"embeddable":true,"href":"https:\/\/franciscanos.org.br\/vidacrista\/wp-json\/wp\/v2\/comments?post=179238"}],"version-history":[{"count":4,"href":"https:\/\/franciscanos.org.br\/vidacrista\/wp-json\/wp\/v2\/posts\/179238\/revisions"}],"predecessor-version":[{"id":179244,"href":"https:\/\/franciscanos.org.br\/vidacrista\/wp-json\/wp\/v2\/posts\/179238\/revisions\/179244"}],"wp:featuredmedia":[{"embeddable":true,"href":"https:\/\/franciscanos.org.br\/vidacrista\/wp-json\/wp\/v2\/media\/179240"}],"wp:attachment":[{"href":"https:\/\/franciscanos.org.br\/vidacrista\/wp-json\/wp\/v2\/media?parent=179238"}],"wp:term":[{"taxonomy":"category","embeddable":true,"href":"https:\/\/franciscanos.org.br\/vidacrista\/wp-json\/wp\/v2\/categories?post=179238"},{"taxonomy":"post_tag","embeddable":true,"href":"https:\/\/franciscanos.org.br\/vidacrista\/wp-json\/wp\/v2\/tags?post=179238"}],"curies":[{"name":"wp","href":"https:\/\/api.w.org\/{rel}","templated":true}]}}