{"id":179222,"date":"2019-05-03T02:09:08","date_gmt":"2019-05-03T05:09:08","guid":{"rendered":"https:\/\/franciscanos.org.br\/vidacrista\/?p=179222"},"modified":"2020-07-31T14:10:18","modified_gmt":"2020-07-31T17:10:18","slug":"a-energia-erotica-e-a-verdadeira-compaixao","status":"publish","type":"post","link":"https:\/\/franciscanos.org.br\/vidacrista\/a-energia-erotica-e-a-verdadeira-compaixao\/","title":{"rendered":"A energia er\u00f3tica \u00e9 a verdadeira compaix\u00e3o!"},"content":{"rendered":"<div id=\"attachment_179223\" style=\"width: 850px\" class=\"wp-caption alignnone\"><img aria-describedby=\"caption-attachment-179223\" decoding=\"async\" loading=\"lazy\" class=\"wp-image-179223 size-full\" src=\"https:\/\/franciscanos.org.br\/vidacrista\/wp-content\/uploads\/2019\/05\/teresa_0105.jpg\" alt=\"\" width=\"840\" height=\"390\" srcset=\"https:\/\/franciscanos.org.br\/vidacrista\/wp-content\/uploads\/2019\/05\/teresa_0105.jpg 840w, https:\/\/franciscanos.org.br\/vidacrista\/wp-content\/uploads\/2019\/05\/teresa_0105-450x209.jpg 450w, https:\/\/franciscanos.org.br\/vidacrista\/wp-content\/uploads\/2019\/05\/teresa_0105-768x357.jpg 768w, https:\/\/franciscanos.org.br\/vidacrista\/wp-content\/uploads\/2019\/05\/teresa_0105-150x70.jpg 150w\" sizes=\"(max-width: 840px) 100vw, 840px\" \/><p id=\"caption-attachment-179223\" class=\"wp-caption-text\">\u00a0 \u00a0 \u00a0 \u00a0 \u00a0 \u00a0 \u00a0 \u00a0 \u00a0 \u00a0 \u00a0 \u00a0 \u00a0 \u00a0 \u00a0 \u00a0 \u00a0 \u00a0 \u00a0 \u00a0 \u00a0 \u00a0 \u00a0 \u00a0 \u00a0 \u00a0 \u00a0 \u00a0 \u00a0 \u00a0 \u00a0 \u00a0 \u00a0 \u00a0 \u00a0 \u00a0 \u00a0 \u00a0 \u00a0 \u00a0 \u00a0 \u00a0 \u00a0 \u00a0 \u00a0 \u00a0 \u00a0 \u00a0 \u00a0 \u00a0 \u00a0 \u00a0 \u00a0 \u00a0 \u00a0 \u00a0 \u00a0 \u00a0 \u00a0 \u00a0 \u00a0 \u00a0<em> \u00a0 \u00a0 \u00a0 \u00a0 \u00a0 Imagem ilustrativa (Reprodu\u00e7\u00e3o)<\/em><\/p><\/div>\n<p><strong>Pe. Ademir Guedes Azevedo,cp<\/strong><\/p>\n<p>Muitas pessoas vivem sob os efeitos nefastos da depress\u00e3o. S\u00e3o in\u00fameras as causas que, minuciosamente, desembocam nesta doen\u00e7a. Um dos terr\u00edveis fatores reside no ato de comparar a pr\u00f3pria vida com a dos outros. No espa\u00e7o virtual isso \u00e9 cada vez mais agu\u00e7ado. Tem-se a impress\u00e3o que sa\u00edmos como perdedores diante das in\u00fameras conquistas e da \u201cbela vida\u201d que os outros levam. Sabemos, contudo, que por tr\u00e1s das in\u00fameras postagens de um mundo perfeito, residem pessoas com o cora\u00e7\u00e3o partido, com fracassos e desilus\u00f5es. Personagens famosos, principalmente no mundo religioso, chegaram ao limite e pedem socorro porque a depress\u00e3o, infelizmente, resolveu visit\u00e1-los. O golpe final da depress\u00e3o \u00e9 o suic\u00eddio.<\/p>\n<p>Acrescente-se ao dado biol\u00f3gico da depress\u00e3o, um outro fator devassador: se trata daquele des\u00e2nimo que afeta a alma, a ac\u00eddia. Na realidade, os padres do deserto j\u00e1 advertiam sobre essa doen\u00e7a espiritual. Seu sintoma principal \u00e9 o des\u00e2nimo ou a pregui\u00e7a. N\u00e3o se cultiva uma vida de interioridade, tudo parece n\u00e3o valer a pena. Diante do bem-estar do capitalismo, eu mesmo crio meu deus, abandono a dimens\u00e3o do cuidado para com o pr\u00f3ximo e n\u00e3o me interessa se o Evangelho me pede ren\u00fancias e o compromisso de carregar a cruz todos os dias. Na nova gera\u00e7\u00e3o de consagrados, salvo raras exce\u00e7\u00f5es, a ac\u00eddia espiritual se manifesta na perda do sentido da utopia. Tem-se dificuldade de sonhar e investir as energias na profecia que questiona o <em>status quo<\/em> e desestabiliza os nossos c\u00f4modos rituais.<\/p>\n<p>Tal realidade suga a nossa paix\u00e3o pelo Reino. Esta categoria nos adverte a n\u00e3o nos contentar com as nossas seguran\u00e7as que, desesperadamente, criamos todos os dias. A realidade n\u00e3o \u00e9 absoluta. Nela existimos, mas n\u00e3o nos eternizaremos aqui, precisamos caminhar e ir al\u00e9m. Quando me deixo guiar pela ac\u00eddia espiritual, me dou conta que tudo \u00e9 material, a transcend\u00eancia vira coisa do passado. Veja-se, por exemplo, o caso de pessoas que prometeram a si mesmas serem fi\u00e9is a um prop\u00f3sito e, com o envolvimento numa s\u00e9rie de situa\u00e7\u00f5es, acabaram se perdendo e esquecendo do primeiro amor. Para sermos mais diretos: aquele jovem que prometeu amar at\u00e9 a morte aquela linda mulher que um dia foi a \u00fanica paix\u00e3o de sua vida, depois de certo tempo de conviv\u00eancia deixou apagar-se a chama do amor; aquele outro jovem que entrou na vida religiosa com o ardente desejo de dar a vida em prol dos irm\u00e3os, mas tomado pelo clericalismo deixou-se enganar por um estilo sup\u00e9rfluo que j\u00e1 n\u00e3o reflete a profundidade do Evangelho. Para sermos mais precisos, a ac\u00eddia espiritual manipula a nossa subjetividade, ou seja, nos faz viver para n\u00f3s mesmos, nos aprisiona dentro de nossas fantasias. Em outras palavras: o isolamento toma sempre o primeiro lugar seja na depress\u00e3o que na ac\u00eddia espiritual.<\/p>\n<p>Contudo, existe em n\u00f3s uma energia capaz de nos despertar deste sono da indiferen\u00e7a, trata-se do <em>eros<\/em>. Infelizmente, este foi sempre demonizado e associado ao pecado. Todavia, o cristianismo atrav\u00e9s do <em>\u00e1gape<\/em> purificou o <em>eros<\/em> do veneno do ego\u00edsmo que desejava apenas o prazer dos belos corpos. Com a cruz de Cristo, o <em>eros<\/em> transformou-se em energia de encontro, de desejo de estar com o outro para cuidar de suas feridas. Vejamos o caso de Jesus: n\u00e3o \u00e9 uma blasf\u00eamia dizer que foi o <em>eros<\/em> que o fez deixar a vida intratrinit\u00e1ria para encarnar-se e viver a plenitude de ser homem. Foi o <em>eros<\/em>, este desejo incontrol\u00e1vel pelo outro, que o fez encontrar-se com a ovelha perdida para carreg\u00e1-la nos ombros, foi a energia er\u00f3tica de Jesus que o moveu como bom samaritano para derramar sobre nossas feridas o \u00f3leo de sua miseric\u00f3rdia. O <em>\u00e1gape<\/em>, na verdade, \u00e9 apenas o resultado do sadio desejo er\u00f3tico que sentimos para com o pr\u00f3ximo que est\u00e1 diante de n\u00f3s.<\/p>\n<p>Precisamos aflorar a nossa energia er\u00f3tica e permiti-la que conquiste a sua devida cidadania. A depress\u00e3o, infelizmente, tenta apagar o <em>eros<\/em>, mas este por sua vez, resgata a vida da amargura. A ac\u00eddia espiritual n\u00e3o \u00e9 capaz de desejar o outro para oferecer o ombro da compaix\u00e3o. Como seria bom se n\u00f3s nos inspir\u00e1ssemos na energia er\u00f3tica do Cirineu que o motivou a carregar a cruz de Jesus.<\/p>\n<p>Al\u00e9m destes personagens b\u00edblicos que citei, gosto de contemplar a compaix\u00e3o er\u00f3tica de Madre Teresa e de Francisco de Assis. Sinto-me ressuscitado quando contemplo o incontrol\u00e1vel erotismo de Teresa de Calcut\u00e1 que cuida das crian\u00e7as abandonadas. Renovo-me quando imagino Francisco, ao ser tomado de erotismo, beija o leproso e chama a tudo e a todos por irm\u00e3o. S\u00f3 o <em>eros<\/em> pode nos resgatar da nossa indiferen\u00e7a. E voc\u00ea, j\u00e1 pensou que pode revolucionar com o poder de sua energia er\u00f3tica? Use-a para a compaix\u00e3o!<\/p>\n<hr \/>\n<p><strong>Pe. Ademir Guedes Azevedo<\/strong>\u00a0<em>\u00e9 mission\u00e1rio passionista e mestrando em teologia fundamental na Pontif\u00edcia Universidade Gregoriana.<\/em><\/p>\n","protected":false},"excerpt":{"rendered":"<p>Artigo de Pe. Ademir Guedes Azevedo,cp<\/p>\n","protected":false},"author":3,"featured_media":184386,"comment_status":"open","ping_status":"open","sticky":false,"template":"","format":"standard","meta":{"footnotes":""},"categories":[26],"tags":[189,188],"yoast_head":"<!-- This site is optimized with the Yoast SEO plugin v19.4 - https:\/\/yoast.com\/wordpress\/plugins\/seo\/ -->\n<title>A energia er\u00f3tica \u00e9 a verdadeira compaix\u00e3o! - Vida Crist\u00e3 - Franciscanos<\/title>\n<meta name=\"robots\" content=\"index, follow, max-snippet:-1, max-image-preview:large, max-video-preview:-1\" \/>\n<link rel=\"canonical\" href=\"https:\/\/franciscanos.org.br\/vidacrista\/a-energia-erotica-e-a-verdadeira-compaixao\/\" \/>\n<meta property=\"og:locale\" content=\"pt_BR\" \/>\n<meta property=\"og:type\" content=\"article\" \/>\n<meta property=\"og:title\" content=\"A energia er\u00f3tica \u00e9 a verdadeira compaix\u00e3o! - Vida Crist\u00e3 - Franciscanos\" \/>\n<meta property=\"og:description\" content=\"Artigo de Pe. Ademir Guedes Azevedo,cp\" \/>\n<meta property=\"og:url\" content=\"https:\/\/franciscanos.org.br\/vidacrista\/a-energia-erotica-e-a-verdadeira-compaixao\/\" \/>\n<meta property=\"og:site_name\" content=\"Vida Crist\u00e3 - Franciscanos\" \/>\n<meta property=\"article:published_time\" content=\"2019-05-03T05:09:08+00:00\" \/>\n<meta property=\"article:modified_time\" content=\"2020-07-31T17:10:18+00:00\" \/>\n<meta property=\"og:image\" content=\"https:\/\/franciscanos.org.br\/vidacrista\/wp-content\/uploads\/2019\/05\/teresa_0105-1.jpg\" \/>\n\t<meta property=\"og:image:width\" content=\"800\" \/>\n\t<meta property=\"og:image:height\" content=\"600\" \/>\n\t<meta property=\"og:image:type\" content=\"image\/jpeg\" \/>\n<meta name=\"author\" content=\"moacir\" \/>\n<meta name=\"twitter:card\" content=\"summary_large_image\" \/>\n<meta name=\"twitter:label1\" content=\"Escrito por\" \/>\n\t<meta name=\"twitter:data1\" content=\"moacir\" \/>\n\t<meta name=\"twitter:label2\" content=\"Est. tempo de leitura\" \/>\n\t<meta name=\"twitter:data2\" content=\"4 minutos\" \/>\n<script type=\"application\/ld+json\" class=\"yoast-schema-graph\">{\"@context\":\"https:\/\/schema.org\",\"@graph\":[{\"@type\":\"WebSite\",\"@id\":\"https:\/\/franciscanos.org.br\/vidacrista\/#website\",\"url\":\"https:\/\/franciscanos.org.br\/vidacrista\/\",\"name\":\"Vida Crist\u00e3 - Franciscanos\",\"description\":\"Prov\u00edncia Franciscana da Imaculada Concei\u00e7\u00e3o do Brasil - Ordem dos Frades Menores\",\"potentialAction\":[{\"@type\":\"SearchAction\",\"target\":{\"@type\":\"EntryPoint\",\"urlTemplate\":\"https:\/\/franciscanos.org.br\/vidacrista\/?s={search_term_string}\"},\"query-input\":\"required name=search_term_string\"}],\"inLanguage\":\"pt-BR\"},{\"@type\":\"WebPage\",\"@id\":\"https:\/\/franciscanos.org.br\/vidacrista\/a-energia-erotica-e-a-verdadeira-compaixao\/\",\"url\":\"https:\/\/franciscanos.org.br\/vidacrista\/a-energia-erotica-e-a-verdadeira-compaixao\/\",\"name\":\"A energia er\u00f3tica \u00e9 a verdadeira compaix\u00e3o! - Vida Crist\u00e3 - Franciscanos\",\"isPartOf\":{\"@id\":\"https:\/\/franciscanos.org.br\/vidacrista\/#website\"},\"datePublished\":\"2019-05-03T05:09:08+00:00\",\"dateModified\":\"2020-07-31T17:10:18+00:00\",\"author\":{\"@id\":\"https:\/\/franciscanos.org.br\/vidacrista\/#\/schema\/person\/1880bdd2c350b735648725ef7614736a\"},\"breadcrumb\":{\"@id\":\"https:\/\/franciscanos.org.br\/vidacrista\/a-energia-erotica-e-a-verdadeira-compaixao\/#breadcrumb\"},\"inLanguage\":\"pt-BR\",\"potentialAction\":[{\"@type\":\"ReadAction\",\"target\":[\"https:\/\/franciscanos.org.br\/vidacrista\/a-energia-erotica-e-a-verdadeira-compaixao\/\"]}]},{\"@type\":\"BreadcrumbList\",\"@id\":\"https:\/\/franciscanos.org.br\/vidacrista\/a-energia-erotica-e-a-verdadeira-compaixao\/#breadcrumb\",\"itemListElement\":[{\"@type\":\"ListItem\",\"position\":1,\"name\":\"Home\",\"item\":\"https:\/\/franciscanos.org.br\/vidacrista\/\"},{\"@type\":\"ListItem\",\"position\":2,\"name\":\"A energia er\u00f3tica \u00e9 a verdadeira compaix\u00e3o!\"}]},{\"@type\":\"Person\",\"@id\":\"https:\/\/franciscanos.org.br\/vidacrista\/#\/schema\/person\/1880bdd2c350b735648725ef7614736a\",\"name\":\"moacir\",\"image\":{\"@type\":\"ImageObject\",\"inLanguage\":\"pt-BR\",\"@id\":\"https:\/\/franciscanos.org.br\/vidacrista\/#\/schema\/person\/image\/\",\"url\":\"https:\/\/secure.gravatar.com\/avatar\/d08aa2ce4c8dd416d4479aa8536fcf64?s=96&d=mm&r=g\",\"contentUrl\":\"https:\/\/secure.gravatar.com\/avatar\/d08aa2ce4c8dd416d4479aa8536fcf64?s=96&d=mm&r=g\",\"caption\":\"moacir\"},\"url\":\"https:\/\/franciscanos.org.br\/vidacrista\/author\/moacir\/\"}]}<\/script>\n<!-- \/ Yoast SEO plugin. -->","yoast_head_json":{"title":"A energia er\u00f3tica \u00e9 a verdadeira compaix\u00e3o! - Vida Crist\u00e3 - Franciscanos","robots":{"index":"index","follow":"follow","max-snippet":"max-snippet:-1","max-image-preview":"max-image-preview:large","max-video-preview":"max-video-preview:-1"},"canonical":"https:\/\/franciscanos.org.br\/vidacrista\/a-energia-erotica-e-a-verdadeira-compaixao\/","og_locale":"pt_BR","og_type":"article","og_title":"A energia er\u00f3tica \u00e9 a verdadeira compaix\u00e3o! - Vida Crist\u00e3 - Franciscanos","og_description":"Artigo de Pe. Ademir Guedes Azevedo,cp","og_url":"https:\/\/franciscanos.org.br\/vidacrista\/a-energia-erotica-e-a-verdadeira-compaixao\/","og_site_name":"Vida Crist\u00e3 - Franciscanos","article_published_time":"2019-05-03T05:09:08+00:00","article_modified_time":"2020-07-31T17:10:18+00:00","og_image":[{"width":800,"height":600,"url":"https:\/\/franciscanos.org.br\/vidacrista\/wp-content\/uploads\/2019\/05\/teresa_0105-1.jpg","type":"image\/jpeg"}],"author":"moacir","twitter_card":"summary_large_image","twitter_misc":{"Escrito por":"moacir","Est. tempo de leitura":"4 minutos"},"schema":{"@context":"https:\/\/schema.org","@graph":[{"@type":"WebSite","@id":"https:\/\/franciscanos.org.br\/vidacrista\/#website","url":"https:\/\/franciscanos.org.br\/vidacrista\/","name":"Vida Crist\u00e3 - Franciscanos","description":"Prov\u00edncia Franciscana da Imaculada Concei\u00e7\u00e3o do Brasil - Ordem dos Frades Menores","potentialAction":[{"@type":"SearchAction","target":{"@type":"EntryPoint","urlTemplate":"https:\/\/franciscanos.org.br\/vidacrista\/?s={search_term_string}"},"query-input":"required name=search_term_string"}],"inLanguage":"pt-BR"},{"@type":"WebPage","@id":"https:\/\/franciscanos.org.br\/vidacrista\/a-energia-erotica-e-a-verdadeira-compaixao\/","url":"https:\/\/franciscanos.org.br\/vidacrista\/a-energia-erotica-e-a-verdadeira-compaixao\/","name":"A energia er\u00f3tica \u00e9 a verdadeira compaix\u00e3o! - Vida Crist\u00e3 - Franciscanos","isPartOf":{"@id":"https:\/\/franciscanos.org.br\/vidacrista\/#website"},"datePublished":"2019-05-03T05:09:08+00:00","dateModified":"2020-07-31T17:10:18+00:00","author":{"@id":"https:\/\/franciscanos.org.br\/vidacrista\/#\/schema\/person\/1880bdd2c350b735648725ef7614736a"},"breadcrumb":{"@id":"https:\/\/franciscanos.org.br\/vidacrista\/a-energia-erotica-e-a-verdadeira-compaixao\/#breadcrumb"},"inLanguage":"pt-BR","potentialAction":[{"@type":"ReadAction","target":["https:\/\/franciscanos.org.br\/vidacrista\/a-energia-erotica-e-a-verdadeira-compaixao\/"]}]},{"@type":"BreadcrumbList","@id":"https:\/\/franciscanos.org.br\/vidacrista\/a-energia-erotica-e-a-verdadeira-compaixao\/#breadcrumb","itemListElement":[{"@type":"ListItem","position":1,"name":"Home","item":"https:\/\/franciscanos.org.br\/vidacrista\/"},{"@type":"ListItem","position":2,"name":"A energia er\u00f3tica \u00e9 a verdadeira compaix\u00e3o!"}]},{"@type":"Person","@id":"https:\/\/franciscanos.org.br\/vidacrista\/#\/schema\/person\/1880bdd2c350b735648725ef7614736a","name":"moacir","image":{"@type":"ImageObject","inLanguage":"pt-BR","@id":"https:\/\/franciscanos.org.br\/vidacrista\/#\/schema\/person\/image\/","url":"https:\/\/secure.gravatar.com\/avatar\/d08aa2ce4c8dd416d4479aa8536fcf64?s=96&d=mm&r=g","contentUrl":"https:\/\/secure.gravatar.com\/avatar\/d08aa2ce4c8dd416d4479aa8536fcf64?s=96&d=mm&r=g","caption":"moacir"},"url":"https:\/\/franciscanos.org.br\/vidacrista\/author\/moacir\/"}]}},"_links":{"self":[{"href":"https:\/\/franciscanos.org.br\/vidacrista\/wp-json\/wp\/v2\/posts\/179222"}],"collection":[{"href":"https:\/\/franciscanos.org.br\/vidacrista\/wp-json\/wp\/v2\/posts"}],"about":[{"href":"https:\/\/franciscanos.org.br\/vidacrista\/wp-json\/wp\/v2\/types\/post"}],"author":[{"embeddable":true,"href":"https:\/\/franciscanos.org.br\/vidacrista\/wp-json\/wp\/v2\/users\/3"}],"replies":[{"embeddable":true,"href":"https:\/\/franciscanos.org.br\/vidacrista\/wp-json\/wp\/v2\/comments?post=179222"}],"version-history":[{"count":2,"href":"https:\/\/franciscanos.org.br\/vidacrista\/wp-json\/wp\/v2\/posts\/179222\/revisions"}],"predecessor-version":[{"id":187338,"href":"https:\/\/franciscanos.org.br\/vidacrista\/wp-json\/wp\/v2\/posts\/179222\/revisions\/187338"}],"wp:featuredmedia":[{"embeddable":true,"href":"https:\/\/franciscanos.org.br\/vidacrista\/wp-json\/wp\/v2\/media\/184386"}],"wp:attachment":[{"href":"https:\/\/franciscanos.org.br\/vidacrista\/wp-json\/wp\/v2\/media?parent=179222"}],"wp:term":[{"taxonomy":"category","embeddable":true,"href":"https:\/\/franciscanos.org.br\/vidacrista\/wp-json\/wp\/v2\/categories?post=179222"},{"taxonomy":"post_tag","embeddable":true,"href":"https:\/\/franciscanos.org.br\/vidacrista\/wp-json\/wp\/v2\/tags?post=179222"}],"curies":[{"name":"wp","href":"https:\/\/api.w.org\/{rel}","templated":true}]}}