{"id":179116,"date":"2019-04-22T06:15:09","date_gmt":"2019-04-22T09:15:09","guid":{"rendered":"https:\/\/franciscanos.org.br\/vidacrista\/?p=179116"},"modified":"2020-07-31T14:22:24","modified_gmt":"2020-07-31T17:22:24","slug":"pascoa-de-olhos-abertos","status":"publish","type":"post","link":"https:\/\/franciscanos.org.br\/vidacrista\/pascoa-de-olhos-abertos\/","title":{"rendered":"P\u00e1scoa de olhos abertos"},"content":{"rendered":"<div style=\"width: 850px\" class=\"wp-caption alignnone\"><img decoding=\"async\" loading=\"lazy\" src=\"https:\/\/franciscanos.org.br\/vidacrista\/wp-content\/uploads\/2019\/04\/damiao_220419.jpg\" alt=\"\" width=\"840\" height=\"646\" \/><p class=\"wp-caption-text\">\u00a0 \u00a0 \u00a0 \u00a0 \u00a0 \u00a0 \u00a0 \u00a0 \u00a0 \u00a0 \u00a0 \u00a0 \u00a0 \u00a0 \u00a0 \u00a0 \u00a0 \u00a0 \u00a0 \u00a0 \u00a0 \u00a0 \u00a0 \u00a0 \u00a0 \u00a0 \u00a0 \u00a0 \u00a0 \u00a0 \u00a0 \u00a0 \u00a0 \u00a0 \u00a0 \u00a0 \u00a0 \u00a0 \u00a0 \u00a0 \u00a0 \u00a0 \u00a0<em>Imagem ilustrativa (fonte: Acervo Prov\u00edncia da Imaculada)<\/em><\/p><\/div>\n<p><strong>Pe. Ademir Guedes Azevedo, cp<\/strong><\/p>\n<p>Sempre me encantou a met\u00e1fora do olhar de Deus, sugerida por Nicolau de Cusa. \u201cDeus v\u00ea a todos e a cada um indistintamente\u201d, enfatiza o fil\u00f3sofo. O olhar divino, contudo, \u00e9 materializado nas a\u00e7\u00f5es de Jesus. <em>&#8220;Miserando Atqve Eligendo&#8221;<\/em> (Olhando-o com miseric\u00f3rdia o elegeu), \u00e9 o mote do bras\u00e3o episcopal de nosso Papa que se refere \u00e0 voca\u00e7\u00e3o de S\u00e3o Mateus. O olhar forte comunica mais do que qualquer discurso bem elaborado. H\u00e1 o olhar de desespero, de car\u00eancia, de medo; h\u00e1, por outro lado, o olhar de concentra\u00e7\u00e3o e de espanto diante de acontecimentos que nos impactam. Ter sempre o outro sob os cuidados do nosso olhar \u00e9 a miss\u00e3o mais genu\u00edna que podemos assumir. O contr\u00e1rio disso se chama pecado, ou seja, falta total de amor para com o pr\u00f3ximo. Vejamos, por exemplo, o caso de Caim: quando cobrado pelo sangue de seu irm\u00e3o, estava de cabe\u00e7a baixa, n\u00e3o tinha a coragem de olhar. \u00c9 o ciclo vicioso da viol\u00eancia que podemos entrar quando nos esquecemos da responsabilidade para com o pr\u00f3ximo.<\/p>\n<p>A P\u00e1scoa abre os nossos olhos para vermos a realidade de modo completamente novo. As experi\u00eancias pr\u00e9-pascais s\u00e3o carregadas de incertezas sobre o tipo de messias que \u00e9 Jesus. Mas com as apari\u00e7\u00f5es do Ressuscitado, os evangelhos apresentam uma mudan\u00e7a substancial: os olhos dos disc\u00edpulos e das mulheres que seguiam Jesus se abrem e o an\u00fancio desconcertante do <em>kerigma<\/em> ressoa em toda parte atrav\u00e9s dos l\u00e1bios da primeira gera\u00e7\u00e3o de disc\u00edpulos. Qual \u00e9 a fonte de tanta coragem?<\/p>\n<p><em>A P\u00e1scoa transforma o nosso olhar de choro em olhar de esperan\u00e7a:<\/em> foi isso que experimentou Maria Madalena (cfr. Jo 20,11-18) quando logo cedo dirigiu-se apressadamente ao t\u00famulo de Jesus. Tomada de tristeza e pelas l\u00e1grimas, n\u00e3o reconhece a vida nova que se apresenta diante de si. Por\u00e9m, quando o Mestre a chama por nome, seu olhar se abre e sente a presen\u00e7a do homem que venceu a morte. Muitas vezes, em meio ao desespero, n\u00e3o conseguimos enxergar nenhum sinal de esperan\u00e7a devido ao peso das nossas l\u00e1grimas.<\/p>\n<p><em>Um olhar ferido, mas perdoado:<\/em> esta \u00e9 a emocionante experi\u00eancia de Pedro. Possu\u00eddo pelo medo, o papa pescador nega a Jesus, quando vem interrogado se pertence ao grupo do condenado \u00e0 morte. Naquele instante sente vergonha e chora amargamente. Mas o Ressuscitado, quando aparece \u00e0s margens do mar de Tiber\u00edades, renova a voca\u00e7\u00e3o do pescador. Aquela pergunta \u201ctu me amas?\u201d abre os olhos de Pedro e a descoberta de se sentir amado e perdoado o envia para anunciar ao mundo a Boa not\u00edcia que experimentou.<\/p>\n<p>O modo pelo qual Jesus abre os olhos dos disc\u00edpulos n\u00e3o \u00e9 mediante nenhuma catequese doutrinal nem menos por meio de profiss\u00e3o de f\u00e9, \u00e9, sim, atrav\u00e9s do amor que pede a nossa fidelidade e a perseveran\u00e7a no caminho do discipulado, que nos perdoa e compreende, mesmo quando erramos. Esta pedagogia inaugura uma convers\u00e3o espont\u00e2nea, nos faz entrar na estrada da liberdade e da miss\u00e3o, ou seja, o ato de abrir os olhos, provocado pela P\u00e1scoa, se trata do \u00e1rduo processo de amar e deixar-se amar.<\/p>\n<p>A maneira de Jesus abrir os olhos dos disc\u00edpulos atrav\u00e9s das suas apari\u00e7\u00f5es \u00e9 feita mais de modo pessoal que coletivo. Ele utiliza a conversa e a rememora\u00e7\u00e3o de tudo aquilo que disse e fez. N\u00e3o se trata de doutrina\u00e7\u00e3o, \u00e9 a arte do di\u00e1logo e da mai\u00eautica que faz reacender o poder do Esp\u00edrito Santo que est\u00e1 dentro de n\u00f3s. Um cristianismo obcecado por multid\u00f5es e por palcos, deve ser avaliado se, por tr\u00e1s de tanta parafern\u00e1lia, est\u00e1 realmente o kerigma (<em>Deus nos amou a todos e nos salvou por sua miseric\u00f3rdia<\/em>) ou se se trata de mero clericalismo para satisfazer o ego dos ministros do culto que querem atrair a aten\u00e7\u00e3o para si mesmo.<\/p>\n<p>Quando insistimos numa P\u00e1scoa de olhos abertos pensamos, sobretudo, na profecia de Jesus: Ele mesmo morreu de olhos abertos e com o rosto voltado para o mundo. De olhos abertos porque n\u00e3o esqueceu de ningu\u00e9m (v\u00ea a todos e a cada um ao mesmo tempo). Na cruz, seu rosto est\u00e1 para o mundo: \u00e9 o Deus que grita ao Pai e pede que o sofrimento da hist\u00f3ria n\u00e3o caia no esquecimento. Com a cruz e a ressurrei\u00e7\u00e3o, o rosto de Jesus traz as marcas de cada um de n\u00f3s. Mesmo que alguns queiram mascarar a realidade com o ilus\u00f3rio discurso de progresso e de bem-estar, a P\u00e1scoa de Jesus, por outro lado, continua sendo um grito e um apelo de responsabilidade para amarmos, sobretudo, aqueles que foram empurrados para a penumbra; para acolhermos aqueles que n\u00f3s n\u00e3o queremos olhar. Por isso, eu desejo que sua P\u00e1scoa seja diferente, que seja realmente uma P\u00e1scoa de olhos abertos!<\/p>\n<hr \/>\n<p><strong>Pe. Ademir Guedes Azevedo<\/strong>\u00a0<em>\u00e9 mission\u00e1rio passionista e mestrando em teologia fundamental na Pontif\u00edcia Universidade Gregoriana.<\/em><\/p>\n","protected":false},"excerpt":{"rendered":"<p>Artigo de Pe. Ademir Guedes Azevedo, cp<\/p>\n","protected":false},"author":3,"featured_media":184456,"comment_status":"open","ping_status":"open","sticky":false,"template":"","format":"standard","meta":{"footnotes":""},"categories":[26],"tags":[189,188],"yoast_head":"<!-- This site is optimized with the Yoast SEO plugin v19.4 - https:\/\/yoast.com\/wordpress\/plugins\/seo\/ -->\n<title>P\u00e1scoa de olhos abertos - Vida Crist\u00e3 - Franciscanos<\/title>\n<meta name=\"robots\" content=\"index, follow, max-snippet:-1, max-image-preview:large, max-video-preview:-1\" \/>\n<link rel=\"canonical\" href=\"https:\/\/franciscanos.org.br\/vidacrista\/pascoa-de-olhos-abertos\/\" \/>\n<meta property=\"og:locale\" content=\"pt_BR\" \/>\n<meta property=\"og:type\" content=\"article\" \/>\n<meta property=\"og:title\" content=\"P\u00e1scoa de olhos abertos - Vida Crist\u00e3 - Franciscanos\" \/>\n<meta property=\"og:description\" content=\"Artigo de Pe. Ademir Guedes Azevedo, cp\" \/>\n<meta property=\"og:url\" content=\"https:\/\/franciscanos.org.br\/vidacrista\/pascoa-de-olhos-abertos\/\" \/>\n<meta property=\"og:site_name\" content=\"Vida Crist\u00e3 - Franciscanos\" \/>\n<meta property=\"article:published_time\" content=\"2019-04-22T09:15:09+00:00\" \/>\n<meta property=\"article:modified_time\" content=\"2020-07-31T17:22:24+00:00\" \/>\n<meta property=\"og:image\" content=\"https:\/\/franciscanos.org.br\/vidacrista\/wp-content\/uploads\/2019\/04\/damiao_220419-1.jpg\" \/>\n\t<meta property=\"og:image:width\" content=\"800\" \/>\n\t<meta property=\"og:image:height\" content=\"600\" \/>\n\t<meta property=\"og:image:type\" content=\"image\/jpeg\" \/>\n<meta name=\"author\" content=\"moacir\" \/>\n<meta name=\"twitter:card\" content=\"summary_large_image\" \/>\n<meta name=\"twitter:label1\" content=\"Escrito por\" \/>\n\t<meta name=\"twitter:data1\" content=\"moacir\" \/>\n\t<meta name=\"twitter:label2\" content=\"Est. tempo de leitura\" \/>\n\t<meta name=\"twitter:data2\" content=\"4 minutos\" \/>\n<script type=\"application\/ld+json\" class=\"yoast-schema-graph\">{\"@context\":\"https:\/\/schema.org\",\"@graph\":[{\"@type\":\"WebSite\",\"@id\":\"https:\/\/franciscanos.org.br\/vidacrista\/#website\",\"url\":\"https:\/\/franciscanos.org.br\/vidacrista\/\",\"name\":\"Vida Crist\u00e3 - Franciscanos\",\"description\":\"Prov\u00edncia Franciscana da Imaculada Concei\u00e7\u00e3o do Brasil - Ordem dos Frades Menores\",\"potentialAction\":[{\"@type\":\"SearchAction\",\"target\":{\"@type\":\"EntryPoint\",\"urlTemplate\":\"https:\/\/franciscanos.org.br\/vidacrista\/?s={search_term_string}\"},\"query-input\":\"required name=search_term_string\"}],\"inLanguage\":\"pt-BR\"},{\"@type\":\"WebPage\",\"@id\":\"https:\/\/franciscanos.org.br\/vidacrista\/pascoa-de-olhos-abertos\/\",\"url\":\"https:\/\/franciscanos.org.br\/vidacrista\/pascoa-de-olhos-abertos\/\",\"name\":\"P\u00e1scoa de olhos abertos - Vida Crist\u00e3 - Franciscanos\",\"isPartOf\":{\"@id\":\"https:\/\/franciscanos.org.br\/vidacrista\/#website\"},\"datePublished\":\"2019-04-22T09:15:09+00:00\",\"dateModified\":\"2020-07-31T17:22:24+00:00\",\"author\":{\"@id\":\"https:\/\/franciscanos.org.br\/vidacrista\/#\/schema\/person\/1880bdd2c350b735648725ef7614736a\"},\"breadcrumb\":{\"@id\":\"https:\/\/franciscanos.org.br\/vidacrista\/pascoa-de-olhos-abertos\/#breadcrumb\"},\"inLanguage\":\"pt-BR\",\"potentialAction\":[{\"@type\":\"ReadAction\",\"target\":[\"https:\/\/franciscanos.org.br\/vidacrista\/pascoa-de-olhos-abertos\/\"]}]},{\"@type\":\"BreadcrumbList\",\"@id\":\"https:\/\/franciscanos.org.br\/vidacrista\/pascoa-de-olhos-abertos\/#breadcrumb\",\"itemListElement\":[{\"@type\":\"ListItem\",\"position\":1,\"name\":\"Home\",\"item\":\"https:\/\/franciscanos.org.br\/vidacrista\/\"},{\"@type\":\"ListItem\",\"position\":2,\"name\":\"P\u00e1scoa de olhos abertos\"}]},{\"@type\":\"Person\",\"@id\":\"https:\/\/franciscanos.org.br\/vidacrista\/#\/schema\/person\/1880bdd2c350b735648725ef7614736a\",\"name\":\"moacir\",\"image\":{\"@type\":\"ImageObject\",\"inLanguage\":\"pt-BR\",\"@id\":\"https:\/\/franciscanos.org.br\/vidacrista\/#\/schema\/person\/image\/\",\"url\":\"https:\/\/secure.gravatar.com\/avatar\/d08aa2ce4c8dd416d4479aa8536fcf64?s=96&d=mm&r=g\",\"contentUrl\":\"https:\/\/secure.gravatar.com\/avatar\/d08aa2ce4c8dd416d4479aa8536fcf64?s=96&d=mm&r=g\",\"caption\":\"moacir\"},\"url\":\"https:\/\/franciscanos.org.br\/vidacrista\/author\/moacir\/\"}]}<\/script>\n<!-- \/ Yoast SEO plugin. -->","yoast_head_json":{"title":"P\u00e1scoa de olhos abertos - Vida Crist\u00e3 - Franciscanos","robots":{"index":"index","follow":"follow","max-snippet":"max-snippet:-1","max-image-preview":"max-image-preview:large","max-video-preview":"max-video-preview:-1"},"canonical":"https:\/\/franciscanos.org.br\/vidacrista\/pascoa-de-olhos-abertos\/","og_locale":"pt_BR","og_type":"article","og_title":"P\u00e1scoa de olhos abertos - Vida Crist\u00e3 - Franciscanos","og_description":"Artigo de Pe. Ademir Guedes Azevedo, cp","og_url":"https:\/\/franciscanos.org.br\/vidacrista\/pascoa-de-olhos-abertos\/","og_site_name":"Vida Crist\u00e3 - Franciscanos","article_published_time":"2019-04-22T09:15:09+00:00","article_modified_time":"2020-07-31T17:22:24+00:00","og_image":[{"width":800,"height":600,"url":"https:\/\/franciscanos.org.br\/vidacrista\/wp-content\/uploads\/2019\/04\/damiao_220419-1.jpg","type":"image\/jpeg"}],"author":"moacir","twitter_card":"summary_large_image","twitter_misc":{"Escrito por":"moacir","Est. tempo de leitura":"4 minutos"},"schema":{"@context":"https:\/\/schema.org","@graph":[{"@type":"WebSite","@id":"https:\/\/franciscanos.org.br\/vidacrista\/#website","url":"https:\/\/franciscanos.org.br\/vidacrista\/","name":"Vida Crist\u00e3 - Franciscanos","description":"Prov\u00edncia Franciscana da Imaculada Concei\u00e7\u00e3o do Brasil - Ordem dos Frades Menores","potentialAction":[{"@type":"SearchAction","target":{"@type":"EntryPoint","urlTemplate":"https:\/\/franciscanos.org.br\/vidacrista\/?s={search_term_string}"},"query-input":"required name=search_term_string"}],"inLanguage":"pt-BR"},{"@type":"WebPage","@id":"https:\/\/franciscanos.org.br\/vidacrista\/pascoa-de-olhos-abertos\/","url":"https:\/\/franciscanos.org.br\/vidacrista\/pascoa-de-olhos-abertos\/","name":"P\u00e1scoa de olhos abertos - Vida Crist\u00e3 - Franciscanos","isPartOf":{"@id":"https:\/\/franciscanos.org.br\/vidacrista\/#website"},"datePublished":"2019-04-22T09:15:09+00:00","dateModified":"2020-07-31T17:22:24+00:00","author":{"@id":"https:\/\/franciscanos.org.br\/vidacrista\/#\/schema\/person\/1880bdd2c350b735648725ef7614736a"},"breadcrumb":{"@id":"https:\/\/franciscanos.org.br\/vidacrista\/pascoa-de-olhos-abertos\/#breadcrumb"},"inLanguage":"pt-BR","potentialAction":[{"@type":"ReadAction","target":["https:\/\/franciscanos.org.br\/vidacrista\/pascoa-de-olhos-abertos\/"]}]},{"@type":"BreadcrumbList","@id":"https:\/\/franciscanos.org.br\/vidacrista\/pascoa-de-olhos-abertos\/#breadcrumb","itemListElement":[{"@type":"ListItem","position":1,"name":"Home","item":"https:\/\/franciscanos.org.br\/vidacrista\/"},{"@type":"ListItem","position":2,"name":"P\u00e1scoa de olhos abertos"}]},{"@type":"Person","@id":"https:\/\/franciscanos.org.br\/vidacrista\/#\/schema\/person\/1880bdd2c350b735648725ef7614736a","name":"moacir","image":{"@type":"ImageObject","inLanguage":"pt-BR","@id":"https:\/\/franciscanos.org.br\/vidacrista\/#\/schema\/person\/image\/","url":"https:\/\/secure.gravatar.com\/avatar\/d08aa2ce4c8dd416d4479aa8536fcf64?s=96&d=mm&r=g","contentUrl":"https:\/\/secure.gravatar.com\/avatar\/d08aa2ce4c8dd416d4479aa8536fcf64?s=96&d=mm&r=g","caption":"moacir"},"url":"https:\/\/franciscanos.org.br\/vidacrista\/author\/moacir\/"}]}},"_links":{"self":[{"href":"https:\/\/franciscanos.org.br\/vidacrista\/wp-json\/wp\/v2\/posts\/179116"}],"collection":[{"href":"https:\/\/franciscanos.org.br\/vidacrista\/wp-json\/wp\/v2\/posts"}],"about":[{"href":"https:\/\/franciscanos.org.br\/vidacrista\/wp-json\/wp\/v2\/types\/post"}],"author":[{"embeddable":true,"href":"https:\/\/franciscanos.org.br\/vidacrista\/wp-json\/wp\/v2\/users\/3"}],"replies":[{"embeddable":true,"href":"https:\/\/franciscanos.org.br\/vidacrista\/wp-json\/wp\/v2\/comments?post=179116"}],"version-history":[{"count":4,"href":"https:\/\/franciscanos.org.br\/vidacrista\/wp-json\/wp\/v2\/posts\/179116\/revisions"}],"predecessor-version":[{"id":187344,"href":"https:\/\/franciscanos.org.br\/vidacrista\/wp-json\/wp\/v2\/posts\/179116\/revisions\/187344"}],"wp:featuredmedia":[{"embeddable":true,"href":"https:\/\/franciscanos.org.br\/vidacrista\/wp-json\/wp\/v2\/media\/184456"}],"wp:attachment":[{"href":"https:\/\/franciscanos.org.br\/vidacrista\/wp-json\/wp\/v2\/media?parent=179116"}],"wp:term":[{"taxonomy":"category","embeddable":true,"href":"https:\/\/franciscanos.org.br\/vidacrista\/wp-json\/wp\/v2\/categories?post=179116"},{"taxonomy":"post_tag","embeddable":true,"href":"https:\/\/franciscanos.org.br\/vidacrista\/wp-json\/wp\/v2\/tags?post=179116"}],"curies":[{"name":"wp","href":"https:\/\/api.w.org\/{rel}","templated":true}]}}