{"id":178999,"date":"2019-04-16T13:13:41","date_gmt":"2019-04-16T16:13:41","guid":{"rendered":"https:\/\/franciscanos.org.br\/vidacrista\/?p=178999"},"modified":"2020-07-31T14:23:28","modified_gmt":"2020-07-31T17:23:28","slug":"a-ressurreicao-de-um-torturado-e-crucificado-jesus-de-nazare","status":"publish","type":"post","link":"https:\/\/franciscanos.org.br\/vidacrista\/a-ressurreicao-de-um-torturado-e-crucificado-jesus-de-nazare\/","title":{"rendered":"A ressurrei\u00e7\u00e3o de um torturado e crucificado: Jesus de Nazar\u00e9"},"content":{"rendered":"<div id=\"attachment_179000\" style=\"width: 900px\" class=\"wp-caption alignnone\"><img aria-describedby=\"caption-attachment-179000\" decoding=\"async\" loading=\"lazy\" class=\"wp-image-179000 size-full\" src=\"https:\/\/franciscanos.org.br\/vidacrista\/wp-content\/uploads\/2019\/04\/jesus_160419.jpg\" alt=\"\" width=\"890\" height=\"325\" srcset=\"https:\/\/franciscanos.org.br\/vidacrista\/wp-content\/uploads\/2019\/04\/jesus_160419.jpg 890w, https:\/\/franciscanos.org.br\/vidacrista\/wp-content\/uploads\/2019\/04\/jesus_160419-450x164.jpg 450w, https:\/\/franciscanos.org.br\/vidacrista\/wp-content\/uploads\/2019\/04\/jesus_160419-768x280.jpg 768w, https:\/\/franciscanos.org.br\/vidacrista\/wp-content\/uploads\/2019\/04\/jesus_160419-150x55.jpg 150w\" sizes=\"(max-width: 890px) 100vw, 890px\" \/><p id=\"caption-attachment-179000\" class=\"wp-caption-text\">\u00a0 \u00a0 \u00a0 \u00a0 \u00a0 \u00a0 \u00a0 \u00a0 \u00a0 \u00a0 \u00a0 \u00a0 \u00a0 \u00a0 \u00a0 \u00a0 \u00a0 \u00a0 \u00a0 \u00a0 \u00a0 \u00a0 \u00a0 \u00a0 \u00a0 \u00a0 \u00a0 \u00a0 \u00a0 \u00a0 \u00a0 \u00a0 \u00a0 \u00a0 \u00a0 \u00a0 \u00a0 \u00a0 \u00a0 \u00a0 \u00a0 \u00a0 \u00a0 \u00a0 \u00a0 \u00a0 \u00a0 \u00a0 \u00a0 \u00a0 \u00a0 \u00a0 \u00a0 \u00a0 \u00a0 \u00a0 \u00a0 \u00a0 \u00a0 \u00a0 \u00a0 \u00a0 \u00a0<em> \u00a0 \u00a0 \u00a0 \u00a0Imagem ilustrativa: reprodu\u00e7\u00e3o do filme <\/em><\/p><\/div>\n<p><strong>Leonardo Boff<\/strong><\/p>\n<p>A p\u00e1scoa da ressurrei\u00e7\u00e3o deste ano se celebra no contexto de um pa\u00eds onde quase toda a popula\u00e7\u00e3o est\u00e1 sendo sufocada por um governo de extrema-direita que tem um projeto pol\u00edtico-social radicalmente ultraneoliberal. Ele se mostra sem piedade e sem cora\u00e7\u00e3o pois desmonta os avan\u00e7os e os direitos de milh\u00f5es de trabalhadores e de pessoas de outras categoriais sociais. Coloca \u00e0 venda bens naturais pertencentes \u00e0 soberania do pa\u00eds. Aceita a recoloniza\u00e7\u00e3o do Brasil no intuito indisfar\u00e7\u00e1vel de repassar a nossa riqueza para as m\u00e3os de pequenos e poderosos grupos nacionais e internacionais. N\u00e3o h\u00e1 qualquer sentido de solidariedade e de empatia para com os mais pobres e com aqueles que vivem amea\u00e7ados de viol\u00eancia e at\u00e9 de morte pelo fato de serem negros e negras, de habitarem em favelas, ind\u00edgenas, quilombolas ou de outra condi\u00e7\u00e3o sexual.<\/p>\n<p>Andando por este pa\u00eds e um pouco pelo mundo, ou\u00e7o, de muitas partes, gemidos de sofrimento e de indigna\u00e7\u00e3o. Ent\u00e3o, parece-me ouvir as palavras \u00a0sagradas: \u201cEu vi a opress\u00e3o de meu povo, ouvi os gritos de afli\u00e7\u00e3o diante dos opressores e tomei conhecimento de seus sofrimentos. Desci pra libert\u00e1-los e faze-los sair desse pa\u00eds para uma terra boa e espa\u00e7osa\u201d (Ex 3,7-8).<\/p>\n<p>Deus deixa sua transcend\u00eancia (\u201cDeus acima de todos?\u201d), desce e se coloca no meio dos oprimidos para ajud\u00e1-los a fazer a passagem (<em>pessach<\/em>=p\u00e1scoa) da opress\u00e3o para a liberta\u00e7\u00e3o.<\/p>\n<p>Vale enfatizar o fato de que h\u00e1 algo de assustador e de perverso em curso: um chefe de estado exalta torturadores, elogia ditadores sanguin\u00e1rios e considera um mero acidente o fuzilamento com 80 tiros, por militares, de um negro, pai de fam\u00edlia. E ainda prop\u00f5e o perd\u00e3o pelos que promoveram o holocausto de seis milh\u00f5es de judeus. Como falar de ressurrei\u00e7\u00e3o num contexto de algu\u00e9m que prega uma perene \u201csexta-feira santa\u201d de viol\u00eancia? Ele tem continuamente o nome de Deus e de Jesus em seus l\u00e1bios e esquece que somos herdeiros de um prisioneiro pol\u00edtico, caluniado, perseguido, torturado e crucificado: Jesus de Nazar\u00e9. O que faz e diz \u00e9 um esc\u00e1rnio, agravado pelo apoio de pastores de igrejas neo-pentecostais, cuja mensagem pouco ou nada tem a ver com o evangelho de Jesus.<\/p>\n<p>Apesar desta inf\u00e2mia, queremos celebrar a p\u00e1scoa da ressurei\u00e7\u00e3o que \u00e9 a festa da vida e da flora\u00e7\u00e3o como a do semi\u00e1rido nordestino. Ap\u00f3s algumas chuvas, tudo ressuscita e reverdece.<\/p>\n<p>Os judeus, escravizados no Egito fizeram a experi\u00eancia de uma travessia, de um \u00eaxodo da servid\u00e3o para a liberdade em dire\u00e7\u00e3o de \u201cuma terra boa e vasta onde corre leite e mel\u201d(s\u00edmbolos de justi\u00e7a e de paz: Ex 3,8). A \u201c<em>Pessach<\/em>\u201d judaica (P\u00e1scoa) celebra a liberta\u00e7\u00e3o de todo um povo e n\u00e3o apenas de indiv\u00edduos.<\/p>\n<p>A P\u00e1scoa crist\u00e3 se agrega \u00e0 <em>Pessach<\/em> judaica, prolongando-a. Celebra a liberta\u00e7\u00e3o da inteira humanidade pela entrega de Jesus, aceitando a injusta condena\u00e7\u00e3o \u00e0 morte de cruz, imposta, n\u00e3o pelo Pai de bondade, mas como consequ\u00eancia de sua pr\u00e1tica libertadora face aos desvalidos de seu tempo e por apresentar outra vis\u00e3o de Deus-Pai, bom e misericordioso e n\u00e3o mais um Deus castigador com normas e leis severas, fato inaceit\u00e1vel pela ortodoxia da \u00e9poca. Ele morreu em solidariedade para com todos os humanos, abrindo-lhes o acesso ao Deus de amor e de miseric\u00f3rdia.<\/p>\n<p>A P\u00e1scoa crist\u00e3 celebra a ressurrei\u00e7\u00e3o de um torturado e crucificado. Ele fez a passagem e o \u00eaxodo da morte para a vida. N\u00e3o voltou para a vida que tinha antes, limitada e mortal como a nossa. Mas nele irrompeu outro tipo de vida n\u00e3o mais submetida \u00e0 morte e que representa a realiza\u00e7\u00e3o de todas as potencialidades presentes nela (e em n\u00f3s). Aquele ser que vinha nascendo lentamente dentro do processo da cosmog\u00eanese e da antropog\u00eanese, alcan\u00e7ou por sua ressurrei\u00e7\u00e3o tal plenitude que, enfim, acabou de nascer. Como disse Pierre Teilhard de Chardin, ele, plenamente realizado, explodiu e implodiu para dentro de Deus. S\u00e3o Paulo entre perplexo e encantado o chama de \u201c<em>novissimus Adam<\/em>\u201d (1 Cor 15,45), o novo Ad\u00e3o, a nova humanidade. Se o Messias ressuscitou, toda a sua comunidade, que somos todos n\u00f3s, at\u00e9 cosmos do qual somos parte, participamos desse evento bem-aventurado. Ele \u00e9 o \u201cprimeiro entre muitos irm\u00e3os e irm\u00e3s ( Rom 8, 29). N\u00f3s seguiremos a ele.<\/p>\n<p>Apesar da \u201csexta-feira santa\u201d do \u00f3dio e da exalta\u00e7\u00e3o da viol\u00eancia, a ressurrei\u00e7\u00e3o nos infunde a esperan\u00e7a de que faremos a passagem (p\u00e1scoa) desta situa\u00e7\u00e3o sinistra para o resgate de nosso pa\u00eds, onde n\u00e3o haver\u00e1 mais ningu\u00e9m que ousar\u00e1 favorecer a cultura da viol\u00eancia nem exaltar\u00e1 a tortura, nem se mostrar\u00e1 insens\u00edvel ao holocausto de milh\u00f5es de pessoas. Aleluia.<\/p>\n<p>Feliz P\u00e1scoa a todos!<\/p>\n<hr \/>\n<p><strong>Leonardo Boff<\/strong>, <em>t\u00e9ologo e fil\u00f3sofo, escreveu Paix\u00e3o de Cristo-paix\u00e3o do mundo\u201d, Vozes 2005.<\/em><\/p>\n","protected":false},"excerpt":{"rendered":"<p>Artigo de Leonardo Boff<\/p>\n","protected":false},"author":3,"featured_media":184408,"comment_status":"open","ping_status":"open","sticky":false,"template":"","format":"standard","meta":{"footnotes":""},"categories":[26],"tags":[59],"yoast_head":"<!-- This site is optimized with the Yoast SEO plugin v19.4 - https:\/\/yoast.com\/wordpress\/plugins\/seo\/ -->\n<title>A ressurrei\u00e7\u00e3o de um torturado e crucificado: Jesus de Nazar\u00e9 - Vida Crist\u00e3 - Franciscanos<\/title>\n<meta name=\"robots\" content=\"index, follow, max-snippet:-1, max-image-preview:large, max-video-preview:-1\" \/>\n<link rel=\"canonical\" href=\"https:\/\/franciscanos.org.br\/vidacrista\/a-ressurreicao-de-um-torturado-e-crucificado-jesus-de-nazare\/\" \/>\n<meta property=\"og:locale\" content=\"pt_BR\" \/>\n<meta property=\"og:type\" content=\"article\" \/>\n<meta property=\"og:title\" content=\"A ressurrei\u00e7\u00e3o de um torturado e crucificado: Jesus de Nazar\u00e9 - Vida Crist\u00e3 - Franciscanos\" \/>\n<meta property=\"og:description\" content=\"Artigo de Leonardo Boff\" \/>\n<meta property=\"og:url\" content=\"https:\/\/franciscanos.org.br\/vidacrista\/a-ressurreicao-de-um-torturado-e-crucificado-jesus-de-nazare\/\" \/>\n<meta property=\"og:site_name\" content=\"Vida Crist\u00e3 - Franciscanos\" \/>\n<meta property=\"article:published_time\" content=\"2019-04-16T16:13:41+00:00\" \/>\n<meta property=\"article:modified_time\" content=\"2020-07-31T17:23:28+00:00\" \/>\n<meta property=\"og:image\" content=\"https:\/\/franciscanos.org.br\/vidacrista\/wp-content\/uploads\/2019\/04\/jesus_160419-1.jpg\" \/>\n\t<meta property=\"og:image:width\" content=\"800\" \/>\n\t<meta property=\"og:image:height\" content=\"599\" \/>\n\t<meta property=\"og:image:type\" content=\"image\/jpeg\" \/>\n<meta name=\"author\" content=\"moacir\" \/>\n<meta name=\"twitter:card\" content=\"summary_large_image\" \/>\n<meta name=\"twitter:label1\" content=\"Escrito por\" \/>\n\t<meta name=\"twitter:data1\" content=\"moacir\" \/>\n\t<meta name=\"twitter:label2\" content=\"Est. tempo de leitura\" \/>\n\t<meta name=\"twitter:data2\" content=\"4 minutos\" \/>\n<script type=\"application\/ld+json\" class=\"yoast-schema-graph\">{\"@context\":\"https:\/\/schema.org\",\"@graph\":[{\"@type\":\"WebSite\",\"@id\":\"https:\/\/franciscanos.org.br\/vidacrista\/#website\",\"url\":\"https:\/\/franciscanos.org.br\/vidacrista\/\",\"name\":\"Vida Crist\u00e3 - Franciscanos\",\"description\":\"Prov\u00edncia Franciscana da Imaculada Concei\u00e7\u00e3o do Brasil - Ordem dos Frades Menores\",\"potentialAction\":[{\"@type\":\"SearchAction\",\"target\":{\"@type\":\"EntryPoint\",\"urlTemplate\":\"https:\/\/franciscanos.org.br\/vidacrista\/?s={search_term_string}\"},\"query-input\":\"required name=search_term_string\"}],\"inLanguage\":\"pt-BR\"},{\"@type\":\"WebPage\",\"@id\":\"https:\/\/franciscanos.org.br\/vidacrista\/a-ressurreicao-de-um-torturado-e-crucificado-jesus-de-nazare\/\",\"url\":\"https:\/\/franciscanos.org.br\/vidacrista\/a-ressurreicao-de-um-torturado-e-crucificado-jesus-de-nazare\/\",\"name\":\"A ressurrei\u00e7\u00e3o de um torturado e crucificado: Jesus de Nazar\u00e9 - Vida Crist\u00e3 - Franciscanos\",\"isPartOf\":{\"@id\":\"https:\/\/franciscanos.org.br\/vidacrista\/#website\"},\"datePublished\":\"2019-04-16T16:13:41+00:00\",\"dateModified\":\"2020-07-31T17:23:28+00:00\",\"author\":{\"@id\":\"https:\/\/franciscanos.org.br\/vidacrista\/#\/schema\/person\/1880bdd2c350b735648725ef7614736a\"},\"breadcrumb\":{\"@id\":\"https:\/\/franciscanos.org.br\/vidacrista\/a-ressurreicao-de-um-torturado-e-crucificado-jesus-de-nazare\/#breadcrumb\"},\"inLanguage\":\"pt-BR\",\"potentialAction\":[{\"@type\":\"ReadAction\",\"target\":[\"https:\/\/franciscanos.org.br\/vidacrista\/a-ressurreicao-de-um-torturado-e-crucificado-jesus-de-nazare\/\"]}]},{\"@type\":\"BreadcrumbList\",\"@id\":\"https:\/\/franciscanos.org.br\/vidacrista\/a-ressurreicao-de-um-torturado-e-crucificado-jesus-de-nazare\/#breadcrumb\",\"itemListElement\":[{\"@type\":\"ListItem\",\"position\":1,\"name\":\"Home\",\"item\":\"https:\/\/franciscanos.org.br\/vidacrista\/\"},{\"@type\":\"ListItem\",\"position\":2,\"name\":\"A ressurrei\u00e7\u00e3o de um torturado e crucificado: Jesus de Nazar\u00e9\"}]},{\"@type\":\"Person\",\"@id\":\"https:\/\/franciscanos.org.br\/vidacrista\/#\/schema\/person\/1880bdd2c350b735648725ef7614736a\",\"name\":\"moacir\",\"image\":{\"@type\":\"ImageObject\",\"inLanguage\":\"pt-BR\",\"@id\":\"https:\/\/franciscanos.org.br\/vidacrista\/#\/schema\/person\/image\/\",\"url\":\"https:\/\/secure.gravatar.com\/avatar\/d08aa2ce4c8dd416d4479aa8536fcf64?s=96&d=mm&r=g\",\"contentUrl\":\"https:\/\/secure.gravatar.com\/avatar\/d08aa2ce4c8dd416d4479aa8536fcf64?s=96&d=mm&r=g\",\"caption\":\"moacir\"},\"url\":\"https:\/\/franciscanos.org.br\/vidacrista\/author\/moacir\/\"}]}<\/script>\n<!-- \/ Yoast SEO plugin. -->","yoast_head_json":{"title":"A ressurrei\u00e7\u00e3o de um torturado e crucificado: Jesus de Nazar\u00e9 - Vida Crist\u00e3 - Franciscanos","robots":{"index":"index","follow":"follow","max-snippet":"max-snippet:-1","max-image-preview":"max-image-preview:large","max-video-preview":"max-video-preview:-1"},"canonical":"https:\/\/franciscanos.org.br\/vidacrista\/a-ressurreicao-de-um-torturado-e-crucificado-jesus-de-nazare\/","og_locale":"pt_BR","og_type":"article","og_title":"A ressurrei\u00e7\u00e3o de um torturado e crucificado: Jesus de Nazar\u00e9 - Vida Crist\u00e3 - Franciscanos","og_description":"Artigo de Leonardo Boff","og_url":"https:\/\/franciscanos.org.br\/vidacrista\/a-ressurreicao-de-um-torturado-e-crucificado-jesus-de-nazare\/","og_site_name":"Vida Crist\u00e3 - Franciscanos","article_published_time":"2019-04-16T16:13:41+00:00","article_modified_time":"2020-07-31T17:23:28+00:00","og_image":[{"width":800,"height":599,"url":"https:\/\/franciscanos.org.br\/vidacrista\/wp-content\/uploads\/2019\/04\/jesus_160419-1.jpg","type":"image\/jpeg"}],"author":"moacir","twitter_card":"summary_large_image","twitter_misc":{"Escrito por":"moacir","Est. tempo de leitura":"4 minutos"},"schema":{"@context":"https:\/\/schema.org","@graph":[{"@type":"WebSite","@id":"https:\/\/franciscanos.org.br\/vidacrista\/#website","url":"https:\/\/franciscanos.org.br\/vidacrista\/","name":"Vida Crist\u00e3 - Franciscanos","description":"Prov\u00edncia Franciscana da Imaculada Concei\u00e7\u00e3o do Brasil - Ordem dos Frades Menores","potentialAction":[{"@type":"SearchAction","target":{"@type":"EntryPoint","urlTemplate":"https:\/\/franciscanos.org.br\/vidacrista\/?s={search_term_string}"},"query-input":"required name=search_term_string"}],"inLanguage":"pt-BR"},{"@type":"WebPage","@id":"https:\/\/franciscanos.org.br\/vidacrista\/a-ressurreicao-de-um-torturado-e-crucificado-jesus-de-nazare\/","url":"https:\/\/franciscanos.org.br\/vidacrista\/a-ressurreicao-de-um-torturado-e-crucificado-jesus-de-nazare\/","name":"A ressurrei\u00e7\u00e3o de um torturado e crucificado: Jesus de Nazar\u00e9 - Vida Crist\u00e3 - Franciscanos","isPartOf":{"@id":"https:\/\/franciscanos.org.br\/vidacrista\/#website"},"datePublished":"2019-04-16T16:13:41+00:00","dateModified":"2020-07-31T17:23:28+00:00","author":{"@id":"https:\/\/franciscanos.org.br\/vidacrista\/#\/schema\/person\/1880bdd2c350b735648725ef7614736a"},"breadcrumb":{"@id":"https:\/\/franciscanos.org.br\/vidacrista\/a-ressurreicao-de-um-torturado-e-crucificado-jesus-de-nazare\/#breadcrumb"},"inLanguage":"pt-BR","potentialAction":[{"@type":"ReadAction","target":["https:\/\/franciscanos.org.br\/vidacrista\/a-ressurreicao-de-um-torturado-e-crucificado-jesus-de-nazare\/"]}]},{"@type":"BreadcrumbList","@id":"https:\/\/franciscanos.org.br\/vidacrista\/a-ressurreicao-de-um-torturado-e-crucificado-jesus-de-nazare\/#breadcrumb","itemListElement":[{"@type":"ListItem","position":1,"name":"Home","item":"https:\/\/franciscanos.org.br\/vidacrista\/"},{"@type":"ListItem","position":2,"name":"A ressurrei\u00e7\u00e3o de um torturado e crucificado: Jesus de Nazar\u00e9"}]},{"@type":"Person","@id":"https:\/\/franciscanos.org.br\/vidacrista\/#\/schema\/person\/1880bdd2c350b735648725ef7614736a","name":"moacir","image":{"@type":"ImageObject","inLanguage":"pt-BR","@id":"https:\/\/franciscanos.org.br\/vidacrista\/#\/schema\/person\/image\/","url":"https:\/\/secure.gravatar.com\/avatar\/d08aa2ce4c8dd416d4479aa8536fcf64?s=96&d=mm&r=g","contentUrl":"https:\/\/secure.gravatar.com\/avatar\/d08aa2ce4c8dd416d4479aa8536fcf64?s=96&d=mm&r=g","caption":"moacir"},"url":"https:\/\/franciscanos.org.br\/vidacrista\/author\/moacir\/"}]}},"_links":{"self":[{"href":"https:\/\/franciscanos.org.br\/vidacrista\/wp-json\/wp\/v2\/posts\/178999"}],"collection":[{"href":"https:\/\/franciscanos.org.br\/vidacrista\/wp-json\/wp\/v2\/posts"}],"about":[{"href":"https:\/\/franciscanos.org.br\/vidacrista\/wp-json\/wp\/v2\/types\/post"}],"author":[{"embeddable":true,"href":"https:\/\/franciscanos.org.br\/vidacrista\/wp-json\/wp\/v2\/users\/3"}],"replies":[{"embeddable":true,"href":"https:\/\/franciscanos.org.br\/vidacrista\/wp-json\/wp\/v2\/comments?post=178999"}],"version-history":[{"count":3,"href":"https:\/\/franciscanos.org.br\/vidacrista\/wp-json\/wp\/v2\/posts\/178999\/revisions"}],"predecessor-version":[{"id":187345,"href":"https:\/\/franciscanos.org.br\/vidacrista\/wp-json\/wp\/v2\/posts\/178999\/revisions\/187345"}],"wp:featuredmedia":[{"embeddable":true,"href":"https:\/\/franciscanos.org.br\/vidacrista\/wp-json\/wp\/v2\/media\/184408"}],"wp:attachment":[{"href":"https:\/\/franciscanos.org.br\/vidacrista\/wp-json\/wp\/v2\/media?parent=178999"}],"wp:term":[{"taxonomy":"category","embeddable":true,"href":"https:\/\/franciscanos.org.br\/vidacrista\/wp-json\/wp\/v2\/categories?post=178999"},{"taxonomy":"post_tag","embeddable":true,"href":"https:\/\/franciscanos.org.br\/vidacrista\/wp-json\/wp\/v2\/tags?post=178999"}],"curies":[{"name":"wp","href":"https:\/\/api.w.org\/{rel}","templated":true}]}}