{"id":178991,"date":"2019-04-15T15:15:17","date_gmt":"2019-04-15T18:15:17","guid":{"rendered":"https:\/\/franciscanos.org.br\/vidacrista\/?p=178991"},"modified":"2020-07-31T14:27:22","modified_gmt":"2020-07-31T17:27:22","slug":"a-alma-brasileira-esta-doente","status":"publish","type":"post","link":"https:\/\/franciscanos.org.br\/vidacrista\/a-alma-brasileira-esta-doente\/","title":{"rendered":"A alma brasileira est\u00e1 doente"},"content":{"rendered":"<p>&nbsp;<\/p>\n<div id=\"attachment_187347\" style=\"width: 850px\" class=\"wp-caption alignnone\"><img aria-describedby=\"caption-attachment-187347\" decoding=\"async\" loading=\"lazy\" class=\"wp-image-187347 size-full\" src=\"https:\/\/franciscanos.org.br\/vidacrista\/wp-content\/uploads\/2019\/04\/artigo_22.png\" alt=\"\" width=\"840\" height=\"450\" srcset=\"https:\/\/franciscanos.org.br\/vidacrista\/wp-content\/uploads\/2019\/04\/artigo_22.png 840w, https:\/\/franciscanos.org.br\/vidacrista\/wp-content\/uploads\/2019\/04\/artigo_22-450x241.png 450w, https:\/\/franciscanos.org.br\/vidacrista\/wp-content\/uploads\/2019\/04\/artigo_22-768x411.png 768w, https:\/\/franciscanos.org.br\/vidacrista\/wp-content\/uploads\/2019\/04\/artigo_22-150x80.png 150w\" sizes=\"(max-width: 840px) 100vw, 840px\" \/><p id=\"caption-attachment-187347\" class=\"wp-caption-text\">\u00a0 \u00a0 \u00a0 \u00a0 \u00a0 \u00a0 \u00a0 \u00a0 \u00a0 \u00a0 \u00a0 \u00a0 \u00a0 \u00a0 \u00a0 \u00a0 \u00a0 \u00a0 \u00a0 \u00a0 \u00a0 \u00a0 \u00a0 \u00a0 \u00a0 \u00a0 \u00a0 \u00a0 \u00a0 \u00a0 \u00a0 \u00a0 \u00a0 \u00a0 \u00a0 \u00a0 \u00a0 \u00a0 \u00a0 \u00a0 \u00a0 \u00a0 \u00a0 \u00a0 \u00a0 \u00a0 \u00a0 \u00a0 \u00a0 \u00a0 \u00a0 \u00a0 \u00a0 \u00a0 \u00a0 \u00a0 \u00a0 \u00a0 \u00a0 \u00a0 \u00a0<em> \u00a0 Imagem ilustrativa (fonte: Canva)<\/em><\/p><\/div>\n<p><strong>Leonardo Boff<\/strong><\/p>\n<p>Tudo que \u00e9 sadio pode ficar doente. A doen\u00e7a sempre remete \u00e0 sa\u00fade. Esta \u00e9 a refer\u00eancia maior e funda a dimens\u00e3o essencial da vida em sua normalidade.<\/p>\n<p>As dilacera\u00e7\u00f5es sociais, as ondas de \u00f3dio, ofensas, insultos, palavras de baixo cal\u00e3o que est\u00e3o dominando nas m\u00eddias sociais ou digitais e mesmo nos discursos p\u00fablicos, revelam que a alma brasileira est\u00e1 enferma.<\/p>\n<p>As mais altas inst\u00e2ncias de poder se comunicam com a popula\u00e7\u00e3o usando not\u00edcias falsas (<em>fake news<\/em>), mentiras diretas e imagens que se inscrevem no c\u00f3digo da pornografia e da escatologia. Esta atitude revela a falta de dec\u00eancia e do sentido de dignidade e respeitabilidade, inerentes aos mais altos cargos de uma na\u00e7\u00e3o. No fundo, perdeu-se um valor essencial, o respeito a si e aos outros, marca imprescind\u00edvel de uma sociedade civilizada.<\/p>\n<p>A raz\u00e3o deste descaminho se deve ao fato de que a dimens\u00e3o do\u00a0<em>Numinoso<\/em>\u00a0ficou obscurecida. O \u201cNuminoso\u201d (<em>numen<\/em> em latim \u00e9 o lado sagrado das coisas) se revela atrav\u00e9s de experi\u00eancias que nos envolvem totalmente e que conferem densidade \u00e0 vida mesmo no meio dos maiores padecimentos. Ele possui um imenso poder transformador. A experi\u00eancia entre duas pessoas que se amam e a paix\u00e3o que as torna fascinantes, configuram uma experi\u00eancia do Numinoso. O encontro profundo com uma pessoa que no meio de uma grave crise existencial nos acendeu uma luz, representa uma experi\u00eancia do Numinoso. O choque existencial face a uma pessoa, portadora de carisma, por sua palavra convincente ou por suas a\u00e7\u00f5es corajosas, nos evoca a dimens\u00e3o do Numinoso. A Presen\u00e7a inef\u00e1vel que se faz sentir face \u00e0\u00a0<em>grandeur<\/em> do universo ou de uma noite estrelada, suscita em n\u00f3s o Numinoso. Igualmente, os olhos brilhantes e profundos de um rec\u00e9m-nascido.<\/p>\n<p>O Numinoso n\u00e3o \u00e9 uma coisa, mas a resson\u00e2ncia das coisas que tocam o profundo de nosso ser e que por isso se tornam preciosas. Transformam-se em s\u00edmbolos que nos remetem a Algo para al\u00e9m delas mesmas. As coisas, al\u00e9m de serem o que s\u00e3o, transfiguram-se em realidades simb\u00f3licas, repletas de significa\u00e7\u00f5es. Por um lado nos fascinam e atraem e por outro nos enchem de respeito e de venera\u00e7\u00e3o. Elas produzem em n\u00f3s um novo estado de consci\u00eancia e humanizam nossos comportamentos.<\/p>\n<p>Esse Numinoso, na linguagem dos m\u00edsticos como do maior deles, o Mestre Eckhart ou de Teresa d\u2019\u00c1vila, bem como da psicologia do profundo \u00e0 la C.G. Jung \u00e9 representado pelo Sol interior ou pelo nosso Centro irradiador. O Sol possui a fun\u00e7\u00e3o de uma arqu\u00e9tipo central. Como o Sol atrai \u00e0 sua \u00f3rbita todos os planetas, assim o\u00a0 arqu\u00e9tipo-Sol\u00a0 satelisa ao seu redor as nossas significa\u00e7\u00f5es mais profundas. Ele constitui o Centro vivo e irradiante de nossa interioridade. O Centro \u00e9 um dado-s\u00edntese da totalidade de nossa vida que se imp\u00f5e por si mesmo. Ele fala dentro de n\u00f3s, nos adverte, nos apoia e\u00a0 como o Grande Anci\u00e3o ou a Grande Anci\u00e3 nos aconselha a seguir os caminhos mais certos. E ent\u00e3o nunca seremos defraudados.<\/p>\n<p>O ser humano pode fechar-se a este Centrou ou a este Sol. Pode at\u00e9 neg\u00e1-los mas jamais pode aniquil\u00e1-los. Eles est\u00e3o ai como uma realidade imanente \u00e0 alma.<\/p>\n<p>Esse Centro ou o seu arqu\u00e9tipo, o Sol, nos conferem equil\u00edbrio, harmonia pessoal e social e a conviv\u00eancia dos contr\u00e1rios sem se\u00a0 exacerbarem pela intoler\u00e2ncia e pelos comportamentos de exclus\u00e3o.<\/p>\n<p>Ora, foi esse Centro\u00a0 que\u00a0 se perdeu na alma brasileira. Ofuscamos o Sol interior, apesar de ele, continuamente, estar a\u00ed presente, como o Cristo do Corcovado. Mesmo escondido por entre as nuvens, ele continua l\u00e1 com os bra\u00e7os abertos. Assim o nosso Sol interior.<\/p>\n<p>Ao perder nosso Centro e ao ofuscar a irradia\u00e7\u00e3o do Sol interior, perdemos o equil\u00edbrio e a justa medida, bases de qualquer \u00e9tica, da sociedade e de toda conviv\u00eancia. Desequilibrados, andamos errantes, pronunciando palavras desconectadas de toda civilidade e compostura. Apequenamo-nos e abandonamos a lei \u00e1urea de toda \u00e9tica: <em>&#8220;Trate humanamente a todos e a cada um dos seres humanos.<\/em>\u201d Nesse momento no Brasil, muitos e muitos n\u00e3o tratam humanamente a seus semelhantes. De eventuais advers\u00e1rios no campo das ideias e das op\u00e7\u00f5es pol\u00edticas ou sexuais s\u00e3o feitos\u00a0 inimigos aos quais\u00a0 cabe combater e eventualmente exterminar.<\/p>\n<p>Temos, urgentemente que curar nossa alma ferida, resgatar\u00a0 nosso Centro e nosso Sol interior, mediante a acolhida das diferen\u00e7as sem permitir que se tornem desigualdades, atrav\u00e9s do di\u00e1logo aberto, da empatia\u00a0 face aos diferentes principalmente aos que mais sofrem. Como dizia o perfil de uma mulher inteligente no twitter: &#8220;Ao\u00a0 colocarmo-nos no lugar do outro, fazemos do mundo (da sociedade) um lugar para todos\u201d. Esta \u00e9 nossa urg\u00eancia, caso n\u00e3o quisermos conhecer a barb\u00e1rie.<\/p>\n<hr \/>\n<p><strong>Leonardo Boff<\/strong> <em>\u00e9 te\u00f3logo e fil\u00f3sofo e escreveu Virtudes para um outro mundo poss\u00edvel (3 vol), Vozes 2012<\/em>.<\/p>\n","protected":false},"excerpt":{"rendered":"<p>Artigo de Leonardo Boff<\/p>\n","protected":false},"author":3,"featured_media":187348,"comment_status":"open","ping_status":"open","sticky":false,"template":"","format":"standard","meta":{"footnotes":""},"categories":[26],"tags":[59],"yoast_head":"<!-- This site is optimized with the Yoast SEO plugin v19.4 - https:\/\/yoast.com\/wordpress\/plugins\/seo\/ -->\n<title>A alma brasileira est\u00e1 doente - Vida Crist\u00e3 - Franciscanos<\/title>\n<meta name=\"robots\" content=\"index, follow, max-snippet:-1, max-image-preview:large, max-video-preview:-1\" \/>\n<link rel=\"canonical\" href=\"https:\/\/franciscanos.org.br\/vidacrista\/a-alma-brasileira-esta-doente\/\" \/>\n<meta property=\"og:locale\" content=\"pt_BR\" \/>\n<meta property=\"og:type\" content=\"article\" \/>\n<meta property=\"og:title\" content=\"A alma brasileira est\u00e1 doente - Vida Crist\u00e3 - Franciscanos\" \/>\n<meta property=\"og:description\" content=\"Artigo de Leonardo Boff\" \/>\n<meta property=\"og:url\" content=\"https:\/\/franciscanos.org.br\/vidacrista\/a-alma-brasileira-esta-doente\/\" \/>\n<meta property=\"og:site_name\" content=\"Vida Crist\u00e3 - Franciscanos\" \/>\n<meta property=\"article:published_time\" content=\"2019-04-15T18:15:17+00:00\" \/>\n<meta property=\"article:modified_time\" content=\"2020-07-31T17:27:22+00:00\" \/>\n<meta property=\"og:image\" content=\"https:\/\/franciscanos.org.br\/vidacrista\/wp-content\/uploads\/2019\/04\/artigo_22d.png\" \/>\n\t<meta property=\"og:image:width\" content=\"800\" \/>\n\t<meta property=\"og:image:height\" content=\"601\" \/>\n\t<meta property=\"og:image:type\" content=\"image\/png\" \/>\n<meta name=\"author\" content=\"moacir\" \/>\n<meta name=\"twitter:card\" content=\"summary_large_image\" \/>\n<meta name=\"twitter:label1\" content=\"Escrito por\" \/>\n\t<meta name=\"twitter:data1\" content=\"moacir\" \/>\n\t<meta name=\"twitter:label2\" content=\"Est. tempo de leitura\" \/>\n\t<meta name=\"twitter:data2\" content=\"4 minutos\" \/>\n<script type=\"application\/ld+json\" class=\"yoast-schema-graph\">{\"@context\":\"https:\/\/schema.org\",\"@graph\":[{\"@type\":\"WebSite\",\"@id\":\"https:\/\/franciscanos.org.br\/vidacrista\/#website\",\"url\":\"https:\/\/franciscanos.org.br\/vidacrista\/\",\"name\":\"Vida Crist\u00e3 - Franciscanos\",\"description\":\"Prov\u00edncia Franciscana da Imaculada Concei\u00e7\u00e3o do Brasil - Ordem dos Frades Menores\",\"potentialAction\":[{\"@type\":\"SearchAction\",\"target\":{\"@type\":\"EntryPoint\",\"urlTemplate\":\"https:\/\/franciscanos.org.br\/vidacrista\/?s={search_term_string}\"},\"query-input\":\"required name=search_term_string\"}],\"inLanguage\":\"pt-BR\"},{\"@type\":\"WebPage\",\"@id\":\"https:\/\/franciscanos.org.br\/vidacrista\/a-alma-brasileira-esta-doente\/\",\"url\":\"https:\/\/franciscanos.org.br\/vidacrista\/a-alma-brasileira-esta-doente\/\",\"name\":\"A alma brasileira est\u00e1 doente - Vida Crist\u00e3 - Franciscanos\",\"isPartOf\":{\"@id\":\"https:\/\/franciscanos.org.br\/vidacrista\/#website\"},\"datePublished\":\"2019-04-15T18:15:17+00:00\",\"dateModified\":\"2020-07-31T17:27:22+00:00\",\"author\":{\"@id\":\"https:\/\/franciscanos.org.br\/vidacrista\/#\/schema\/person\/1880bdd2c350b735648725ef7614736a\"},\"breadcrumb\":{\"@id\":\"https:\/\/franciscanos.org.br\/vidacrista\/a-alma-brasileira-esta-doente\/#breadcrumb\"},\"inLanguage\":\"pt-BR\",\"potentialAction\":[{\"@type\":\"ReadAction\",\"target\":[\"https:\/\/franciscanos.org.br\/vidacrista\/a-alma-brasileira-esta-doente\/\"]}]},{\"@type\":\"BreadcrumbList\",\"@id\":\"https:\/\/franciscanos.org.br\/vidacrista\/a-alma-brasileira-esta-doente\/#breadcrumb\",\"itemListElement\":[{\"@type\":\"ListItem\",\"position\":1,\"name\":\"Home\",\"item\":\"https:\/\/franciscanos.org.br\/vidacrista\/\"},{\"@type\":\"ListItem\",\"position\":2,\"name\":\"A alma brasileira est\u00e1 doente\"}]},{\"@type\":\"Person\",\"@id\":\"https:\/\/franciscanos.org.br\/vidacrista\/#\/schema\/person\/1880bdd2c350b735648725ef7614736a\",\"name\":\"moacir\",\"image\":{\"@type\":\"ImageObject\",\"inLanguage\":\"pt-BR\",\"@id\":\"https:\/\/franciscanos.org.br\/vidacrista\/#\/schema\/person\/image\/\",\"url\":\"https:\/\/secure.gravatar.com\/avatar\/d08aa2ce4c8dd416d4479aa8536fcf64?s=96&d=mm&r=g\",\"contentUrl\":\"https:\/\/secure.gravatar.com\/avatar\/d08aa2ce4c8dd416d4479aa8536fcf64?s=96&d=mm&r=g\",\"caption\":\"moacir\"},\"url\":\"https:\/\/franciscanos.org.br\/vidacrista\/author\/moacir\/\"}]}<\/script>\n<!-- \/ Yoast SEO plugin. -->","yoast_head_json":{"title":"A alma brasileira est\u00e1 doente - Vida Crist\u00e3 - Franciscanos","robots":{"index":"index","follow":"follow","max-snippet":"max-snippet:-1","max-image-preview":"max-image-preview:large","max-video-preview":"max-video-preview:-1"},"canonical":"https:\/\/franciscanos.org.br\/vidacrista\/a-alma-brasileira-esta-doente\/","og_locale":"pt_BR","og_type":"article","og_title":"A alma brasileira est\u00e1 doente - Vida Crist\u00e3 - Franciscanos","og_description":"Artigo de Leonardo Boff","og_url":"https:\/\/franciscanos.org.br\/vidacrista\/a-alma-brasileira-esta-doente\/","og_site_name":"Vida Crist\u00e3 - Franciscanos","article_published_time":"2019-04-15T18:15:17+00:00","article_modified_time":"2020-07-31T17:27:22+00:00","og_image":[{"width":800,"height":601,"url":"https:\/\/franciscanos.org.br\/vidacrista\/wp-content\/uploads\/2019\/04\/artigo_22d.png","type":"image\/png"}],"author":"moacir","twitter_card":"summary_large_image","twitter_misc":{"Escrito por":"moacir","Est. tempo de leitura":"4 minutos"},"schema":{"@context":"https:\/\/schema.org","@graph":[{"@type":"WebSite","@id":"https:\/\/franciscanos.org.br\/vidacrista\/#website","url":"https:\/\/franciscanos.org.br\/vidacrista\/","name":"Vida Crist\u00e3 - Franciscanos","description":"Prov\u00edncia Franciscana da Imaculada Concei\u00e7\u00e3o do Brasil - Ordem dos Frades Menores","potentialAction":[{"@type":"SearchAction","target":{"@type":"EntryPoint","urlTemplate":"https:\/\/franciscanos.org.br\/vidacrista\/?s={search_term_string}"},"query-input":"required name=search_term_string"}],"inLanguage":"pt-BR"},{"@type":"WebPage","@id":"https:\/\/franciscanos.org.br\/vidacrista\/a-alma-brasileira-esta-doente\/","url":"https:\/\/franciscanos.org.br\/vidacrista\/a-alma-brasileira-esta-doente\/","name":"A alma brasileira est\u00e1 doente - Vida Crist\u00e3 - Franciscanos","isPartOf":{"@id":"https:\/\/franciscanos.org.br\/vidacrista\/#website"},"datePublished":"2019-04-15T18:15:17+00:00","dateModified":"2020-07-31T17:27:22+00:00","author":{"@id":"https:\/\/franciscanos.org.br\/vidacrista\/#\/schema\/person\/1880bdd2c350b735648725ef7614736a"},"breadcrumb":{"@id":"https:\/\/franciscanos.org.br\/vidacrista\/a-alma-brasileira-esta-doente\/#breadcrumb"},"inLanguage":"pt-BR","potentialAction":[{"@type":"ReadAction","target":["https:\/\/franciscanos.org.br\/vidacrista\/a-alma-brasileira-esta-doente\/"]}]},{"@type":"BreadcrumbList","@id":"https:\/\/franciscanos.org.br\/vidacrista\/a-alma-brasileira-esta-doente\/#breadcrumb","itemListElement":[{"@type":"ListItem","position":1,"name":"Home","item":"https:\/\/franciscanos.org.br\/vidacrista\/"},{"@type":"ListItem","position":2,"name":"A alma brasileira est\u00e1 doente"}]},{"@type":"Person","@id":"https:\/\/franciscanos.org.br\/vidacrista\/#\/schema\/person\/1880bdd2c350b735648725ef7614736a","name":"moacir","image":{"@type":"ImageObject","inLanguage":"pt-BR","@id":"https:\/\/franciscanos.org.br\/vidacrista\/#\/schema\/person\/image\/","url":"https:\/\/secure.gravatar.com\/avatar\/d08aa2ce4c8dd416d4479aa8536fcf64?s=96&d=mm&r=g","contentUrl":"https:\/\/secure.gravatar.com\/avatar\/d08aa2ce4c8dd416d4479aa8536fcf64?s=96&d=mm&r=g","caption":"moacir"},"url":"https:\/\/franciscanos.org.br\/vidacrista\/author\/moacir\/"}]}},"_links":{"self":[{"href":"https:\/\/franciscanos.org.br\/vidacrista\/wp-json\/wp\/v2\/posts\/178991"}],"collection":[{"href":"https:\/\/franciscanos.org.br\/vidacrista\/wp-json\/wp\/v2\/posts"}],"about":[{"href":"https:\/\/franciscanos.org.br\/vidacrista\/wp-json\/wp\/v2\/types\/post"}],"author":[{"embeddable":true,"href":"https:\/\/franciscanos.org.br\/vidacrista\/wp-json\/wp\/v2\/users\/3"}],"replies":[{"embeddable":true,"href":"https:\/\/franciscanos.org.br\/vidacrista\/wp-json\/wp\/v2\/comments?post=178991"}],"version-history":[{"count":4,"href":"https:\/\/franciscanos.org.br\/vidacrista\/wp-json\/wp\/v2\/posts\/178991\/revisions"}],"predecessor-version":[{"id":187349,"href":"https:\/\/franciscanos.org.br\/vidacrista\/wp-json\/wp\/v2\/posts\/178991\/revisions\/187349"}],"wp:featuredmedia":[{"embeddable":true,"href":"https:\/\/franciscanos.org.br\/vidacrista\/wp-json\/wp\/v2\/media\/187348"}],"wp:attachment":[{"href":"https:\/\/franciscanos.org.br\/vidacrista\/wp-json\/wp\/v2\/media?parent=178991"}],"wp:term":[{"taxonomy":"category","embeddable":true,"href":"https:\/\/franciscanos.org.br\/vidacrista\/wp-json\/wp\/v2\/categories?post=178991"},{"taxonomy":"post_tag","embeddable":true,"href":"https:\/\/franciscanos.org.br\/vidacrista\/wp-json\/wp\/v2\/tags?post=178991"}],"curies":[{"name":"wp","href":"https:\/\/api.w.org\/{rel}","templated":true}]}}