{"id":178878,"date":"2019-04-08T06:55:57","date_gmt":"2019-04-08T09:55:57","guid":{"rendered":"https:\/\/franciscanos.org.br\/vidacrista\/?p=178878"},"modified":"2020-08-03T09:50:09","modified_gmt":"2020-08-03T12:50:09","slug":"o-que-realmente-jesus-quis-o-pai-nosso-e-o-pao-nosso","status":"publish","type":"post","link":"https:\/\/franciscanos.org.br\/vidacrista\/o-que-realmente-jesus-quis-o-pai-nosso-e-o-pao-nosso\/","title":{"rendered":"O que realmente Jesus quis: o Pai Nosso e o P\u00e3o Nosso"},"content":{"rendered":"<p>&nbsp;<\/p>\n<div id=\"attachment_187379\" style=\"width: 850px\" class=\"wp-caption alignnone\"><img aria-describedby=\"caption-attachment-187379\" decoding=\"async\" loading=\"lazy\" class=\"wp-image-187379 size-full\" src=\"https:\/\/franciscanos.org.br\/vidacrista\/wp-content\/uploads\/2019\/04\/pao_0308.jpg\" alt=\"\" width=\"840\" height=\"450\" srcset=\"https:\/\/franciscanos.org.br\/vidacrista\/wp-content\/uploads\/2019\/04\/pao_0308.jpg 840w, https:\/\/franciscanos.org.br\/vidacrista\/wp-content\/uploads\/2019\/04\/pao_0308-450x241.jpg 450w, https:\/\/franciscanos.org.br\/vidacrista\/wp-content\/uploads\/2019\/04\/pao_0308-768x411.jpg 768w, https:\/\/franciscanos.org.br\/vidacrista\/wp-content\/uploads\/2019\/04\/pao_0308-150x80.jpg 150w\" sizes=\"(max-width: 840px) 100vw, 840px\" \/><p id=\"caption-attachment-187379\" class=\"wp-caption-text\">\u00a0 \u00a0 \u00a0 \u00a0 \u00a0 \u00a0 \u00a0 \u00a0 \u00a0 \u00a0 \u00a0 \u00a0 \u00a0 \u00a0 \u00a0 \u00a0 \u00a0 \u00a0 \u00a0 \u00a0 \u00a0 \u00a0 \u00a0 \u00a0 \u00a0 \u00a0 \u00a0 \u00a0 \u00a0 \u00a0 \u00a0 \u00a0 \u00a0 \u00a0 \u00a0 \u00a0 \u00a0 \u00a0 \u00a0 \u00a0 \u00a0 \u00a0 \u00a0<em> \u00a0 Imagem ilustrativa (fonte: Acervo Prov\u00edncia da Imaculada)<\/em><\/p><\/div>\n<p>Depois de elaborar algumas reflex\u00f5es teol\u00f3gicas cabe-nos perguntar: Finalmente, qual foi a inten\u00e7\u00e3o origin\u00e1ria de Jesus? Para al\u00e9m de anunciar o Reino, podemos responder: <em>Foi o Pai nosso<\/em>.<\/p>\n<p>Dizemos que o Pai nosso e o P\u00e3o nosso constituem a <em>ipsissima vox Jesu<\/em>, quer dizer: a pr\u00f3pria voz de Jesus. Por que ousamos afirmar isso?<\/p>\n<p>Porque no Pai nosso n\u00e3o encontramos nada daquilo que para a Igreja posterior \u00e9 importante: Jesus mesmo como Salvador, sua morte e ressurrei\u00e7\u00e3o, a Igreja, o credo, os sacramentos e os dogmas. N\u00e3o se fala nada disso. Para Jesus, isso n\u00e3o \u00e9 o mais importante. <strong>O importante e essencial \u00e9<\/strong>: o nosso Deus-Abba e seu Reino, e o P\u00e3o nosso de cada dia, que atende \u00e0s necessidades dos humanos.<\/p>\n<p>Esse \u00e9 o m\u00ednimo do m\u00ednimo da mensagem de Jesus. Se algu\u00e9m perguntar: O que Jesus quis, finalmente? Devemos responder: Ele quis trazer o Reino de Deus, que sent\u00edssemos Deus como um Paizinho querido (<em>Abba<\/em>) com caracter\u00edsticas de M\u00e3e: portanto, o Pai nosso. E que busc\u00e1ssemos o P\u00e3o nosso. Observemos, ele n\u00e3o diz \u201co meu Pai\u201d, mas o \u201cPai nosso\u201d. N\u00e3o diz \u201co meu P\u00e3o\u201d, mas o \u201cnosso P\u00e3o\u201d. Com essa formula\u00e7\u00e3o Jesus supera todo intimismo e individualismo, colocando no centro a comunidade. Esta \u00e9 a <em>ipsissima intensio Jesu; <\/em>traduzindo: esta \u00e9 a inten\u00e7\u00e3o origin\u00e1ria de Jesus. <strong>Tudo o mais \u00e9 coment\u00e1rio.<\/strong><\/p>\n<p>Assim o Pai nosso vem ao encontro das <strong>tr\u00eas fomes fundamentais e inarred\u00e1veis do ser humano<\/strong>:<\/p>\n<ol>\n<li>Um encontro com Algu\u00e9m bom que me acolha como num seio, que lhe significa aconchego e alegria de viver. Esta fome por Algu\u00e9m \u00e9 o <em>nosso Paizinho<\/em> de bondade (<em>Abba<\/em>).<\/li>\n<li>A outra \u00e9 a fome infinita que nunca se sacia, o sonho de um sentido pleno para a vida, para a hist\u00f3ria e para o universo. Ela vem sob o nome de <em>Reino de Deus<\/em>, o sonho sonhado e pregado por Jesus de uma revolu\u00e7\u00e3o absoluta e de um fim bom para todas as coisas.<\/li>\n<li>Ainda h\u00e1 uma outra fome, uma fome que se sacia, mas sem a qual n\u00e3o podemos viver; \u00e9 o <em>P\u00e3o nosso<\/em>. Sem essa base material perde-se o sentido de falar do Pai nosso e do Reino, pois um cad\u00e1ver n\u00e3o tem religi\u00e3o nem invoca o Pai nosso nem espera pelo Reino.<\/li>\n<\/ol>\n<p>Como se depreende, Jesus formula sua mensagem baseada nas buscas e nos anseios mais profundos do ser humano. D\u00e1-lhes uma resposta por todos compreens\u00edvel, extremamente humanit\u00e1ria.<\/p>\n<p>Se olharmos bem, a ora\u00e7\u00e3o articula os dois impulsos radicais do ser humano: o impulso para cima, para o universo e para Aquela Fonte Origin\u00e1ria que tudo criou, para o Pai nosso. Ao mesmo tempo, articula o impulso para baixo, para a Terra e para o P\u00e3o, sem o qual ningu\u00e9m vive.<\/p>\n<p>A causa do Pai \u2013 o Reino \u2013 e a causa humana \u2013 o P\u00e3o \u2013 se convergem. <strong>S\u00f3 se encontra na heran\u00e7a de Jesus quem mant\u00e9m sempre unido o Pai nosso ao P\u00e3o nosso. Ent\u00e3o, pode-se dizer Am\u00e9m<\/strong>.<\/p>\n<hr \/>\n<p><strong>NOTAS:<\/strong><\/p>\n<ol>\n<li>Os grifos\/negritos s\u00e3o meus.<\/li>\n<li>O texto acima foi retirado do livro <em>\u201c<strong>Reflex\u00f5es de um velho te\u00f3logo e pensador<\/strong>\u201d<\/em>, Leonardo Boff, Editora Vozes, 2018.<\/li>\n<li>O livro mencionado \u00e9 um balan\u00e7o\/s\u00edntese da vida e teologia deste grande mestre quando completou os seus 80 anos.<\/li>\n<li>Esse texto que eu copiei do livro pode ser compreendido (e aprofundado) num contexto maior onde ele trata de in\u00fameros temas essenciais da f\u00e9 crist\u00e3. Destaco, sobretudo, o 9\u00ba e \u00faltimo cap\u00edtulo do livro: <em>Espiritualidade, o profundo do ser humano<\/em>.<\/li>\n<\/ol>\n<p><strong>Frei R\u00e9gis G. R. Daher<\/strong><\/p>\n","protected":false},"excerpt":{"rendered":"<p>Artigo de Frei R\u00e9gis Daher<\/p>\n","protected":false},"author":3,"featured_media":187380,"comment_status":"open","ping_status":"open","sticky":false,"template":"","format":"standard","meta":{"footnotes":""},"categories":[26],"tags":[59],"yoast_head":"<!-- This site is optimized with the Yoast SEO plugin v19.4 - https:\/\/yoast.com\/wordpress\/plugins\/seo\/ -->\n<title>O que realmente Jesus quis: o Pai Nosso e o P\u00e3o Nosso - Vida Crist\u00e3 - Franciscanos<\/title>\n<meta name=\"robots\" content=\"index, follow, max-snippet:-1, max-image-preview:large, max-video-preview:-1\" \/>\n<link rel=\"canonical\" href=\"https:\/\/franciscanos.org.br\/vidacrista\/o-que-realmente-jesus-quis-o-pai-nosso-e-o-pao-nosso\/\" \/>\n<meta property=\"og:locale\" content=\"pt_BR\" \/>\n<meta property=\"og:type\" content=\"article\" \/>\n<meta property=\"og:title\" content=\"O que realmente Jesus quis: o Pai Nosso e o P\u00e3o Nosso - Vida Crist\u00e3 - Franciscanos\" \/>\n<meta property=\"og:description\" content=\"Artigo de Frei R\u00e9gis Daher\" \/>\n<meta property=\"og:url\" content=\"https:\/\/franciscanos.org.br\/vidacrista\/o-que-realmente-jesus-quis-o-pai-nosso-e-o-pao-nosso\/\" \/>\n<meta property=\"og:site_name\" content=\"Vida Crist\u00e3 - Franciscanos\" \/>\n<meta property=\"article:published_time\" content=\"2019-04-08T09:55:57+00:00\" \/>\n<meta property=\"article:modified_time\" content=\"2020-08-03T12:50:09+00:00\" \/>\n<meta property=\"og:image\" content=\"https:\/\/franciscanos.org.br\/vidacrista\/wp-content\/uploads\/2019\/04\/pao_0308d.jpg\" \/>\n\t<meta property=\"og:image:width\" content=\"800\" \/>\n\t<meta property=\"og:image:height\" content=\"600\" \/>\n\t<meta property=\"og:image:type\" content=\"image\/jpeg\" \/>\n<meta name=\"author\" content=\"moacir\" \/>\n<meta name=\"twitter:card\" content=\"summary_large_image\" \/>\n<meta name=\"twitter:label1\" content=\"Escrito por\" \/>\n\t<meta name=\"twitter:data1\" content=\"moacir\" \/>\n\t<meta name=\"twitter:label2\" content=\"Est. tempo de leitura\" \/>\n\t<meta name=\"twitter:data2\" content=\"3 minutos\" \/>\n<script type=\"application\/ld+json\" class=\"yoast-schema-graph\">{\"@context\":\"https:\/\/schema.org\",\"@graph\":[{\"@type\":\"WebSite\",\"@id\":\"https:\/\/franciscanos.org.br\/vidacrista\/#website\",\"url\":\"https:\/\/franciscanos.org.br\/vidacrista\/\",\"name\":\"Vida Crist\u00e3 - Franciscanos\",\"description\":\"Prov\u00edncia Franciscana da Imaculada Concei\u00e7\u00e3o do Brasil - Ordem dos Frades Menores\",\"potentialAction\":[{\"@type\":\"SearchAction\",\"target\":{\"@type\":\"EntryPoint\",\"urlTemplate\":\"https:\/\/franciscanos.org.br\/vidacrista\/?s={search_term_string}\"},\"query-input\":\"required name=search_term_string\"}],\"inLanguage\":\"pt-BR\"},{\"@type\":\"WebPage\",\"@id\":\"https:\/\/franciscanos.org.br\/vidacrista\/o-que-realmente-jesus-quis-o-pai-nosso-e-o-pao-nosso\/\",\"url\":\"https:\/\/franciscanos.org.br\/vidacrista\/o-que-realmente-jesus-quis-o-pai-nosso-e-o-pao-nosso\/\",\"name\":\"O que realmente Jesus quis: o Pai Nosso e o P\u00e3o Nosso - Vida Crist\u00e3 - Franciscanos\",\"isPartOf\":{\"@id\":\"https:\/\/franciscanos.org.br\/vidacrista\/#website\"},\"datePublished\":\"2019-04-08T09:55:57+00:00\",\"dateModified\":\"2020-08-03T12:50:09+00:00\",\"author\":{\"@id\":\"https:\/\/franciscanos.org.br\/vidacrista\/#\/schema\/person\/1880bdd2c350b735648725ef7614736a\"},\"breadcrumb\":{\"@id\":\"https:\/\/franciscanos.org.br\/vidacrista\/o-que-realmente-jesus-quis-o-pai-nosso-e-o-pao-nosso\/#breadcrumb\"},\"inLanguage\":\"pt-BR\",\"potentialAction\":[{\"@type\":\"ReadAction\",\"target\":[\"https:\/\/franciscanos.org.br\/vidacrista\/o-que-realmente-jesus-quis-o-pai-nosso-e-o-pao-nosso\/\"]}]},{\"@type\":\"BreadcrumbList\",\"@id\":\"https:\/\/franciscanos.org.br\/vidacrista\/o-que-realmente-jesus-quis-o-pai-nosso-e-o-pao-nosso\/#breadcrumb\",\"itemListElement\":[{\"@type\":\"ListItem\",\"position\":1,\"name\":\"Home\",\"item\":\"https:\/\/franciscanos.org.br\/vidacrista\/\"},{\"@type\":\"ListItem\",\"position\":2,\"name\":\"O que realmente Jesus quis: o Pai Nosso e o P\u00e3o Nosso\"}]},{\"@type\":\"Person\",\"@id\":\"https:\/\/franciscanos.org.br\/vidacrista\/#\/schema\/person\/1880bdd2c350b735648725ef7614736a\",\"name\":\"moacir\",\"image\":{\"@type\":\"ImageObject\",\"inLanguage\":\"pt-BR\",\"@id\":\"https:\/\/franciscanos.org.br\/vidacrista\/#\/schema\/person\/image\/\",\"url\":\"https:\/\/secure.gravatar.com\/avatar\/d08aa2ce4c8dd416d4479aa8536fcf64?s=96&d=mm&r=g\",\"contentUrl\":\"https:\/\/secure.gravatar.com\/avatar\/d08aa2ce4c8dd416d4479aa8536fcf64?s=96&d=mm&r=g\",\"caption\":\"moacir\"},\"url\":\"https:\/\/franciscanos.org.br\/vidacrista\/author\/moacir\/\"}]}<\/script>\n<!-- \/ Yoast SEO plugin. -->","yoast_head_json":{"title":"O que realmente Jesus quis: o Pai Nosso e o P\u00e3o Nosso - Vida Crist\u00e3 - Franciscanos","robots":{"index":"index","follow":"follow","max-snippet":"max-snippet:-1","max-image-preview":"max-image-preview:large","max-video-preview":"max-video-preview:-1"},"canonical":"https:\/\/franciscanos.org.br\/vidacrista\/o-que-realmente-jesus-quis-o-pai-nosso-e-o-pao-nosso\/","og_locale":"pt_BR","og_type":"article","og_title":"O que realmente Jesus quis: o Pai Nosso e o P\u00e3o Nosso - Vida Crist\u00e3 - Franciscanos","og_description":"Artigo de Frei R\u00e9gis Daher","og_url":"https:\/\/franciscanos.org.br\/vidacrista\/o-que-realmente-jesus-quis-o-pai-nosso-e-o-pao-nosso\/","og_site_name":"Vida Crist\u00e3 - Franciscanos","article_published_time":"2019-04-08T09:55:57+00:00","article_modified_time":"2020-08-03T12:50:09+00:00","og_image":[{"width":800,"height":600,"url":"https:\/\/franciscanos.org.br\/vidacrista\/wp-content\/uploads\/2019\/04\/pao_0308d.jpg","type":"image\/jpeg"}],"author":"moacir","twitter_card":"summary_large_image","twitter_misc":{"Escrito por":"moacir","Est. tempo de leitura":"3 minutos"},"schema":{"@context":"https:\/\/schema.org","@graph":[{"@type":"WebSite","@id":"https:\/\/franciscanos.org.br\/vidacrista\/#website","url":"https:\/\/franciscanos.org.br\/vidacrista\/","name":"Vida Crist\u00e3 - Franciscanos","description":"Prov\u00edncia Franciscana da Imaculada Concei\u00e7\u00e3o do Brasil - Ordem dos Frades Menores","potentialAction":[{"@type":"SearchAction","target":{"@type":"EntryPoint","urlTemplate":"https:\/\/franciscanos.org.br\/vidacrista\/?s={search_term_string}"},"query-input":"required name=search_term_string"}],"inLanguage":"pt-BR"},{"@type":"WebPage","@id":"https:\/\/franciscanos.org.br\/vidacrista\/o-que-realmente-jesus-quis-o-pai-nosso-e-o-pao-nosso\/","url":"https:\/\/franciscanos.org.br\/vidacrista\/o-que-realmente-jesus-quis-o-pai-nosso-e-o-pao-nosso\/","name":"O que realmente Jesus quis: o Pai Nosso e o P\u00e3o Nosso - Vida Crist\u00e3 - Franciscanos","isPartOf":{"@id":"https:\/\/franciscanos.org.br\/vidacrista\/#website"},"datePublished":"2019-04-08T09:55:57+00:00","dateModified":"2020-08-03T12:50:09+00:00","author":{"@id":"https:\/\/franciscanos.org.br\/vidacrista\/#\/schema\/person\/1880bdd2c350b735648725ef7614736a"},"breadcrumb":{"@id":"https:\/\/franciscanos.org.br\/vidacrista\/o-que-realmente-jesus-quis-o-pai-nosso-e-o-pao-nosso\/#breadcrumb"},"inLanguage":"pt-BR","potentialAction":[{"@type":"ReadAction","target":["https:\/\/franciscanos.org.br\/vidacrista\/o-que-realmente-jesus-quis-o-pai-nosso-e-o-pao-nosso\/"]}]},{"@type":"BreadcrumbList","@id":"https:\/\/franciscanos.org.br\/vidacrista\/o-que-realmente-jesus-quis-o-pai-nosso-e-o-pao-nosso\/#breadcrumb","itemListElement":[{"@type":"ListItem","position":1,"name":"Home","item":"https:\/\/franciscanos.org.br\/vidacrista\/"},{"@type":"ListItem","position":2,"name":"O que realmente Jesus quis: o Pai Nosso e o P\u00e3o Nosso"}]},{"@type":"Person","@id":"https:\/\/franciscanos.org.br\/vidacrista\/#\/schema\/person\/1880bdd2c350b735648725ef7614736a","name":"moacir","image":{"@type":"ImageObject","inLanguage":"pt-BR","@id":"https:\/\/franciscanos.org.br\/vidacrista\/#\/schema\/person\/image\/","url":"https:\/\/secure.gravatar.com\/avatar\/d08aa2ce4c8dd416d4479aa8536fcf64?s=96&d=mm&r=g","contentUrl":"https:\/\/secure.gravatar.com\/avatar\/d08aa2ce4c8dd416d4479aa8536fcf64?s=96&d=mm&r=g","caption":"moacir"},"url":"https:\/\/franciscanos.org.br\/vidacrista\/author\/moacir\/"}]}},"_links":{"self":[{"href":"https:\/\/franciscanos.org.br\/vidacrista\/wp-json\/wp\/v2\/posts\/178878"}],"collection":[{"href":"https:\/\/franciscanos.org.br\/vidacrista\/wp-json\/wp\/v2\/posts"}],"about":[{"href":"https:\/\/franciscanos.org.br\/vidacrista\/wp-json\/wp\/v2\/types\/post"}],"author":[{"embeddable":true,"href":"https:\/\/franciscanos.org.br\/vidacrista\/wp-json\/wp\/v2\/users\/3"}],"replies":[{"embeddable":true,"href":"https:\/\/franciscanos.org.br\/vidacrista\/wp-json\/wp\/v2\/comments?post=178878"}],"version-history":[{"count":4,"href":"https:\/\/franciscanos.org.br\/vidacrista\/wp-json\/wp\/v2\/posts\/178878\/revisions"}],"predecessor-version":[{"id":187382,"href":"https:\/\/franciscanos.org.br\/vidacrista\/wp-json\/wp\/v2\/posts\/178878\/revisions\/187382"}],"wp:featuredmedia":[{"embeddable":true,"href":"https:\/\/franciscanos.org.br\/vidacrista\/wp-json\/wp\/v2\/media\/187380"}],"wp:attachment":[{"href":"https:\/\/franciscanos.org.br\/vidacrista\/wp-json\/wp\/v2\/media?parent=178878"}],"wp:term":[{"taxonomy":"category","embeddable":true,"href":"https:\/\/franciscanos.org.br\/vidacrista\/wp-json\/wp\/v2\/categories?post=178878"},{"taxonomy":"post_tag","embeddable":true,"href":"https:\/\/franciscanos.org.br\/vidacrista\/wp-json\/wp\/v2\/tags?post=178878"}],"curies":[{"name":"wp","href":"https:\/\/api.w.org\/{rel}","templated":true}]}}