{"id":178802,"date":"2019-04-02T07:34:06","date_gmt":"2019-04-02T10:34:06","guid":{"rendered":"https:\/\/franciscanos.org.br\/vidacrista\/?p=178802"},"modified":"2020-06-15T08:19:36","modified_gmt":"2020-06-15T11:19:36","slug":"ate-o-final-ele-fez-o-bem","status":"publish","type":"post","link":"https:\/\/franciscanos.org.br\/vidacrista\/ate-o-final-ele-fez-o-bem\/","title":{"rendered":"&#8220;At\u00e9 o final ele fez o bem&#8230;&#8221;"},"content":{"rendered":"<p><img decoding=\"async\" loading=\"lazy\" class=\"alignnone wp-image-178804 size-full\" src=\"https:\/\/franciscanos.org.br\/vidacrista\/wp-content\/uploads\/2019\/04\/sexta_040419.jpg\" alt=\"\" width=\"840\" height=\"908\" srcset=\"https:\/\/franciscanos.org.br\/vidacrista\/wp-content\/uploads\/2019\/04\/sexta_040419.jpg 840w, https:\/\/franciscanos.org.br\/vidacrista\/wp-content\/uploads\/2019\/04\/sexta_040419-416x450.jpg 416w, https:\/\/franciscanos.org.br\/vidacrista\/wp-content\/uploads\/2019\/04\/sexta_040419-768x830.jpg 768w, https:\/\/franciscanos.org.br\/vidacrista\/wp-content\/uploads\/2019\/04\/sexta_040419-150x162.jpg 150w\" sizes=\"(max-width: 840px) 100vw, 840px\" \/><\/p>\n<p style=\"padding-left: 40px;\"><em>Jesus respondeu: \u201cHoje estar\u00e1s comigo no Para\u00edso\u201d<\/em><br \/>\n<em>Lc 23, 43)<\/em><\/p>\n<p>Tudo estava para ser conclu\u00eddo. Jesus aproveitara bem o tempo, os anos de sua vida p\u00fablica para percorrer os caminhos dos homens. Uma que outra vez vemo-lo na sinagoga e no templo. A maior parte de seus dias passava no meio das gentes, de toda sorte de gente. Sentava-se \u00e0 mesa com alguns, socorria a outros, dirigia uma palavra a um grupo maior com Mestre, sempre um Mestre que mais falava com seu olhar do que com suas palavras. Um Mestre que tinha uma fonte no cora\u00e7\u00e3o.<\/p>\n<p>Lucas nos relata ainda um inusitado encontro de Jesus bem no final de sua vida, no alto da cruz. Tudo estava para se concluir. Est\u00e1 \u201csentado\u201d no trono da cruz. O Mestre que vai dar a li\u00e7\u00e3o do amor at\u00e9 o fim. Quase n\u00e3o aguenta mais. Sente falta de ar. De quando em vez, olha \u00e0 dist\u00e2ncia e v\u00ea o mundo, os homens, as mulheres. Est\u00e1 no final de suas for\u00e7as. Exaurido. Completamente exaurido. De um lado e de outros, dois salteadores pregados de um lado e de outro.<\/p>\n<p>Um deles, desesperado, solta palavras de revolta, duras palavras que devem ter atingido o delicado Cora\u00e7\u00e3o do Mestre. \u201cAfinal de contas, se \u00e9s mesmo o Messias, desce da\u00ed, tira-nos da morte\u2026\u201d Palavras de desespero, mas t\u00e3o duras. Naquela hora aumentaram a dor das chagas do Senhor.<\/p>\n<p>H\u00e1 o outro, mais sereno, mesmo sofrendo. O que se passava na cabe\u00e7a desse que aprendemos a chamar de \u201cbom ladr\u00e3o\u201d? Certamente, algu\u00e9m que havia cometido graves delitos, que havia se perdido nos caminhos do existir, como tantos de n\u00f3s. Sente ele que est\u00e1 ao lado de uma pessoa boa, profundamente boa, misteriosamente boa e bela. Conheceu ali, no momento da execu\u00e7\u00e3o. Mas uma pessoa boa. Nem podia ver-lhe o rosto. Esse ladr\u00e3o \u201cbom\u201d perto desse Jesus t\u00e3o l\u00edmpido, experimenta a dor de n\u00e3o ter sido bom de verdade. D\u00e1-se conta que o fim tr\u00eas se aproxima.<\/p>\n<p>Dirige-se ao revoltado: \u201cMeu caro, n\u00f3s merecemos o castigo. Nossa biografia est\u00e1 manchada. Por que insultar esse homem? N\u00f3s estamos pagando por nossos atos. Melhor que cales a boca e te prepares para morrer. N\u00e3o temes a Deus? .<\/p>\n<p>Do interior desse ladr\u00e3o tido como \u201cbom\u201d havia uma dor, a dor do arrependimento. E ele exprime um desejo: \u201cJesus, lembra-te de mim, quando vieres com teu reino\u201d. Imagino o tom suplicante e confiante de sua voz. Pouco antes do desfecho de tudo uma promessa que estava na imin\u00eancia de se realizar: \u201cEm verdade eu te digo, hoje estar\u00e1s comigo no Paraiso\u201d. Que doces esses sons! Certamente, o ladr\u00e3o bom teria vontade de desvencilhar-se dos cravos e abra\u00e7ar demoradamente a Jesus misturando seu sangue com seu sangue, suas l\u00e1grimas com suas l\u00e1grimas.<\/p>\n<p>Ser\u00e1 que os dois se olharam? Crucificados como estavam, podiam tornar o rosto um para o outro? Ou foi simplesmente ouvidos fiapos de vozes? A voz que fazia um pedido e voz de uma promessa inaudita.<\/p>\n<p>N\u00e3o vai mais ter sentido essa coisa de tempo. Naquele mesmo \u201choje\u201d, esse homem despeda\u00e7ado e sofredor estaria na gl\u00f3ria. \u201cHoje, estar\u00e1s comigo na gl\u00f3ria. Nossos corpos se transfigurar\u00e3o e eu vou te levar pela m\u00e3o para que n\u00f3s dois nos deliciemos na contempla\u00e7\u00e3o do rosto do Pai. O c\u00e9u j\u00e1 come\u00e7ou para ti. Eu estava com saudade do Pai. Agora, depois, de ter percorrido os caminhos da terra vamos juntos para a gl\u00f3ria do Pai\u201d.<\/p>\n<p>Concluo com um pensamento de Jos\u00e9 Antonio Pagola: \u201cFaltam poucas horas para o final. Da cruz s\u00f3 se ouve o insultos de alguns e os gritos de dor dos justi\u00e7ados. De repente um deles se dirige a Jesus: \u201cLembra-te de mim\u201d. A resposta de Jesus \u00e9 imediata: \u201cAsseguro-te: hoje estar\u00e1s comigo no para\u00edso\u201d. Ele sempre fez a mesma coisa: suprimia medos, infundia confian\u00e7a em Deus, transmitia esperan\u00e7a. E continua fazendo isso at\u00e9 o final!\u201d (<em>Pagola, Lucas,<\/em> p. 345).<\/p>\n<p><strong>Frei Almir Guimar\u00e3es\u2003<\/strong><\/p>\n","protected":false},"excerpt":{"rendered":"<p>Artigo de Frei Almir Ribeiro Guimar\u00e3es<\/p>\n","protected":false},"author":3,"featured_media":185531,"comment_status":"open","ping_status":"open","sticky":false,"template":"","format":"standard","meta":{"footnotes":""},"categories":[105],"tags":[106],"yoast_head":"<!-- This site is optimized with the Yoast SEO plugin v19.4 - https:\/\/yoast.com\/wordpress\/plugins\/seo\/ -->\n<title>&quot;At\u00e9 o final ele fez o bem...&quot; - Vida Crist\u00e3 - Franciscanos<\/title>\n<meta name=\"robots\" content=\"index, follow, max-snippet:-1, max-image-preview:large, max-video-preview:-1\" \/>\n<link rel=\"canonical\" href=\"https:\/\/franciscanos.org.br\/vidacrista\/ate-o-final-ele-fez-o-bem\/\" \/>\n<meta property=\"og:locale\" content=\"pt_BR\" \/>\n<meta property=\"og:type\" content=\"article\" \/>\n<meta property=\"og:title\" content=\"&quot;At\u00e9 o final ele fez o bem...&quot; - Vida Crist\u00e3 - Franciscanos\" \/>\n<meta property=\"og:description\" content=\"Artigo de Frei Almir Ribeiro Guimar\u00e3es\" \/>\n<meta property=\"og:url\" content=\"https:\/\/franciscanos.org.br\/vidacrista\/ate-o-final-ele-fez-o-bem\/\" \/>\n<meta property=\"og:site_name\" content=\"Vida Crist\u00e3 - Franciscanos\" \/>\n<meta property=\"article:published_time\" content=\"2019-04-02T10:34:06+00:00\" \/>\n<meta property=\"article:modified_time\" content=\"2020-06-15T11:19:36+00:00\" \/>\n<meta property=\"og:image\" content=\"https:\/\/franciscanos.org.br\/vidacrista\/wp-content\/uploads\/2019\/04\/sexta_040419-1.jpg\" \/>\n\t<meta property=\"og:image:width\" content=\"800\" \/>\n\t<meta property=\"og:image:height\" content=\"600\" \/>\n\t<meta property=\"og:image:type\" content=\"image\/jpeg\" \/>\n<meta name=\"author\" content=\"moacir\" \/>\n<meta name=\"twitter:card\" content=\"summary_large_image\" \/>\n<meta name=\"twitter:label1\" content=\"Escrito por\" \/>\n\t<meta name=\"twitter:data1\" content=\"moacir\" \/>\n\t<meta name=\"twitter:label2\" content=\"Est. tempo de leitura\" \/>\n\t<meta name=\"twitter:data2\" content=\"3 minutos\" \/>\n<script type=\"application\/ld+json\" class=\"yoast-schema-graph\">{\"@context\":\"https:\/\/schema.org\",\"@graph\":[{\"@type\":\"WebSite\",\"@id\":\"https:\/\/franciscanos.org.br\/vidacrista\/#website\",\"url\":\"https:\/\/franciscanos.org.br\/vidacrista\/\",\"name\":\"Vida Crist\u00e3 - Franciscanos\",\"description\":\"Prov\u00edncia Franciscana da Imaculada Concei\u00e7\u00e3o do Brasil - Ordem dos Frades Menores\",\"potentialAction\":[{\"@type\":\"SearchAction\",\"target\":{\"@type\":\"EntryPoint\",\"urlTemplate\":\"https:\/\/franciscanos.org.br\/vidacrista\/?s={search_term_string}\"},\"query-input\":\"required name=search_term_string\"}],\"inLanguage\":\"pt-BR\"},{\"@type\":\"WebPage\",\"@id\":\"https:\/\/franciscanos.org.br\/vidacrista\/ate-o-final-ele-fez-o-bem\/\",\"url\":\"https:\/\/franciscanos.org.br\/vidacrista\/ate-o-final-ele-fez-o-bem\/\",\"name\":\"\\\"At\u00e9 o final ele fez o bem...\\\" - Vida Crist\u00e3 - Franciscanos\",\"isPartOf\":{\"@id\":\"https:\/\/franciscanos.org.br\/vidacrista\/#website\"},\"datePublished\":\"2019-04-02T10:34:06+00:00\",\"dateModified\":\"2020-06-15T11:19:36+00:00\",\"author\":{\"@id\":\"https:\/\/franciscanos.org.br\/vidacrista\/#\/schema\/person\/1880bdd2c350b735648725ef7614736a\"},\"breadcrumb\":{\"@id\":\"https:\/\/franciscanos.org.br\/vidacrista\/ate-o-final-ele-fez-o-bem\/#breadcrumb\"},\"inLanguage\":\"pt-BR\",\"potentialAction\":[{\"@type\":\"ReadAction\",\"target\":[\"https:\/\/franciscanos.org.br\/vidacrista\/ate-o-final-ele-fez-o-bem\/\"]}]},{\"@type\":\"BreadcrumbList\",\"@id\":\"https:\/\/franciscanos.org.br\/vidacrista\/ate-o-final-ele-fez-o-bem\/#breadcrumb\",\"itemListElement\":[{\"@type\":\"ListItem\",\"position\":1,\"name\":\"Home\",\"item\":\"https:\/\/franciscanos.org.br\/vidacrista\/\"},{\"@type\":\"ListItem\",\"position\":2,\"name\":\"&#8220;At\u00e9 o final ele fez o bem&#8230;&#8221;\"}]},{\"@type\":\"Person\",\"@id\":\"https:\/\/franciscanos.org.br\/vidacrista\/#\/schema\/person\/1880bdd2c350b735648725ef7614736a\",\"name\":\"moacir\",\"image\":{\"@type\":\"ImageObject\",\"inLanguage\":\"pt-BR\",\"@id\":\"https:\/\/franciscanos.org.br\/vidacrista\/#\/schema\/person\/image\/\",\"url\":\"https:\/\/secure.gravatar.com\/avatar\/d08aa2ce4c8dd416d4479aa8536fcf64?s=96&d=mm&r=g\",\"contentUrl\":\"https:\/\/secure.gravatar.com\/avatar\/d08aa2ce4c8dd416d4479aa8536fcf64?s=96&d=mm&r=g\",\"caption\":\"moacir\"},\"url\":\"https:\/\/franciscanos.org.br\/vidacrista\/author\/moacir\/\"}]}<\/script>\n<!-- \/ Yoast SEO plugin. -->","yoast_head_json":{"title":"\"At\u00e9 o final ele fez o bem...\" - Vida Crist\u00e3 - Franciscanos","robots":{"index":"index","follow":"follow","max-snippet":"max-snippet:-1","max-image-preview":"max-image-preview:large","max-video-preview":"max-video-preview:-1"},"canonical":"https:\/\/franciscanos.org.br\/vidacrista\/ate-o-final-ele-fez-o-bem\/","og_locale":"pt_BR","og_type":"article","og_title":"\"At\u00e9 o final ele fez o bem...\" - Vida Crist\u00e3 - Franciscanos","og_description":"Artigo de Frei Almir Ribeiro Guimar\u00e3es","og_url":"https:\/\/franciscanos.org.br\/vidacrista\/ate-o-final-ele-fez-o-bem\/","og_site_name":"Vida Crist\u00e3 - Franciscanos","article_published_time":"2019-04-02T10:34:06+00:00","article_modified_time":"2020-06-15T11:19:36+00:00","og_image":[{"width":800,"height":600,"url":"https:\/\/franciscanos.org.br\/vidacrista\/wp-content\/uploads\/2019\/04\/sexta_040419-1.jpg","type":"image\/jpeg"}],"author":"moacir","twitter_card":"summary_large_image","twitter_misc":{"Escrito por":"moacir","Est. tempo de leitura":"3 minutos"},"schema":{"@context":"https:\/\/schema.org","@graph":[{"@type":"WebSite","@id":"https:\/\/franciscanos.org.br\/vidacrista\/#website","url":"https:\/\/franciscanos.org.br\/vidacrista\/","name":"Vida Crist\u00e3 - Franciscanos","description":"Prov\u00edncia Franciscana da Imaculada Concei\u00e7\u00e3o do Brasil - Ordem dos Frades Menores","potentialAction":[{"@type":"SearchAction","target":{"@type":"EntryPoint","urlTemplate":"https:\/\/franciscanos.org.br\/vidacrista\/?s={search_term_string}"},"query-input":"required name=search_term_string"}],"inLanguage":"pt-BR"},{"@type":"WebPage","@id":"https:\/\/franciscanos.org.br\/vidacrista\/ate-o-final-ele-fez-o-bem\/","url":"https:\/\/franciscanos.org.br\/vidacrista\/ate-o-final-ele-fez-o-bem\/","name":"\"At\u00e9 o final ele fez o bem...\" - Vida Crist\u00e3 - Franciscanos","isPartOf":{"@id":"https:\/\/franciscanos.org.br\/vidacrista\/#website"},"datePublished":"2019-04-02T10:34:06+00:00","dateModified":"2020-06-15T11:19:36+00:00","author":{"@id":"https:\/\/franciscanos.org.br\/vidacrista\/#\/schema\/person\/1880bdd2c350b735648725ef7614736a"},"breadcrumb":{"@id":"https:\/\/franciscanos.org.br\/vidacrista\/ate-o-final-ele-fez-o-bem\/#breadcrumb"},"inLanguage":"pt-BR","potentialAction":[{"@type":"ReadAction","target":["https:\/\/franciscanos.org.br\/vidacrista\/ate-o-final-ele-fez-o-bem\/"]}]},{"@type":"BreadcrumbList","@id":"https:\/\/franciscanos.org.br\/vidacrista\/ate-o-final-ele-fez-o-bem\/#breadcrumb","itemListElement":[{"@type":"ListItem","position":1,"name":"Home","item":"https:\/\/franciscanos.org.br\/vidacrista\/"},{"@type":"ListItem","position":2,"name":"&#8220;At\u00e9 o final ele fez o bem&#8230;&#8221;"}]},{"@type":"Person","@id":"https:\/\/franciscanos.org.br\/vidacrista\/#\/schema\/person\/1880bdd2c350b735648725ef7614736a","name":"moacir","image":{"@type":"ImageObject","inLanguage":"pt-BR","@id":"https:\/\/franciscanos.org.br\/vidacrista\/#\/schema\/person\/image\/","url":"https:\/\/secure.gravatar.com\/avatar\/d08aa2ce4c8dd416d4479aa8536fcf64?s=96&d=mm&r=g","contentUrl":"https:\/\/secure.gravatar.com\/avatar\/d08aa2ce4c8dd416d4479aa8536fcf64?s=96&d=mm&r=g","caption":"moacir"},"url":"https:\/\/franciscanos.org.br\/vidacrista\/author\/moacir\/"}]}},"_links":{"self":[{"href":"https:\/\/franciscanos.org.br\/vidacrista\/wp-json\/wp\/v2\/posts\/178802"}],"collection":[{"href":"https:\/\/franciscanos.org.br\/vidacrista\/wp-json\/wp\/v2\/posts"}],"about":[{"href":"https:\/\/franciscanos.org.br\/vidacrista\/wp-json\/wp\/v2\/types\/post"}],"author":[{"embeddable":true,"href":"https:\/\/franciscanos.org.br\/vidacrista\/wp-json\/wp\/v2\/users\/3"}],"replies":[{"embeddable":true,"href":"https:\/\/franciscanos.org.br\/vidacrista\/wp-json\/wp\/v2\/comments?post=178802"}],"version-history":[{"count":1,"href":"https:\/\/franciscanos.org.br\/vidacrista\/wp-json\/wp\/v2\/posts\/178802\/revisions"}],"predecessor-version":[{"id":178805,"href":"https:\/\/franciscanos.org.br\/vidacrista\/wp-json\/wp\/v2\/posts\/178802\/revisions\/178805"}],"wp:featuredmedia":[{"embeddable":true,"href":"https:\/\/franciscanos.org.br\/vidacrista\/wp-json\/wp\/v2\/media\/185531"}],"wp:attachment":[{"href":"https:\/\/franciscanos.org.br\/vidacrista\/wp-json\/wp\/v2\/media?parent=178802"}],"wp:term":[{"taxonomy":"category","embeddable":true,"href":"https:\/\/franciscanos.org.br\/vidacrista\/wp-json\/wp\/v2\/categories?post=178802"},{"taxonomy":"post_tag","embeddable":true,"href":"https:\/\/franciscanos.org.br\/vidacrista\/wp-json\/wp\/v2\/tags?post=178802"}],"curies":[{"name":"wp","href":"https:\/\/api.w.org\/{rel}","templated":true}]}}