{"id":178582,"date":"2019-03-18T14:17:37","date_gmt":"2019-03-18T17:17:37","guid":{"rendered":"https:\/\/franciscanos.org.br\/vidacrista\/?p=178582"},"modified":"2020-08-03T10:45:30","modified_gmt":"2020-08-03T13:45:30","slug":"a-vida-nas-pegadas-da-kenosis","status":"publish","type":"post","link":"https:\/\/franciscanos.org.br\/vidacrista\/a-vida-nas-pegadas-da-kenosis\/","title":{"rendered":"A vida nas pegadas da Kenosis"},"content":{"rendered":"<p>&nbsp;<\/p>\n<div id=\"attachment_187396\" style=\"width: 850px\" class=\"wp-caption alignnone\"><img aria-describedby=\"caption-attachment-187396\" decoding=\"async\" loading=\"lazy\" class=\"wp-image-187396 size-full\" src=\"https:\/\/franciscanos.org.br\/vidacrista\/wp-content\/uploads\/2019\/03\/artigo_0308_4.png\" alt=\"\" width=\"840\" height=\"451\" srcset=\"https:\/\/franciscanos.org.br\/vidacrista\/wp-content\/uploads\/2019\/03\/artigo_0308_4.png 840w, https:\/\/franciscanos.org.br\/vidacrista\/wp-content\/uploads\/2019\/03\/artigo_0308_4-450x242.png 450w, https:\/\/franciscanos.org.br\/vidacrista\/wp-content\/uploads\/2019\/03\/artigo_0308_4-768x412.png 768w, https:\/\/franciscanos.org.br\/vidacrista\/wp-content\/uploads\/2019\/03\/artigo_0308_4-150x81.png 150w\" sizes=\"(max-width: 840px) 100vw, 840px\" \/><p id=\"caption-attachment-187396\" class=\"wp-caption-text\">\u00a0 \u00a0 \u00a0 \u00a0 \u00a0 \u00a0 \u00a0 \u00a0 \u00a0 \u00a0 \u00a0 \u00a0 \u00a0 \u00a0 \u00a0 \u00a0 \u00a0 \u00a0 \u00a0 \u00a0 \u00a0 \u00a0 \u00a0 \u00a0 \u00a0 \u00a0 \u00a0 \u00a0 \u00a0 \u00a0 \u00a0 \u00a0 \u00a0 \u00a0 \u00a0 \u00a0 \u00a0 \u00a0 \u00a0 \u00a0 \u00a0 \u00a0 \u00a0 \u00a0 \u00a0 \u00a0 \u00a0 \u00a0 \u00a0 \u00a0 \u00a0 \u00a0 \u00a0 \u00a0 \u00a0 \u00a0 \u00a0 \u00a0 <em>\u00a0 \u00a0 \u00a0 \u00a0 \u00a0 \u00a0 Imagem ilustrativa (fonte: Canva)<\/em><\/p><\/div>\n<p><strong>Pe. Ademir Guedes Azevedo, cp<\/strong><\/p>\n<p>Voc\u00ea j\u00e1 refletiu alguma vez sobre o significado do desgaste f\u00edsico e emocional que sofremos todos os dias? Observe que hoje n\u00e3o somos mais os mesmos que \u00e9ramos h\u00e1 alguns anos. Apesar de nos revigorarmos com a gra\u00e7a do repouso, nosso rosto n\u00e3o esconde as nossas fadigas cotidianas. Ser\u00e1 que este processo faz parte apenas do ciclo natural da nossa exist\u00eancia? Reduzir nossas transforma\u00e7\u00f5es f\u00edsicas somente ao ponto de vista biol\u00f3gico \u00e9 deixar de lado a melhor parte: aquela que todos os dias nos anima a continuar tocando em frente a nossa vida. Esta dimens\u00e3o maior tem a ver tamb\u00e9m com o chamado \u00e0 fraqueza (debilidade) que constitui a voca\u00e7\u00e3o crist\u00e3.<\/p>\n<p>As marcas que a vida imprime em nosso corpo podem ser interpretadas como as moradas de Deus em n\u00f3s. Quando olhamos por esta janela, aquilo que nos parece ser uma perda, na verdade \u00e9 um sinal de que estamos nos transformando em pessoas mais divinizadas e, sobretudo, mais humanas. Um exemplo simples: os cabelos brancos de nossos pais sinalizam apenas a velhice deles? N\u00e3o! Aqueles cabelos brancos carregam toda uma hist\u00f3ria de amor, doa\u00e7\u00e3o, dificuldades, preocupa\u00e7\u00f5es, vit\u00f3rias, decep\u00e7\u00f5es, noites mal dormidas, ternura, cuidado. Tudo investido para que a vida dos filhos desabrochasse. O sentido, nesta perspectiva, se revela nas a\u00e7\u00f5es nobres que fazemos para que os outros tenham realmente a vida. Essa \u00e9 a l\u00f3gica da semente que, para nascer, precisa morrer.<\/p>\n<p>Vejamos o caso de Jesus. As suas chagas, al\u00e9m de identificar o Ressuscitado com o mesmo Jesus hist\u00f3rico, s\u00e3o as marcas indel\u00e9veis que ele carregar\u00e1 para sempre e nos dizem que o mesmo optou por n\u00f3s at\u00e9 o \u00faltimo momento, mas assumindo o estilo da fraqueza, visto que deixou-se ferir por n\u00f3s. Por tr\u00e1s de todo desgaste f\u00edsico precisamos aprender a interpretar o sentido espiritual e \u00e9 isso que enriquece a nossa exist\u00eancia.<\/p>\n<p>Se isso \u00e9 verdade, comece a olhar sua hist\u00f3ria como uma trajet\u00f3ria de dom para os outros. Adquire igual sentido a met\u00e1fora da chama de uma vela: o calor vai consumindo a cera, mas com a miss\u00e3o de iluminar. \u00c9 evidente que, ao longo dos anos, caminhamos para o enfraquecimento. A debilidade, no entanto, n\u00e3o \u00e9 o nosso destino final, mas \u00e9 o salto para a nossa diviniza\u00e7\u00e3o\/humaniza\u00e7\u00e3o. Quando chegarmos a tal ponto seremos plenos de Deus, visto que nos consumamos pelos outros. Nossa hist\u00f3ria se transforma em um verdadeiro holocausto de amor. Lida a partir desta \u00f3tica, a exist\u00eancia h\u00e1 uma \u00fanica voca\u00e7\u00e3o: caminhar em dire\u00e7\u00e3o ao enfraquecimento ou a <em>Kenosis<\/em> (esvaziamento) que n\u00e3o \u00e9 perda, mas nosso encontro com o sentido.<\/p>\n<p>Por outro lado, quando olhamos para a hist\u00f3ria, fala-se sempre de progresso. Baseado neste discurso, criam-se estruturas de explora\u00e7\u00e3o da natureza, intensifica-se o com\u00e9rcio, insiste-se em civiliza\u00e7\u00e3o esclarecida, desenvolvimento da t\u00e9cnica, enfim, um conjunto de fatores s\u00e3o defendidos em nome de um aparente melhoramento do mundo. Mas esse percurso leva em dire\u00e7\u00e3o ao poder que domina. Vai completamente contra a estrada do enfraquecimento da qual falamos. Quando Heidegger deparou-se com a perda de controle da humanidade diante do chamado progresso tecnol\u00f3gico, afirmou: \u201cS\u00f3 um Deus poder\u00e1 nos salvar\u201d. Na verdade, s\u00f3 o estilo de vida d\u00e9bil pode reverter a trag\u00e9dia que criamos com a nossa capacidade de controle e dom\u00ednio. D\u00e9bil aqui quer dizer aten\u00e7\u00e3o com os fracos e descartados. D\u00e9bil come toler\u00e2ncia com os outros, saber esperar, caminhar no passo lento do pr\u00f3ximo, sem o desejo de venc\u00ea-lo, permitindo que seja a caridade que triunfe em tudo. Em outras palavras, s\u00f3 quando come\u00e7armos a trilhar as vias da <em>Kenosis<\/em> ser\u00e1 poss\u00edvel reencontrar a nossa humanidade.<\/p>\n<p>Tal perspectiva de interpreta\u00e7\u00e3o da vida, faz-nos repensar os nossos conceitos religiosos que usamos para proclamar o santo nome de Deus. Por exemplo, o famoso discurso \u201cDeus acima de todos\u201d \u00a0n\u00e3o representa uma imagem de um Deus guerreiro, destruidor e tirano, o qual \u00e9 totalmente diferente daquilo que Jesus revelou atrav\u00e9s da sua <em>Kenosis <\/em>(cf. Fl 5,5)? Por acaso n\u00e3o seria a <em>Kenosis<\/em> a estrada que Deus escolheu para nos ferir com o seu amor? N\u00e3o foi a sua encarna\u00e7\u00e3o a dissolu\u00e7\u00e3o de toda forma de poder desse mundo? Se foi assim que Deus quis revelar-se, ent\u00e3o as marcas da fraqueza que carregamos em n\u00f3s s\u00e3o as \u00fanicas evid\u00eancias de que realmente somos disc\u00edpulos. E \u00e9 justamente a esse Deus que se desgastou por n\u00f3s que queremos segui-Lo at\u00e9 o fim, mesmo quando alguns insistem em manipular a sua mensagem.<\/p>\n<hr \/>\n<p><strong>Pe. Ademir Guedes Azevedo<\/strong>\u00a0<em>\u00e9 mission\u00e1rio passionista e mestrando em teologia fundamental na Pontif\u00edcia Universidade Gregoriana.<\/em><\/p>\n","protected":false},"excerpt":{"rendered":"<p>Artigo de Pe. Ademir Guedes Azevedo, cp<\/p>\n","protected":false},"author":3,"featured_media":187397,"comment_status":"open","ping_status":"open","sticky":false,"template":"","format":"standard","meta":{"footnotes":""},"categories":[26],"tags":[188],"yoast_head":"<!-- This site is optimized with the Yoast SEO plugin v19.4 - https:\/\/yoast.com\/wordpress\/plugins\/seo\/ -->\n<title>A vida nas pegadas da Kenosis - Vida Crist\u00e3 - Franciscanos<\/title>\n<meta name=\"robots\" content=\"index, follow, max-snippet:-1, max-image-preview:large, max-video-preview:-1\" \/>\n<link rel=\"canonical\" href=\"https:\/\/franciscanos.org.br\/vidacrista\/a-vida-nas-pegadas-da-kenosis\/\" \/>\n<meta property=\"og:locale\" content=\"pt_BR\" \/>\n<meta property=\"og:type\" content=\"article\" \/>\n<meta property=\"og:title\" content=\"A vida nas pegadas da Kenosis - Vida Crist\u00e3 - Franciscanos\" \/>\n<meta property=\"og:description\" content=\"Artigo de Pe. Ademir Guedes Azevedo, cp\" \/>\n<meta property=\"og:url\" content=\"https:\/\/franciscanos.org.br\/vidacrista\/a-vida-nas-pegadas-da-kenosis\/\" \/>\n<meta property=\"og:site_name\" content=\"Vida Crist\u00e3 - Franciscanos\" \/>\n<meta property=\"article:published_time\" content=\"2019-03-18T17:17:37+00:00\" \/>\n<meta property=\"article:modified_time\" content=\"2020-08-03T13:45:30+00:00\" \/>\n<meta property=\"og:image\" content=\"https:\/\/franciscanos.org.br\/vidacrista\/wp-content\/uploads\/2019\/03\/artigo_0308_4d.png\" \/>\n\t<meta property=\"og:image:width\" content=\"800\" \/>\n\t<meta property=\"og:image:height\" content=\"601\" \/>\n\t<meta property=\"og:image:type\" content=\"image\/png\" \/>\n<meta name=\"author\" content=\"moacir\" \/>\n<meta name=\"twitter:card\" content=\"summary_large_image\" \/>\n<meta name=\"twitter:label1\" content=\"Escrito por\" \/>\n\t<meta name=\"twitter:data1\" content=\"moacir\" \/>\n\t<meta name=\"twitter:label2\" content=\"Est. tempo de leitura\" \/>\n\t<meta name=\"twitter:data2\" content=\"4 minutos\" \/>\n<script type=\"application\/ld+json\" class=\"yoast-schema-graph\">{\"@context\":\"https:\/\/schema.org\",\"@graph\":[{\"@type\":\"WebSite\",\"@id\":\"https:\/\/franciscanos.org.br\/vidacrista\/#website\",\"url\":\"https:\/\/franciscanos.org.br\/vidacrista\/\",\"name\":\"Vida Crist\u00e3 - Franciscanos\",\"description\":\"Prov\u00edncia Franciscana da Imaculada Concei\u00e7\u00e3o do Brasil - Ordem dos Frades Menores\",\"potentialAction\":[{\"@type\":\"SearchAction\",\"target\":{\"@type\":\"EntryPoint\",\"urlTemplate\":\"https:\/\/franciscanos.org.br\/vidacrista\/?s={search_term_string}\"},\"query-input\":\"required name=search_term_string\"}],\"inLanguage\":\"pt-BR\"},{\"@type\":\"WebPage\",\"@id\":\"https:\/\/franciscanos.org.br\/vidacrista\/a-vida-nas-pegadas-da-kenosis\/\",\"url\":\"https:\/\/franciscanos.org.br\/vidacrista\/a-vida-nas-pegadas-da-kenosis\/\",\"name\":\"A vida nas pegadas da Kenosis - Vida Crist\u00e3 - Franciscanos\",\"isPartOf\":{\"@id\":\"https:\/\/franciscanos.org.br\/vidacrista\/#website\"},\"datePublished\":\"2019-03-18T17:17:37+00:00\",\"dateModified\":\"2020-08-03T13:45:30+00:00\",\"author\":{\"@id\":\"https:\/\/franciscanos.org.br\/vidacrista\/#\/schema\/person\/1880bdd2c350b735648725ef7614736a\"},\"breadcrumb\":{\"@id\":\"https:\/\/franciscanos.org.br\/vidacrista\/a-vida-nas-pegadas-da-kenosis\/#breadcrumb\"},\"inLanguage\":\"pt-BR\",\"potentialAction\":[{\"@type\":\"ReadAction\",\"target\":[\"https:\/\/franciscanos.org.br\/vidacrista\/a-vida-nas-pegadas-da-kenosis\/\"]}]},{\"@type\":\"BreadcrumbList\",\"@id\":\"https:\/\/franciscanos.org.br\/vidacrista\/a-vida-nas-pegadas-da-kenosis\/#breadcrumb\",\"itemListElement\":[{\"@type\":\"ListItem\",\"position\":1,\"name\":\"Home\",\"item\":\"https:\/\/franciscanos.org.br\/vidacrista\/\"},{\"@type\":\"ListItem\",\"position\":2,\"name\":\"A vida nas pegadas da Kenosis\"}]},{\"@type\":\"Person\",\"@id\":\"https:\/\/franciscanos.org.br\/vidacrista\/#\/schema\/person\/1880bdd2c350b735648725ef7614736a\",\"name\":\"moacir\",\"image\":{\"@type\":\"ImageObject\",\"inLanguage\":\"pt-BR\",\"@id\":\"https:\/\/franciscanos.org.br\/vidacrista\/#\/schema\/person\/image\/\",\"url\":\"https:\/\/secure.gravatar.com\/avatar\/d08aa2ce4c8dd416d4479aa8536fcf64?s=96&d=mm&r=g\",\"contentUrl\":\"https:\/\/secure.gravatar.com\/avatar\/d08aa2ce4c8dd416d4479aa8536fcf64?s=96&d=mm&r=g\",\"caption\":\"moacir\"},\"url\":\"https:\/\/franciscanos.org.br\/vidacrista\/author\/moacir\/\"}]}<\/script>\n<!-- \/ Yoast SEO plugin. -->","yoast_head_json":{"title":"A vida nas pegadas da Kenosis - Vida Crist\u00e3 - Franciscanos","robots":{"index":"index","follow":"follow","max-snippet":"max-snippet:-1","max-image-preview":"max-image-preview:large","max-video-preview":"max-video-preview:-1"},"canonical":"https:\/\/franciscanos.org.br\/vidacrista\/a-vida-nas-pegadas-da-kenosis\/","og_locale":"pt_BR","og_type":"article","og_title":"A vida nas pegadas da Kenosis - Vida Crist\u00e3 - Franciscanos","og_description":"Artigo de Pe. Ademir Guedes Azevedo, cp","og_url":"https:\/\/franciscanos.org.br\/vidacrista\/a-vida-nas-pegadas-da-kenosis\/","og_site_name":"Vida Crist\u00e3 - Franciscanos","article_published_time":"2019-03-18T17:17:37+00:00","article_modified_time":"2020-08-03T13:45:30+00:00","og_image":[{"width":800,"height":601,"url":"https:\/\/franciscanos.org.br\/vidacrista\/wp-content\/uploads\/2019\/03\/artigo_0308_4d.png","type":"image\/png"}],"author":"moacir","twitter_card":"summary_large_image","twitter_misc":{"Escrito por":"moacir","Est. tempo de leitura":"4 minutos"},"schema":{"@context":"https:\/\/schema.org","@graph":[{"@type":"WebSite","@id":"https:\/\/franciscanos.org.br\/vidacrista\/#website","url":"https:\/\/franciscanos.org.br\/vidacrista\/","name":"Vida Crist\u00e3 - Franciscanos","description":"Prov\u00edncia Franciscana da Imaculada Concei\u00e7\u00e3o do Brasil - Ordem dos Frades Menores","potentialAction":[{"@type":"SearchAction","target":{"@type":"EntryPoint","urlTemplate":"https:\/\/franciscanos.org.br\/vidacrista\/?s={search_term_string}"},"query-input":"required name=search_term_string"}],"inLanguage":"pt-BR"},{"@type":"WebPage","@id":"https:\/\/franciscanos.org.br\/vidacrista\/a-vida-nas-pegadas-da-kenosis\/","url":"https:\/\/franciscanos.org.br\/vidacrista\/a-vida-nas-pegadas-da-kenosis\/","name":"A vida nas pegadas da Kenosis - Vida Crist\u00e3 - Franciscanos","isPartOf":{"@id":"https:\/\/franciscanos.org.br\/vidacrista\/#website"},"datePublished":"2019-03-18T17:17:37+00:00","dateModified":"2020-08-03T13:45:30+00:00","author":{"@id":"https:\/\/franciscanos.org.br\/vidacrista\/#\/schema\/person\/1880bdd2c350b735648725ef7614736a"},"breadcrumb":{"@id":"https:\/\/franciscanos.org.br\/vidacrista\/a-vida-nas-pegadas-da-kenosis\/#breadcrumb"},"inLanguage":"pt-BR","potentialAction":[{"@type":"ReadAction","target":["https:\/\/franciscanos.org.br\/vidacrista\/a-vida-nas-pegadas-da-kenosis\/"]}]},{"@type":"BreadcrumbList","@id":"https:\/\/franciscanos.org.br\/vidacrista\/a-vida-nas-pegadas-da-kenosis\/#breadcrumb","itemListElement":[{"@type":"ListItem","position":1,"name":"Home","item":"https:\/\/franciscanos.org.br\/vidacrista\/"},{"@type":"ListItem","position":2,"name":"A vida nas pegadas da Kenosis"}]},{"@type":"Person","@id":"https:\/\/franciscanos.org.br\/vidacrista\/#\/schema\/person\/1880bdd2c350b735648725ef7614736a","name":"moacir","image":{"@type":"ImageObject","inLanguage":"pt-BR","@id":"https:\/\/franciscanos.org.br\/vidacrista\/#\/schema\/person\/image\/","url":"https:\/\/secure.gravatar.com\/avatar\/d08aa2ce4c8dd416d4479aa8536fcf64?s=96&d=mm&r=g","contentUrl":"https:\/\/secure.gravatar.com\/avatar\/d08aa2ce4c8dd416d4479aa8536fcf64?s=96&d=mm&r=g","caption":"moacir"},"url":"https:\/\/franciscanos.org.br\/vidacrista\/author\/moacir\/"}]}},"_links":{"self":[{"href":"https:\/\/franciscanos.org.br\/vidacrista\/wp-json\/wp\/v2\/posts\/178582"}],"collection":[{"href":"https:\/\/franciscanos.org.br\/vidacrista\/wp-json\/wp\/v2\/posts"}],"about":[{"href":"https:\/\/franciscanos.org.br\/vidacrista\/wp-json\/wp\/v2\/types\/post"}],"author":[{"embeddable":true,"href":"https:\/\/franciscanos.org.br\/vidacrista\/wp-json\/wp\/v2\/users\/3"}],"replies":[{"embeddable":true,"href":"https:\/\/franciscanos.org.br\/vidacrista\/wp-json\/wp\/v2\/comments?post=178582"}],"version-history":[{"count":4,"href":"https:\/\/franciscanos.org.br\/vidacrista\/wp-json\/wp\/v2\/posts\/178582\/revisions"}],"predecessor-version":[{"id":187398,"href":"https:\/\/franciscanos.org.br\/vidacrista\/wp-json\/wp\/v2\/posts\/178582\/revisions\/187398"}],"wp:featuredmedia":[{"embeddable":true,"href":"https:\/\/franciscanos.org.br\/vidacrista\/wp-json\/wp\/v2\/media\/187397"}],"wp:attachment":[{"href":"https:\/\/franciscanos.org.br\/vidacrista\/wp-json\/wp\/v2\/media?parent=178582"}],"wp:term":[{"taxonomy":"category","embeddable":true,"href":"https:\/\/franciscanos.org.br\/vidacrista\/wp-json\/wp\/v2\/categories?post=178582"},{"taxonomy":"post_tag","embeddable":true,"href":"https:\/\/franciscanos.org.br\/vidacrista\/wp-json\/wp\/v2\/tags?post=178582"}],"curies":[{"name":"wp","href":"https:\/\/api.w.org\/{rel}","templated":true}]}}