{"id":178541,"date":"2019-03-13T08:01:52","date_gmt":"2019-03-13T11:01:52","guid":{"rendered":"https:\/\/franciscanos.org.br\/vidacrista\/?p=178541"},"modified":"2020-08-03T11:03:07","modified_gmt":"2020-08-03T14:03:07","slug":"por-que-questionar-e-perigoso","status":"publish","type":"post","link":"https:\/\/franciscanos.org.br\/vidacrista\/por-que-questionar-e-perigoso\/","title":{"rendered":"Por que questionar \u00e9 perigoso?"},"content":{"rendered":"<div id=\"attachment_187399\" style=\"width: 850px\" class=\"wp-caption alignnone\"><img aria-describedby=\"caption-attachment-187399\" decoding=\"async\" loading=\"lazy\" class=\"wp-image-187399 size-full\" src=\"https:\/\/franciscanos.org.br\/vidacrista\/wp-content\/uploads\/2019\/03\/artigo_0308_5.png\" alt=\"\" width=\"840\" height=\"451\" srcset=\"https:\/\/franciscanos.org.br\/vidacrista\/wp-content\/uploads\/2019\/03\/artigo_0308_5.png 840w, https:\/\/franciscanos.org.br\/vidacrista\/wp-content\/uploads\/2019\/03\/artigo_0308_5-450x242.png 450w, https:\/\/franciscanos.org.br\/vidacrista\/wp-content\/uploads\/2019\/03\/artigo_0308_5-768x412.png 768w, https:\/\/franciscanos.org.br\/vidacrista\/wp-content\/uploads\/2019\/03\/artigo_0308_5-150x81.png 150w\" sizes=\"(max-width: 840px) 100vw, 840px\" \/><p id=\"caption-attachment-187399\" class=\"wp-caption-text\">\u00a0 \u00a0 \u00a0 \u00a0 \u00a0 \u00a0 \u00a0 \u00a0 \u00a0 \u00a0 \u00a0 \u00a0 \u00a0 \u00a0 \u00a0 \u00a0 \u00a0 \u00a0 \u00a0 \u00a0 \u00a0 \u00a0 \u00a0 \u00a0 \u00a0 \u00a0 \u00a0 \u00a0 \u00a0 \u00a0 \u00a0 \u00a0 \u00a0 \u00a0 \u00a0 \u00a0 \u00a0 \u00a0 \u00a0 \u00a0 \u00a0 \u00a0 \u00a0 \u00a0 \u00a0 \u00a0 \u00a0 \u00a0 \u00a0 \u00a0 \u00a0 \u00a0 \u00a0 \u00a0 \u00a0 \u00a0 \u00a0 \u00a0 <em>\u00a0 \u00a0 \u00a0 Imagem ilustrativa (fonte: Canva)<\/em><\/p><\/div>\n<p>&nbsp;<\/p>\n<p><strong>Pe. Ademir Guedes Azevedo, cp<\/strong><\/p>\n<p>Todos n\u00f3s procuramos um sentido para viver com profundidade. Se desistimos de busc\u00e1-lo, tudo torna-se banal e sup\u00e9rfluo, pois deixamos de acreditar em n\u00f3s mesmos e na vida como mist\u00e9rio que se deve mergulhar. A chave que nos abre o sentido \u00e9 a capacidade de questionar. Quando crian\u00e7as, pergunt\u00e1vamos aos nossos pais sobre as coisas elementares. Libertarmo-nos da imita\u00e7\u00e3o dos outros &#8211; que muitas vezes \u00e9 c\u00f4moda &#8211; quando tomamos consci\u00eancia de que podemos caminhar com autonomia, gra\u00e7as ao ato de questionar. Kant dir\u00e1 que o sujeito \u00e9 aut\u00f4nomo (esclarecido) quando deixa de ser dominado pelos outros e come\u00e7a a caminhar por si mesmo \u00e0 medida que faz uso do seu pr\u00f3prio entendimento.<\/p>\n<p>O grande educador Paulo Freire propunha uma pedagogia da liberta\u00e7\u00e3o. Ao longo da nossa hist\u00f3ria corremos o risco de acumular opressores dentro de n\u00f3s, os quais podem nos reduzir a um estado de submiss\u00e3o. Estes diabinhos se instalam, por exemplo, quando os detentores do poder nos pretendem convencer de que \u00e9 normal a condi\u00e7\u00e3o de inferioridade social vivida por muitos. Podem tamb\u00e9m ser os discursos de preconceito que envolvem g\u00eanero, cor, religi\u00e3o, na\u00e7\u00e3o etc. Freire nos prop\u00f5e que esta pedagogia opressora, baseada na a\u00e7\u00e3o de depositar conhecimentos, seja substitu\u00edda por um processo de constru\u00e7\u00e3o comum do saber. E com certeza n\u00f3s seremos capazes de vomitar os opressores que deixamos crescer dentro de n\u00f3s s\u00f3 atrav\u00e9s da arte de questionar as v\u00e1rias situa\u00e7\u00f5es que nos pretendem reduzir ao nada.<\/p>\n<p>O minist\u00e9rio de Jesus de Nazar\u00e9 constitui um ex\u00edmio projeto de liberta\u00e7\u00e3o pautado no ato de questionar. A sua singularidade abria um futuro de vida e de esperan\u00e7a para todos os que foram feitos v\u00edtimas. Como grande questionador, podemos afirmar que o desejo mais profundo de Jesus era que todo homem fosse transformado em sujeito aut\u00f4nomo diante de Deus. Compartilhando o drama das v\u00edtimas, no alto da cruz ao questionar o Pai (por que me abandonaste?), Jesus reivindica para si e para toda a humanidade a liberta\u00e7\u00e3o plena, ou seja, a gra\u00e7a de passar da condi\u00e7\u00e3o de v\u00edtima para aquela de sujeito.<\/p>\n<p>Questionar \u00e9 realmente um ato de grande perigo. Em Burkina Faso (16.02.2019), foi assassinado o mission\u00e1rio salesiano de 72 anos, Pe. Antonio C\u00e9sar Fern\u00e1ndez, por um grupo de extremistas. Tento explicar aqui a vers\u00e3o que um membro de sua congrega\u00e7\u00e3o contou-me nestes \u00faltimos dias. A um certo momento, os extremistas param v\u00e1rios carros e, para propagar\u00a0 terror e medo, pedem que as pessoas saiam e se ponham em fila. Os carros s\u00e3o todos queimados. At\u00e9 o momento todos ainda est\u00e3o vivos. Mas Pe. C\u00e9sar dirige aos extremistas uma pergunta: <em>Por que voc\u00eas est\u00e3o fazendo isso?<\/em> A ousadia de questionar custou ao mission\u00e1rio o pre\u00e7o da sua vida: Pe. C\u00e9sar foi separado dos outros dois irm\u00e3os salesianos, que o acompanhavam na viagem, e crivado de balas pelos terroristas que depois fugiram.<\/p>\n<p>O questionar \u00e9 ainda mais perigoso quando o fazemos a n\u00f3s mesmos. Quem sou eu? Que sentido dou a minha vida? Estas s\u00e3o algumas das perguntas que podem nos incomodar. O caminho da maturidade convida a cultivar a dif\u00edcil tarefa de deixar cair as nossas m\u00e1scaras diante das nossas pr\u00f3prias perguntas. Quando falamos de perigo queremos dizer que \u00e9 necess\u00e1rio morrer para um estilo de vida sup\u00e9rfluo e nascer para a verdade &#8211; sermos todos sujeitos diante de Deus &#8211; e isso s\u00f3 conseguimos quando tiramos nossas pr\u00f3prias m\u00e1scaras que nos impedem de sermos livres.<\/p>\n<hr \/>\n<p><strong>Pe. Ademir Guedes Azevedo<\/strong>\u00a0<em>\u00e9 mission\u00e1rio passionista e mestrando em teologia fundamental na Pontif\u00edcia Universidade Gregoriana.<\/em><\/p>\n","protected":false},"excerpt":{"rendered":"<p>Artigo do Pe. Ademir Guedes Azevedo, cp<\/p>\n","protected":false},"author":3,"featured_media":187401,"comment_status":"open","ping_status":"open","sticky":false,"template":"","format":"standard","meta":{"footnotes":""},"categories":[26],"tags":[188],"yoast_head":"<!-- This site is optimized with the Yoast SEO plugin v19.4 - https:\/\/yoast.com\/wordpress\/plugins\/seo\/ -->\n<title>Por que questionar \u00e9 perigoso? - Vida Crist\u00e3 - Franciscanos<\/title>\n<meta name=\"robots\" content=\"index, follow, max-snippet:-1, max-image-preview:large, max-video-preview:-1\" \/>\n<link rel=\"canonical\" href=\"https:\/\/franciscanos.org.br\/vidacrista\/por-que-questionar-e-perigoso\/\" \/>\n<meta property=\"og:locale\" content=\"pt_BR\" \/>\n<meta property=\"og:type\" content=\"article\" \/>\n<meta property=\"og:title\" content=\"Por que questionar \u00e9 perigoso? - Vida Crist\u00e3 - Franciscanos\" \/>\n<meta property=\"og:description\" content=\"Artigo do Pe. Ademir Guedes Azevedo, cp\" \/>\n<meta property=\"og:url\" content=\"https:\/\/franciscanos.org.br\/vidacrista\/por-que-questionar-e-perigoso\/\" \/>\n<meta property=\"og:site_name\" content=\"Vida Crist\u00e3 - Franciscanos\" \/>\n<meta property=\"article:published_time\" content=\"2019-03-13T11:01:52+00:00\" \/>\n<meta property=\"article:modified_time\" content=\"2020-08-03T14:03:07+00:00\" \/>\n<meta property=\"og:image\" content=\"https:\/\/franciscanos.org.br\/vidacrista\/wp-content\/uploads\/2019\/03\/artigo_0308_5d.png\" \/>\n\t<meta property=\"og:image:width\" content=\"800\" \/>\n\t<meta property=\"og:image:height\" content=\"601\" \/>\n\t<meta property=\"og:image:type\" content=\"image\/png\" \/>\n<meta name=\"author\" content=\"moacir\" \/>\n<meta name=\"twitter:card\" content=\"summary_large_image\" \/>\n<meta name=\"twitter:label1\" content=\"Escrito por\" \/>\n\t<meta name=\"twitter:data1\" content=\"moacir\" \/>\n\t<meta name=\"twitter:label2\" content=\"Est. tempo de leitura\" \/>\n\t<meta name=\"twitter:data2\" content=\"3 minutos\" \/>\n<script type=\"application\/ld+json\" class=\"yoast-schema-graph\">{\"@context\":\"https:\/\/schema.org\",\"@graph\":[{\"@type\":\"WebSite\",\"@id\":\"https:\/\/franciscanos.org.br\/vidacrista\/#website\",\"url\":\"https:\/\/franciscanos.org.br\/vidacrista\/\",\"name\":\"Vida Crist\u00e3 - Franciscanos\",\"description\":\"Prov\u00edncia Franciscana da Imaculada Concei\u00e7\u00e3o do Brasil - Ordem dos Frades Menores\",\"potentialAction\":[{\"@type\":\"SearchAction\",\"target\":{\"@type\":\"EntryPoint\",\"urlTemplate\":\"https:\/\/franciscanos.org.br\/vidacrista\/?s={search_term_string}\"},\"query-input\":\"required name=search_term_string\"}],\"inLanguage\":\"pt-BR\"},{\"@type\":\"WebPage\",\"@id\":\"https:\/\/franciscanos.org.br\/vidacrista\/por-que-questionar-e-perigoso\/\",\"url\":\"https:\/\/franciscanos.org.br\/vidacrista\/por-que-questionar-e-perigoso\/\",\"name\":\"Por que questionar \u00e9 perigoso? - Vida Crist\u00e3 - Franciscanos\",\"isPartOf\":{\"@id\":\"https:\/\/franciscanos.org.br\/vidacrista\/#website\"},\"datePublished\":\"2019-03-13T11:01:52+00:00\",\"dateModified\":\"2020-08-03T14:03:07+00:00\",\"author\":{\"@id\":\"https:\/\/franciscanos.org.br\/vidacrista\/#\/schema\/person\/1880bdd2c350b735648725ef7614736a\"},\"breadcrumb\":{\"@id\":\"https:\/\/franciscanos.org.br\/vidacrista\/por-que-questionar-e-perigoso\/#breadcrumb\"},\"inLanguage\":\"pt-BR\",\"potentialAction\":[{\"@type\":\"ReadAction\",\"target\":[\"https:\/\/franciscanos.org.br\/vidacrista\/por-que-questionar-e-perigoso\/\"]}]},{\"@type\":\"BreadcrumbList\",\"@id\":\"https:\/\/franciscanos.org.br\/vidacrista\/por-que-questionar-e-perigoso\/#breadcrumb\",\"itemListElement\":[{\"@type\":\"ListItem\",\"position\":1,\"name\":\"Home\",\"item\":\"https:\/\/franciscanos.org.br\/vidacrista\/\"},{\"@type\":\"ListItem\",\"position\":2,\"name\":\"Por que questionar \u00e9 perigoso?\"}]},{\"@type\":\"Person\",\"@id\":\"https:\/\/franciscanos.org.br\/vidacrista\/#\/schema\/person\/1880bdd2c350b735648725ef7614736a\",\"name\":\"moacir\",\"image\":{\"@type\":\"ImageObject\",\"inLanguage\":\"pt-BR\",\"@id\":\"https:\/\/franciscanos.org.br\/vidacrista\/#\/schema\/person\/image\/\",\"url\":\"https:\/\/secure.gravatar.com\/avatar\/d08aa2ce4c8dd416d4479aa8536fcf64?s=96&d=mm&r=g\",\"contentUrl\":\"https:\/\/secure.gravatar.com\/avatar\/d08aa2ce4c8dd416d4479aa8536fcf64?s=96&d=mm&r=g\",\"caption\":\"moacir\"},\"url\":\"https:\/\/franciscanos.org.br\/vidacrista\/author\/moacir\/\"}]}<\/script>\n<!-- \/ Yoast SEO plugin. -->","yoast_head_json":{"title":"Por que questionar \u00e9 perigoso? - Vida Crist\u00e3 - Franciscanos","robots":{"index":"index","follow":"follow","max-snippet":"max-snippet:-1","max-image-preview":"max-image-preview:large","max-video-preview":"max-video-preview:-1"},"canonical":"https:\/\/franciscanos.org.br\/vidacrista\/por-que-questionar-e-perigoso\/","og_locale":"pt_BR","og_type":"article","og_title":"Por que questionar \u00e9 perigoso? - Vida Crist\u00e3 - Franciscanos","og_description":"Artigo do Pe. Ademir Guedes Azevedo, cp","og_url":"https:\/\/franciscanos.org.br\/vidacrista\/por-que-questionar-e-perigoso\/","og_site_name":"Vida Crist\u00e3 - Franciscanos","article_published_time":"2019-03-13T11:01:52+00:00","article_modified_time":"2020-08-03T14:03:07+00:00","og_image":[{"width":800,"height":601,"url":"https:\/\/franciscanos.org.br\/vidacrista\/wp-content\/uploads\/2019\/03\/artigo_0308_5d.png","type":"image\/png"}],"author":"moacir","twitter_card":"summary_large_image","twitter_misc":{"Escrito por":"moacir","Est. tempo de leitura":"3 minutos"},"schema":{"@context":"https:\/\/schema.org","@graph":[{"@type":"WebSite","@id":"https:\/\/franciscanos.org.br\/vidacrista\/#website","url":"https:\/\/franciscanos.org.br\/vidacrista\/","name":"Vida Crist\u00e3 - Franciscanos","description":"Prov\u00edncia Franciscana da Imaculada Concei\u00e7\u00e3o do Brasil - Ordem dos Frades Menores","potentialAction":[{"@type":"SearchAction","target":{"@type":"EntryPoint","urlTemplate":"https:\/\/franciscanos.org.br\/vidacrista\/?s={search_term_string}"},"query-input":"required name=search_term_string"}],"inLanguage":"pt-BR"},{"@type":"WebPage","@id":"https:\/\/franciscanos.org.br\/vidacrista\/por-que-questionar-e-perigoso\/","url":"https:\/\/franciscanos.org.br\/vidacrista\/por-que-questionar-e-perigoso\/","name":"Por que questionar \u00e9 perigoso? - Vida Crist\u00e3 - Franciscanos","isPartOf":{"@id":"https:\/\/franciscanos.org.br\/vidacrista\/#website"},"datePublished":"2019-03-13T11:01:52+00:00","dateModified":"2020-08-03T14:03:07+00:00","author":{"@id":"https:\/\/franciscanos.org.br\/vidacrista\/#\/schema\/person\/1880bdd2c350b735648725ef7614736a"},"breadcrumb":{"@id":"https:\/\/franciscanos.org.br\/vidacrista\/por-que-questionar-e-perigoso\/#breadcrumb"},"inLanguage":"pt-BR","potentialAction":[{"@type":"ReadAction","target":["https:\/\/franciscanos.org.br\/vidacrista\/por-que-questionar-e-perigoso\/"]}]},{"@type":"BreadcrumbList","@id":"https:\/\/franciscanos.org.br\/vidacrista\/por-que-questionar-e-perigoso\/#breadcrumb","itemListElement":[{"@type":"ListItem","position":1,"name":"Home","item":"https:\/\/franciscanos.org.br\/vidacrista\/"},{"@type":"ListItem","position":2,"name":"Por que questionar \u00e9 perigoso?"}]},{"@type":"Person","@id":"https:\/\/franciscanos.org.br\/vidacrista\/#\/schema\/person\/1880bdd2c350b735648725ef7614736a","name":"moacir","image":{"@type":"ImageObject","inLanguage":"pt-BR","@id":"https:\/\/franciscanos.org.br\/vidacrista\/#\/schema\/person\/image\/","url":"https:\/\/secure.gravatar.com\/avatar\/d08aa2ce4c8dd416d4479aa8536fcf64?s=96&d=mm&r=g","contentUrl":"https:\/\/secure.gravatar.com\/avatar\/d08aa2ce4c8dd416d4479aa8536fcf64?s=96&d=mm&r=g","caption":"moacir"},"url":"https:\/\/franciscanos.org.br\/vidacrista\/author\/moacir\/"}]}},"_links":{"self":[{"href":"https:\/\/franciscanos.org.br\/vidacrista\/wp-json\/wp\/v2\/posts\/178541"}],"collection":[{"href":"https:\/\/franciscanos.org.br\/vidacrista\/wp-json\/wp\/v2\/posts"}],"about":[{"href":"https:\/\/franciscanos.org.br\/vidacrista\/wp-json\/wp\/v2\/types\/post"}],"author":[{"embeddable":true,"href":"https:\/\/franciscanos.org.br\/vidacrista\/wp-json\/wp\/v2\/users\/3"}],"replies":[{"embeddable":true,"href":"https:\/\/franciscanos.org.br\/vidacrista\/wp-json\/wp\/v2\/comments?post=178541"}],"version-history":[{"count":5,"href":"https:\/\/franciscanos.org.br\/vidacrista\/wp-json\/wp\/v2\/posts\/178541\/revisions"}],"predecessor-version":[{"id":187402,"href":"https:\/\/franciscanos.org.br\/vidacrista\/wp-json\/wp\/v2\/posts\/178541\/revisions\/187402"}],"wp:featuredmedia":[{"embeddable":true,"href":"https:\/\/franciscanos.org.br\/vidacrista\/wp-json\/wp\/v2\/media\/187401"}],"wp:attachment":[{"href":"https:\/\/franciscanos.org.br\/vidacrista\/wp-json\/wp\/v2\/media?parent=178541"}],"wp:term":[{"taxonomy":"category","embeddable":true,"href":"https:\/\/franciscanos.org.br\/vidacrista\/wp-json\/wp\/v2\/categories?post=178541"},{"taxonomy":"post_tag","embeddable":true,"href":"https:\/\/franciscanos.org.br\/vidacrista\/wp-json\/wp\/v2\/tags?post=178541"}],"curies":[{"name":"wp","href":"https:\/\/api.w.org\/{rel}","templated":true}]}}