{"id":178398,"date":"2019-03-07T09:39:28","date_gmt":"2019-03-07T12:39:28","guid":{"rendered":"https:\/\/franciscanos.org.br\/vidacrista\/?p=178398"},"modified":"2020-08-03T11:21:31","modified_gmt":"2020-08-03T14:21:31","slug":"libertacao-mistica-nossa-conversao","status":"publish","type":"post","link":"https:\/\/franciscanos.org.br\/vidacrista\/libertacao-mistica-nossa-conversao\/","title":{"rendered":"Liberta\u00e7\u00e3o m\u00edstica, nossa convers\u00e3o"},"content":{"rendered":"<div id=\"attachment_187037\" style=\"width: 850px\" class=\"wp-caption alignnone\"><img aria-describedby=\"caption-attachment-187037\" decoding=\"async\" loading=\"lazy\" class=\"wp-image-187037 size-full\" src=\"https:\/\/franciscanos.org.br\/vidacrista\/wp-content\/uploads\/2019\/03\/artigo_2707_9.png\" alt=\"\" width=\"840\" height=\"450\" srcset=\"https:\/\/franciscanos.org.br\/vidacrista\/wp-content\/uploads\/2019\/03\/artigo_2707_9.png 840w, https:\/\/franciscanos.org.br\/vidacrista\/wp-content\/uploads\/2019\/03\/artigo_2707_9-450x241.png 450w, https:\/\/franciscanos.org.br\/vidacrista\/wp-content\/uploads\/2019\/03\/artigo_2707_9-768x411.png 768w, https:\/\/franciscanos.org.br\/vidacrista\/wp-content\/uploads\/2019\/03\/artigo_2707_9-150x80.png 150w\" sizes=\"(max-width: 840px) 100vw, 840px\" \/><p id=\"caption-attachment-187037\" class=\"wp-caption-text\"><em>\u00a0 \u00a0 \u00a0 \u00a0 \u00a0 \u00a0 \u00a0 \u00a0 \u00a0 \u00a0 \u00a0 \u00a0 \u00a0 \u00a0 \u00a0 \u00a0 \u00a0 \u00a0 \u00a0 \u00a0 \u00a0 \u00a0 \u00a0 \u00a0 \u00a0 \u00a0 \u00a0 \u00a0 \u00a0 \u00a0 \u00a0 \u00a0 \u00a0 \u00a0 \u00a0 \u00a0 \u00a0 \u00a0 \u00a0 \u00a0 \u00a0 \u00a0 \u00a0 \u00a0 \u00a0 \u00a0 \u00a0 \u00a0 \u00a0 \u00a0 \u00a0 \u00a0 \u00a0 \u00a0 \u00a0 \u00a0 \u00a0 \u00a0 \u00a0 \u00a0 \u00a0 \u00a0 \u00a0 \u00a0 \u00a0 \u00a0 \u00a0 Imagem ilustrativa (fonte: Canva)<\/em><\/p><\/div>\n<p><strong>Pe. Ademir Guedes Azevedo, cp<\/strong><\/p>\n<p>Estamos numa era da imagem. Nossos momentos de conviv\u00eancia se transformam rapidamente em oportunidades para alimentar as plataformas virtuais. Aquelas ocasi\u00f5es intensas de encontros para debates sobre determinados assuntos caminham para uma nova configura\u00e7\u00e3o. Tento explicar: A tradi\u00e7\u00e3o ocidental tem a filosofia grega como um de seus pilares de sustenta\u00e7\u00e3o. A democracia, a \u00e9tica, as artes, a m\u00fasica, a gin\u00e1stica, a ret\u00f3rica s\u00e3o algumas das heran\u00e7as dos grandes fil\u00f3sofos antigos. Um dos costumes deles era reunir-se para banquetes (t\u00edtulo de um di\u00e1logo de Plat\u00e3o), nos quais vinham discutidos temas de interesse comum. Cada um tinha a oportunidade de falar e todos prestavam a m\u00e1xima aten\u00e7\u00e3o sobre o que era debatido. Depois de cada convidado ser ouvido atentamente pelos demais, surgiam intui\u00e7\u00f5es e rumos iluminadores.<\/p>\n<p>Por outro lado, precisamos reconhecer a din\u00e2mica evolutiva da pr\u00f3pria hist\u00f3ria de nossa cultura. Essa capacidade de concentra\u00e7\u00e3o e contempla\u00e7\u00e3o, t\u00e3o apreciada pelos antigos, sofre uma crise substancial. Walter Benjamin atribui ao nascimento do cinema e das novas t\u00e9cnicas de reprodu\u00e7\u00e3o da arte, o surgimento da chamada <em>percep\u00e7\u00e3o distra\u00edda<\/em>. Se antes toda a nossa aten\u00e7\u00e3o se concentrava na realiza\u00e7\u00e3o de uma \u00fanica atividade, hoje sobretudo com as novas m\u00eddias, o indiv\u00edduo passeia com o seu olhar sobre v\u00e1rias imagens ao mesmo tempo. A nova gera\u00e7\u00e3o digital sente enorme fadiga para aprofundar um determinado assunto devido \u00e0 falta de concentra\u00e7\u00e3o. \u00c9 claro que nem todos admitem este fen\u00f4meno e alguns dizem que se sentem bem fazendo v\u00e1rias coisas ao mesmo tempo.<\/p>\n<p>Contudo, esta passagem da concentra\u00e7\u00e3o \u00e0 percep\u00e7\u00e3o distra\u00edda, trouxe algumas consequ\u00eancias n\u00e3o t\u00e3o boas. Al\u00e9m da depress\u00e3o, tem-se tamb\u00e9m a ansiedade. N\u00e3o conseguimos dar-nos conta do que acontece no presente. Transportamos nossa exist\u00eancia para um espa\u00e7o e tempo que ainda n\u00e3o existem. O famoso <em>hic et nunc<\/em> (aqui e agora) entra em crise. A situa\u00e7\u00e3o se agravou com o estilo de vida baseado na l\u00f3gica de consumo. Surgem tantas preocupa\u00e7\u00f5es que perdemos de vista o essencial, ou seja, deixamos cair no esquecimento aquele estilo de vida proposto pelo pr\u00f3prio Jesus: \u201cOlhai para os l\u00edrios do campo, como eles crescem; n\u00e3o trabalham nem fiam; E eu vos digo que nem mesmo Salom\u00e3o, em toda a sua gl\u00f3ria, se vestiu como um deles\u201d (Mt 6, 28-29).<\/p>\n<p>Nos primeiros s\u00e9culos do cristianismo falava-se muito de fugir do barulho para ir ao deserto escutar Deus no sil\u00eancio. Todavia, \u00e9 poss\u00edvel hoje, apesar das grandes mudan\u00e7as, cultivar uma vida interior, sem ter que fugir ao deserto. Tal possibilidade \u00e9 ilustrada por Jos\u00e9 Tolentino Mendon\u00e7a por meio daquilo que ele chama de <em>m\u00edstica do instante<\/em>. Tudo tem a ver com um caminho de f\u00e9 que somos convidados a fazer. A m\u00edstica do instante n\u00e3o se faz em um instante, mas se experimenta em um instante. O cotidiano \u00e9 a sua plataforma de experimenta\u00e7\u00e3o. Quando falamos deste tipo de m\u00edstica n\u00e3o jogamos com a cl\u00e1ssica separa\u00e7\u00e3o entre o sagrado e o profano, mas buscamos integrar o nosso ser com os momentos que formam o ritmo da nossa vida. Para o autor da m\u00edstica do instante, os nossos sentidos s\u00e3o vias de acesso polif\u00f4nicas ao Transcendente. Todos os nossos sentidos levam a Deus, desde que os eduquemos para tal. Esta tarefa pode ser \u00e1rdua, mas exprime nossa capacidade de abertura para o mist\u00e9rio de amor que somos convidados a acolher.<\/p>\n<p>A nossa percep\u00e7\u00e3o distra\u00edda pelos v\u00e1rios afazeres do cotidiano que nos agitam interiormente, diante da m\u00edstica do instante, se recolhe e reconhece que a nossa agita\u00e7\u00e3o na verdade representa a nossa sede de sentido. Dar-se conta disso significa atribuir um valor qualitativo espiritual ao que estamos fazendo. E \u00e9 esta descoberta que nos sintoniza com Deus.<\/p>\n<p>Falar de convers\u00e3o atrav\u00e9s da m\u00edstica pode parecer algo estranho hoje. Mas n\u00e3o \u00e9 banal. Trata-se de prestar aten\u00e7\u00e3o ao mist\u00e9rio que nos envolve e que nos faz livres em rela\u00e7\u00e3o a todo o aparato artificial de coisas e de circunst\u00e2ncias que pretendem nos aprisionar. O aqui e agora (<em>hic et nunc<\/em>) de nossa vida adquire um significado totalmente novo, quando relacionado com a m\u00edstica do instante: descobrimos que somos seres para os outros (pr\u00f3-exist\u00eancia), ou seja, um caminho de convers\u00e3o que jamais pode ser feito por um simples orgulho do nosso ego (como se f\u00f4ssemos melhores que os outros), pelo contr\u00e1rio, nossa exist\u00eancia desabrocha em profundo s\u00f3 quando a direcionamos para os outros. Quem sabe pode ser essa m\u00edstica do instante que teremos que descobrir nesta Quaresma.<\/p>\n<hr \/>\n<p><strong>Pe. Ademir Guedes Azevedo<\/strong>\u00a0<em>\u00e9 mission\u00e1rio passionista e mestrando em teologia fundamental na Pontif\u00edcia Universidade Gregoriana.<\/em><\/p>\n","protected":false},"excerpt":{"rendered":"<p>Artigo de Pe. Ademir Guedes Azevedo, cp<\/p>\n","protected":false},"author":3,"featured_media":187038,"comment_status":"open","ping_status":"open","sticky":false,"template":"","format":"standard","meta":{"footnotes":""},"categories":[26],"tags":[188],"yoast_head":"<!-- This site is optimized with the Yoast SEO plugin v19.4 - https:\/\/yoast.com\/wordpress\/plugins\/seo\/ -->\n<title>Liberta\u00e7\u00e3o m\u00edstica, nossa convers\u00e3o - Vida Crist\u00e3 - Franciscanos<\/title>\n<meta name=\"robots\" content=\"index, follow, max-snippet:-1, max-image-preview:large, max-video-preview:-1\" \/>\n<link rel=\"canonical\" href=\"https:\/\/franciscanos.org.br\/vidacrista\/libertacao-mistica-nossa-conversao\/\" \/>\n<meta property=\"og:locale\" content=\"pt_BR\" \/>\n<meta property=\"og:type\" content=\"article\" \/>\n<meta property=\"og:title\" content=\"Liberta\u00e7\u00e3o m\u00edstica, nossa convers\u00e3o - Vida Crist\u00e3 - Franciscanos\" \/>\n<meta property=\"og:description\" content=\"Artigo de Pe. Ademir Guedes Azevedo, cp\" \/>\n<meta property=\"og:url\" content=\"https:\/\/franciscanos.org.br\/vidacrista\/libertacao-mistica-nossa-conversao\/\" \/>\n<meta property=\"og:site_name\" content=\"Vida Crist\u00e3 - Franciscanos\" \/>\n<meta property=\"article:published_time\" content=\"2019-03-07T12:39:28+00:00\" \/>\n<meta property=\"article:modified_time\" content=\"2020-08-03T14:21:31+00:00\" \/>\n<meta property=\"og:image\" content=\"https:\/\/franciscanos.org.br\/vidacrista\/wp-content\/uploads\/2019\/03\/artigo_2707_9d.png\" \/>\n\t<meta property=\"og:image:width\" content=\"800\" \/>\n\t<meta property=\"og:image:height\" content=\"600\" \/>\n\t<meta property=\"og:image:type\" content=\"image\/png\" \/>\n<meta name=\"author\" content=\"moacir\" \/>\n<meta name=\"twitter:card\" content=\"summary_large_image\" \/>\n<meta name=\"twitter:label1\" content=\"Escrito por\" \/>\n\t<meta name=\"twitter:data1\" content=\"moacir\" \/>\n\t<meta name=\"twitter:label2\" content=\"Est. tempo de leitura\" \/>\n\t<meta name=\"twitter:data2\" content=\"4 minutos\" \/>\n<script type=\"application\/ld+json\" class=\"yoast-schema-graph\">{\"@context\":\"https:\/\/schema.org\",\"@graph\":[{\"@type\":\"WebSite\",\"@id\":\"https:\/\/franciscanos.org.br\/vidacrista\/#website\",\"url\":\"https:\/\/franciscanos.org.br\/vidacrista\/\",\"name\":\"Vida Crist\u00e3 - Franciscanos\",\"description\":\"Prov\u00edncia Franciscana da Imaculada Concei\u00e7\u00e3o do Brasil - Ordem dos Frades Menores\",\"potentialAction\":[{\"@type\":\"SearchAction\",\"target\":{\"@type\":\"EntryPoint\",\"urlTemplate\":\"https:\/\/franciscanos.org.br\/vidacrista\/?s={search_term_string}\"},\"query-input\":\"required name=search_term_string\"}],\"inLanguage\":\"pt-BR\"},{\"@type\":\"WebPage\",\"@id\":\"https:\/\/franciscanos.org.br\/vidacrista\/libertacao-mistica-nossa-conversao\/\",\"url\":\"https:\/\/franciscanos.org.br\/vidacrista\/libertacao-mistica-nossa-conversao\/\",\"name\":\"Liberta\u00e7\u00e3o m\u00edstica, nossa convers\u00e3o - Vida Crist\u00e3 - Franciscanos\",\"isPartOf\":{\"@id\":\"https:\/\/franciscanos.org.br\/vidacrista\/#website\"},\"datePublished\":\"2019-03-07T12:39:28+00:00\",\"dateModified\":\"2020-08-03T14:21:31+00:00\",\"author\":{\"@id\":\"https:\/\/franciscanos.org.br\/vidacrista\/#\/schema\/person\/1880bdd2c350b735648725ef7614736a\"},\"breadcrumb\":{\"@id\":\"https:\/\/franciscanos.org.br\/vidacrista\/libertacao-mistica-nossa-conversao\/#breadcrumb\"},\"inLanguage\":\"pt-BR\",\"potentialAction\":[{\"@type\":\"ReadAction\",\"target\":[\"https:\/\/franciscanos.org.br\/vidacrista\/libertacao-mistica-nossa-conversao\/\"]}]},{\"@type\":\"BreadcrumbList\",\"@id\":\"https:\/\/franciscanos.org.br\/vidacrista\/libertacao-mistica-nossa-conversao\/#breadcrumb\",\"itemListElement\":[{\"@type\":\"ListItem\",\"position\":1,\"name\":\"Home\",\"item\":\"https:\/\/franciscanos.org.br\/vidacrista\/\"},{\"@type\":\"ListItem\",\"position\":2,\"name\":\"Liberta\u00e7\u00e3o m\u00edstica, nossa convers\u00e3o\"}]},{\"@type\":\"Person\",\"@id\":\"https:\/\/franciscanos.org.br\/vidacrista\/#\/schema\/person\/1880bdd2c350b735648725ef7614736a\",\"name\":\"moacir\",\"image\":{\"@type\":\"ImageObject\",\"inLanguage\":\"pt-BR\",\"@id\":\"https:\/\/franciscanos.org.br\/vidacrista\/#\/schema\/person\/image\/\",\"url\":\"https:\/\/secure.gravatar.com\/avatar\/d08aa2ce4c8dd416d4479aa8536fcf64?s=96&d=mm&r=g\",\"contentUrl\":\"https:\/\/secure.gravatar.com\/avatar\/d08aa2ce4c8dd416d4479aa8536fcf64?s=96&d=mm&r=g\",\"caption\":\"moacir\"},\"url\":\"https:\/\/franciscanos.org.br\/vidacrista\/author\/moacir\/\"}]}<\/script>\n<!-- \/ Yoast SEO plugin. -->","yoast_head_json":{"title":"Liberta\u00e7\u00e3o m\u00edstica, nossa convers\u00e3o - Vida Crist\u00e3 - Franciscanos","robots":{"index":"index","follow":"follow","max-snippet":"max-snippet:-1","max-image-preview":"max-image-preview:large","max-video-preview":"max-video-preview:-1"},"canonical":"https:\/\/franciscanos.org.br\/vidacrista\/libertacao-mistica-nossa-conversao\/","og_locale":"pt_BR","og_type":"article","og_title":"Liberta\u00e7\u00e3o m\u00edstica, nossa convers\u00e3o - Vida Crist\u00e3 - Franciscanos","og_description":"Artigo de Pe. Ademir Guedes Azevedo, cp","og_url":"https:\/\/franciscanos.org.br\/vidacrista\/libertacao-mistica-nossa-conversao\/","og_site_name":"Vida Crist\u00e3 - Franciscanos","article_published_time":"2019-03-07T12:39:28+00:00","article_modified_time":"2020-08-03T14:21:31+00:00","og_image":[{"width":800,"height":600,"url":"https:\/\/franciscanos.org.br\/vidacrista\/wp-content\/uploads\/2019\/03\/artigo_2707_9d.png","type":"image\/png"}],"author":"moacir","twitter_card":"summary_large_image","twitter_misc":{"Escrito por":"moacir","Est. tempo de leitura":"4 minutos"},"schema":{"@context":"https:\/\/schema.org","@graph":[{"@type":"WebSite","@id":"https:\/\/franciscanos.org.br\/vidacrista\/#website","url":"https:\/\/franciscanos.org.br\/vidacrista\/","name":"Vida Crist\u00e3 - Franciscanos","description":"Prov\u00edncia Franciscana da Imaculada Concei\u00e7\u00e3o do Brasil - Ordem dos Frades Menores","potentialAction":[{"@type":"SearchAction","target":{"@type":"EntryPoint","urlTemplate":"https:\/\/franciscanos.org.br\/vidacrista\/?s={search_term_string}"},"query-input":"required name=search_term_string"}],"inLanguage":"pt-BR"},{"@type":"WebPage","@id":"https:\/\/franciscanos.org.br\/vidacrista\/libertacao-mistica-nossa-conversao\/","url":"https:\/\/franciscanos.org.br\/vidacrista\/libertacao-mistica-nossa-conversao\/","name":"Liberta\u00e7\u00e3o m\u00edstica, nossa convers\u00e3o - Vida Crist\u00e3 - Franciscanos","isPartOf":{"@id":"https:\/\/franciscanos.org.br\/vidacrista\/#website"},"datePublished":"2019-03-07T12:39:28+00:00","dateModified":"2020-08-03T14:21:31+00:00","author":{"@id":"https:\/\/franciscanos.org.br\/vidacrista\/#\/schema\/person\/1880bdd2c350b735648725ef7614736a"},"breadcrumb":{"@id":"https:\/\/franciscanos.org.br\/vidacrista\/libertacao-mistica-nossa-conversao\/#breadcrumb"},"inLanguage":"pt-BR","potentialAction":[{"@type":"ReadAction","target":["https:\/\/franciscanos.org.br\/vidacrista\/libertacao-mistica-nossa-conversao\/"]}]},{"@type":"BreadcrumbList","@id":"https:\/\/franciscanos.org.br\/vidacrista\/libertacao-mistica-nossa-conversao\/#breadcrumb","itemListElement":[{"@type":"ListItem","position":1,"name":"Home","item":"https:\/\/franciscanos.org.br\/vidacrista\/"},{"@type":"ListItem","position":2,"name":"Liberta\u00e7\u00e3o m\u00edstica, nossa convers\u00e3o"}]},{"@type":"Person","@id":"https:\/\/franciscanos.org.br\/vidacrista\/#\/schema\/person\/1880bdd2c350b735648725ef7614736a","name":"moacir","image":{"@type":"ImageObject","inLanguage":"pt-BR","@id":"https:\/\/franciscanos.org.br\/vidacrista\/#\/schema\/person\/image\/","url":"https:\/\/secure.gravatar.com\/avatar\/d08aa2ce4c8dd416d4479aa8536fcf64?s=96&d=mm&r=g","contentUrl":"https:\/\/secure.gravatar.com\/avatar\/d08aa2ce4c8dd416d4479aa8536fcf64?s=96&d=mm&r=g","caption":"moacir"},"url":"https:\/\/franciscanos.org.br\/vidacrista\/author\/moacir\/"}]}},"_links":{"self":[{"href":"https:\/\/franciscanos.org.br\/vidacrista\/wp-json\/wp\/v2\/posts\/178398"}],"collection":[{"href":"https:\/\/franciscanos.org.br\/vidacrista\/wp-json\/wp\/v2\/posts"}],"about":[{"href":"https:\/\/franciscanos.org.br\/vidacrista\/wp-json\/wp\/v2\/types\/post"}],"author":[{"embeddable":true,"href":"https:\/\/franciscanos.org.br\/vidacrista\/wp-json\/wp\/v2\/users\/3"}],"replies":[{"embeddable":true,"href":"https:\/\/franciscanos.org.br\/vidacrista\/wp-json\/wp\/v2\/comments?post=178398"}],"version-history":[{"count":4,"href":"https:\/\/franciscanos.org.br\/vidacrista\/wp-json\/wp\/v2\/posts\/178398\/revisions"}],"predecessor-version":[{"id":187406,"href":"https:\/\/franciscanos.org.br\/vidacrista\/wp-json\/wp\/v2\/posts\/178398\/revisions\/187406"}],"wp:featuredmedia":[{"embeddable":true,"href":"https:\/\/franciscanos.org.br\/vidacrista\/wp-json\/wp\/v2\/media\/187038"}],"wp:attachment":[{"href":"https:\/\/franciscanos.org.br\/vidacrista\/wp-json\/wp\/v2\/media?parent=178398"}],"wp:term":[{"taxonomy":"category","embeddable":true,"href":"https:\/\/franciscanos.org.br\/vidacrista\/wp-json\/wp\/v2\/categories?post=178398"},{"taxonomy":"post_tag","embeddable":true,"href":"https:\/\/franciscanos.org.br\/vidacrista\/wp-json\/wp\/v2\/tags?post=178398"}],"curies":[{"name":"wp","href":"https:\/\/api.w.org\/{rel}","templated":true}]}}