{"id":177993,"date":"2019-02-26T08:49:30","date_gmt":"2019-02-26T11:49:30","guid":{"rendered":"https:\/\/franciscanos.org.br\/vidacrista\/?p=177993"},"modified":"2020-05-22T10:06:41","modified_gmt":"2020-05-22T13:06:41","slug":"ele-morre-de-bracos-abertos","status":"publish","type":"post","link":"https:\/\/franciscanos.org.br\/vidacrista\/ele-morre-de-bracos-abertos\/","title":{"rendered":"Ele morre de bra\u00e7os abertos"},"content":{"rendered":"<p><img decoding=\"async\" loading=\"lazy\" class=\"size-full wp-image-177994 aligncenter\" src=\"https:\/\/franciscanos.org.br\/vidacrista\/wp-content\/uploads\/2019\/03\/cristo_010318_sexta.jpg\" alt=\"\" width=\"890\" height=\"464\" srcset=\"https:\/\/franciscanos.org.br\/vidacrista\/wp-content\/uploads\/2019\/03\/cristo_010318_sexta.jpg 890w, https:\/\/franciscanos.org.br\/vidacrista\/wp-content\/uploads\/2019\/03\/cristo_010318_sexta-450x235.jpg 450w, https:\/\/franciscanos.org.br\/vidacrista\/wp-content\/uploads\/2019\/03\/cristo_010318_sexta-768x400.jpg 768w, https:\/\/franciscanos.org.br\/vidacrista\/wp-content\/uploads\/2019\/03\/cristo_010318_sexta-150x78.jpg 150w\" sizes=\"(max-width: 890px) 100vw, 890px\" \/><\/p>\n<p><strong>Frei Almir Guimar\u00e3es<\/strong><\/p>\n<p>Sempre de novo, a cada primeira sexta-feira do m\u00eas, contemplamos o Cristo do cora\u00e7\u00e3o dilacerado, do peito aberto, aquele que vive nos repetindo que nos existe maior amor do que dar a vida pelos seus. Temos necessidade e urg\u00eancia de voltar nosso olhar e nosso interior para o Senhor Jesus nos mais duros e densos momentos de sua trajet\u00f3ria, quando morre no alto da cruz. O Amor que se doa exige uma resposta de entrega. Trata-se de um amor de peito dilacerado e de bra\u00e7os largamente abertos.<\/p>\n<p>A morte do Senhor \u00e9 uma crucifica\u00e7\u00e3o do amor e por amor. Na cruz, Jesus abre seus bra\u00e7os. Durante toda a vida ele tocou pessoas, abra\u00e7ou crian\u00e7as, curou doen\u00e7as com seu toque suave. Pode ser que, no abra\u00e7o de todos os dias, tenhamos uma escondida inten\u00e7\u00e3o de prender algu\u00e9m a n\u00f3s. Na cruz n\u00e3o acontece isto: h\u00e1 um amor diferente. Amor de bra\u00e7os abertos. Amor que n\u00e3o quer aprisionar, amor de entrega para que o outro flores\u00e7a. Os bra\u00e7os abertos parecem indicar que Jesus nada guarda para si. N\u00e3o pode mais abra\u00e7ar porque suas m\u00e3os est\u00e3o presas e ensanguentadas, mas tem condi\u00e7\u00f5es de abrir os bra\u00e7os num gesto chamativo, acolhedor, tocante. \u201cEstou aqui. Venham. Nada de medo\u201d.<\/p>\n<p>O disc\u00edpulo do Cora\u00e7\u00e3o de Jesus \u00e9 algu\u00e9m que tem os bra\u00e7os abertos como que a convidar as pessoas a se aproximarem, a chegarem perto. O disc\u00edpulo nada conserva para si, d\u00e1, doa. Quem tem os bra\u00e7os largamente abertos \u00e9 aquele que est\u00e1 em disponibilidade para prestar servi\u00e7o, para dar seu tempo, perd\u00e3o, para injetar \u00e2nimo nas vidas desalentadas.<\/p>\n<p>Bra\u00e7os abertos e cora\u00e7\u00e3o dilacerado. Acolhida e dom. Cora\u00e7\u00e3o, sede das mais belas e \u00edntimas inten\u00e7\u00f5es. Os crist\u00e3os, na primeira sexta-feira do m\u00eas, ficam contemplativos. Retiram-se para um canto. Meditam. Experimentam do\u00edda contri\u00e7\u00e3o por suas faltas e pecados.<\/p>\n<p>Belas as reflex\u00f5es de Anselm Gr\u00fcn: \u201cPara mim, a imagem mais marcante do amor de Cristo que se entrega por n\u00f3s, \u00e9 seu cora\u00e7\u00e3o. O evangelista Jo\u00e3o conta que um dos soldados enfiou sua lan\u00e7a no flanco do corpo de Jesus e que da ferida jorrou, ao mesmo tempo, \u00e1gua e sangue. Sangue e \u00e1gua s\u00e3o para Jo\u00e3o, sinais do Esp\u00edrito Santo que brotou do cora\u00e7\u00e3o de Jesus e jorrou para todas as pessoas. Durante sua vida, o amor de Jesus chegou \u00e0s pessoas a quem ele encontrou pelo caminho. Agora este amor \u00e9 derramado sobre todo o mundo, sem fronteiras, e todos os que meditam e oram em Jesus, com seus cora\u00e7\u00f5es abertos, tamb\u00e9m podem beber deste amor\u201d ( Anselm Gr\u00fcn, Exerc\u00edcios espirituais para o dia a dia, Vozes, p. 102-103).<\/p>\n","protected":false},"excerpt":{"rendered":"<p>Primeira Sexta-feira do M\u00eas<\/p>\n","protected":false},"author":3,"featured_media":184570,"comment_status":"open","ping_status":"open","sticky":false,"template":"","format":"standard","meta":{"footnotes":""},"categories":[105],"tags":[106,112],"yoast_head":"<!-- This site is optimized with the Yoast SEO plugin v19.4 - https:\/\/yoast.com\/wordpress\/plugins\/seo\/ -->\n<title>Ele morre de bra\u00e7os abertos - Vida Crist\u00e3 - Franciscanos<\/title>\n<meta name=\"robots\" content=\"index, follow, max-snippet:-1, max-image-preview:large, max-video-preview:-1\" \/>\n<link rel=\"canonical\" href=\"https:\/\/franciscanos.org.br\/vidacrista\/ele-morre-de-bracos-abertos\/\" \/>\n<meta property=\"og:locale\" content=\"pt_BR\" \/>\n<meta property=\"og:type\" content=\"article\" \/>\n<meta property=\"og:title\" content=\"Ele morre de bra\u00e7os abertos - Vida Crist\u00e3 - Franciscanos\" \/>\n<meta property=\"og:description\" content=\"Primeira Sexta-feira do M\u00eas\" \/>\n<meta property=\"og:url\" content=\"https:\/\/franciscanos.org.br\/vidacrista\/ele-morre-de-bracos-abertos\/\" \/>\n<meta property=\"og:site_name\" content=\"Vida Crist\u00e3 - Franciscanos\" \/>\n<meta property=\"article:published_time\" content=\"2019-02-26T11:49:30+00:00\" \/>\n<meta property=\"article:modified_time\" content=\"2020-05-22T13:06:41+00:00\" \/>\n<meta property=\"og:image\" content=\"https:\/\/franciscanos.org.br\/vidacrista\/wp-content\/uploads\/2019\/02\/cristo_010318_sexta.jpg\" \/>\n\t<meta property=\"og:image:width\" content=\"800\" \/>\n\t<meta property=\"og:image:height\" content=\"601\" \/>\n\t<meta property=\"og:image:type\" content=\"image\/jpeg\" \/>\n<meta name=\"author\" content=\"moacir\" \/>\n<meta name=\"twitter:card\" content=\"summary_large_image\" \/>\n<meta name=\"twitter:label1\" content=\"Escrito por\" \/>\n\t<meta name=\"twitter:data1\" content=\"moacir\" \/>\n\t<meta name=\"twitter:label2\" content=\"Est. tempo de leitura\" \/>\n\t<meta name=\"twitter:data2\" content=\"2 minutos\" \/>\n<script type=\"application\/ld+json\" class=\"yoast-schema-graph\">{\"@context\":\"https:\/\/schema.org\",\"@graph\":[{\"@type\":\"WebSite\",\"@id\":\"https:\/\/franciscanos.org.br\/vidacrista\/#website\",\"url\":\"https:\/\/franciscanos.org.br\/vidacrista\/\",\"name\":\"Vida Crist\u00e3 - Franciscanos\",\"description\":\"Prov\u00edncia Franciscana da Imaculada Concei\u00e7\u00e3o do Brasil - Ordem dos Frades Menores\",\"potentialAction\":[{\"@type\":\"SearchAction\",\"target\":{\"@type\":\"EntryPoint\",\"urlTemplate\":\"https:\/\/franciscanos.org.br\/vidacrista\/?s={search_term_string}\"},\"query-input\":\"required name=search_term_string\"}],\"inLanguage\":\"pt-BR\"},{\"@type\":\"WebPage\",\"@id\":\"https:\/\/franciscanos.org.br\/vidacrista\/ele-morre-de-bracos-abertos\/\",\"url\":\"https:\/\/franciscanos.org.br\/vidacrista\/ele-morre-de-bracos-abertos\/\",\"name\":\"Ele morre de bra\u00e7os abertos - Vida Crist\u00e3 - Franciscanos\",\"isPartOf\":{\"@id\":\"https:\/\/franciscanos.org.br\/vidacrista\/#website\"},\"datePublished\":\"2019-02-26T11:49:30+00:00\",\"dateModified\":\"2020-05-22T13:06:41+00:00\",\"author\":{\"@id\":\"https:\/\/franciscanos.org.br\/vidacrista\/#\/schema\/person\/1880bdd2c350b735648725ef7614736a\"},\"breadcrumb\":{\"@id\":\"https:\/\/franciscanos.org.br\/vidacrista\/ele-morre-de-bracos-abertos\/#breadcrumb\"},\"inLanguage\":\"pt-BR\",\"potentialAction\":[{\"@type\":\"ReadAction\",\"target\":[\"https:\/\/franciscanos.org.br\/vidacrista\/ele-morre-de-bracos-abertos\/\"]}]},{\"@type\":\"BreadcrumbList\",\"@id\":\"https:\/\/franciscanos.org.br\/vidacrista\/ele-morre-de-bracos-abertos\/#breadcrumb\",\"itemListElement\":[{\"@type\":\"ListItem\",\"position\":1,\"name\":\"Home\",\"item\":\"https:\/\/franciscanos.org.br\/vidacrista\/\"},{\"@type\":\"ListItem\",\"position\":2,\"name\":\"Ele morre de bra\u00e7os abertos\"}]},{\"@type\":\"Person\",\"@id\":\"https:\/\/franciscanos.org.br\/vidacrista\/#\/schema\/person\/1880bdd2c350b735648725ef7614736a\",\"name\":\"moacir\",\"image\":{\"@type\":\"ImageObject\",\"inLanguage\":\"pt-BR\",\"@id\":\"https:\/\/franciscanos.org.br\/vidacrista\/#\/schema\/person\/image\/\",\"url\":\"https:\/\/secure.gravatar.com\/avatar\/d08aa2ce4c8dd416d4479aa8536fcf64?s=96&d=mm&r=g\",\"contentUrl\":\"https:\/\/secure.gravatar.com\/avatar\/d08aa2ce4c8dd416d4479aa8536fcf64?s=96&d=mm&r=g\",\"caption\":\"moacir\"},\"url\":\"https:\/\/franciscanos.org.br\/vidacrista\/author\/moacir\/\"}]}<\/script>\n<!-- \/ Yoast SEO plugin. -->","yoast_head_json":{"title":"Ele morre de bra\u00e7os abertos - Vida Crist\u00e3 - Franciscanos","robots":{"index":"index","follow":"follow","max-snippet":"max-snippet:-1","max-image-preview":"max-image-preview:large","max-video-preview":"max-video-preview:-1"},"canonical":"https:\/\/franciscanos.org.br\/vidacrista\/ele-morre-de-bracos-abertos\/","og_locale":"pt_BR","og_type":"article","og_title":"Ele morre de bra\u00e7os abertos - Vida Crist\u00e3 - Franciscanos","og_description":"Primeira Sexta-feira do M\u00eas","og_url":"https:\/\/franciscanos.org.br\/vidacrista\/ele-morre-de-bracos-abertos\/","og_site_name":"Vida Crist\u00e3 - Franciscanos","article_published_time":"2019-02-26T11:49:30+00:00","article_modified_time":"2020-05-22T13:06:41+00:00","og_image":[{"width":800,"height":601,"url":"https:\/\/franciscanos.org.br\/vidacrista\/wp-content\/uploads\/2019\/02\/cristo_010318_sexta.jpg","type":"image\/jpeg"}],"author":"moacir","twitter_card":"summary_large_image","twitter_misc":{"Escrito por":"moacir","Est. tempo de leitura":"2 minutos"},"schema":{"@context":"https:\/\/schema.org","@graph":[{"@type":"WebSite","@id":"https:\/\/franciscanos.org.br\/vidacrista\/#website","url":"https:\/\/franciscanos.org.br\/vidacrista\/","name":"Vida Crist\u00e3 - Franciscanos","description":"Prov\u00edncia Franciscana da Imaculada Concei\u00e7\u00e3o do Brasil - Ordem dos Frades Menores","potentialAction":[{"@type":"SearchAction","target":{"@type":"EntryPoint","urlTemplate":"https:\/\/franciscanos.org.br\/vidacrista\/?s={search_term_string}"},"query-input":"required name=search_term_string"}],"inLanguage":"pt-BR"},{"@type":"WebPage","@id":"https:\/\/franciscanos.org.br\/vidacrista\/ele-morre-de-bracos-abertos\/","url":"https:\/\/franciscanos.org.br\/vidacrista\/ele-morre-de-bracos-abertos\/","name":"Ele morre de bra\u00e7os abertos - Vida Crist\u00e3 - Franciscanos","isPartOf":{"@id":"https:\/\/franciscanos.org.br\/vidacrista\/#website"},"datePublished":"2019-02-26T11:49:30+00:00","dateModified":"2020-05-22T13:06:41+00:00","author":{"@id":"https:\/\/franciscanos.org.br\/vidacrista\/#\/schema\/person\/1880bdd2c350b735648725ef7614736a"},"breadcrumb":{"@id":"https:\/\/franciscanos.org.br\/vidacrista\/ele-morre-de-bracos-abertos\/#breadcrumb"},"inLanguage":"pt-BR","potentialAction":[{"@type":"ReadAction","target":["https:\/\/franciscanos.org.br\/vidacrista\/ele-morre-de-bracos-abertos\/"]}]},{"@type":"BreadcrumbList","@id":"https:\/\/franciscanos.org.br\/vidacrista\/ele-morre-de-bracos-abertos\/#breadcrumb","itemListElement":[{"@type":"ListItem","position":1,"name":"Home","item":"https:\/\/franciscanos.org.br\/vidacrista\/"},{"@type":"ListItem","position":2,"name":"Ele morre de bra\u00e7os abertos"}]},{"@type":"Person","@id":"https:\/\/franciscanos.org.br\/vidacrista\/#\/schema\/person\/1880bdd2c350b735648725ef7614736a","name":"moacir","image":{"@type":"ImageObject","inLanguage":"pt-BR","@id":"https:\/\/franciscanos.org.br\/vidacrista\/#\/schema\/person\/image\/","url":"https:\/\/secure.gravatar.com\/avatar\/d08aa2ce4c8dd416d4479aa8536fcf64?s=96&d=mm&r=g","contentUrl":"https:\/\/secure.gravatar.com\/avatar\/d08aa2ce4c8dd416d4479aa8536fcf64?s=96&d=mm&r=g","caption":"moacir"},"url":"https:\/\/franciscanos.org.br\/vidacrista\/author\/moacir\/"}]}},"_links":{"self":[{"href":"https:\/\/franciscanos.org.br\/vidacrista\/wp-json\/wp\/v2\/posts\/177993"}],"collection":[{"href":"https:\/\/franciscanos.org.br\/vidacrista\/wp-json\/wp\/v2\/posts"}],"about":[{"href":"https:\/\/franciscanos.org.br\/vidacrista\/wp-json\/wp\/v2\/types\/post"}],"author":[{"embeddable":true,"href":"https:\/\/franciscanos.org.br\/vidacrista\/wp-json\/wp\/v2\/users\/3"}],"replies":[{"embeddable":true,"href":"https:\/\/franciscanos.org.br\/vidacrista\/wp-json\/wp\/v2\/comments?post=177993"}],"version-history":[{"count":2,"href":"https:\/\/franciscanos.org.br\/vidacrista\/wp-json\/wp\/v2\/posts\/177993\/revisions"}],"predecessor-version":[{"id":178004,"href":"https:\/\/franciscanos.org.br\/vidacrista\/wp-json\/wp\/v2\/posts\/177993\/revisions\/178004"}],"wp:featuredmedia":[{"embeddable":true,"href":"https:\/\/franciscanos.org.br\/vidacrista\/wp-json\/wp\/v2\/media\/184570"}],"wp:attachment":[{"href":"https:\/\/franciscanos.org.br\/vidacrista\/wp-json\/wp\/v2\/media?parent=177993"}],"wp:term":[{"taxonomy":"category","embeddable":true,"href":"https:\/\/franciscanos.org.br\/vidacrista\/wp-json\/wp\/v2\/categories?post=177993"},{"taxonomy":"post_tag","embeddable":true,"href":"https:\/\/franciscanos.org.br\/vidacrista\/wp-json\/wp\/v2\/tags?post=177993"}],"curies":[{"name":"wp","href":"https:\/\/api.w.org\/{rel}","templated":true}]}}