{"id":177814,"date":"2019-02-19T08:46:22","date_gmt":"2019-02-19T11:46:22","guid":{"rendered":"https:\/\/franciscanos.org.br\/vidacrista\/?p=177814"},"modified":"2020-08-03T12:50:16","modified_gmt":"2020-08-03T15:50:16","slug":"discernimento-libertador","status":"publish","type":"post","link":"https:\/\/franciscanos.org.br\/vidacrista\/discernimento-libertador\/","title":{"rendered":"Discernimento libertador"},"content":{"rendered":"<div id=\"attachment_187415\" style=\"width: 850px\" class=\"wp-caption alignnone\"><img aria-describedby=\"caption-attachment-187415\" decoding=\"async\" loading=\"lazy\" class=\"wp-image-187415 size-full\" src=\"https:\/\/franciscanos.org.br\/vidacrista\/wp-content\/uploads\/2019\/02\/mandela_0308.jpg\" alt=\"\" width=\"840\" height=\"448\" srcset=\"https:\/\/franciscanos.org.br\/vidacrista\/wp-content\/uploads\/2019\/02\/mandela_0308.jpg 840w, https:\/\/franciscanos.org.br\/vidacrista\/wp-content\/uploads\/2019\/02\/mandela_0308-450x240.jpg 450w, https:\/\/franciscanos.org.br\/vidacrista\/wp-content\/uploads\/2019\/02\/mandela_0308-768x410.jpg 768w, https:\/\/franciscanos.org.br\/vidacrista\/wp-content\/uploads\/2019\/02\/mandela_0308-150x80.jpg 150w\" sizes=\"(max-width: 840px) 100vw, 840px\" \/><p id=\"caption-attachment-187415\" class=\"wp-caption-text\">\u00a0 \u00a0 \u00a0 \u00a0 \u00a0 \u00a0 \u00a0 \u00a0 \u00a0 \u00a0 \u00a0 \u00a0 \u00a0 \u00a0 \u00a0 \u00a0 \u00a0 \u00a0 \u00a0 \u00a0 \u00a0 \u00a0 \u00a0 \u00a0 \u00a0 \u00a0 \u00a0 \u00a0 \u00a0 \u00a0 \u00a0 \u00a0 \u00a0 \u00a0 \u00a0 \u00a0 \u00a0 \u00a0 \u00a0 \u00a0 \u00a0 \u00a0 \u00a0 \u00a0 \u00a0 <em>\u00a0 \u00a0 Imagem ilustrativa (fonte: Wikimedia Commons)<\/em><\/p><\/div>\n<p>&nbsp;<\/p>\n<p><strong>Pe. Ademir Guedes Azevedo, cp<\/strong><\/p>\n<p>Infelizmente, estamos assistindo ao crescente abismo entre ricos e pobres. Este cen\u00e1rio n\u00e3o acontece somente em pa\u00edses pobres, onde os ricos s\u00e3o a pequena classe dominante, mas se v\u00ea tamb\u00e9m nos pa\u00edses desenvolvidos que cruzam os bra\u00e7os para n\u00e3o dar oportunidade aos milh\u00f5es de migrantes que perambulam pelas v\u00e1rias cidades e regi\u00f5es. Perambulam e n\u00e3o encontram um lugar que lhes forne\u00e7a as condi\u00e7\u00f5es para estabilizar a vida. Nicanor Perlas, ativista e ambientalista filipino, chama tal fen\u00f4meno de\u00a0<em>globaliza\u00e7\u00e3o de elite<\/em>, a qual \u00e9 marcada por tr\u00eas tipos de crescimentos, a saber: 1. crescimento sem piedade, porque n\u00e3o tem cora\u00e7\u00e3o para com os pobres; 2. crescimento sem futuro, porque n\u00e3o oferece trabalho digno e 3. crescimento sem ra\u00edzes, porque nos separa das ra\u00edzes dos nossos valores e das nossas tradi\u00e7\u00f5es (veja-se, por exemplo, a cruel persegui\u00e7\u00e3o que os povos ind\u00edgenas do Brasil vem enfrentando). A globaliza\u00e7\u00e3o de elite passa um pente fino nas manifesta\u00e7\u00f5es das culturas locais, fazendo que as novas gera\u00e7\u00f5es n\u00e3o conservem a mem\u00f3ria hist\u00f3rica e o pior de tudo: em nome da falsa ideia de progresso, as grandes pot\u00eancias mundiais fazem o que querem com a cultura local.<\/p>\n<p>A famosa globaliza\u00e7\u00e3o de elite tamb\u00e9m tem um magist\u00e9rio religioso e a sua classe sacerdotal se manifesta hoje por meio dos novos messias do Youtube, os quais se travestem de um cristianismo mais natural que revelado, ou seja, apresentam um Deus do confronto, sustentado por f\u00f3rmulas r\u00edgidas e preceitos morais que n\u00e3o t\u00eam nada a ver com as bem-aventuran\u00e7as. O magist\u00e9rio dos <em>youtubers<\/em> religiosos, que legitima a globaliza\u00e7\u00e3o de elite, n\u00e3o apresenta a figura de Deus a partir da \u00f3tica da amizade, como algu\u00e9m que pretende dialogar e entrar, respeitosamente, na hist\u00f3ria dos homens e a esses revelar a miseric\u00f3rdia. O recurso a uma religi\u00e3o natural, e n\u00e3o revelada, plasma um cristianismo burgu\u00eas que confirma um futuro de gl\u00f3ria, mas apenas para os detentores de uma verdade que se baseia num magist\u00e9rio da letra, nunca do Esp\u00edrito. Em outras palavras, a nova onda dos messias do Youtube est\u00e1 tirando um elemento fundamental do cristianismo: o amor ao pr\u00f3ximo.<\/p>\n<p>Qualquer que seja a religi\u00e3o, se esta n\u00e3o mant\u00e9m rela\u00e7\u00e3o l\u00facida com a cultura e os seus dramas, est\u00e1 condenada a cair na armadilha do fundamentalismo ou terrorismo. De um lado, est\u00e3o seus representantes emitindo senten\u00e7as e ju\u00edzos partid\u00e1rios. Formando uma religi\u00e3o dos puros, a casta sacerdotal dos <em>youtubers<\/em> n\u00e3o inclui os pobres e marginalizados. Baseados sempre em divaga\u00e7\u00f5es medievais, para eles o Evangelho vem substitu\u00eddo por uma falsa hermen\u00eautica dos documentos da Igreja e das enc\u00edclicas papais. \u00c9 essa a nova epistemologia da ideologia religiosa que ganha repercuss\u00e3o no espa\u00e7o virtual hodierno. A quest\u00e3o crucial que est\u00e1 esquecida \u00e9 que n\u00f3s n\u00e3o vivemos mais em tempos de cristandade. O fil\u00f3sofo canadense, Charles Taylor, em sua monumental obra\u00a0<em>Uma Era Secular<\/em>, dir\u00e1 que hoje o ato de crer \u00e9 apenas uma alternativa, dentre tantas outras. Toda tentativa de homogeneiza\u00e7\u00e3o da f\u00e9 \u00e9 destinada ao terrorismo. Crer \u00e9, portanto, uma escolha que porta a uma decis\u00e3o livre e madura.<\/p>\n<p>Diante disso, dois importantes crit\u00e9rios colaboram para um reto discernimento do cen\u00e1rio de confus\u00e3o e de fanatismo religioso de extrema direita que estamos presenciando. O primeiro crit\u00e9rio \u00e9 cristol\u00f3gico libertador, ou seja, quando ouvimos a casta religiosa dos <em>youtubers<\/em> ou mesmo quando ouvimos, infelizmente, irm\u00e3os sacerdotes ou qualquer que seja o l\u00edder religioso falar de Jesus, devemos lan\u00e7ar a pergunta: qual \u00e9 a imagem de Deus transmitida por eles? Trata-se daquele Deus revelado por Jesus, ou seja, um Deus pr\u00f3ximo e misericordioso ou um deus que justifica a ideologia da elite, gerando a divis\u00e3o? Talvez um exemplo concreto nos ajuda a ilustrar este primeiro crit\u00e9rio. Conta-se que Nelson Mandela quando estava deixando a pris\u00e3o, alguns lhes disseram: agora voc\u00ea pode fazer a sua vingan\u00e7a. Mas, no sil\u00eancio do seu cora\u00e7\u00e3o, Mandela dizia: \u201cQuando eu sa\u00ed em dire\u00e7\u00e3o ao port\u00e3o que me levaria a liberdade, eu sabia que, se eu n\u00e3o deixasse a minha amargura e o meu \u00f3dio para tr\u00e1s, eu ainda estaria na pris\u00e3o\u201d. Esta \u00e9 a luz! \u00c9 exatamente esta a fidelidade ao Deus que Jesus revelou! Por isso, aqueles que dizem ser cust\u00f3dios de um magist\u00e9rio da verdade, mas incitam a viol\u00eancia e a divis\u00e3o, deturpam a imagem de Deus.<\/p>\n<p>O \u00faltimo crit\u00e9rio de discernimento est\u00e1 ligado aquilo que o Papa Francisco repete tantas vezes: o verdadeiro crist\u00e3o procura tocar a carne sofredora de Jesus. Todo aquele que prega o nome de Deus, seja nas plataformas virtuais seja nos p\u00falpitos das igrejas, precisa ter no m\u00ednimo uma pr\u00e1tica caritativa concreta. O que se assiste hoje, contudo, parece ser o que j\u00e1 acontecia no tempo de Jesus. Os sacerdotes do Templo de Jerusal\u00e9m sabiam todas as verdades da Tor\u00e1, mas exploravam os pobres pedindo doa\u00e7\u00f5es de animais para a expia\u00e7\u00e3o de pecados. E assim, a pequena classe dos doutores da lei aumentavam as terras do templo, tirando proveito dos pobres. Jesus por sua vez, pregava fora do templo nas aldeias e tocava as feridas humanas, curando e acolhendo. Com a par\u00e1bola do bom samaritano inaugurou definitivamente este dogma de f\u00e9: toda rela\u00e7\u00e3o com Deus precisa passar por ele (Jesus) e pelo pr\u00f3ximo.<\/p>\n<p>Estes dois crit\u00e9rios creio que sejam a base para frearmos os efeitos desumanos da globaliza\u00e7\u00e3o de elite e da sua mais cruel representa\u00e7\u00e3o religiosa que \u00e9 aquela promovida pelo magist\u00e9rio dos novos messias, sobretudo aqueles do mundo virtual.<\/p>\n<p><em>Imagem: reprodu\u00e7\u00e3o da est\u00e1tua de Nelson Mandela na sede da ONU<\/em><\/p>\n<hr \/>\n<p><strong>Pe. Ademir Guedes Azevedo<\/strong>\u00a0<em>\u00e9 mission\u00e1rio passionista e mestrando em teologia fundamental na Pontif\u00edcia Universidade Gregoriana.<\/em><\/p>\n","protected":false},"excerpt":{"rendered":"<p>Artigo de Pe. Ademir Guedes Azevedo.<\/p>\n","protected":false},"author":3,"featured_media":187416,"comment_status":"open","ping_status":"open","sticky":false,"template":"","format":"standard","meta":{"footnotes":""},"categories":[26],"tags":[188],"yoast_head":"<!-- This site is optimized with the Yoast SEO plugin v19.4 - https:\/\/yoast.com\/wordpress\/plugins\/seo\/ -->\n<title>Discernimento libertador - Vida Crist\u00e3 - Franciscanos<\/title>\n<meta name=\"robots\" content=\"index, follow, max-snippet:-1, max-image-preview:large, max-video-preview:-1\" \/>\n<link rel=\"canonical\" href=\"https:\/\/franciscanos.org.br\/vidacrista\/discernimento-libertador\/\" \/>\n<meta property=\"og:locale\" content=\"pt_BR\" \/>\n<meta property=\"og:type\" content=\"article\" \/>\n<meta property=\"og:title\" content=\"Discernimento libertador - Vida Crist\u00e3 - Franciscanos\" \/>\n<meta property=\"og:description\" content=\"Artigo de Pe. Ademir Guedes Azevedo.\" \/>\n<meta property=\"og:url\" content=\"https:\/\/franciscanos.org.br\/vidacrista\/discernimento-libertador\/\" \/>\n<meta property=\"og:site_name\" content=\"Vida Crist\u00e3 - Franciscanos\" \/>\n<meta property=\"article:published_time\" content=\"2019-02-19T11:46:22+00:00\" \/>\n<meta property=\"article:modified_time\" content=\"2020-08-03T15:50:16+00:00\" \/>\n<meta property=\"og:image\" content=\"https:\/\/franciscanos.org.br\/vidacrista\/wp-content\/uploads\/2019\/02\/madella_d.jpg\" \/>\n\t<meta property=\"og:image:width\" content=\"800\" \/>\n\t<meta property=\"og:image:height\" content=\"600\" \/>\n\t<meta property=\"og:image:type\" content=\"image\/jpeg\" \/>\n<meta name=\"author\" content=\"moacir\" \/>\n<meta name=\"twitter:card\" content=\"summary_large_image\" \/>\n<meta name=\"twitter:label1\" content=\"Escrito por\" \/>\n\t<meta name=\"twitter:data1\" content=\"moacir\" \/>\n\t<meta name=\"twitter:label2\" content=\"Est. tempo de leitura\" \/>\n\t<meta name=\"twitter:data2\" content=\"5 minutos\" \/>\n<script type=\"application\/ld+json\" class=\"yoast-schema-graph\">{\"@context\":\"https:\/\/schema.org\",\"@graph\":[{\"@type\":\"WebSite\",\"@id\":\"https:\/\/franciscanos.org.br\/vidacrista\/#website\",\"url\":\"https:\/\/franciscanos.org.br\/vidacrista\/\",\"name\":\"Vida Crist\u00e3 - Franciscanos\",\"description\":\"Prov\u00edncia Franciscana da Imaculada Concei\u00e7\u00e3o do Brasil - Ordem dos Frades Menores\",\"potentialAction\":[{\"@type\":\"SearchAction\",\"target\":{\"@type\":\"EntryPoint\",\"urlTemplate\":\"https:\/\/franciscanos.org.br\/vidacrista\/?s={search_term_string}\"},\"query-input\":\"required name=search_term_string\"}],\"inLanguage\":\"pt-BR\"},{\"@type\":\"WebPage\",\"@id\":\"https:\/\/franciscanos.org.br\/vidacrista\/discernimento-libertador\/\",\"url\":\"https:\/\/franciscanos.org.br\/vidacrista\/discernimento-libertador\/\",\"name\":\"Discernimento libertador - Vida Crist\u00e3 - Franciscanos\",\"isPartOf\":{\"@id\":\"https:\/\/franciscanos.org.br\/vidacrista\/#website\"},\"datePublished\":\"2019-02-19T11:46:22+00:00\",\"dateModified\":\"2020-08-03T15:50:16+00:00\",\"author\":{\"@id\":\"https:\/\/franciscanos.org.br\/vidacrista\/#\/schema\/person\/1880bdd2c350b735648725ef7614736a\"},\"breadcrumb\":{\"@id\":\"https:\/\/franciscanos.org.br\/vidacrista\/discernimento-libertador\/#breadcrumb\"},\"inLanguage\":\"pt-BR\",\"potentialAction\":[{\"@type\":\"ReadAction\",\"target\":[\"https:\/\/franciscanos.org.br\/vidacrista\/discernimento-libertador\/\"]}]},{\"@type\":\"BreadcrumbList\",\"@id\":\"https:\/\/franciscanos.org.br\/vidacrista\/discernimento-libertador\/#breadcrumb\",\"itemListElement\":[{\"@type\":\"ListItem\",\"position\":1,\"name\":\"Home\",\"item\":\"https:\/\/franciscanos.org.br\/vidacrista\/\"},{\"@type\":\"ListItem\",\"position\":2,\"name\":\"Discernimento libertador\"}]},{\"@type\":\"Person\",\"@id\":\"https:\/\/franciscanos.org.br\/vidacrista\/#\/schema\/person\/1880bdd2c350b735648725ef7614736a\",\"name\":\"moacir\",\"image\":{\"@type\":\"ImageObject\",\"inLanguage\":\"pt-BR\",\"@id\":\"https:\/\/franciscanos.org.br\/vidacrista\/#\/schema\/person\/image\/\",\"url\":\"https:\/\/secure.gravatar.com\/avatar\/d08aa2ce4c8dd416d4479aa8536fcf64?s=96&d=mm&r=g\",\"contentUrl\":\"https:\/\/secure.gravatar.com\/avatar\/d08aa2ce4c8dd416d4479aa8536fcf64?s=96&d=mm&r=g\",\"caption\":\"moacir\"},\"url\":\"https:\/\/franciscanos.org.br\/vidacrista\/author\/moacir\/\"}]}<\/script>\n<!-- \/ Yoast SEO plugin. -->","yoast_head_json":{"title":"Discernimento libertador - Vida Crist\u00e3 - Franciscanos","robots":{"index":"index","follow":"follow","max-snippet":"max-snippet:-1","max-image-preview":"max-image-preview:large","max-video-preview":"max-video-preview:-1"},"canonical":"https:\/\/franciscanos.org.br\/vidacrista\/discernimento-libertador\/","og_locale":"pt_BR","og_type":"article","og_title":"Discernimento libertador - Vida Crist\u00e3 - Franciscanos","og_description":"Artigo de Pe. Ademir Guedes Azevedo.","og_url":"https:\/\/franciscanos.org.br\/vidacrista\/discernimento-libertador\/","og_site_name":"Vida Crist\u00e3 - Franciscanos","article_published_time":"2019-02-19T11:46:22+00:00","article_modified_time":"2020-08-03T15:50:16+00:00","og_image":[{"width":800,"height":600,"url":"https:\/\/franciscanos.org.br\/vidacrista\/wp-content\/uploads\/2019\/02\/madella_d.jpg","type":"image\/jpeg"}],"author":"moacir","twitter_card":"summary_large_image","twitter_misc":{"Escrito por":"moacir","Est. tempo de leitura":"5 minutos"},"schema":{"@context":"https:\/\/schema.org","@graph":[{"@type":"WebSite","@id":"https:\/\/franciscanos.org.br\/vidacrista\/#website","url":"https:\/\/franciscanos.org.br\/vidacrista\/","name":"Vida Crist\u00e3 - Franciscanos","description":"Prov\u00edncia Franciscana da Imaculada Concei\u00e7\u00e3o do Brasil - Ordem dos Frades Menores","potentialAction":[{"@type":"SearchAction","target":{"@type":"EntryPoint","urlTemplate":"https:\/\/franciscanos.org.br\/vidacrista\/?s={search_term_string}"},"query-input":"required name=search_term_string"}],"inLanguage":"pt-BR"},{"@type":"WebPage","@id":"https:\/\/franciscanos.org.br\/vidacrista\/discernimento-libertador\/","url":"https:\/\/franciscanos.org.br\/vidacrista\/discernimento-libertador\/","name":"Discernimento libertador - Vida Crist\u00e3 - Franciscanos","isPartOf":{"@id":"https:\/\/franciscanos.org.br\/vidacrista\/#website"},"datePublished":"2019-02-19T11:46:22+00:00","dateModified":"2020-08-03T15:50:16+00:00","author":{"@id":"https:\/\/franciscanos.org.br\/vidacrista\/#\/schema\/person\/1880bdd2c350b735648725ef7614736a"},"breadcrumb":{"@id":"https:\/\/franciscanos.org.br\/vidacrista\/discernimento-libertador\/#breadcrumb"},"inLanguage":"pt-BR","potentialAction":[{"@type":"ReadAction","target":["https:\/\/franciscanos.org.br\/vidacrista\/discernimento-libertador\/"]}]},{"@type":"BreadcrumbList","@id":"https:\/\/franciscanos.org.br\/vidacrista\/discernimento-libertador\/#breadcrumb","itemListElement":[{"@type":"ListItem","position":1,"name":"Home","item":"https:\/\/franciscanos.org.br\/vidacrista\/"},{"@type":"ListItem","position":2,"name":"Discernimento libertador"}]},{"@type":"Person","@id":"https:\/\/franciscanos.org.br\/vidacrista\/#\/schema\/person\/1880bdd2c350b735648725ef7614736a","name":"moacir","image":{"@type":"ImageObject","inLanguage":"pt-BR","@id":"https:\/\/franciscanos.org.br\/vidacrista\/#\/schema\/person\/image\/","url":"https:\/\/secure.gravatar.com\/avatar\/d08aa2ce4c8dd416d4479aa8536fcf64?s=96&d=mm&r=g","contentUrl":"https:\/\/secure.gravatar.com\/avatar\/d08aa2ce4c8dd416d4479aa8536fcf64?s=96&d=mm&r=g","caption":"moacir"},"url":"https:\/\/franciscanos.org.br\/vidacrista\/author\/moacir\/"}]}},"_links":{"self":[{"href":"https:\/\/franciscanos.org.br\/vidacrista\/wp-json\/wp\/v2\/posts\/177814"}],"collection":[{"href":"https:\/\/franciscanos.org.br\/vidacrista\/wp-json\/wp\/v2\/posts"}],"about":[{"href":"https:\/\/franciscanos.org.br\/vidacrista\/wp-json\/wp\/v2\/types\/post"}],"author":[{"embeddable":true,"href":"https:\/\/franciscanos.org.br\/vidacrista\/wp-json\/wp\/v2\/users\/3"}],"replies":[{"embeddable":true,"href":"https:\/\/franciscanos.org.br\/vidacrista\/wp-json\/wp\/v2\/comments?post=177814"}],"version-history":[{"count":4,"href":"https:\/\/franciscanos.org.br\/vidacrista\/wp-json\/wp\/v2\/posts\/177814\/revisions"}],"predecessor-version":[{"id":187417,"href":"https:\/\/franciscanos.org.br\/vidacrista\/wp-json\/wp\/v2\/posts\/177814\/revisions\/187417"}],"wp:featuredmedia":[{"embeddable":true,"href":"https:\/\/franciscanos.org.br\/vidacrista\/wp-json\/wp\/v2\/media\/187416"}],"wp:attachment":[{"href":"https:\/\/franciscanos.org.br\/vidacrista\/wp-json\/wp\/v2\/media?parent=177814"}],"wp:term":[{"taxonomy":"category","embeddable":true,"href":"https:\/\/franciscanos.org.br\/vidacrista\/wp-json\/wp\/v2\/categories?post=177814"},{"taxonomy":"post_tag","embeddable":true,"href":"https:\/\/franciscanos.org.br\/vidacrista\/wp-json\/wp\/v2\/tags?post=177814"}],"curies":[{"name":"wp","href":"https:\/\/api.w.org\/{rel}","templated":true}]}}