{"id":177517,"date":"2019-01-31T09:10:58","date_gmt":"2019-01-31T11:10:58","guid":{"rendered":"https:\/\/franciscanos.org.br\/vidacrista\/?p=177517"},"modified":"2019-03-01T13:33:21","modified_gmt":"2019-03-01T16:33:21","slug":"incondicional-seguidores-de-jesus","status":"publish","type":"post","link":"https:\/\/franciscanos.org.br\/vidacrista\/incondicional-seguidores-de-jesus\/","title":{"rendered":"Incondicionais seguidores de Jesus"},"content":{"rendered":"<p><img decoding=\"async\" loading=\"lazy\" class=\"alignnone size-full wp-image-177518\" src=\"https:\/\/franciscanos.org.br\/vidacrista\/wp-content\/uploads\/2019\/01\/coracao_310119.jpg\" alt=\"\" width=\"890\" height=\"642\" srcset=\"https:\/\/franciscanos.org.br\/vidacrista\/wp-content\/uploads\/2019\/01\/coracao_310119.jpg 890w, https:\/\/franciscanos.org.br\/vidacrista\/wp-content\/uploads\/2019\/01\/coracao_310119-450x325.jpg 450w, https:\/\/franciscanos.org.br\/vidacrista\/wp-content\/uploads\/2019\/01\/coracao_310119-768x554.jpg 768w, https:\/\/franciscanos.org.br\/vidacrista\/wp-content\/uploads\/2019\/01\/coracao_310119-150x108.jpg 150w\" sizes=\"(max-width: 890px) 100vw, 890px\" \/><\/p>\n<p>Na primeira sexta-feira de cada m\u00eas, de modo particular, somos chamados a prestar aten\u00e7\u00e3o em algumas palavras exigentes de Jesus na linha de seu seguimento. Ele \u00e9 nosso Mestre que morre no pat\u00edbulo. Queremos ser seus disc\u00edpulos e at\u00e9 mesmo disc\u00edpulos mission\u00e1rios. Aquele Jesus, cujo cora\u00e7\u00e3o amou at\u00e9 o fim, tem o direito de nos querer como carinhosos e atentos disc\u00edpulos. \u00c9 esse amor do Senhor que se manifesta em seu lado aberto que funciona como apelo, chamamento ao seguimento e \u00e9 como um ninho cavado no alto do rochedo.<\/p>\n<p>&gt;&gt; \u201cO caminho de forma\u00e7\u00e3o do seguidor de Jesus lan\u00e7a suas ra\u00edzes na din\u00e2mica da pessoa e convite pessoal de Jesus Cristo, que chama os seus pelo seu nome e estes o seguem porque lhe conhecem a voz. O Senhor despertava as aspira\u00e7\u00f5es profundas de seus disc\u00edpulos e os atra\u00eda a si, maravilhados. O seguimento \u00e9 fruto de uma fascina\u00e7\u00e3o que responde ao desejo de realiza\u00e7\u00e3o humana, ao desejo de vida plena. O disc\u00edpulo \u00e9 algu\u00e9m apaixonado por Cristo, a quem reconhece como mestre que o conduz e o acompanha\u201d (Documento de Aparecida, n. 277).<\/p>\n<p>&gt;&gt; Ao longo de nossa vida fomos e continuamos a formar nossa personalidade humana. A maioria de n\u00f3s, por diversas circunst\u00e2ncias, foi levado \u00e0 pia batismal. Recebemos os sacramentos da Eucaristia e da Confirma\u00e7\u00e3o e passamos a \u201cfrequentar a religi\u00e3o\u201d. Pode ser que, talvez, por falta de aprofundamento tenhamos permanecido apenas como \u201cmembros de uma religi\u00e3o\u201d. H\u00e1 a urg\u00eancia de que, antes de tudo, sejamos seguidores do Ressuscitado. Esses tempos do Papa Francisco constituem um per\u00edodo de abandono da pr\u00e1tica fria e querem nos ver animados e fervorosos. Nada de apatia.<\/p>\n<p>&gt;&gt; Seguir Jesus quer dizer n\u00e3o perd\u00ea-lo de vista, n\u00e3o ficar separado dele, andar atr\u00e1s dele, dizer que nosso verdadeiro nome \u00e9 de crist\u00e3os, seguidores de Jesus, pessoas que fazemos quest\u00e3o de pensar como ele pensou, agir como ele agiu e, de alguma forma, reescrever sua vida em nossa vida. O imobilismo e a rotina matam o vigor de nossa Igreja. Os crist\u00e3o abra\u00e7am a causa e o destino de Jesus.<\/p>\n<p>&gt;&gt; Os seguidores de Jesus nunca se esquecem de preciosas palavras do Mestre: \u201cO Filho do homem n\u00e3o tem onde reclinar a cabe\u00e7a\u201d. Com esta afirma\u00e7\u00e3o, Jesus sugere que seus seguidores sejam pessoas simples, descomplicadas, que n\u00e3o se preocupem demais com a marca do carro, a grife de suas roupas e o card\u00e1pio de suas mesas. Os crist\u00e3os disc\u00edpulos sabem que, na medida de seu desapego a coisas, posi\u00e7\u00f5es, podem fazer espa\u00e7o em si para a a\u00e7\u00e3o de Deus e assim se sentem mais disc\u00edpulos. Nossa sociedade de consumo e do mercado desaprendeu a seguir o Cristo sem pedra para reclinar a cabe\u00e7a.<\/p>\n<p>&gt;&gt; Os disc\u00edpulos que s\u00e3o chamados n\u00e3o podem ter apegos e protelar a resposta: deixem que os mortos enterrem os mortos e passem imediatamente a colaborar na constru\u00e7\u00e3o do mundo novo que se chama Reino. Que n\u00e3o protelem. N\u00e3o h\u00e1 tempo a perder. A salva\u00e7\u00e3o do mundo depende de pessoas que respondam generosamente aos apelos em vista do seguimento.<\/p>\n<blockquote><p>&gt; Os disc\u00edpulos mission\u00e1rios n\u00e3o podem olhar para tr\u00e1s. Uma vez que come\u00e7aram a seguir o Mestre a \u00fanica coisa \u00e9 fidelidade, ir adiante, numa alegre e criativa fidelidade. Disc\u00edpulos que inventam o novo. Jesus havia dito aos disc\u00edpulos: \u201cAquele que p\u00f5e a m\u00e3o no arado e continua olhando para tr\u00e1s n\u00e3o \u00e9 digno do reino de Deus\u201d. Oportunas estas observa\u00e7\u00f5es de Jos\u00e9 Antonio Pagola: \u201cOlhando s\u00f3 para tr\u00e1s n\u00e3o \u00e9 poss\u00edvel anunciar o reino de Deus. Quando se sufoca a criatividade ou se mata a imagina\u00e7\u00e3o evang\u00e9lica, quando se controla toda novidade como perigosa e se promove uma religi\u00e3o est\u00e1tica, estamos impedindo o seguimento vivo de Jesus. \u00c9 o momento de buscar, mais uma vez \u201cvinho novo para odres novos\u201d. Jesus o pedia\u201d (O caminho aberto por Jesus, Lucas, Vozes, p. 166).<\/p><\/blockquote>\n<p><strong>Frei Almir Guimar\u00e3es<\/strong><\/p>\n","protected":false},"excerpt":{"rendered":"<p>Reflex\u00e3o de Frei Almir Guimar\u00e3es para a 1\u00aa Sexta-feira do M\u00eas<\/p>\n","protected":false},"author":3,"featured_media":177519,"comment_status":"open","ping_status":"open","sticky":false,"template":"","format":"standard","meta":{"footnotes":""},"categories":[105],"tags":[106,112],"yoast_head":"<!-- This site is optimized with the Yoast SEO plugin v19.4 - https:\/\/yoast.com\/wordpress\/plugins\/seo\/ -->\n<title>Incondicionais seguidores de Jesus - Vida Crist\u00e3 - Franciscanos<\/title>\n<meta name=\"robots\" content=\"index, follow, max-snippet:-1, max-image-preview:large, max-video-preview:-1\" \/>\n<link rel=\"canonical\" href=\"https:\/\/franciscanos.org.br\/vidacrista\/incondicional-seguidores-de-jesus\/\" \/>\n<meta property=\"og:locale\" content=\"pt_BR\" \/>\n<meta property=\"og:type\" content=\"article\" \/>\n<meta property=\"og:title\" content=\"Incondicionais seguidores de Jesus - Vida Crist\u00e3 - Franciscanos\" \/>\n<meta property=\"og:description\" content=\"Reflex\u00e3o de Frei Almir Guimar\u00e3es para a 1\u00aa Sexta-feira do M\u00eas\" \/>\n<meta property=\"og:url\" content=\"https:\/\/franciscanos.org.br\/vidacrista\/incondicional-seguidores-de-jesus\/\" \/>\n<meta property=\"og:site_name\" content=\"Vida Crist\u00e3 - Franciscanos\" \/>\n<meta property=\"article:published_time\" content=\"2019-01-31T11:10:58+00:00\" \/>\n<meta property=\"article:modified_time\" content=\"2019-03-01T16:33:21+00:00\" \/>\n<meta property=\"og:image\" content=\"https:\/\/franciscanos.org.br\/vidacrista\/wp-content\/uploads\/2019\/01\/coracao_310119d.jpg\" \/>\n\t<meta property=\"og:image:width\" content=\"273\" \/>\n\t<meta property=\"og:image:height\" content=\"181\" \/>\n\t<meta property=\"og:image:type\" content=\"image\/jpeg\" \/>\n<meta name=\"author\" content=\"moacir\" \/>\n<meta name=\"twitter:card\" content=\"summary_large_image\" \/>\n<meta name=\"twitter:label1\" content=\"Escrito por\" \/>\n\t<meta name=\"twitter:data1\" content=\"moacir\" \/>\n\t<meta name=\"twitter:label2\" content=\"Est. tempo de leitura\" \/>\n\t<meta name=\"twitter:data2\" content=\"4 minutos\" \/>\n<script type=\"application\/ld+json\" class=\"yoast-schema-graph\">{\"@context\":\"https:\/\/schema.org\",\"@graph\":[{\"@type\":\"WebSite\",\"@id\":\"https:\/\/franciscanos.org.br\/vidacrista\/#website\",\"url\":\"https:\/\/franciscanos.org.br\/vidacrista\/\",\"name\":\"Vida Crist\u00e3 - Franciscanos\",\"description\":\"Prov\u00edncia Franciscana da Imaculada Concei\u00e7\u00e3o do Brasil - Ordem dos Frades Menores\",\"potentialAction\":[{\"@type\":\"SearchAction\",\"target\":{\"@type\":\"EntryPoint\",\"urlTemplate\":\"https:\/\/franciscanos.org.br\/vidacrista\/?s={search_term_string}\"},\"query-input\":\"required name=search_term_string\"}],\"inLanguage\":\"pt-BR\"},{\"@type\":\"WebPage\",\"@id\":\"https:\/\/franciscanos.org.br\/vidacrista\/incondicional-seguidores-de-jesus\/\",\"url\":\"https:\/\/franciscanos.org.br\/vidacrista\/incondicional-seguidores-de-jesus\/\",\"name\":\"Incondicionais seguidores de Jesus - Vida Crist\u00e3 - Franciscanos\",\"isPartOf\":{\"@id\":\"https:\/\/franciscanos.org.br\/vidacrista\/#website\"},\"datePublished\":\"2019-01-31T11:10:58+00:00\",\"dateModified\":\"2019-03-01T16:33:21+00:00\",\"author\":{\"@id\":\"https:\/\/franciscanos.org.br\/vidacrista\/#\/schema\/person\/1880bdd2c350b735648725ef7614736a\"},\"breadcrumb\":{\"@id\":\"https:\/\/franciscanos.org.br\/vidacrista\/incondicional-seguidores-de-jesus\/#breadcrumb\"},\"inLanguage\":\"pt-BR\",\"potentialAction\":[{\"@type\":\"ReadAction\",\"target\":[\"https:\/\/franciscanos.org.br\/vidacrista\/incondicional-seguidores-de-jesus\/\"]}]},{\"@type\":\"BreadcrumbList\",\"@id\":\"https:\/\/franciscanos.org.br\/vidacrista\/incondicional-seguidores-de-jesus\/#breadcrumb\",\"itemListElement\":[{\"@type\":\"ListItem\",\"position\":1,\"name\":\"Home\",\"item\":\"https:\/\/franciscanos.org.br\/vidacrista\/\"},{\"@type\":\"ListItem\",\"position\":2,\"name\":\"Incondicionais seguidores de Jesus\"}]},{\"@type\":\"Person\",\"@id\":\"https:\/\/franciscanos.org.br\/vidacrista\/#\/schema\/person\/1880bdd2c350b735648725ef7614736a\",\"name\":\"moacir\",\"image\":{\"@type\":\"ImageObject\",\"inLanguage\":\"pt-BR\",\"@id\":\"https:\/\/franciscanos.org.br\/vidacrista\/#\/schema\/person\/image\/\",\"url\":\"https:\/\/secure.gravatar.com\/avatar\/d08aa2ce4c8dd416d4479aa8536fcf64?s=96&d=mm&r=g\",\"contentUrl\":\"https:\/\/secure.gravatar.com\/avatar\/d08aa2ce4c8dd416d4479aa8536fcf64?s=96&d=mm&r=g\",\"caption\":\"moacir\"},\"url\":\"https:\/\/franciscanos.org.br\/vidacrista\/author\/moacir\/\"}]}<\/script>\n<!-- \/ Yoast SEO plugin. -->","yoast_head_json":{"title":"Incondicionais seguidores de Jesus - Vida Crist\u00e3 - Franciscanos","robots":{"index":"index","follow":"follow","max-snippet":"max-snippet:-1","max-image-preview":"max-image-preview:large","max-video-preview":"max-video-preview:-1"},"canonical":"https:\/\/franciscanos.org.br\/vidacrista\/incondicional-seguidores-de-jesus\/","og_locale":"pt_BR","og_type":"article","og_title":"Incondicionais seguidores de Jesus - Vida Crist\u00e3 - Franciscanos","og_description":"Reflex\u00e3o de Frei Almir Guimar\u00e3es para a 1\u00aa Sexta-feira do M\u00eas","og_url":"https:\/\/franciscanos.org.br\/vidacrista\/incondicional-seguidores-de-jesus\/","og_site_name":"Vida Crist\u00e3 - Franciscanos","article_published_time":"2019-01-31T11:10:58+00:00","article_modified_time":"2019-03-01T16:33:21+00:00","og_image":[{"width":273,"height":181,"url":"https:\/\/franciscanos.org.br\/vidacrista\/wp-content\/uploads\/2019\/01\/coracao_310119d.jpg","type":"image\/jpeg"}],"author":"moacir","twitter_card":"summary_large_image","twitter_misc":{"Escrito por":"moacir","Est. tempo de leitura":"4 minutos"},"schema":{"@context":"https:\/\/schema.org","@graph":[{"@type":"WebSite","@id":"https:\/\/franciscanos.org.br\/vidacrista\/#website","url":"https:\/\/franciscanos.org.br\/vidacrista\/","name":"Vida Crist\u00e3 - Franciscanos","description":"Prov\u00edncia Franciscana da Imaculada Concei\u00e7\u00e3o do Brasil - Ordem dos Frades Menores","potentialAction":[{"@type":"SearchAction","target":{"@type":"EntryPoint","urlTemplate":"https:\/\/franciscanos.org.br\/vidacrista\/?s={search_term_string}"},"query-input":"required name=search_term_string"}],"inLanguage":"pt-BR"},{"@type":"WebPage","@id":"https:\/\/franciscanos.org.br\/vidacrista\/incondicional-seguidores-de-jesus\/","url":"https:\/\/franciscanos.org.br\/vidacrista\/incondicional-seguidores-de-jesus\/","name":"Incondicionais seguidores de Jesus - Vida Crist\u00e3 - Franciscanos","isPartOf":{"@id":"https:\/\/franciscanos.org.br\/vidacrista\/#website"},"datePublished":"2019-01-31T11:10:58+00:00","dateModified":"2019-03-01T16:33:21+00:00","author":{"@id":"https:\/\/franciscanos.org.br\/vidacrista\/#\/schema\/person\/1880bdd2c350b735648725ef7614736a"},"breadcrumb":{"@id":"https:\/\/franciscanos.org.br\/vidacrista\/incondicional-seguidores-de-jesus\/#breadcrumb"},"inLanguage":"pt-BR","potentialAction":[{"@type":"ReadAction","target":["https:\/\/franciscanos.org.br\/vidacrista\/incondicional-seguidores-de-jesus\/"]}]},{"@type":"BreadcrumbList","@id":"https:\/\/franciscanos.org.br\/vidacrista\/incondicional-seguidores-de-jesus\/#breadcrumb","itemListElement":[{"@type":"ListItem","position":1,"name":"Home","item":"https:\/\/franciscanos.org.br\/vidacrista\/"},{"@type":"ListItem","position":2,"name":"Incondicionais seguidores de Jesus"}]},{"@type":"Person","@id":"https:\/\/franciscanos.org.br\/vidacrista\/#\/schema\/person\/1880bdd2c350b735648725ef7614736a","name":"moacir","image":{"@type":"ImageObject","inLanguage":"pt-BR","@id":"https:\/\/franciscanos.org.br\/vidacrista\/#\/schema\/person\/image\/","url":"https:\/\/secure.gravatar.com\/avatar\/d08aa2ce4c8dd416d4479aa8536fcf64?s=96&d=mm&r=g","contentUrl":"https:\/\/secure.gravatar.com\/avatar\/d08aa2ce4c8dd416d4479aa8536fcf64?s=96&d=mm&r=g","caption":"moacir"},"url":"https:\/\/franciscanos.org.br\/vidacrista\/author\/moacir\/"}]}},"_links":{"self":[{"href":"https:\/\/franciscanos.org.br\/vidacrista\/wp-json\/wp\/v2\/posts\/177517"}],"collection":[{"href":"https:\/\/franciscanos.org.br\/vidacrista\/wp-json\/wp\/v2\/posts"}],"about":[{"href":"https:\/\/franciscanos.org.br\/vidacrista\/wp-json\/wp\/v2\/types\/post"}],"author":[{"embeddable":true,"href":"https:\/\/franciscanos.org.br\/vidacrista\/wp-json\/wp\/v2\/users\/3"}],"replies":[{"embeddable":true,"href":"https:\/\/franciscanos.org.br\/vidacrista\/wp-json\/wp\/v2\/comments?post=177517"}],"version-history":[{"count":3,"href":"https:\/\/franciscanos.org.br\/vidacrista\/wp-json\/wp\/v2\/posts\/177517\/revisions"}],"predecessor-version":[{"id":177522,"href":"https:\/\/franciscanos.org.br\/vidacrista\/wp-json\/wp\/v2\/posts\/177517\/revisions\/177522"}],"wp:featuredmedia":[{"embeddable":true,"href":"https:\/\/franciscanos.org.br\/vidacrista\/wp-json\/wp\/v2\/media\/177519"}],"wp:attachment":[{"href":"https:\/\/franciscanos.org.br\/vidacrista\/wp-json\/wp\/v2\/media?parent=177517"}],"wp:term":[{"taxonomy":"category","embeddable":true,"href":"https:\/\/franciscanos.org.br\/vidacrista\/wp-json\/wp\/v2\/categories?post=177517"},{"taxonomy":"post_tag","embeddable":true,"href":"https:\/\/franciscanos.org.br\/vidacrista\/wp-json\/wp\/v2\/tags?post=177517"}],"curies":[{"name":"wp","href":"https:\/\/api.w.org\/{rel}","templated":true}]}}