{"id":177454,"date":"2019-01-26T09:59:47","date_gmt":"2019-01-26T11:59:47","guid":{"rendered":"https:\/\/franciscanos.org.br\/vidacrista\/?p=177454"},"modified":"2020-08-03T13:07:28","modified_gmt":"2020-08-03T16:07:28","slug":"a-discriminacao-dos-afrodescendentes-continua","status":"publish","type":"post","link":"https:\/\/franciscanos.org.br\/vidacrista\/a-discriminacao-dos-afrodescendentes-continua\/","title":{"rendered":"A discrimina\u00e7\u00e3o dos afrodescendentes continua"},"content":{"rendered":"<div id=\"attachment_177455\" style=\"width: 900px\" class=\"wp-caption alignnone\"><img aria-describedby=\"caption-attachment-177455\" decoding=\"async\" loading=\"lazy\" class=\"wp-image-177455 size-full\" src=\"https:\/\/franciscanos.org.br\/vidacrista\/wp-content\/uploads\/2019\/01\/escravos_260119.jpg\" alt=\"\" width=\"890\" height=\"641\" srcset=\"https:\/\/franciscanos.org.br\/vidacrista\/wp-content\/uploads\/2019\/01\/escravos_260119.jpg 890w, https:\/\/franciscanos.org.br\/vidacrista\/wp-content\/uploads\/2019\/01\/escravos_260119-450x324.jpg 450w, https:\/\/franciscanos.org.br\/vidacrista\/wp-content\/uploads\/2019\/01\/escravos_260119-768x553.jpg 768w, https:\/\/franciscanos.org.br\/vidacrista\/wp-content\/uploads\/2019\/01\/escravos_260119-150x108.jpg 150w\" sizes=\"(max-width: 890px) 100vw, 890px\" \/><p id=\"caption-attachment-177455\" class=\"wp-caption-text\">\u00a0 \u00a0 \u00a0 \u00a0 \u00a0 \u00a0 \u00a0 \u00a0 \u00a0 \u00a0 \u00a0 \u00a0 \u00a0 \u00a0 \u00a0 \u00a0 \u00a0 \u00a0 \u00a0 \u00a0 \u00a0 \u00a0 \u00a0 \u00a0 \u00a0 \u00a0 \u00a0 \u00a0 \u00a0 \u00a0 \u00a0 \u00a0 \u00a0 \u00a0 \u00a0 \u00a0 \u00a0 \u00a0 \u00a0 \u00a0 \u00a0 \u00a0 \u00a0 \u00a0 <em>Imagem ilustrativa (fonte: Wikimedia Commons, Jean-Baptiste Debret)<\/em><\/p><\/div>\n<p><strong>Leonardo Boff<\/strong><\/p>\n<p>Uma consequ\u00eancia da campanha eleitoral de 2018, antidemocr\u00e1tica e marcada por um sem-n\u00famero de <em>fake news<\/em> (falsas not\u00edcias), foi o fortalecimento do j\u00e1 existente racismo contra ind\u00edgenas, quilombolas e particularmente contra negros e negras. Segundo o \u00faltimo censo, 55,4% se declaram pardos ou negros. Quer dizer, depois de Qu\u00eania somos a maior na\u00e7\u00e3o negra do mundo. A maioria tem em seu sangue a heran\u00e7a africana. Ali\u00e1s todos, brancos, negros e amarelos e outros somos africanos. Pois foi na \u00c1frica que irrompeu o processo da antropog\u00eanese h\u00e1 milh\u00f5es de anos.<\/p>\n<p>Como nossa hist\u00f3ria foi escrita pela m\u00e3o branca, muitos historiadores tentaram suavizar a escravid\u00e3o. O fato \u00e9 que a escravid\u00e3o desumanizou a todos, senhores e escravos. Ambos viveram a escravid\u00e3o numa permanente s\u00edndrome de medo, de revoltas, de envenenamentos, de assassinatos de patr\u00f5es, de filhos, de assaltos a suas mulheres. Os senhores para cont\u00ea-los e aplicar a viol\u00eancia contra os negros, tiveram de reprimir seu sentido de humanidade e de compaix\u00e3o. Por isso, at\u00e9 hoje as classes dominantes, herdeiras da ordem escravagista, s\u00e3o habitadas por preconceitos de que os negros, os mulatos devem ser tratados com viol\u00eancia e dureza. S\u00e3o consideramos pregui\u00e7osos quando, na verdade, foram eles que constru\u00edram nossas igrejas e edif\u00edcios coloniais.<\/p>\n<p>Os escravos eram quase sempre muito mais numerosos que os brancos. Em Salvador e na capitania de Sergipe, por volta de 1824, eram 666 mil escravos e 192 mil brancos livres (Clovis Moura, Sociologia do negro 1988, p. 232). Em 1818, no Brasil todo, 50,6% da popula\u00e7\u00e3o era de negros escravos (Beozzo, Igreja e escravid\u00e3o, 1980, p. 259). E atualmente como referimos acima, s\u00e3o 55,4% da popula\u00e7\u00e3o.<\/p>\n<p>A escravid\u00e3o desumanizou muito mais os negros. Darcy Ribeiro, em seu extraordin\u00e1rio &#8220;O povo brasileiro&#8221; (1995) resume bem a condi\u00e7\u00e3o escrava:<\/p>\n<p>\u201cSem amor de ningu\u00e9m, sem fam\u00edlia, sem sexo que n\u00e3o fosse a masturba\u00e7\u00e3o, sem nenhuma identifica\u00e7\u00e3o poss\u00edvel com ningu\u00e9m \u2013 seu capataz podia ser um negro, seus companheiros de infort\u00fanio, inimigos -, maltrapilho e sujo, feio e fedido, perebento e enfermo, sem qualquer gozo ou orgulho do corpo, vivia a sua rotina. Esta era sofrer todo dia o castigo di\u00e1rio das chicotadas soltas, para trabalhar atento e tenso. Semanalmente, vinha um castigo preventivo, pedag\u00f3gico, para n\u00e3o pensar em fuga, e, quando chamava aten\u00e7\u00e3o, reca\u00eda sobre ele um castigo exemplar, na forma de mutila\u00e7\u00f5es de dedos, do furo dos seios, de queimaduras com ti\u00e7\u00e3o, de ter todos os dentes quebrados criteriosamente, ou dos a\u00e7oites no pelourinho, sob trezentas chicotadas de uma vez, para matar, ou cinquenta chicotadas di\u00e1rias, para sobreviver. Se fugia e era apanhado, podia ser marcado com ferro, ser queimado vivo, em dias de agonia, na boca da fornalha, ou, de uma vez s\u00f3, jogado nela para arder como um graveto oleoso\u201d (p. 119-120).<\/p>\n<p>Por causa desse tipo de viol\u00eancia, os escravos internalizaram dentro de si o opressor. Para sobreviver, tiveram de assumir a religi\u00e3o, os costumes e a l\u00edngua de seus opressores. Desenvolveram a estrat\u00e9gia do \u00a8jeitinho\u201d para nunca dizerem n\u00e3o e ao mesmo tempo poderem alcan\u00e7ar um objetivo que de outra forma jamais alcan\u00e7ariam.<\/p>\n<p>Mas j\u00e1 h\u00e1 muito tempo surgiu forte a consci\u00eancia da negritude com a determina\u00e7\u00e3o de resgatar a sua identidade, suas religi\u00f5es e sua forma de estar no mundo. Trata-se da constitui\u00e7\u00e3o do sujeito da liberta\u00e7\u00e3o dos negros e negras contra sua inser\u00e7\u00e3o for\u00e7ada na iniqua hist\u00f3ria da barb\u00e1rie branca.<\/p>\n<p>A hist\u00f3ria contada pela m\u00e3o negra n\u00e3o \u00e9 apenas uma hist\u00f3ria contra o branco; \u00e9 uma hist\u00f3ria pr\u00f3pria, que n\u00e3o se confunde com a hist\u00f3ria de seus opressores e escravocratas, embora esteja ligada dialeticamente a ela. Ela est\u00e1 fazendo seu curso livre.<\/p>\n<p>A aboli\u00e7\u00e3o dos escravos em 1888 n\u00e3o significou a aboli\u00e7\u00e3o da mentalidade escravocrata, presente na cultura dominante que continua mantendo centenas de trabalhadores com uma rela\u00e7\u00e3o an\u00e1loga ao dos escravos. Em janeiro de 2019, havia 204 empreendedores cometendo esse crime. Basta ler a recente obra distribu\u00edda em 2019 \u201cEstudos sobre as formas contempor\u00e2neas de trabalho escravo\u201d(Maud) com a colabora\u00e7\u00e3o de quarenta e quatro pesquisadores, cobrindo grande parte da \u00e1rea nacional, organizada pelo conhecido especialista junto com outras, Ricardo Rezende Figueira. A impress\u00e3o final \u00e9 estarrecedora. Como ainda hoje persiste a p\u00e9rfida desumanidade de seres humanos escravizando outros seres humanos?<\/p>\n<p><strong>Leonardo Boff<\/strong> <em>\u00e9 pesquisador e escreveu Consci\u00eancia negra e processo de liberta\u00e7\u00e3o, em \u201cA voz do arco-\u00edris\u201d, Sextante, Rio 2004 pp. 88-106.<\/em><\/p>\n","protected":false},"excerpt":{"rendered":"<p>Artigo de Leonardo Boff<\/p>\n","protected":false},"author":3,"featured_media":184391,"comment_status":"open","ping_status":"open","sticky":false,"template":"","format":"standard","meta":{"footnotes":""},"categories":[26],"tags":[180,59],"yoast_head":"<!-- This site is optimized with the Yoast SEO plugin v19.4 - https:\/\/yoast.com\/wordpress\/plugins\/seo\/ -->\n<title>A discrimina\u00e7\u00e3o dos afrodescendentes continua - Vida Crist\u00e3 - Franciscanos<\/title>\n<meta name=\"robots\" content=\"index, follow, max-snippet:-1, max-image-preview:large, max-video-preview:-1\" \/>\n<link rel=\"canonical\" href=\"https:\/\/franciscanos.org.br\/vidacrista\/a-discriminacao-dos-afrodescendentes-continua\/\" \/>\n<meta property=\"og:locale\" content=\"pt_BR\" \/>\n<meta property=\"og:type\" content=\"article\" \/>\n<meta property=\"og:title\" content=\"A discrimina\u00e7\u00e3o dos afrodescendentes continua - Vida Crist\u00e3 - Franciscanos\" \/>\n<meta property=\"og:description\" content=\"Artigo de Leonardo Boff\" \/>\n<meta property=\"og:url\" content=\"https:\/\/franciscanos.org.br\/vidacrista\/a-discriminacao-dos-afrodescendentes-continua\/\" \/>\n<meta property=\"og:site_name\" content=\"Vida Crist\u00e3 - Franciscanos\" \/>\n<meta property=\"article:published_time\" content=\"2019-01-26T11:59:47+00:00\" \/>\n<meta property=\"article:modified_time\" content=\"2020-08-03T16:07:28+00:00\" \/>\n<meta property=\"og:image\" content=\"https:\/\/franciscanos.org.br\/vidacrista\/wp-content\/uploads\/2019\/01\/escravos_260119-1.jpg\" \/>\n\t<meta property=\"og:image:width\" content=\"800\" \/>\n\t<meta property=\"og:image:height\" content=\"600\" \/>\n\t<meta property=\"og:image:type\" content=\"image\/jpeg\" \/>\n<meta name=\"author\" content=\"moacir\" \/>\n<meta name=\"twitter:card\" content=\"summary_large_image\" \/>\n<meta name=\"twitter:label1\" content=\"Escrito por\" \/>\n\t<meta name=\"twitter:data1\" content=\"moacir\" \/>\n\t<meta name=\"twitter:label2\" content=\"Est. tempo de leitura\" \/>\n\t<meta name=\"twitter:data2\" content=\"4 minutos\" \/>\n<script type=\"application\/ld+json\" class=\"yoast-schema-graph\">{\"@context\":\"https:\/\/schema.org\",\"@graph\":[{\"@type\":\"WebSite\",\"@id\":\"https:\/\/franciscanos.org.br\/vidacrista\/#website\",\"url\":\"https:\/\/franciscanos.org.br\/vidacrista\/\",\"name\":\"Vida Crist\u00e3 - Franciscanos\",\"description\":\"Prov\u00edncia Franciscana da Imaculada Concei\u00e7\u00e3o do Brasil - Ordem dos Frades Menores\",\"potentialAction\":[{\"@type\":\"SearchAction\",\"target\":{\"@type\":\"EntryPoint\",\"urlTemplate\":\"https:\/\/franciscanos.org.br\/vidacrista\/?s={search_term_string}\"},\"query-input\":\"required name=search_term_string\"}],\"inLanguage\":\"pt-BR\"},{\"@type\":\"WebPage\",\"@id\":\"https:\/\/franciscanos.org.br\/vidacrista\/a-discriminacao-dos-afrodescendentes-continua\/\",\"url\":\"https:\/\/franciscanos.org.br\/vidacrista\/a-discriminacao-dos-afrodescendentes-continua\/\",\"name\":\"A discrimina\u00e7\u00e3o dos afrodescendentes continua - Vida Crist\u00e3 - Franciscanos\",\"isPartOf\":{\"@id\":\"https:\/\/franciscanos.org.br\/vidacrista\/#website\"},\"datePublished\":\"2019-01-26T11:59:47+00:00\",\"dateModified\":\"2020-08-03T16:07:28+00:00\",\"author\":{\"@id\":\"https:\/\/franciscanos.org.br\/vidacrista\/#\/schema\/person\/1880bdd2c350b735648725ef7614736a\"},\"breadcrumb\":{\"@id\":\"https:\/\/franciscanos.org.br\/vidacrista\/a-discriminacao-dos-afrodescendentes-continua\/#breadcrumb\"},\"inLanguage\":\"pt-BR\",\"potentialAction\":[{\"@type\":\"ReadAction\",\"target\":[\"https:\/\/franciscanos.org.br\/vidacrista\/a-discriminacao-dos-afrodescendentes-continua\/\"]}]},{\"@type\":\"BreadcrumbList\",\"@id\":\"https:\/\/franciscanos.org.br\/vidacrista\/a-discriminacao-dos-afrodescendentes-continua\/#breadcrumb\",\"itemListElement\":[{\"@type\":\"ListItem\",\"position\":1,\"name\":\"Home\",\"item\":\"https:\/\/franciscanos.org.br\/vidacrista\/\"},{\"@type\":\"ListItem\",\"position\":2,\"name\":\"A discrimina\u00e7\u00e3o dos afrodescendentes continua\"}]},{\"@type\":\"Person\",\"@id\":\"https:\/\/franciscanos.org.br\/vidacrista\/#\/schema\/person\/1880bdd2c350b735648725ef7614736a\",\"name\":\"moacir\",\"image\":{\"@type\":\"ImageObject\",\"inLanguage\":\"pt-BR\",\"@id\":\"https:\/\/franciscanos.org.br\/vidacrista\/#\/schema\/person\/image\/\",\"url\":\"https:\/\/secure.gravatar.com\/avatar\/d08aa2ce4c8dd416d4479aa8536fcf64?s=96&d=mm&r=g\",\"contentUrl\":\"https:\/\/secure.gravatar.com\/avatar\/d08aa2ce4c8dd416d4479aa8536fcf64?s=96&d=mm&r=g\",\"caption\":\"moacir\"},\"url\":\"https:\/\/franciscanos.org.br\/vidacrista\/author\/moacir\/\"}]}<\/script>\n<!-- \/ Yoast SEO plugin. -->","yoast_head_json":{"title":"A discrimina\u00e7\u00e3o dos afrodescendentes continua - Vida Crist\u00e3 - Franciscanos","robots":{"index":"index","follow":"follow","max-snippet":"max-snippet:-1","max-image-preview":"max-image-preview:large","max-video-preview":"max-video-preview:-1"},"canonical":"https:\/\/franciscanos.org.br\/vidacrista\/a-discriminacao-dos-afrodescendentes-continua\/","og_locale":"pt_BR","og_type":"article","og_title":"A discrimina\u00e7\u00e3o dos afrodescendentes continua - Vida Crist\u00e3 - Franciscanos","og_description":"Artigo de Leonardo Boff","og_url":"https:\/\/franciscanos.org.br\/vidacrista\/a-discriminacao-dos-afrodescendentes-continua\/","og_site_name":"Vida Crist\u00e3 - Franciscanos","article_published_time":"2019-01-26T11:59:47+00:00","article_modified_time":"2020-08-03T16:07:28+00:00","og_image":[{"width":800,"height":600,"url":"https:\/\/franciscanos.org.br\/vidacrista\/wp-content\/uploads\/2019\/01\/escravos_260119-1.jpg","type":"image\/jpeg"}],"author":"moacir","twitter_card":"summary_large_image","twitter_misc":{"Escrito por":"moacir","Est. tempo de leitura":"4 minutos"},"schema":{"@context":"https:\/\/schema.org","@graph":[{"@type":"WebSite","@id":"https:\/\/franciscanos.org.br\/vidacrista\/#website","url":"https:\/\/franciscanos.org.br\/vidacrista\/","name":"Vida Crist\u00e3 - Franciscanos","description":"Prov\u00edncia Franciscana da Imaculada Concei\u00e7\u00e3o do Brasil - Ordem dos Frades Menores","potentialAction":[{"@type":"SearchAction","target":{"@type":"EntryPoint","urlTemplate":"https:\/\/franciscanos.org.br\/vidacrista\/?s={search_term_string}"},"query-input":"required name=search_term_string"}],"inLanguage":"pt-BR"},{"@type":"WebPage","@id":"https:\/\/franciscanos.org.br\/vidacrista\/a-discriminacao-dos-afrodescendentes-continua\/","url":"https:\/\/franciscanos.org.br\/vidacrista\/a-discriminacao-dos-afrodescendentes-continua\/","name":"A discrimina\u00e7\u00e3o dos afrodescendentes continua - Vida Crist\u00e3 - Franciscanos","isPartOf":{"@id":"https:\/\/franciscanos.org.br\/vidacrista\/#website"},"datePublished":"2019-01-26T11:59:47+00:00","dateModified":"2020-08-03T16:07:28+00:00","author":{"@id":"https:\/\/franciscanos.org.br\/vidacrista\/#\/schema\/person\/1880bdd2c350b735648725ef7614736a"},"breadcrumb":{"@id":"https:\/\/franciscanos.org.br\/vidacrista\/a-discriminacao-dos-afrodescendentes-continua\/#breadcrumb"},"inLanguage":"pt-BR","potentialAction":[{"@type":"ReadAction","target":["https:\/\/franciscanos.org.br\/vidacrista\/a-discriminacao-dos-afrodescendentes-continua\/"]}]},{"@type":"BreadcrumbList","@id":"https:\/\/franciscanos.org.br\/vidacrista\/a-discriminacao-dos-afrodescendentes-continua\/#breadcrumb","itemListElement":[{"@type":"ListItem","position":1,"name":"Home","item":"https:\/\/franciscanos.org.br\/vidacrista\/"},{"@type":"ListItem","position":2,"name":"A discrimina\u00e7\u00e3o dos afrodescendentes continua"}]},{"@type":"Person","@id":"https:\/\/franciscanos.org.br\/vidacrista\/#\/schema\/person\/1880bdd2c350b735648725ef7614736a","name":"moacir","image":{"@type":"ImageObject","inLanguage":"pt-BR","@id":"https:\/\/franciscanos.org.br\/vidacrista\/#\/schema\/person\/image\/","url":"https:\/\/secure.gravatar.com\/avatar\/d08aa2ce4c8dd416d4479aa8536fcf64?s=96&d=mm&r=g","contentUrl":"https:\/\/secure.gravatar.com\/avatar\/d08aa2ce4c8dd416d4479aa8536fcf64?s=96&d=mm&r=g","caption":"moacir"},"url":"https:\/\/franciscanos.org.br\/vidacrista\/author\/moacir\/"}]}},"_links":{"self":[{"href":"https:\/\/franciscanos.org.br\/vidacrista\/wp-json\/wp\/v2\/posts\/177454"}],"collection":[{"href":"https:\/\/franciscanos.org.br\/vidacrista\/wp-json\/wp\/v2\/posts"}],"about":[{"href":"https:\/\/franciscanos.org.br\/vidacrista\/wp-json\/wp\/v2\/types\/post"}],"author":[{"embeddable":true,"href":"https:\/\/franciscanos.org.br\/vidacrista\/wp-json\/wp\/v2\/users\/3"}],"replies":[{"embeddable":true,"href":"https:\/\/franciscanos.org.br\/vidacrista\/wp-json\/wp\/v2\/comments?post=177454"}],"version-history":[{"count":5,"href":"https:\/\/franciscanos.org.br\/vidacrista\/wp-json\/wp\/v2\/posts\/177454\/revisions"}],"predecessor-version":[{"id":187422,"href":"https:\/\/franciscanos.org.br\/vidacrista\/wp-json\/wp\/v2\/posts\/177454\/revisions\/187422"}],"wp:featuredmedia":[{"embeddable":true,"href":"https:\/\/franciscanos.org.br\/vidacrista\/wp-json\/wp\/v2\/media\/184391"}],"wp:attachment":[{"href":"https:\/\/franciscanos.org.br\/vidacrista\/wp-json\/wp\/v2\/media?parent=177454"}],"wp:term":[{"taxonomy":"category","embeddable":true,"href":"https:\/\/franciscanos.org.br\/vidacrista\/wp-json\/wp\/v2\/categories?post=177454"},{"taxonomy":"post_tag","embeddable":true,"href":"https:\/\/franciscanos.org.br\/vidacrista\/wp-json\/wp\/v2\/tags?post=177454"}],"curies":[{"name":"wp","href":"https:\/\/api.w.org\/{rel}","templated":true}]}}