{"id":176976,"date":"2019-01-08T06:45:05","date_gmt":"2019-01-08T08:45:05","guid":{"rendered":"https:\/\/franciscanos.org.br\/vidacrista\/?p=176976"},"modified":"2021-09-01T15:05:48","modified_gmt":"2021-09-01T18:05:48","slug":"mensagem-do-papa-para-o-dia-mundial-do-doente","status":"publish","type":"post","link":"https:\/\/franciscanos.org.br\/vidacrista\/mensagem-do-papa-para-o-dia-mundial-do-doente\/","title":{"rendered":"Mensagem do Papa Francisco para o Dia Mundial do Doente"},"content":{"rendered":"<p align=\"center\">\n<div id=\"attachment_190399\" style=\"width: 900px\" class=\"wp-caption alignnone\"><img aria-describedby=\"caption-attachment-190399\" decoding=\"async\" loading=\"lazy\" class=\"wp-image-190399 size-full\" src=\"https:\/\/franciscanos.org.br\/vidacrista\/wp-content\/uploads\/2019\/01\/papa_010921_audiencia.jpg\" alt=\"\" width=\"890\" height=\"592\" srcset=\"https:\/\/franciscanos.org.br\/vidacrista\/wp-content\/uploads\/2019\/01\/papa_010921_audiencia.jpg 890w, https:\/\/franciscanos.org.br\/vidacrista\/wp-content\/uploads\/2019\/01\/papa_010921_audiencia-450x299.jpg 450w, https:\/\/franciscanos.org.br\/vidacrista\/wp-content\/uploads\/2019\/01\/papa_010921_audiencia-768x511.jpg 768w, https:\/\/franciscanos.org.br\/vidacrista\/wp-content\/uploads\/2019\/01\/papa_010921_audiencia-150x100.jpg 150w\" sizes=\"(max-width: 890px) 100vw, 890px\" \/><p id=\"caption-attachment-190399\" class=\"wp-caption-text\">\u00a0 \u00a0 \u00a0 \u00a0 \u00a0 \u00a0 \u00a0 \u00a0 \u00a0 \u00a0 \u00a0 \u00a0 \u00a0 \u00a0 \u00a0 \u00a0 \u00a0 \u00a0 \u00a0 \u00a0 \u00a0 \u00a0 \u00a0 \u00a0 \u00a0 \u00a0 \u00a0 \u00a0 \u00a0 \u00a0 \u00a0 \u00a0 \u00a0 \u00a0 \u00a0 \u00a0 \u00a0 \u00a0 \u00a0 \u00a0 \u00a0 \u00a0 \u00a0 \u00a0 \u00a0 \u00a0 \u00a0 \u00a0 \u00a0 \u00a0 \u00a0 \u00a0 \u00a0 \u00a0 \u00a0 \u00a0 \u00a0 <em>\u00a0 \u00a0 \u00a0 \u00a0 Imagem: Vatican Media<\/em><\/p><\/div>\n<p align=\"center\"><i><span style=\"color: #663300; font-size: large;\"><b>MENSAGEM DE SUA SANTIDADE FRANCISCO<br \/>\nPARA O XXVII DIA MUNDIAL DO DOENTE<\/b><\/span><\/i><\/p>\n<p align=\"center\"><span style=\"color: #663300;\">(11 DE FEVEREIRO DE 2019)<\/span><\/p>\n<p align=\"center\"><span style=\"color: #663300;\"><b><i>\u00abRecebestes de gra\u00e7a, dai de gra\u00e7a\u00bb (<\/i>Mt<i>\u00a010, 8)<\/i><\/b><\/span><\/p>\n<p><i>Queridos irm\u00e3os e irm\u00e3s!<\/i><\/p>\n<p>\u00abRecebestes de gra\u00e7a, dai de gra\u00e7a\u00bb (<i>Mt<\/i>\u00a010, 8): estas s\u00e3o palavras pronunciadas por Jesus, quando enviou os ap\u00f3stolos a espalhar o Evangelho, para que, atrav\u00e9s de gestos de amor gratuito, se propagasse o seu Reino.<\/p>\n<p>Por ocasi\u00e3o do XXVII Dia Mundial do Doente, que ser\u00e1 celebrado de modo solene em Calcut\u00e1, na \u00cdndia, a 11 de fevereiro de 2019, a Igreja \u2013 M\u00e3e de todos os seus filhos, mas com uma solicitude especial pelos doentes \u2013 lembra que o caminho mais cred\u00edvel de evangeliza\u00e7\u00e3o s\u00e3o gestos de dom gratuito como os do Bom Samaritano. O cuidado dos doentes precisa de profissionalismo e ternura, de gestos gratuitos, imediatos e simples, como uma car\u00edcia, pelos quais fazemos sentir ao outro que nos \u00e9 \u00abquerido\u00bb.<\/p>\n<p>A vida \u00e9 dom de Deus, pois \u2013 como adverte S\u00e3o Paulo \u2013 \u00abque tens tu que n\u00e3o tenhas recebido?\u00bb (<i>1 Cor<\/i>\u00a04, 7). E, precisamente porque \u00e9 dom, a exist\u00eancia n\u00e3o pode ser considerada como mera possess\u00e3o ou propriedade privada, sobretudo \u00e0 vista das conquistas da medicina e da biotecnologia, que poderiam induzir o homem a ceder \u00e0 tenta\u00e7\u00e3o de manipular a \u00ab\u00e1rvore da vida\u00bb (cf.\u00a0<i>Gn<\/i>\u00a03, 24).<\/p>\n<p>Contra a cultura do descarte e da indiferen\u00e7a, cumpre-me afirmar que se h\u00e1 de colocar o dom como paradigma capaz de desafiar o individualismo e a fragmenta\u00e7\u00e3o social dos nossos dias, para promover novos v\u00ednculos e v\u00e1rias formas de coopera\u00e7\u00e3o humana entre povos e culturas. Como pressuposto do dom, temos o di\u00e1logo, que abre espa\u00e7os relacionais de crescimento e progresso humano capazes de romper os esquemas consolidados de exerc\u00edcio do poder na sociedade. O dar n\u00e3o se identifica com o ato de oferecer um presente, porque s\u00f3 se pode dizer tal se for um dar-se a si mesmo: n\u00e3o se pode reduzir a mera transfer\u00eancia duma propriedade ou dalgum objeto. Distingue-se de presentear, precisamente porque inclui o dom de si mesmo e sup\u00f5e o desejo de estabelecer um v\u00ednculo. Assim, antes de mais nada, o dom \u00e9 um reconhecimento rec\u00edproco, que constitui o car\u00e1ter indispens\u00e1vel do v\u00ednculo social. No dom, h\u00e1 o reflexo do amor de Deus, que culmina na encarna\u00e7\u00e3o do Filho Jesus e na efus\u00e3o do Esp\u00edrito Santo.<\/p>\n<p>Todo o homem \u00e9 pobre, necessitado e indigente. Quando nascemos, para viver tivemos necessidade dos cuidados dos nossos pais; de forma semelhante, em cada fase e etapa da vida, cada um de n\u00f3s nunca conseguir\u00e1, de todo, ver-se livre da necessidade e da ajuda alheia, nunca conseguir\u00e1 arrancar de si mesmo o limite da impot\u00eancia face a algu\u00e9m ou a alguma coisa. Tamb\u00e9m esta \u00e9 uma condi\u00e7\u00e3o que carateriza o nosso ser de \u00abcriaturas\u00bb. O reconhecimento leal desta verdade convida-nos a permanecer humildes e a praticar com coragem a solidariedade, como virtude indispens\u00e1vel \u00e0 exist\u00eancia.<\/p>\n<p>Esta consci\u00eancia impele-nos a uma pr\u00e1xis respons\u00e1vel e responsabilizadora, tendo em vista um bem que \u00e9 indivisivelmente pessoal e comum. Apenas quando o homem se concebe, n\u00e3o como um mundo fechado em si mesmo, mas como algu\u00e9m que, por sua natureza, est\u00e1 ligado a todos os outros, originariamente sentidos como \u00abirm\u00e3os\u00bb, \u00e9 poss\u00edvel uma pr\u00e1xis social solid\u00e1ria, orientada para o bem comum. N\u00e3o devemos ter medo de nos reconhecermos necessitados e incapazes de nos darmos tudo aquilo de que ter\u00edamos necessidade, porque n\u00e3o conseguimos, sozinhos e apenas com as nossas for\u00e7as, vencer todos os limites. N\u00e3o temamos este reconhecimento, porque o pr\u00f3prio Deus, em Jesus, Se rebaixou (cf.\u00a0<i>Flp\u00a0<\/i>2, 8), e rebaixa, at\u00e9 n\u00f3s e at\u00e9 \u00e0s nossas pobrezas para nos ajudar e dar aqueles bens que, sozinhos, nunca poder\u00edamos ter.<\/p>\n<p>Aproveitando a circunst\u00e2ncia desta celebra\u00e7\u00e3o solene na \u00cdndia, quero lembrar, com alegria e admira\u00e7\u00e3o, a figura da Santa Madre Teresa de Calcut\u00e1, um modelo de caridade que tornou vis\u00edvel o amor de Deus pelos pobres e os doentes. Como dizia na sua canoniza\u00e7\u00e3o, \u00abMadre Teresa,\u00a0ao longo de toda a sua exist\u00eancia, foi uma dispensadora generosa da miseric\u00f3rdia divina, fazendo-se dispon\u00edvel a todos, atrav\u00e9s do acolhimento e da defesa da vida humana, dos nascituros e daqueles abandonados e descartados. (&#8230;) Inclinou-se sobre as pessoas indefesas, deixadas moribundas \u00e0 beira da estrada, reconhecendo a dignidade que Deus lhes dera; fez ouvir a sua voz aos poderosos da terra, para que reconhecessem a sua culpa diante dos crimes (\u2026) da pobreza criada por eles mesmos. A miseric\u00f3rdia foi para ela o \u201csal\u201d, que dava sabor a todas as suas obras, e a \u201cluz\u201d que iluminava a escurid\u00e3o de todos aqueles que nem sequer tinham mais l\u00e1grimas para chorar pela sua pobreza e sofrimento.A sua miss\u00e3o nas periferias das cidades e nas periferias existenciais permanece nos nossos dias como um testemunho eloquente da proximidade de Deus junto dos mais pobres entre os pobres\u00bb (<a href=\"http:\/\/w2.vatican.va\/content\/francesco\/pt\/homilies\/2016\/documents\/papa-francesco_20160904_omelia-canonizzazione-madre-teresa.html\"><i>Homilia<\/i>, 4\/IX\/2016<\/a>).<\/p>\n<p>A Santa Madre Teresa ajuda-nos a compreender que o \u00fanico crit\u00e9rio de a\u00e7\u00e3o deve ser o amor gratuito para com todos, sem distin\u00e7\u00e3o de l\u00edngua, cultura, etnia ou religi\u00e3o. O seu exemplo continua a guiar-nos na abertura de horizontes de alegria e esperan\u00e7a para a humanidade necessitada de compreens\u00e3o e ternura, especialmente para as pessoas que sofrem.<\/p>\n<p>A gratuidade humana \u00e9 o fermento da a\u00e7\u00e3o dos volunt\u00e1rios, que t\u00eam tanta import\u00e2ncia no setor socio-sanit\u00e1rio e que vivem de modo eloquente a espiritualidade do Bom Samaritano. Agrade\u00e7o e encorajo todas as associa\u00e7\u00f5es de voluntariado que se ocupam do transporte e assist\u00eancia dos doentes, aquelas que providenciam nas doa\u00e7\u00f5es de sangue, tecidos e \u00f3rg\u00e3os. Um campo especial onde a vossa presen\u00e7a expressa a solicitude da Igreja \u00e9 o da tutela dos direitos dos doentes, sobretudo de quantos se veem afetados por patologias que exigem cuidados especiais, sem esquecer o campo da sensibiliza\u00e7\u00e3o e da preven\u00e7\u00e3o. Revestem-se de import\u00e2ncia fundamental os vossos servi\u00e7os de voluntariado nas estruturas sanit\u00e1rias e no domic\u00edlio, que v\u00e3o da assist\u00eancia sanit\u00e1ria ao apoio espiritual. Deles beneficiam tantas pessoas doentes, s\u00f3s, idosas, com fragilidades ps\u00edquicas e motoras. Exorto-vos a continuar a ser sinal da presen\u00e7a da Igreja no mundo secularizado. O volunt\u00e1rio \u00e9 um amigo desinteressado, a quem se pode confidenciar pensamentos e emo\u00e7\u00f5es; atrav\u00e9s da escuta, ele cria as condi\u00e7\u00f5es para que o doente deixe de ser objeto passivo de cuidados para se tornar sujeito ativo e protagonista duma rela\u00e7\u00e3o de reciprocidade, capaz de recuperar a esperan\u00e7a, mais disposto a aceitar as terapias. O voluntariado comunica valores, comportamentos e estilos de vida que, no centro, t\u00eam o fermento da doa\u00e7\u00e3o. Deste modo realiza-se tamb\u00e9m a humaniza\u00e7\u00e3o dos tratamentos.<\/p>\n<p>A dimens\u00e3o da gratuidade deveria animar sobretudo as estruturas sanit\u00e1rias cat\u00f3licas, porque \u00e9 a l\u00f3gica evang\u00e9lica que qualifica a sua a\u00e7\u00e3o, quer nas zonas mais desenvolvidas quer nas mais carentes do mundo. As estruturas cat\u00f3licas s\u00e3o chamadas a expressar o sentido do dom, da gratuidade e da solidariedade, como resposta \u00e0 l\u00f3gica do lucro a todo o custo, do dar para receber, da explora\u00e7\u00e3o que n\u00e3o respeita as pessoas.<\/p>\n<p>Exorto-vos a todos, nos v\u00e1rios n\u00edveis, a promover a cultura da gratuidade e do dom, indispens\u00e1vel para superar a cultura do lucro e do descarte. As institui\u00e7\u00f5es sanit\u00e1rias cat\u00f3licas n\u00e3o deveriam cair no estilo empresarial, mas salvaguardar mais o cuidado da pessoa que o lucro. Sabemos que a sa\u00fade \u00e9 relacional, depende da intera\u00e7\u00e3o com os outros e precisa de confian\u00e7a, amizade e solidariedade; \u00e9 um bem que s\u00f3 se pode gozar \u00abplenamente\u00bb, se for partilhado. A alegria do dom gratuito \u00e9 o indicador de sa\u00fade do crist\u00e3o.<\/p>\n<p>A todos vos confio a Maria,\u00a0<i>Salus infirmorum<\/i>. Que Ela nos ajude a partilhar os dons recebidos com o esp\u00edrito do di\u00e1logo e m\u00fatuo acolhimento, a viver como irm\u00e3os e irm\u00e3s cada um atento \u00e0s necessidades dos outros, a saber dar com cora\u00e7\u00e3o generoso, a aprender a alegria do servi\u00e7o desinteressado. Com afeto, asseguro a todos a minha proximidade na ora\u00e7\u00e3o e envio-vos de cora\u00e7\u00e3o a B\u00ean\u00e7\u00e3o Apost\u00f3lica.<\/p>\n<p><i>Vaticano, Solenidade de Nosso Senhor Jesus Cristo Rei do Universo, 25 de novembro de 2018.<\/i><\/p>\n<p align=\"center\"><b><i>Franciscus<\/i><\/b><\/p>\n<hr \/>\n<p style=\"text-align: left;\" align=\"center\"><em>Fonte: Vatican News (texto)<\/em><\/p>\n<p style=\"text-align: left;\" align=\"center\"><em>Imagem: https:\/\/www.vatican.va\/content\/francesco\/it\/events\/event.dir.html\/content\/vaticanevents\/it\/2019\/2\/13\/udienzagenerale.html<\/em><\/p>\n","protected":false},"excerpt":{"rendered":"<p>\u00abRecebestes de gra\u00e7a, dai de gra\u00e7a\u00bb<\/p>\n","protected":false},"author":3,"featured_media":190399,"comment_status":"open","ping_status":"open","sticky":false,"template":"","format":"standard","meta":{"footnotes":""},"categories":[22],"tags":[178],"yoast_head":"<!-- This site is optimized with the Yoast SEO plugin v19.4 - https:\/\/yoast.com\/wordpress\/plugins\/seo\/ -->\n<title>Mensagem do Papa Francisco para o Dia Mundial do Doente - Vida Crist\u00e3 - Franciscanos<\/title>\n<meta name=\"robots\" content=\"index, follow, max-snippet:-1, max-image-preview:large, max-video-preview:-1\" \/>\n<link rel=\"canonical\" href=\"https:\/\/franciscanos.org.br\/vidacrista\/mensagem-do-papa-para-o-dia-mundial-do-doente\/\" \/>\n<meta property=\"og:locale\" content=\"pt_BR\" \/>\n<meta property=\"og:type\" content=\"article\" \/>\n<meta property=\"og:title\" content=\"Mensagem do Papa Francisco para o Dia Mundial do Doente - Vida Crist\u00e3 - Franciscanos\" \/>\n<meta property=\"og:description\" content=\"\u00abRecebestes de gra\u00e7a, dai de gra\u00e7a\u00bb\" \/>\n<meta property=\"og:url\" content=\"https:\/\/franciscanos.org.br\/vidacrista\/mensagem-do-papa-para-o-dia-mundial-do-doente\/\" \/>\n<meta property=\"og:site_name\" content=\"Vida Crist\u00e3 - Franciscanos\" \/>\n<meta property=\"article:published_time\" content=\"2019-01-08T08:45:05+00:00\" \/>\n<meta property=\"article:modified_time\" content=\"2021-09-01T18:05:48+00:00\" \/>\n<meta property=\"og:image\" content=\"https:\/\/franciscanos.org.br\/vidacrista\/wp-content\/uploads\/2019\/01\/papa_010921_audiencia.jpg\" \/>\n\t<meta property=\"og:image:width\" content=\"890\" \/>\n\t<meta property=\"og:image:height\" content=\"592\" \/>\n\t<meta property=\"og:image:type\" content=\"image\/jpeg\" \/>\n<meta name=\"author\" content=\"moacir\" \/>\n<meta name=\"twitter:card\" content=\"summary_large_image\" \/>\n<meta name=\"twitter:label1\" content=\"Escrito por\" \/>\n\t<meta name=\"twitter:data1\" content=\"moacir\" \/>\n\t<meta name=\"twitter:label2\" content=\"Est. tempo de leitura\" \/>\n\t<meta name=\"twitter:data2\" content=\"7 minutos\" \/>\n<script type=\"application\/ld+json\" class=\"yoast-schema-graph\">{\"@context\":\"https:\/\/schema.org\",\"@graph\":[{\"@type\":\"WebSite\",\"@id\":\"https:\/\/franciscanos.org.br\/vidacrista\/#website\",\"url\":\"https:\/\/franciscanos.org.br\/vidacrista\/\",\"name\":\"Vida Crist\u00e3 - Franciscanos\",\"description\":\"Prov\u00edncia Franciscana da Imaculada Concei\u00e7\u00e3o do Brasil - Ordem dos Frades Menores\",\"potentialAction\":[{\"@type\":\"SearchAction\",\"target\":{\"@type\":\"EntryPoint\",\"urlTemplate\":\"https:\/\/franciscanos.org.br\/vidacrista\/?s={search_term_string}\"},\"query-input\":\"required name=search_term_string\"}],\"inLanguage\":\"pt-BR\"},{\"@type\":\"WebPage\",\"@id\":\"https:\/\/franciscanos.org.br\/vidacrista\/mensagem-do-papa-para-o-dia-mundial-do-doente\/\",\"url\":\"https:\/\/franciscanos.org.br\/vidacrista\/mensagem-do-papa-para-o-dia-mundial-do-doente\/\",\"name\":\"Mensagem do Papa Francisco para o Dia Mundial do Doente - Vida Crist\u00e3 - Franciscanos\",\"isPartOf\":{\"@id\":\"https:\/\/franciscanos.org.br\/vidacrista\/#website\"},\"datePublished\":\"2019-01-08T08:45:05+00:00\",\"dateModified\":\"2021-09-01T18:05:48+00:00\",\"author\":{\"@id\":\"https:\/\/franciscanos.org.br\/vidacrista\/#\/schema\/person\/1880bdd2c350b735648725ef7614736a\"},\"breadcrumb\":{\"@id\":\"https:\/\/franciscanos.org.br\/vidacrista\/mensagem-do-papa-para-o-dia-mundial-do-doente\/#breadcrumb\"},\"inLanguage\":\"pt-BR\",\"potentialAction\":[{\"@type\":\"ReadAction\",\"target\":[\"https:\/\/franciscanos.org.br\/vidacrista\/mensagem-do-papa-para-o-dia-mundial-do-doente\/\"]}]},{\"@type\":\"BreadcrumbList\",\"@id\":\"https:\/\/franciscanos.org.br\/vidacrista\/mensagem-do-papa-para-o-dia-mundial-do-doente\/#breadcrumb\",\"itemListElement\":[{\"@type\":\"ListItem\",\"position\":1,\"name\":\"Home\",\"item\":\"https:\/\/franciscanos.org.br\/vidacrista\/\"},{\"@type\":\"ListItem\",\"position\":2,\"name\":\"Mensagem do Papa Francisco para o Dia Mundial do Doente\"}]},{\"@type\":\"Person\",\"@id\":\"https:\/\/franciscanos.org.br\/vidacrista\/#\/schema\/person\/1880bdd2c350b735648725ef7614736a\",\"name\":\"moacir\",\"image\":{\"@type\":\"ImageObject\",\"inLanguage\":\"pt-BR\",\"@id\":\"https:\/\/franciscanos.org.br\/vidacrista\/#\/schema\/person\/image\/\",\"url\":\"https:\/\/secure.gravatar.com\/avatar\/d08aa2ce4c8dd416d4479aa8536fcf64?s=96&d=mm&r=g\",\"contentUrl\":\"https:\/\/secure.gravatar.com\/avatar\/d08aa2ce4c8dd416d4479aa8536fcf64?s=96&d=mm&r=g\",\"caption\":\"moacir\"},\"url\":\"https:\/\/franciscanos.org.br\/vidacrista\/author\/moacir\/\"}]}<\/script>\n<!-- \/ Yoast SEO plugin. -->","yoast_head_json":{"title":"Mensagem do Papa Francisco para o Dia Mundial do Doente - Vida Crist\u00e3 - Franciscanos","robots":{"index":"index","follow":"follow","max-snippet":"max-snippet:-1","max-image-preview":"max-image-preview:large","max-video-preview":"max-video-preview:-1"},"canonical":"https:\/\/franciscanos.org.br\/vidacrista\/mensagem-do-papa-para-o-dia-mundial-do-doente\/","og_locale":"pt_BR","og_type":"article","og_title":"Mensagem do Papa Francisco para o Dia Mundial do Doente - Vida Crist\u00e3 - Franciscanos","og_description":"\u00abRecebestes de gra\u00e7a, dai de gra\u00e7a\u00bb","og_url":"https:\/\/franciscanos.org.br\/vidacrista\/mensagem-do-papa-para-o-dia-mundial-do-doente\/","og_site_name":"Vida Crist\u00e3 - Franciscanos","article_published_time":"2019-01-08T08:45:05+00:00","article_modified_time":"2021-09-01T18:05:48+00:00","og_image":[{"width":890,"height":592,"url":"https:\/\/franciscanos.org.br\/vidacrista\/wp-content\/uploads\/2019\/01\/papa_010921_audiencia.jpg","type":"image\/jpeg"}],"author":"moacir","twitter_card":"summary_large_image","twitter_misc":{"Escrito por":"moacir","Est. tempo de leitura":"7 minutos"},"schema":{"@context":"https:\/\/schema.org","@graph":[{"@type":"WebSite","@id":"https:\/\/franciscanos.org.br\/vidacrista\/#website","url":"https:\/\/franciscanos.org.br\/vidacrista\/","name":"Vida Crist\u00e3 - Franciscanos","description":"Prov\u00edncia Franciscana da Imaculada Concei\u00e7\u00e3o do Brasil - Ordem dos Frades Menores","potentialAction":[{"@type":"SearchAction","target":{"@type":"EntryPoint","urlTemplate":"https:\/\/franciscanos.org.br\/vidacrista\/?s={search_term_string}"},"query-input":"required name=search_term_string"}],"inLanguage":"pt-BR"},{"@type":"WebPage","@id":"https:\/\/franciscanos.org.br\/vidacrista\/mensagem-do-papa-para-o-dia-mundial-do-doente\/","url":"https:\/\/franciscanos.org.br\/vidacrista\/mensagem-do-papa-para-o-dia-mundial-do-doente\/","name":"Mensagem do Papa Francisco para o Dia Mundial do Doente - Vida Crist\u00e3 - Franciscanos","isPartOf":{"@id":"https:\/\/franciscanos.org.br\/vidacrista\/#website"},"datePublished":"2019-01-08T08:45:05+00:00","dateModified":"2021-09-01T18:05:48+00:00","author":{"@id":"https:\/\/franciscanos.org.br\/vidacrista\/#\/schema\/person\/1880bdd2c350b735648725ef7614736a"},"breadcrumb":{"@id":"https:\/\/franciscanos.org.br\/vidacrista\/mensagem-do-papa-para-o-dia-mundial-do-doente\/#breadcrumb"},"inLanguage":"pt-BR","potentialAction":[{"@type":"ReadAction","target":["https:\/\/franciscanos.org.br\/vidacrista\/mensagem-do-papa-para-o-dia-mundial-do-doente\/"]}]},{"@type":"BreadcrumbList","@id":"https:\/\/franciscanos.org.br\/vidacrista\/mensagem-do-papa-para-o-dia-mundial-do-doente\/#breadcrumb","itemListElement":[{"@type":"ListItem","position":1,"name":"Home","item":"https:\/\/franciscanos.org.br\/vidacrista\/"},{"@type":"ListItem","position":2,"name":"Mensagem do Papa Francisco para o Dia Mundial do Doente"}]},{"@type":"Person","@id":"https:\/\/franciscanos.org.br\/vidacrista\/#\/schema\/person\/1880bdd2c350b735648725ef7614736a","name":"moacir","image":{"@type":"ImageObject","inLanguage":"pt-BR","@id":"https:\/\/franciscanos.org.br\/vidacrista\/#\/schema\/person\/image\/","url":"https:\/\/secure.gravatar.com\/avatar\/d08aa2ce4c8dd416d4479aa8536fcf64?s=96&d=mm&r=g","contentUrl":"https:\/\/secure.gravatar.com\/avatar\/d08aa2ce4c8dd416d4479aa8536fcf64?s=96&d=mm&r=g","caption":"moacir"},"url":"https:\/\/franciscanos.org.br\/vidacrista\/author\/moacir\/"}]}},"_links":{"self":[{"href":"https:\/\/franciscanos.org.br\/vidacrista\/wp-json\/wp\/v2\/posts\/176976"}],"collection":[{"href":"https:\/\/franciscanos.org.br\/vidacrista\/wp-json\/wp\/v2\/posts"}],"about":[{"href":"https:\/\/franciscanos.org.br\/vidacrista\/wp-json\/wp\/v2\/types\/post"}],"author":[{"embeddable":true,"href":"https:\/\/franciscanos.org.br\/vidacrista\/wp-json\/wp\/v2\/users\/3"}],"replies":[{"embeddable":true,"href":"https:\/\/franciscanos.org.br\/vidacrista\/wp-json\/wp\/v2\/comments?post=176976"}],"version-history":[{"count":6,"href":"https:\/\/franciscanos.org.br\/vidacrista\/wp-json\/wp\/v2\/posts\/176976\/revisions"}],"predecessor-version":[{"id":190400,"href":"https:\/\/franciscanos.org.br\/vidacrista\/wp-json\/wp\/v2\/posts\/176976\/revisions\/190400"}],"wp:featuredmedia":[{"embeddable":true,"href":"https:\/\/franciscanos.org.br\/vidacrista\/wp-json\/wp\/v2\/media\/190399"}],"wp:attachment":[{"href":"https:\/\/franciscanos.org.br\/vidacrista\/wp-json\/wp\/v2\/media?parent=176976"}],"wp:term":[{"taxonomy":"category","embeddable":true,"href":"https:\/\/franciscanos.org.br\/vidacrista\/wp-json\/wp\/v2\/categories?post=176976"},{"taxonomy":"post_tag","embeddable":true,"href":"https:\/\/franciscanos.org.br\/vidacrista\/wp-json\/wp\/v2\/tags?post=176976"}],"curies":[{"name":"wp","href":"https:\/\/api.w.org\/{rel}","templated":true}]}}