{"id":176889,"date":"2019-01-04T07:22:40","date_gmt":"2019-01-04T09:22:40","guid":{"rendered":"https:\/\/franciscanos.org.br\/vidacrista\/?p=176889"},"modified":"2020-05-22T10:13:26","modified_gmt":"2020-05-22T13:13:26","slug":"o-amor-suspenso-na-cruz","status":"publish","type":"post","link":"https:\/\/franciscanos.org.br\/vidacrista\/o-amor-suspenso-na-cruz\/","title":{"rendered":"O amor suspenso na Cruz"},"content":{"rendered":"<p><img decoding=\"async\" loading=\"lazy\" class=\"alignnone size-full wp-image-176890\" src=\"https:\/\/franciscanos.org.br\/vidacrista\/wp-content\/uploads\/2019\/01\/sexta_040119.jpg\" alt=\"\" width=\"890\" height=\"574\" srcset=\"https:\/\/franciscanos.org.br\/vidacrista\/wp-content\/uploads\/2019\/01\/sexta_040119.jpg 890w, https:\/\/franciscanos.org.br\/vidacrista\/wp-content\/uploads\/2019\/01\/sexta_040119-450x290.jpg 450w, https:\/\/franciscanos.org.br\/vidacrista\/wp-content\/uploads\/2019\/01\/sexta_040119-768x495.jpg 768w, https:\/\/franciscanos.org.br\/vidacrista\/wp-content\/uploads\/2019\/01\/sexta_040119-150x97.jpg 150w\" sizes=\"(max-width: 890px) 100vw, 890px\" \/><\/p>\n<p style=\"text-align: right;\"><em>Eu te suplico, \u00f3 Majestade, \u00f3 amor suspenso na cruz! Tu \u00e9s minha esperan\u00e7a, meu ref\u00fagio, minha miseric\u00f3rdia. Tem piedade de mim e ensina-me a te adorar, a te amar, pois \u00e9 meu desejo te adorar e te amar, embora n\u00e3o saiba como faz\u00ea-lo.<\/em><br \/>\n<em>Santo Anselmo, bispo<\/em><\/p>\n<p><strong>&gt;&gt;<\/strong> Ano novo, novos tempos. Uma vez por m\u00eas costumamos nos deter de modo particular diante da ador\u00e1vel figura de Jesus por ocasi\u00e3o da Primeira Sexta-feira. \u00c9 ele, Jesus de Nazar\u00e9, o filho do Pai eterno, o filho da jovem Maria de Nazar\u00e9, aquele que veio visitar nossa terra, beber de nossas fontes, alegrar-se com o por do sol e o baloi\u00e7ar dos campos de trigo, conviver com as pessoas, sentir-se feliz em ver os simples e os pequenos como a mulher que colocava suas moedinhas todas no cofre do templo. Ele veio at\u00e9 mesmo para morrer a nossa morte. Neste come\u00e7o de ano temos vontade de a ele nos consagrar. Seria t\u00e3o bom que nos dirig\u00edssemos a uma capela e, diante do Sant\u00edssimo, consagr\u00e1ssemos ao Cora\u00e7\u00e3o de Jesus esses dias que come\u00e7amos a viver. Nunca podemos esquecer que \u00e9 no tempo que passa que temos a dita de viver e conviver com aquele que tem o peito fissurado de tanto amar.<\/p>\n<p><strong>&gt;&gt;<\/strong> Temos plena convic\u00e7\u00e3o, no universo da f\u00e9, que ele, aquele que enfrentou o supl\u00edcio da cruz, hoje vive. Comprazemo-nos em afirmar que ele \u00e9 o ressuscitado. \u00c9 a vida e nossa vida, como diz o ap\u00f3stolo, est\u00e1 escondida em Cristo Jesus. Uma imagem bela de um autor antigo define o Senhor como \u201cp\u00e1ssaro ensanguentado\u201d. Depois de se debater nas pris\u00f5es de uma rede, rompe fios e correntes, ensanguentado voa para o infinito, retoma a vida e nos chama a viver com ele vida nova nos espa\u00e7os luminosos de um mundo novo que com ele inventamos e constru\u00edmos. Ele \u00e9 o p\u00e1ssaro ensanguentado e triunfantemente vivo para sempre.<\/p>\n<p><strong>&gt;&gt;<\/strong> Ele, o ressuscitado, costuma se misturar conosco e se imiscuir no que somos e vivemos. A palavra do Evangelho toca o fundo de nossa hist\u00f3ria. Palavra que vem do Ressuscitado. Palavra forte que mexe com nossos arranjos existenciais. Palavra exigente que n\u00e3o pode nos deixar indiferentes. Na solene liturgia, na leitura em grupo e em tantos momentos, o Amado nos fala e quer arrancar uma resposta nossa. Ele est\u00e1 a nos falar ao cora\u00e7\u00e3o e a exigir tudo de n\u00f3s para nossa ventura.<\/p>\n<p><strong>&gt;&gt;<\/strong> Por vezes ele se insinua nos mais abandonados e miser\u00e1veis da vida e da hist\u00f3ria: crian\u00e7as sem pais, casais estressados, dores no corpo e dilaceramentos na alma, fragilidade de algu\u00e9m que est\u00e1 \u00e0 beira do desespero, nas l\u00e1grimas daquele que n\u00e3o consegue vencer o pecado e chora convulsivamente, pessoas que, no fim da vida, se deram conta de que podem ainda voltar&#8230; \u201cEstive com fome e me deste de comer&#8230;\u201d.<\/p>\n<p><strong>&gt;&gt;<\/strong> Nesta primeira sexta-feira temos especial e profundo j\u00fabilo de contemplar o Senhor no alto da cruz, no supremo gesto de amor, dando o \u00faltimo suspiro, com o peito aberto pela lan\u00e7a do soldado, dizendo que nada mais podia fazer, nada mais podia dar. Jorra a \u00faltima gota de sangue e o \u00faltimo fiapo de \u00e1gua do Cora\u00e7\u00e3o do Redentor.<\/p>\n<p><strong>&gt;&gt;<\/strong> Podemos fazer nossa esta prece de Santo Anselmo: \u201cEu te pe\u00e7o, \u00f3 Jesus, que ouves os que te amam, pelo amor que manifestaste na cruz pelo homem, faze com que jamais eu sinta desgosto ou vergonha de estar diante de tua cruz; mas que minha alma se compraza em permanecer fielmente sob o teu olhar, e que teus divinos olhos se comprazam em me olhar misericordiosamente\u201d.<\/p>\n","protected":false},"excerpt":{"rendered":"<p>Devo\u00e7\u00e3o da Primeira Sexta-feira do M\u00eas<\/p>\n","protected":false},"author":3,"featured_media":0,"comment_status":"open","ping_status":"open","sticky":false,"template":"","format":"standard","meta":{"footnotes":""},"categories":[105],"tags":[106,112],"yoast_head":"<!-- This site is optimized with the Yoast SEO plugin v19.4 - https:\/\/yoast.com\/wordpress\/plugins\/seo\/ -->\n<title>O amor suspenso na Cruz - Vida Crist\u00e3 - Franciscanos<\/title>\n<meta name=\"robots\" content=\"index, follow, max-snippet:-1, max-image-preview:large, max-video-preview:-1\" \/>\n<link rel=\"canonical\" href=\"https:\/\/franciscanos.org.br\/vidacrista\/o-amor-suspenso-na-cruz\/\" \/>\n<meta property=\"og:locale\" content=\"pt_BR\" \/>\n<meta property=\"og:type\" content=\"article\" \/>\n<meta property=\"og:title\" content=\"O amor suspenso na Cruz - Vida Crist\u00e3 - Franciscanos\" \/>\n<meta property=\"og:description\" content=\"Devo\u00e7\u00e3o da Primeira Sexta-feira do M\u00eas\" \/>\n<meta property=\"og:url\" content=\"https:\/\/franciscanos.org.br\/vidacrista\/o-amor-suspenso-na-cruz\/\" \/>\n<meta property=\"og:site_name\" content=\"Vida Crist\u00e3 - Franciscanos\" \/>\n<meta property=\"article:published_time\" content=\"2019-01-04T09:22:40+00:00\" \/>\n<meta property=\"article:modified_time\" content=\"2020-05-22T13:13:26+00:00\" \/>\n<meta property=\"og:image\" content=\"https:\/\/franciscanos.org.br\/vidacrista\/wp-content\/uploads\/2019\/01\/sexta_040119.jpg\" \/>\n<meta name=\"author\" content=\"moacir\" \/>\n<meta name=\"twitter:card\" content=\"summary_large_image\" \/>\n<meta name=\"twitter:label1\" content=\"Escrito por\" \/>\n\t<meta name=\"twitter:data1\" content=\"moacir\" \/>\n\t<meta name=\"twitter:label2\" content=\"Est. tempo de leitura\" \/>\n\t<meta name=\"twitter:data2\" content=\"3 minutos\" \/>\n<script type=\"application\/ld+json\" class=\"yoast-schema-graph\">{\"@context\":\"https:\/\/schema.org\",\"@graph\":[{\"@type\":\"WebSite\",\"@id\":\"https:\/\/franciscanos.org.br\/vidacrista\/#website\",\"url\":\"https:\/\/franciscanos.org.br\/vidacrista\/\",\"name\":\"Vida Crist\u00e3 - Franciscanos\",\"description\":\"Prov\u00edncia Franciscana da Imaculada Concei\u00e7\u00e3o do Brasil - Ordem dos Frades Menores\",\"potentialAction\":[{\"@type\":\"SearchAction\",\"target\":{\"@type\":\"EntryPoint\",\"urlTemplate\":\"https:\/\/franciscanos.org.br\/vidacrista\/?s={search_term_string}\"},\"query-input\":\"required name=search_term_string\"}],\"inLanguage\":\"pt-BR\"},{\"@type\":\"WebPage\",\"@id\":\"https:\/\/franciscanos.org.br\/vidacrista\/o-amor-suspenso-na-cruz\/\",\"url\":\"https:\/\/franciscanos.org.br\/vidacrista\/o-amor-suspenso-na-cruz\/\",\"name\":\"O amor suspenso na Cruz - Vida Crist\u00e3 - Franciscanos\",\"isPartOf\":{\"@id\":\"https:\/\/franciscanos.org.br\/vidacrista\/#website\"},\"datePublished\":\"2019-01-04T09:22:40+00:00\",\"dateModified\":\"2020-05-22T13:13:26+00:00\",\"author\":{\"@id\":\"https:\/\/franciscanos.org.br\/vidacrista\/#\/schema\/person\/1880bdd2c350b735648725ef7614736a\"},\"breadcrumb\":{\"@id\":\"https:\/\/franciscanos.org.br\/vidacrista\/o-amor-suspenso-na-cruz\/#breadcrumb\"},\"inLanguage\":\"pt-BR\",\"potentialAction\":[{\"@type\":\"ReadAction\",\"target\":[\"https:\/\/franciscanos.org.br\/vidacrista\/o-amor-suspenso-na-cruz\/\"]}]},{\"@type\":\"BreadcrumbList\",\"@id\":\"https:\/\/franciscanos.org.br\/vidacrista\/o-amor-suspenso-na-cruz\/#breadcrumb\",\"itemListElement\":[{\"@type\":\"ListItem\",\"position\":1,\"name\":\"Home\",\"item\":\"https:\/\/franciscanos.org.br\/vidacrista\/\"},{\"@type\":\"ListItem\",\"position\":2,\"name\":\"O amor suspenso na Cruz\"}]},{\"@type\":\"Person\",\"@id\":\"https:\/\/franciscanos.org.br\/vidacrista\/#\/schema\/person\/1880bdd2c350b735648725ef7614736a\",\"name\":\"moacir\",\"image\":{\"@type\":\"ImageObject\",\"inLanguage\":\"pt-BR\",\"@id\":\"https:\/\/franciscanos.org.br\/vidacrista\/#\/schema\/person\/image\/\",\"url\":\"https:\/\/secure.gravatar.com\/avatar\/d08aa2ce4c8dd416d4479aa8536fcf64?s=96&d=mm&r=g\",\"contentUrl\":\"https:\/\/secure.gravatar.com\/avatar\/d08aa2ce4c8dd416d4479aa8536fcf64?s=96&d=mm&r=g\",\"caption\":\"moacir\"},\"url\":\"https:\/\/franciscanos.org.br\/vidacrista\/author\/moacir\/\"}]}<\/script>\n<!-- \/ Yoast SEO plugin. -->","yoast_head_json":{"title":"O amor suspenso na Cruz - Vida Crist\u00e3 - Franciscanos","robots":{"index":"index","follow":"follow","max-snippet":"max-snippet:-1","max-image-preview":"max-image-preview:large","max-video-preview":"max-video-preview:-1"},"canonical":"https:\/\/franciscanos.org.br\/vidacrista\/o-amor-suspenso-na-cruz\/","og_locale":"pt_BR","og_type":"article","og_title":"O amor suspenso na Cruz - Vida Crist\u00e3 - Franciscanos","og_description":"Devo\u00e7\u00e3o da Primeira Sexta-feira do M\u00eas","og_url":"https:\/\/franciscanos.org.br\/vidacrista\/o-amor-suspenso-na-cruz\/","og_site_name":"Vida Crist\u00e3 - Franciscanos","article_published_time":"2019-01-04T09:22:40+00:00","article_modified_time":"2020-05-22T13:13:26+00:00","og_image":[{"url":"https:\/\/franciscanos.org.br\/vidacrista\/wp-content\/uploads\/2019\/01\/sexta_040119.jpg"}],"author":"moacir","twitter_card":"summary_large_image","twitter_misc":{"Escrito por":"moacir","Est. tempo de leitura":"3 minutos"},"schema":{"@context":"https:\/\/schema.org","@graph":[{"@type":"WebSite","@id":"https:\/\/franciscanos.org.br\/vidacrista\/#website","url":"https:\/\/franciscanos.org.br\/vidacrista\/","name":"Vida Crist\u00e3 - Franciscanos","description":"Prov\u00edncia Franciscana da Imaculada Concei\u00e7\u00e3o do Brasil - Ordem dos Frades Menores","potentialAction":[{"@type":"SearchAction","target":{"@type":"EntryPoint","urlTemplate":"https:\/\/franciscanos.org.br\/vidacrista\/?s={search_term_string}"},"query-input":"required name=search_term_string"}],"inLanguage":"pt-BR"},{"@type":"WebPage","@id":"https:\/\/franciscanos.org.br\/vidacrista\/o-amor-suspenso-na-cruz\/","url":"https:\/\/franciscanos.org.br\/vidacrista\/o-amor-suspenso-na-cruz\/","name":"O amor suspenso na Cruz - Vida Crist\u00e3 - Franciscanos","isPartOf":{"@id":"https:\/\/franciscanos.org.br\/vidacrista\/#website"},"datePublished":"2019-01-04T09:22:40+00:00","dateModified":"2020-05-22T13:13:26+00:00","author":{"@id":"https:\/\/franciscanos.org.br\/vidacrista\/#\/schema\/person\/1880bdd2c350b735648725ef7614736a"},"breadcrumb":{"@id":"https:\/\/franciscanos.org.br\/vidacrista\/o-amor-suspenso-na-cruz\/#breadcrumb"},"inLanguage":"pt-BR","potentialAction":[{"@type":"ReadAction","target":["https:\/\/franciscanos.org.br\/vidacrista\/o-amor-suspenso-na-cruz\/"]}]},{"@type":"BreadcrumbList","@id":"https:\/\/franciscanos.org.br\/vidacrista\/o-amor-suspenso-na-cruz\/#breadcrumb","itemListElement":[{"@type":"ListItem","position":1,"name":"Home","item":"https:\/\/franciscanos.org.br\/vidacrista\/"},{"@type":"ListItem","position":2,"name":"O amor suspenso na Cruz"}]},{"@type":"Person","@id":"https:\/\/franciscanos.org.br\/vidacrista\/#\/schema\/person\/1880bdd2c350b735648725ef7614736a","name":"moacir","image":{"@type":"ImageObject","inLanguage":"pt-BR","@id":"https:\/\/franciscanos.org.br\/vidacrista\/#\/schema\/person\/image\/","url":"https:\/\/secure.gravatar.com\/avatar\/d08aa2ce4c8dd416d4479aa8536fcf64?s=96&d=mm&r=g","contentUrl":"https:\/\/secure.gravatar.com\/avatar\/d08aa2ce4c8dd416d4479aa8536fcf64?s=96&d=mm&r=g","caption":"moacir"},"url":"https:\/\/franciscanos.org.br\/vidacrista\/author\/moacir\/"}]}},"_links":{"self":[{"href":"https:\/\/franciscanos.org.br\/vidacrista\/wp-json\/wp\/v2\/posts\/176889"}],"collection":[{"href":"https:\/\/franciscanos.org.br\/vidacrista\/wp-json\/wp\/v2\/posts"}],"about":[{"href":"https:\/\/franciscanos.org.br\/vidacrista\/wp-json\/wp\/v2\/types\/post"}],"author":[{"embeddable":true,"href":"https:\/\/franciscanos.org.br\/vidacrista\/wp-json\/wp\/v2\/users\/3"}],"replies":[{"embeddable":true,"href":"https:\/\/franciscanos.org.br\/vidacrista\/wp-json\/wp\/v2\/comments?post=176889"}],"version-history":[{"count":2,"href":"https:\/\/franciscanos.org.br\/vidacrista\/wp-json\/wp\/v2\/posts\/176889\/revisions"}],"predecessor-version":[{"id":176893,"href":"https:\/\/franciscanos.org.br\/vidacrista\/wp-json\/wp\/v2\/posts\/176889\/revisions\/176893"}],"wp:attachment":[{"href":"https:\/\/franciscanos.org.br\/vidacrista\/wp-json\/wp\/v2\/media?parent=176889"}],"wp:term":[{"taxonomy":"category","embeddable":true,"href":"https:\/\/franciscanos.org.br\/vidacrista\/wp-json\/wp\/v2\/categories?post=176889"},{"taxonomy":"post_tag","embeddable":true,"href":"https:\/\/franciscanos.org.br\/vidacrista\/wp-json\/wp\/v2\/tags?post=176889"}],"curies":[{"name":"wp","href":"https:\/\/api.w.org\/{rel}","templated":true}]}}