{"id":176823,"date":"2019-01-02T10:01:46","date_gmt":"2019-01-02T12:01:46","guid":{"rendered":"https:\/\/franciscanos.org.br\/vidacrista\/?p=176823"},"modified":"2021-09-10T15:32:40","modified_gmt":"2021-09-10T18:32:40","slug":"natal-para-o-pobre-lazaro","status":"publish","type":"post","link":"https:\/\/franciscanos.org.br\/vidacrista\/natal-para-o-pobre-lazaro\/","title":{"rendered":"Natal para o pobre L\u00e1zaro"},"content":{"rendered":"<div id=\"attachment_190573\" style=\"width: 474px\" class=\"wp-caption alignright\"><img aria-describedby=\"caption-attachment-190573\" decoding=\"async\" loading=\"lazy\" class=\"wp-image-190573\" src=\"https:\/\/franciscanos.org.br\/vidacrista\/wp-content\/uploads\/2019\/01\/artigo_09.jpg\" alt=\"\" width=\"464\" height=\"707\" srcset=\"https:\/\/franciscanos.org.br\/vidacrista\/wp-content\/uploads\/2019\/01\/artigo_09.jpg 656w, https:\/\/franciscanos.org.br\/vidacrista\/wp-content\/uploads\/2019\/01\/artigo_09-295x450.jpg 295w, https:\/\/franciscanos.org.br\/vidacrista\/wp-content\/uploads\/2019\/01\/artigo_09-150x229.jpg 150w\" sizes=\"(max-width: 464px) 100vw, 464px\" \/><p id=\"caption-attachment-190573\" class=\"wp-caption-text\"><em>Imagem: Fyodor Bronnikov, 1886 (wikipedia, dom\u00ednio p\u00fablico).<\/em><\/p><\/div>\n<p><strong>Pe. Ademir Guedes Azevedo, cp<\/strong><\/p>\n<p>O Evangelho de S\u00e3o Lucas (16,19-31) apresenta um rico opulento e um pobre, chamado L\u00e1zaro, que mendigava \u00e0 sua porta. O texto diz que o miser\u00e1vel homem alimentava-se das migalhas que caiam da mesa do rico. Sabemos que o nome L\u00e1zaro significa <em>\u201cDeus ajudou\u201d<\/em>. Na verdade, L\u00e1zaro representa aqueles que s\u00e3o desfrutados, esquecidos, que n\u00e3o s\u00e3o vistos, que j\u00e1 n\u00e3o t\u00eam for\u00e7a para trabalhar (o pobre estava sentado no ch\u00e3o), s\u00e3o aqueles transformados por n\u00f3s em personagens banais, ou seja, n\u00f3s os vemos, mas s\u00e3o indiferentes ao nosso olhar. L\u00e1zaro neste mundo est\u00e1 realmente sozinho, sem eira nem beira.<\/p>\n<p>No entanto, n\u00e3o podemos dizer o mesmo em rela\u00e7\u00e3o a preocupa\u00e7\u00e3o de Deus para com ele. Trata-se de uma outra l\u00f3gica. Vamos usar nossa imagina\u00e7\u00e3o e refletir que toda iniciativa divina consiste em libertar o homem de sua condi\u00e7\u00e3o lazarenta. Toda a hist\u00f3ria de salva\u00e7\u00e3o segue esta din\u00e2mica. Assim, feito escravo no Egito, ao pobre L\u00e1zaro (os hebreus) lhe restou apenas a for\u00e7a para gritar. Seu grito chegou aos ouvidos de Deus, e este desceu para libert\u00e1-lo do maldito fardo que pesava sobre os seus ombros, atrav\u00e9s da guia de Mois\u00e9s. Tantas vezes na dureza do deserto, L\u00e1zaro duvidou desta liberta\u00e7\u00e3o e buscou outros amores. Mas o Amado o conduziu outra vez ao deserto (Os 2,14) para falar-lhe ao cora\u00e7\u00e3o, como esposo que n\u00e3o quer ser mais tra\u00eddo por sua esposa.<\/p>\n<p>L\u00e1zaro est\u00e1 vulner\u00e1vel n\u00e3o apenas \u00e0 fome, \u00e0 sede, ao sol, \u00e0 chuva, mas sobretudo \u00e0 maldade sem limites dos imp\u00e9rios deste mundo. Assim foi em rela\u00e7\u00e3o a Babil\u00f4nia, no ex\u00edlio. Contudo uma coisa \u00e9 certa: o pobre massacrado pela bota dos grandes aprendeu a colocar a sua esperan\u00e7a na chegada do dia de Deus. Os profetas j\u00e1 o anunciavam. Foi esperado como dia glorioso, onde todos comeriam juntos, sem desigualdades, seria de plena harmonia e, sobretudo, de Justi\u00e7a e de Paz.<\/p>\n<p>Passaram-se s\u00e9culos at\u00e9 que todas as profecias se cumprissem. E o pr\u00f3prio Deus, para subverter os s\u00e1bios e inteligentes deste mundo, escolheu assumir uma vida lazarenta \u00a0para estar ao lado de todos os l\u00e1zaros da hist\u00f3ria. Exatamente, foi pela via da contram\u00e3o que aconteceu o total aniquilamento e K\u00e9nosis divina: Deus feito homem. Mas tudo com um \u00fanico objetivo: para elevar os L\u00e1zaros. Quem podia imaginar isso? Mas foi assim mesmo: n\u00e3o veio pelos pal\u00e1cios nem em ber\u00e7o de ouro, n\u00e3o foi em nenhuma loja com pisca pisca, nem foi trazido por nenhum velhinho de barba branca. O certo \u00e9 que os pag\u00e3os, aqueles que n\u00e3o pertenciam a casta dos doutores religiosos, e um grupo de pastores tidos como homens de m\u00e3 fama (tamb\u00e9m l\u00e1zaros) foram os primeiros a procur\u00e1-lo guiados por uma estrela para ador\u00e1-lo.<\/p>\n<p>No grande centro do poder estava Herodes preocupad\u00edssimo com toda esta hist\u00f3ria. Quando n\u00e3o satisfazia seu egocentrismo apelava para a morte violenta e assim muitos morreram sem merecer. N\u00e3o foi a toa que Fl\u00e1vio Josefo o descreveu como impiedoso tamb\u00e9m com seus soldados. O mesmo historiador acrescenta que todo seu \u00f3dio incontrol\u00e1vel lhe custou um tumor no est\u00f4mago. Quem diria que L\u00e1zaro, fedorento e faminto, poderia incomodar tanto os poderosos que sempre lhe humilharam com os grandes banquetes e com as altas taxas de impostos?<\/p>\n<p>Natal sem L\u00e1zaro n\u00e3o passa de um conto de fadas. Deus se aniquilou para redimir toda vida lazarenta da hist\u00f3ria. Mesmo que n\u00e3o queiramos admitir, mas esta \u00e9 a pura verdade: o nascimento de Jesus foi primeiramente para os l\u00e1zaros que est\u00e3o ca\u00eddos pelo ch\u00e3o, nos por\u00f5es escuros da humanidade.<\/p>\n<p>Chegamos a nosso s\u00e9culo e, infelizmente, estamos ainda presenciando uma vida lazarenta porque n\u00e3o fomos suficientemente colaboradores fi\u00e9is de Deus. Herodes continua com seus herdeiros: fechando as fronteiras para humilhar os imigrantes, propagando amea\u00e7as aos povos nativos com a cal\u00fania de serem terroristas. Sem contar a persist\u00eancia por um discurso de ordem e progresso sem o respeito pelas diferen\u00e7as lazarentas. A heran\u00e7a de Herodes parece avan\u00e7ar sem piedade. Onde ser\u00e1 que L\u00e1zaro nascer\u00e1 primeiro? Quem ter\u00e1 a alegria de escutar seu choro na noite? Seriam os herodes nos seus pal\u00e1cios que vomitam de tanto comer? Seriam os protagonistas de uma religi\u00e3o burguesa que se re\u00fanem para trocar presentinhos, mas n\u00e3o abrem as portas para levantar o pobre L\u00e1zaro do ch\u00e3o? Duvido que isso seja Natal!<\/p>\n<p>Chegou o tempo de sermos mais humildes. Reconhecermos nossa condi\u00e7\u00e3o lazarenta para sermos mais solid\u00e1rios e humanos. Abrir as nossas portas, darmos o melhor espa\u00e7o a L\u00e1zaro e empenharmo-nos por um mundo sem Herodes. Isso sim nos far\u00e1 rejubilar de esperan\u00e7a quando ouvirmos mais uma vez a Palavra de Deus: \u201cN\u00e3o tenhais medo! Eu vos anuncio uma grande alegria, que ser\u00e1 tamb\u00e9m a de todo o povo: hoje, na cidade de Davi, nasceu para v\u00f3s o Salvador, que \u00e9 o Cristo (L\u00e1zaro!) Senhor\u201d (Lc 2,10). Tenhamos todos um feliz natal, mas sem esquecer dos l\u00e1zaros!<\/p>\n<hr \/>\n<p><strong>Pe. Ademir Guedes Azevedo<\/strong> <em>\u00e9 mission\u00e1rio passionista e mestrando em teologia fundamental na Pontif\u00edcia Universidade Gregoriana.<\/em><\/p>\n","protected":false},"excerpt":{"rendered":"<p>Artigo de Pe. Ademir Guedes Azevedo, cp<\/p>\n","protected":false},"author":3,"featured_media":190574,"comment_status":"open","ping_status":"open","sticky":false,"template":"","format":"standard","meta":{"footnotes":""},"categories":[26],"tags":[188],"yoast_head":"<!-- This site is optimized with the Yoast SEO plugin v19.4 - https:\/\/yoast.com\/wordpress\/plugins\/seo\/ -->\n<title>Natal para o pobre L\u00e1zaro - Vida Crist\u00e3 - Franciscanos<\/title>\n<meta name=\"robots\" content=\"index, follow, max-snippet:-1, max-image-preview:large, max-video-preview:-1\" \/>\n<link rel=\"canonical\" href=\"https:\/\/franciscanos.org.br\/vidacrista\/natal-para-o-pobre-lazaro\/\" \/>\n<meta property=\"og:locale\" content=\"pt_BR\" \/>\n<meta property=\"og:type\" content=\"article\" \/>\n<meta property=\"og:title\" content=\"Natal para o pobre L\u00e1zaro - Vida Crist\u00e3 - Franciscanos\" \/>\n<meta property=\"og:description\" content=\"Artigo de Pe. Ademir Guedes Azevedo, cp\" \/>\n<meta property=\"og:url\" content=\"https:\/\/franciscanos.org.br\/vidacrista\/natal-para-o-pobre-lazaro\/\" \/>\n<meta property=\"og:site_name\" content=\"Vida Crist\u00e3 - Franciscanos\" \/>\n<meta property=\"article:published_time\" content=\"2019-01-02T12:01:46+00:00\" \/>\n<meta property=\"article:modified_time\" content=\"2021-09-10T18:32:40+00:00\" \/>\n<meta property=\"og:image\" content=\"https:\/\/franciscanos.org.br\/vidacrista\/wp-content\/uploads\/2019\/01\/artigo_09d.jpg\" \/>\n\t<meta property=\"og:image:width\" content=\"656\" \/>\n\t<meta property=\"og:image:height\" content=\"370\" \/>\n\t<meta property=\"og:image:type\" content=\"image\/jpeg\" \/>\n<meta name=\"author\" content=\"moacir\" \/>\n<meta name=\"twitter:card\" content=\"summary_large_image\" \/>\n<meta name=\"twitter:label1\" content=\"Escrito por\" \/>\n\t<meta name=\"twitter:data1\" content=\"moacir\" \/>\n\t<meta name=\"twitter:label2\" content=\"Est. tempo de leitura\" \/>\n\t<meta name=\"twitter:data2\" content=\"5 minutos\" \/>\n<script type=\"application\/ld+json\" class=\"yoast-schema-graph\">{\"@context\":\"https:\/\/schema.org\",\"@graph\":[{\"@type\":\"WebSite\",\"@id\":\"https:\/\/franciscanos.org.br\/vidacrista\/#website\",\"url\":\"https:\/\/franciscanos.org.br\/vidacrista\/\",\"name\":\"Vida Crist\u00e3 - Franciscanos\",\"description\":\"Prov\u00edncia Franciscana da Imaculada Concei\u00e7\u00e3o do Brasil - Ordem dos Frades Menores\",\"potentialAction\":[{\"@type\":\"SearchAction\",\"target\":{\"@type\":\"EntryPoint\",\"urlTemplate\":\"https:\/\/franciscanos.org.br\/vidacrista\/?s={search_term_string}\"},\"query-input\":\"required name=search_term_string\"}],\"inLanguage\":\"pt-BR\"},{\"@type\":\"WebPage\",\"@id\":\"https:\/\/franciscanos.org.br\/vidacrista\/natal-para-o-pobre-lazaro\/\",\"url\":\"https:\/\/franciscanos.org.br\/vidacrista\/natal-para-o-pobre-lazaro\/\",\"name\":\"Natal para o pobre L\u00e1zaro - Vida Crist\u00e3 - Franciscanos\",\"isPartOf\":{\"@id\":\"https:\/\/franciscanos.org.br\/vidacrista\/#website\"},\"datePublished\":\"2019-01-02T12:01:46+00:00\",\"dateModified\":\"2021-09-10T18:32:40+00:00\",\"author\":{\"@id\":\"https:\/\/franciscanos.org.br\/vidacrista\/#\/schema\/person\/1880bdd2c350b735648725ef7614736a\"},\"breadcrumb\":{\"@id\":\"https:\/\/franciscanos.org.br\/vidacrista\/natal-para-o-pobre-lazaro\/#breadcrumb\"},\"inLanguage\":\"pt-BR\",\"potentialAction\":[{\"@type\":\"ReadAction\",\"target\":[\"https:\/\/franciscanos.org.br\/vidacrista\/natal-para-o-pobre-lazaro\/\"]}]},{\"@type\":\"BreadcrumbList\",\"@id\":\"https:\/\/franciscanos.org.br\/vidacrista\/natal-para-o-pobre-lazaro\/#breadcrumb\",\"itemListElement\":[{\"@type\":\"ListItem\",\"position\":1,\"name\":\"Home\",\"item\":\"https:\/\/franciscanos.org.br\/vidacrista\/\"},{\"@type\":\"ListItem\",\"position\":2,\"name\":\"Natal para o pobre L\u00e1zaro\"}]},{\"@type\":\"Person\",\"@id\":\"https:\/\/franciscanos.org.br\/vidacrista\/#\/schema\/person\/1880bdd2c350b735648725ef7614736a\",\"name\":\"moacir\",\"image\":{\"@type\":\"ImageObject\",\"inLanguage\":\"pt-BR\",\"@id\":\"https:\/\/franciscanos.org.br\/vidacrista\/#\/schema\/person\/image\/\",\"url\":\"https:\/\/secure.gravatar.com\/avatar\/d08aa2ce4c8dd416d4479aa8536fcf64?s=96&d=mm&r=g\",\"contentUrl\":\"https:\/\/secure.gravatar.com\/avatar\/d08aa2ce4c8dd416d4479aa8536fcf64?s=96&d=mm&r=g\",\"caption\":\"moacir\"},\"url\":\"https:\/\/franciscanos.org.br\/vidacrista\/author\/moacir\/\"}]}<\/script>\n<!-- \/ Yoast SEO plugin. -->","yoast_head_json":{"title":"Natal para o pobre L\u00e1zaro - Vida Crist\u00e3 - Franciscanos","robots":{"index":"index","follow":"follow","max-snippet":"max-snippet:-1","max-image-preview":"max-image-preview:large","max-video-preview":"max-video-preview:-1"},"canonical":"https:\/\/franciscanos.org.br\/vidacrista\/natal-para-o-pobre-lazaro\/","og_locale":"pt_BR","og_type":"article","og_title":"Natal para o pobre L\u00e1zaro - Vida Crist\u00e3 - Franciscanos","og_description":"Artigo de Pe. Ademir Guedes Azevedo, cp","og_url":"https:\/\/franciscanos.org.br\/vidacrista\/natal-para-o-pobre-lazaro\/","og_site_name":"Vida Crist\u00e3 - Franciscanos","article_published_time":"2019-01-02T12:01:46+00:00","article_modified_time":"2021-09-10T18:32:40+00:00","og_image":[{"width":656,"height":370,"url":"https:\/\/franciscanos.org.br\/vidacrista\/wp-content\/uploads\/2019\/01\/artigo_09d.jpg","type":"image\/jpeg"}],"author":"moacir","twitter_card":"summary_large_image","twitter_misc":{"Escrito por":"moacir","Est. tempo de leitura":"5 minutos"},"schema":{"@context":"https:\/\/schema.org","@graph":[{"@type":"WebSite","@id":"https:\/\/franciscanos.org.br\/vidacrista\/#website","url":"https:\/\/franciscanos.org.br\/vidacrista\/","name":"Vida Crist\u00e3 - Franciscanos","description":"Prov\u00edncia Franciscana da Imaculada Concei\u00e7\u00e3o do Brasil - Ordem dos Frades Menores","potentialAction":[{"@type":"SearchAction","target":{"@type":"EntryPoint","urlTemplate":"https:\/\/franciscanos.org.br\/vidacrista\/?s={search_term_string}"},"query-input":"required name=search_term_string"}],"inLanguage":"pt-BR"},{"@type":"WebPage","@id":"https:\/\/franciscanos.org.br\/vidacrista\/natal-para-o-pobre-lazaro\/","url":"https:\/\/franciscanos.org.br\/vidacrista\/natal-para-o-pobre-lazaro\/","name":"Natal para o pobre L\u00e1zaro - Vida Crist\u00e3 - Franciscanos","isPartOf":{"@id":"https:\/\/franciscanos.org.br\/vidacrista\/#website"},"datePublished":"2019-01-02T12:01:46+00:00","dateModified":"2021-09-10T18:32:40+00:00","author":{"@id":"https:\/\/franciscanos.org.br\/vidacrista\/#\/schema\/person\/1880bdd2c350b735648725ef7614736a"},"breadcrumb":{"@id":"https:\/\/franciscanos.org.br\/vidacrista\/natal-para-o-pobre-lazaro\/#breadcrumb"},"inLanguage":"pt-BR","potentialAction":[{"@type":"ReadAction","target":["https:\/\/franciscanos.org.br\/vidacrista\/natal-para-o-pobre-lazaro\/"]}]},{"@type":"BreadcrumbList","@id":"https:\/\/franciscanos.org.br\/vidacrista\/natal-para-o-pobre-lazaro\/#breadcrumb","itemListElement":[{"@type":"ListItem","position":1,"name":"Home","item":"https:\/\/franciscanos.org.br\/vidacrista\/"},{"@type":"ListItem","position":2,"name":"Natal para o pobre L\u00e1zaro"}]},{"@type":"Person","@id":"https:\/\/franciscanos.org.br\/vidacrista\/#\/schema\/person\/1880bdd2c350b735648725ef7614736a","name":"moacir","image":{"@type":"ImageObject","inLanguage":"pt-BR","@id":"https:\/\/franciscanos.org.br\/vidacrista\/#\/schema\/person\/image\/","url":"https:\/\/secure.gravatar.com\/avatar\/d08aa2ce4c8dd416d4479aa8536fcf64?s=96&d=mm&r=g","contentUrl":"https:\/\/secure.gravatar.com\/avatar\/d08aa2ce4c8dd416d4479aa8536fcf64?s=96&d=mm&r=g","caption":"moacir"},"url":"https:\/\/franciscanos.org.br\/vidacrista\/author\/moacir\/"}]}},"_links":{"self":[{"href":"https:\/\/franciscanos.org.br\/vidacrista\/wp-json\/wp\/v2\/posts\/176823"}],"collection":[{"href":"https:\/\/franciscanos.org.br\/vidacrista\/wp-json\/wp\/v2\/posts"}],"about":[{"href":"https:\/\/franciscanos.org.br\/vidacrista\/wp-json\/wp\/v2\/types\/post"}],"author":[{"embeddable":true,"href":"https:\/\/franciscanos.org.br\/vidacrista\/wp-json\/wp\/v2\/users\/3"}],"replies":[{"embeddable":true,"href":"https:\/\/franciscanos.org.br\/vidacrista\/wp-json\/wp\/v2\/comments?post=176823"}],"version-history":[{"count":6,"href":"https:\/\/franciscanos.org.br\/vidacrista\/wp-json\/wp\/v2\/posts\/176823\/revisions"}],"predecessor-version":[{"id":190576,"href":"https:\/\/franciscanos.org.br\/vidacrista\/wp-json\/wp\/v2\/posts\/176823\/revisions\/190576"}],"wp:featuredmedia":[{"embeddable":true,"href":"https:\/\/franciscanos.org.br\/vidacrista\/wp-json\/wp\/v2\/media\/190574"}],"wp:attachment":[{"href":"https:\/\/franciscanos.org.br\/vidacrista\/wp-json\/wp\/v2\/media?parent=176823"}],"wp:term":[{"taxonomy":"category","embeddable":true,"href":"https:\/\/franciscanos.org.br\/vidacrista\/wp-json\/wp\/v2\/categories?post=176823"},{"taxonomy":"post_tag","embeddable":true,"href":"https:\/\/franciscanos.org.br\/vidacrista\/wp-json\/wp\/v2\/tags?post=176823"}],"curies":[{"name":"wp","href":"https:\/\/api.w.org\/{rel}","templated":true}]}}