{"id":176607,"date":"2018-12-12T10:05:35","date_gmt":"2018-12-12T12:05:35","guid":{"rendered":"https:\/\/franciscanos.org.br\/vidacrista\/?p=176607"},"modified":"2020-08-03T14:41:28","modified_gmt":"2020-08-03T17:41:28","slug":"a-tolice-do-antiglobalismo","status":"publish","type":"post","link":"https:\/\/franciscanos.org.br\/vidacrista\/a-tolice-do-antiglobalismo\/","title":{"rendered":"A tolice do\u00a0antiglobalismo. Por um ecologia integral."},"content":{"rendered":"<p>&nbsp;<\/p>\n<div id=\"attachment_186308\" style=\"width: 850px\" class=\"wp-caption alignnone\"><img aria-describedby=\"caption-attachment-186308\" decoding=\"async\" loading=\"lazy\" class=\"wp-image-186308 size-full\" src=\"https:\/\/franciscanos.org.br\/vidacrista\/wp-content\/uploads\/2018\/12\/artigo_0503.jpg\" alt=\"\" width=\"840\" height=\"450\" srcset=\"https:\/\/franciscanos.org.br\/vidacrista\/wp-content\/uploads\/2018\/12\/artigo_0503.jpg 840w, https:\/\/franciscanos.org.br\/vidacrista\/wp-content\/uploads\/2018\/12\/artigo_0503-450x241.jpg 450w, https:\/\/franciscanos.org.br\/vidacrista\/wp-content\/uploads\/2018\/12\/artigo_0503-768x411.jpg 768w, https:\/\/franciscanos.org.br\/vidacrista\/wp-content\/uploads\/2018\/12\/artigo_0503-150x80.jpg 150w\" sizes=\"(max-width: 840px) 100vw, 840px\" \/><p id=\"caption-attachment-186308\" class=\"wp-caption-text\">\u00a0 \u00a0 \u00a0 \u00a0 \u00a0 \u00a0 \u00a0 \u00a0 \u00a0 \u00a0 \u00a0 \u00a0 \u00a0 \u00a0 \u00a0 \u00a0 \u00a0 \u00a0 \u00a0 \u00a0 \u00a0 \u00a0 \u00a0 \u00a0 \u00a0 \u00a0 \u00a0 \u00a0 \u00a0 \u00a0 \u00a0 \u00a0 \u00a0 \u00a0 \u00a0 \u00a0 \u00a0 \u00a0 \u00a0 \u00a0 \u00a0 \u00a0 \u00a0 \u00a0 \u00a0 \u00a0 \u00a0 \u00a0 \u00a0 \u00a0 <em>\u00a0 \u00a0Imagem ilustrativa (fonte: Acervo Prov\u00edncia da Imaculada)<\/em><\/p><\/div>\n<p><strong>Leonardo Boff<\/strong><\/p>\n<p>Est\u00e1 ocorrendo pelo mundo afora uma onda antiglobalista. Talvez haja poucas coisas mais regressivas e disparatadas no mundo atual do que esta. Havia um certo antiglobalismo, fruto do protecionismo de v\u00e1rios pa\u00edses mas que n\u00e3o amea\u00e7ava o processo geral e irrevers\u00edvel da globaliza\u00e7\u00e3o. Ela foi assumida como plataforma pol\u00edtica por Donald Trump que, segundo o pr\u00eamio Nobel em economia Paul Krugman, seria um dos presidentes mais tolos da hist\u00f3ria norte-americana. O mesmo vale para o rec\u00e9m-eleito presidente, o ex-capit\u00e3o Bolsonaro e seus ministros da Educa\u00e7\u00e3o e das Rela\u00e7\u00f5es Exteriores, negacionistas deste fen\u00f4meno que s\u00f3 desinformados e preconceituosos n\u00e3o o percebem.<\/p>\n<p>Por que se trata de um disparate dos mais insensatos? Porque vai diretamente contra a l\u00f3gica do processo hist\u00f3rico irrefre\u00e1vel. Alcan\u00e7amos um patamar novo da hist\u00f3ria da Terra e da Humanidade. Sen\u00e3o vejamos: h\u00e1 milhares de anos, os seres humanos, surgidos na \u00c1frica (somos todos africanos), come\u00e7aram a se dispersar pelo vasto mundo, come\u00e7ando pela Eur\u00e1sia e terminando na Oceania. No final do Paleol\u00edtico Superior, h\u00e1 quarenta mil anos, j\u00e1 ocupavam todo o planeta com cerca de um milh\u00e3o de pessoas.<\/p>\n<p>A partir do s\u00e9culo XVI come\u00e7ou a volta da di\u00e1spora. Em 1521, Fern\u00e3o de Magalh\u00e3es fez o p\u00e9riplo do planeta, comprovando que \u00e9 redondo. Cada lugar pode ser alcan\u00e7ado a partir de qualquer lugar. O projeto colonialista europeu ocidentalizou o mundo. Grandes redes, especialmente comerciais, ligaram todos com todos. Este processo se prolongou dos s\u00e9culos XVII ao XIX quando o imperialismo europeu, a ferro e fogo, submeteu a seus interesses o mundo inteiro. N\u00f3s, do Extremo Ocidente, nascemos j\u00e1 globalizados. Esse movimento se refor\u00e7ou no s\u00e9culo XX, depois da Segunda Guerra Mundial. Chegou \u00e0 sua culmin\u00e2ncia nos dias atuais quando as redes sociais nos fizeram vizinhos uns dos outros, \u00e0 velocidade da luz, e a economia tomou conta do processo, especialmente atrav\u00e9s da \u201cGrande Transforma\u00e7\u00e3o\u201d (Karl Polaniy) que significou a passagem de uma economia de mercado para uma sociedade de mercado. Tudo e tudo at\u00e9 o mais sagrado da verdade e da religi\u00e3o viraram mercadoria. Karl Marx, na\u00a0\u201c<em>Mis\u00e9ria da Filosofia<\/em>\u201d (1847) chamou isso de \u201ca corrup\u00e7\u00e3o geral\u201d e da \u201cvenalidade universal\u201d.<\/p>\n<p>A globaliza\u00e7\u00e3o que os franceses preferem chamar, com melhor raz\u00e3o, de planetiza\u00e7\u00e3o, \u00e9 um fato hist\u00f3rico ineg\u00e1vel. Todos est\u00e3o se encontrando num \u00fanico lugar: no planeta Terra. Estamos na fase tiranoss\u00e1urica da globaliza\u00e7\u00e3o que vem sendo feita sob o signo da economia mundialmente integrada, voraz como o maior dos dinos, o tiranossauro, por ser profundamente inumana pela pobreza que causa e pela acumula\u00e7\u00e3o absurda que permite.<\/p>\n<p>J\u00e1 entramos na fase humano-social da globaliza\u00e7\u00e3o por alguns fatores tornados universais, como a ONU, a OMC, a FAO e outros, os direitos humanos, o esp\u00edrito democr\u00e1tico, a percep\u00e7\u00e3o de um destino comum Terra-Humanidade e de sermos uma \u00fanica esp\u00e9cie do <em>homo sapiens<\/em> e <em>demens<\/em>.<\/p>\n<p>Notamos j\u00e1 os albores da fase ecoz\u00f3ico-espiritual da globaliza\u00e7\u00e3o. A ecologia integral e a vida em sua diversidade ter\u00e3o a centralidade, n\u00e3o mais a economia, a rever\u00eancia face a todo criado e o novo acordo com a Terra, vista como m\u00e3e e um super organismo vivo, que devemos cuidar e amar, valores profundamente espirituais. Cresce a no\u00e7\u00e3o de que somos aquela por\u00e7\u00e3o da Terra viva que num alto grau de complexidade come\u00e7ou a sentir, a pensar, a amar e a venerar. Terra e Humanidade formam uma \u00fanica entidade, como bem testemunharam os astronautas de suas naves espaciais.<\/p>\n<p>Chegou o momento, como profetizava o arque\u00f3logo e cientista Pierre Teilhard de Chardin, ainda em 1933: \u201cA idade das na\u00e7\u00f5es j\u00e1 passou. Se n\u00e3o quisermos morrer \u00e9 a hora de sacudir velhos preconceitos e construir a Terra\u201d. Ela \u00e9 a nossa \u00fanica Casa Comum que temos como enfatizou o Papa Francisco em sua Enc\u00edclica \u201cLaudato Si&#8217; &#8211; sobre o cuidado da Casa Comum\u201d (2015). N\u00e3o temos outra.<\/p>\n<p>Estamos ouvindo preconceitos bizarros dos futuros governantes e de ministros de que a globaliza\u00e7\u00e3o \u00e9 uma trama dos comunistas para dominar o mundo.<\/p>\n<p>Estes s\u00e3o aqueles que, segundo Chardin, n\u00e3o cuidam em construir a Casa Comum, mas se fazem ref\u00e9ns de seu pequeno e mesquinho mundo, do tamanho de suas cabe\u00e7as parcas de luz.<\/p>\n<p>Se eles n\u00e3o conseguem ver a nova estrela que irrompeu, o problema n\u00e3o \u00e9 da estrela, mas de seus olhos cegos.<\/p>\n<hr \/>\n<p><strong>Leonardo Boff <\/strong><em>escreveu\u00a0\u201cDestino e Desatino da Globaliza\u00e7\u00e3o\u201d em: Do iceberg \u00e0 Arca de No\u00e9,\u00a0Mar de Ideias, Rio 2010, pp. 41-63.<\/em><\/p>\n","protected":false},"excerpt":{"rendered":"<p>Artigo de Leonardo Boff<\/p>\n","protected":false},"author":1,"featured_media":186309,"comment_status":"open","ping_status":"open","sticky":false,"template":"","format":"standard","meta":{"footnotes":""},"categories":[26],"tags":[59],"yoast_head":"<!-- This site is optimized with the Yoast SEO plugin v19.4 - https:\/\/yoast.com\/wordpress\/plugins\/seo\/ -->\n<title>A tolice do\u00a0antiglobalismo. Por um ecologia integral. - Vida Crist\u00e3 - Franciscanos<\/title>\n<meta name=\"robots\" content=\"index, follow, max-snippet:-1, max-image-preview:large, max-video-preview:-1\" \/>\n<link rel=\"canonical\" href=\"https:\/\/franciscanos.org.br\/vidacrista\/a-tolice-do-antiglobalismo\/\" \/>\n<meta property=\"og:locale\" content=\"pt_BR\" \/>\n<meta property=\"og:type\" content=\"article\" \/>\n<meta property=\"og:title\" content=\"A tolice do\u00a0antiglobalismo. Por um ecologia integral. - Vida Crist\u00e3 - Franciscanos\" \/>\n<meta property=\"og:description\" content=\"Artigo de Leonardo Boff\" \/>\n<meta property=\"og:url\" content=\"https:\/\/franciscanos.org.br\/vidacrista\/a-tolice-do-antiglobalismo\/\" \/>\n<meta property=\"og:site_name\" content=\"Vida Crist\u00e3 - Franciscanos\" \/>\n<meta property=\"article:published_time\" content=\"2018-12-12T12:05:35+00:00\" \/>\n<meta property=\"article:modified_time\" content=\"2020-08-03T17:41:28+00:00\" \/>\n<meta property=\"og:image\" content=\"https:\/\/franciscanos.org.br\/vidacrista\/wp-content\/uploads\/2018\/12\/artigo_0503d.jpg\" \/>\n\t<meta property=\"og:image:width\" content=\"800\" \/>\n\t<meta property=\"og:image:height\" content=\"600\" \/>\n\t<meta property=\"og:image:type\" content=\"image\/jpeg\" \/>\n<meta name=\"author\" content=\"admin\" \/>\n<meta name=\"twitter:card\" content=\"summary_large_image\" \/>\n<meta name=\"twitter:label1\" content=\"Escrito por\" \/>\n\t<meta name=\"twitter:data1\" content=\"admin\" \/>\n\t<meta name=\"twitter:label2\" content=\"Est. tempo de leitura\" \/>\n\t<meta name=\"twitter:data2\" content=\"4 minutos\" \/>\n<script type=\"application\/ld+json\" class=\"yoast-schema-graph\">{\"@context\":\"https:\/\/schema.org\",\"@graph\":[{\"@type\":\"WebSite\",\"@id\":\"https:\/\/franciscanos.org.br\/vidacrista\/#website\",\"url\":\"https:\/\/franciscanos.org.br\/vidacrista\/\",\"name\":\"Vida Crist\u00e3 - Franciscanos\",\"description\":\"Prov\u00edncia Franciscana da Imaculada Concei\u00e7\u00e3o do Brasil - Ordem dos Frades Menores\",\"potentialAction\":[{\"@type\":\"SearchAction\",\"target\":{\"@type\":\"EntryPoint\",\"urlTemplate\":\"https:\/\/franciscanos.org.br\/vidacrista\/?s={search_term_string}\"},\"query-input\":\"required name=search_term_string\"}],\"inLanguage\":\"pt-BR\"},{\"@type\":\"WebPage\",\"@id\":\"https:\/\/franciscanos.org.br\/vidacrista\/a-tolice-do-antiglobalismo\/\",\"url\":\"https:\/\/franciscanos.org.br\/vidacrista\/a-tolice-do-antiglobalismo\/\",\"name\":\"A tolice do\u00a0antiglobalismo. Por um ecologia integral. - Vida Crist\u00e3 - Franciscanos\",\"isPartOf\":{\"@id\":\"https:\/\/franciscanos.org.br\/vidacrista\/#website\"},\"datePublished\":\"2018-12-12T12:05:35+00:00\",\"dateModified\":\"2020-08-03T17:41:28+00:00\",\"author\":{\"@id\":\"https:\/\/franciscanos.org.br\/vidacrista\/#\/schema\/person\/133632ca93cec555316a35f76ab4153b\"},\"breadcrumb\":{\"@id\":\"https:\/\/franciscanos.org.br\/vidacrista\/a-tolice-do-antiglobalismo\/#breadcrumb\"},\"inLanguage\":\"pt-BR\",\"potentialAction\":[{\"@type\":\"ReadAction\",\"target\":[\"https:\/\/franciscanos.org.br\/vidacrista\/a-tolice-do-antiglobalismo\/\"]}]},{\"@type\":\"BreadcrumbList\",\"@id\":\"https:\/\/franciscanos.org.br\/vidacrista\/a-tolice-do-antiglobalismo\/#breadcrumb\",\"itemListElement\":[{\"@type\":\"ListItem\",\"position\":1,\"name\":\"Home\",\"item\":\"https:\/\/franciscanos.org.br\/vidacrista\/\"},{\"@type\":\"ListItem\",\"position\":2,\"name\":\"A tolice do\u00a0antiglobalismo. Por um ecologia integral.\"}]},{\"@type\":\"Person\",\"@id\":\"https:\/\/franciscanos.org.br\/vidacrista\/#\/schema\/person\/133632ca93cec555316a35f76ab4153b\",\"name\":\"admin\",\"image\":{\"@type\":\"ImageObject\",\"inLanguage\":\"pt-BR\",\"@id\":\"https:\/\/franciscanos.org.br\/vidacrista\/#\/schema\/person\/image\/\",\"url\":\"https:\/\/secure.gravatar.com\/avatar\/e8495742d34d0ba6448ea1c628263b3e?s=96&d=mm&r=g\",\"contentUrl\":\"https:\/\/secure.gravatar.com\/avatar\/e8495742d34d0ba6448ea1c628263b3e?s=96&d=mm&r=g\",\"caption\":\"admin\"},\"url\":\"https:\/\/franciscanos.org.br\/vidacrista\/author\/admin\/\"}]}<\/script>\n<!-- \/ Yoast SEO plugin. -->","yoast_head_json":{"title":"A tolice do\u00a0antiglobalismo. Por um ecologia integral. - Vida Crist\u00e3 - Franciscanos","robots":{"index":"index","follow":"follow","max-snippet":"max-snippet:-1","max-image-preview":"max-image-preview:large","max-video-preview":"max-video-preview:-1"},"canonical":"https:\/\/franciscanos.org.br\/vidacrista\/a-tolice-do-antiglobalismo\/","og_locale":"pt_BR","og_type":"article","og_title":"A tolice do\u00a0antiglobalismo. Por um ecologia integral. - Vida Crist\u00e3 - Franciscanos","og_description":"Artigo de Leonardo Boff","og_url":"https:\/\/franciscanos.org.br\/vidacrista\/a-tolice-do-antiglobalismo\/","og_site_name":"Vida Crist\u00e3 - Franciscanos","article_published_time":"2018-12-12T12:05:35+00:00","article_modified_time":"2020-08-03T17:41:28+00:00","og_image":[{"width":800,"height":600,"url":"https:\/\/franciscanos.org.br\/vidacrista\/wp-content\/uploads\/2018\/12\/artigo_0503d.jpg","type":"image\/jpeg"}],"author":"admin","twitter_card":"summary_large_image","twitter_misc":{"Escrito por":"admin","Est. tempo de leitura":"4 minutos"},"schema":{"@context":"https:\/\/schema.org","@graph":[{"@type":"WebSite","@id":"https:\/\/franciscanos.org.br\/vidacrista\/#website","url":"https:\/\/franciscanos.org.br\/vidacrista\/","name":"Vida Crist\u00e3 - Franciscanos","description":"Prov\u00edncia Franciscana da Imaculada Concei\u00e7\u00e3o do Brasil - Ordem dos Frades Menores","potentialAction":[{"@type":"SearchAction","target":{"@type":"EntryPoint","urlTemplate":"https:\/\/franciscanos.org.br\/vidacrista\/?s={search_term_string}"},"query-input":"required name=search_term_string"}],"inLanguage":"pt-BR"},{"@type":"WebPage","@id":"https:\/\/franciscanos.org.br\/vidacrista\/a-tolice-do-antiglobalismo\/","url":"https:\/\/franciscanos.org.br\/vidacrista\/a-tolice-do-antiglobalismo\/","name":"A tolice do\u00a0antiglobalismo. Por um ecologia integral. - Vida Crist\u00e3 - Franciscanos","isPartOf":{"@id":"https:\/\/franciscanos.org.br\/vidacrista\/#website"},"datePublished":"2018-12-12T12:05:35+00:00","dateModified":"2020-08-03T17:41:28+00:00","author":{"@id":"https:\/\/franciscanos.org.br\/vidacrista\/#\/schema\/person\/133632ca93cec555316a35f76ab4153b"},"breadcrumb":{"@id":"https:\/\/franciscanos.org.br\/vidacrista\/a-tolice-do-antiglobalismo\/#breadcrumb"},"inLanguage":"pt-BR","potentialAction":[{"@type":"ReadAction","target":["https:\/\/franciscanos.org.br\/vidacrista\/a-tolice-do-antiglobalismo\/"]}]},{"@type":"BreadcrumbList","@id":"https:\/\/franciscanos.org.br\/vidacrista\/a-tolice-do-antiglobalismo\/#breadcrumb","itemListElement":[{"@type":"ListItem","position":1,"name":"Home","item":"https:\/\/franciscanos.org.br\/vidacrista\/"},{"@type":"ListItem","position":2,"name":"A tolice do\u00a0antiglobalismo. Por um ecologia integral."}]},{"@type":"Person","@id":"https:\/\/franciscanos.org.br\/vidacrista\/#\/schema\/person\/133632ca93cec555316a35f76ab4153b","name":"admin","image":{"@type":"ImageObject","inLanguage":"pt-BR","@id":"https:\/\/franciscanos.org.br\/vidacrista\/#\/schema\/person\/image\/","url":"https:\/\/secure.gravatar.com\/avatar\/e8495742d34d0ba6448ea1c628263b3e?s=96&d=mm&r=g","contentUrl":"https:\/\/secure.gravatar.com\/avatar\/e8495742d34d0ba6448ea1c628263b3e?s=96&d=mm&r=g","caption":"admin"},"url":"https:\/\/franciscanos.org.br\/vidacrista\/author\/admin\/"}]}},"_links":{"self":[{"href":"https:\/\/franciscanos.org.br\/vidacrista\/wp-json\/wp\/v2\/posts\/176607"}],"collection":[{"href":"https:\/\/franciscanos.org.br\/vidacrista\/wp-json\/wp\/v2\/posts"}],"about":[{"href":"https:\/\/franciscanos.org.br\/vidacrista\/wp-json\/wp\/v2\/types\/post"}],"author":[{"embeddable":true,"href":"https:\/\/franciscanos.org.br\/vidacrista\/wp-json\/wp\/v2\/users\/1"}],"replies":[{"embeddable":true,"href":"https:\/\/franciscanos.org.br\/vidacrista\/wp-json\/wp\/v2\/comments?post=176607"}],"version-history":[{"count":11,"href":"https:\/\/franciscanos.org.br\/vidacrista\/wp-json\/wp\/v2\/posts\/176607\/revisions"}],"predecessor-version":[{"id":187437,"href":"https:\/\/franciscanos.org.br\/vidacrista\/wp-json\/wp\/v2\/posts\/176607\/revisions\/187437"}],"wp:featuredmedia":[{"embeddable":true,"href":"https:\/\/franciscanos.org.br\/vidacrista\/wp-json\/wp\/v2\/media\/186309"}],"wp:attachment":[{"href":"https:\/\/franciscanos.org.br\/vidacrista\/wp-json\/wp\/v2\/media?parent=176607"}],"wp:term":[{"taxonomy":"category","embeddable":true,"href":"https:\/\/franciscanos.org.br\/vidacrista\/wp-json\/wp\/v2\/categories?post=176607"},{"taxonomy":"post_tag","embeddable":true,"href":"https:\/\/franciscanos.org.br\/vidacrista\/wp-json\/wp\/v2\/tags?post=176607"}],"curies":[{"name":"wp","href":"https:\/\/api.w.org\/{rel}","templated":true}]}}