{"id":176503,"date":"2018-12-07T11:33:37","date_gmt":"2018-12-07T13:33:37","guid":{"rendered":"https:\/\/franciscanos.org.br\/vidacrista\/?p=176503"},"modified":"2020-06-11T09:25:35","modified_gmt":"2020-06-11T12:25:35","slug":"o-coracao-que-ja-batia-no-peito-do-menino-das-palhas","status":"publish","type":"post","link":"https:\/\/franciscanos.org.br\/vidacrista\/o-coracao-que-ja-batia-no-peito-do-menino-das-palhas\/","title":{"rendered":"O cora\u00e7\u00e3o que j\u00e1 batia no peito do Menino das Palhas"},"content":{"rendered":"<p><img decoding=\"async\" loading=\"lazy\" class=\"alignnone size-full wp-image-176504\" src=\"https:\/\/franciscanos.org.br\/vidacrista\/wp-content\/uploads\/2018\/12\/menino_071218.jpg\" alt=\"\" width=\"890\" height=\"414\" srcset=\"https:\/\/franciscanos.org.br\/vidacrista\/wp-content\/uploads\/2018\/12\/menino_071218.jpg 890w, https:\/\/franciscanos.org.br\/vidacrista\/wp-content\/uploads\/2018\/12\/menino_071218-450x209.jpg 450w, https:\/\/franciscanos.org.br\/vidacrista\/wp-content\/uploads\/2018\/12\/menino_071218-768x357.jpg 768w, https:\/\/franciscanos.org.br\/vidacrista\/wp-content\/uploads\/2018\/12\/menino_071218-150x70.jpg 150w\" sizes=\"(max-width: 890px) 100vw, 890px\" \/><\/p>\n<p>&gt;&gt; O tempo brinca conosco. Faz de n\u00f3s o que quer. Mal e mal ajeitamos as figuras e s\u00edmbolos do Natal numa imensa caixa de papel\u00e3o no cub\u00edculo dos fundos da casa e nos damos conta de que j\u00e1 \u00e9 tempo novamente de \u201carmar o pres\u00e9pio\u201d. O cora\u00e7\u00e3o do Amado que morre pregado ao lenho j\u00e1 batia no peito do Menino das Palhas. Diante de meus e de seus olhos este rico pensamento de Santo Agostinho para come\u00e7ar nossa reflex\u00e3o: \u201cA for\u00e7a de Cristo te criou, a fraqueza de Cristo te recriou. A for\u00e7a de Cristo fez com que existisse o que n\u00e3o existia; a fraqueza de Cristo com que o que existia, n\u00e3o viesse a parecer; criou-nos com sua for\u00e7a e resgatou-nos com sua fraqueza\u201d.<\/p>\n<p>&gt;&gt; Ao longo do caminho de nossa vida de disc\u00edpulos do Senhor n\u00e3o cessamos de contemplar as miseric\u00f3rdias que Deus foi e vai derramando em nossa vida, no caminhar da Igreja, no cora\u00e7\u00e3o das pessoas retas e de boa vontade, atrav\u00e9s do amor sem limites de Cristo Jesus. Para n\u00f3s, ele \u00e9 o Ressuscitado, o vitorioso, aquele que vivo est\u00e1 em nosso meio sustentando nossa vida nova, vida de ressuscitados nele e com ele. Ele hoje nos fala, nos encoraja, nos alimenta, nos encoraja e pede asilo em nosso interior. Nesse empenho de alimentar nosso carinho e afeto pelo Esposo precisamos fazer com que nas alamedas interiores e mist\u00e9rio existenciais ecoem palavras e gestos do Jesus hist\u00f3rico. Fixamo-nos em primeiro lugar nos seus milagres e numa parte do maravilhoso dito a seu respeito. Sentimos que uma for\u00e7a emerge dele precisamente a partir de sua fragilidade.<\/p>\n<p>&gt;&gt; Santo Agostinho no breve texto com o que abrimos nossa reflex\u00e3o faz um jogo entre for\u00e7a e fragilidade. A for\u00e7a de Cristo, isto \u00e9, o Verbo que \u00e9 Deus criou e cria a todos e a tudo. Na fragilidade da rosa que desabrocha, no fiozinho de \u00e1gua que corre pedra abaixo, na crian\u00e7a que nasce agora na maternidade e chora desesperadamente ainda besuntada de sangue Deus age, cria, inova. Coisas fr\u00e1geis. Coisas simples. Extasiamo-nos diante da cria\u00e7\u00e3o do Senhor. Tudo fervilha. Tudo tem a for\u00e7a daquele que cria. Francisco de Assis ficava extasiado diante de tudo porque por detr\u00e1s de tudo estava o Alt\u00edssimo e Bom Senhor.<\/p>\n<p>&gt;&gt; Agora o outro lado da moeda: pela fragilidade do condenado \u00e0 morte, daquele que foi suspenso entre o c\u00e9u e a terra fomos resgatados, renovados, recriados, restaurados. O Verbo feito carne foi vivendo entre n\u00f3s. Nada de feitos extraordin\u00e1rios, mas gestos simples e bons que culminam na fragilidade da cruz, no total abandono de um impotente e indefeso. Paulo, corroborando o dizemos, afirma que \u00e9 forte quando fraco. N\u00e3o passa pela nossa cabe\u00e7a defender uma como que esp\u00e9cie de neurose de busca de sofrimento. Uma certa \u201cespiritualidade\u201d do passado gostava de cantar loas \u00e0s macera\u00e7\u00f5es do corpo e se comprazia na busca de humilha\u00e7\u00f5es. Longe de n\u00f3s esse tipo de deturpa\u00e7\u00e3o de leitura do sofrimento de Jesus. Ele n\u00e3o busca o sofrimento com um gosto doentio.<\/p>\n<p>&gt;&gt; Tudo o que ele ali vive lhe parece um absurdo. Tem vontade de gritar, mas sua voz n\u00e3o \u00e9 ouvida. Ningu\u00e9m o defende. Os que antes o rodeavam e procuravam desaparecem. N\u00e3o tem advogados. Quem sabe ouve o choro sereno da m\u00e3e ao p\u00e9 da cruz e parece sentir que o Pai est\u00e1 distante. Chega mesmo a dizer, segundo os evangelistas: \u201cMeu Deus, meu Deus, por que me abandonaste?\u201d E quando se entrega nos bra\u00e7os do Pai e depois de morte ainda acontece o esvaziamento de todo o seu interior: os fiapos de \u00e1gua e de sangue que saem de seu cora\u00e7\u00e3o aberto. Fragilidade cheia de for\u00e7a.<\/p>\n<p>&gt;&gt; Voltemos \u00e0 crian\u00e7a. Santo Efr\u00e9m falando do Menino das Palhas de maneira po\u00e9tica assim a ele se dirige: \u201cQue coragem tu tens! Assim t\u00e3o pequenino te entregas a todos; a quem vem ao teu encontro ofereces teu sorriso; a quem te olha, te mostras acolhedor; \u00e9 como se teu amor tivesse fome do amor dos homens\u201d. O pequenino se entrega a todos. \u00c9 como se tivesse fome do amor dos homens.<\/p>\n<p>&gt;&gt; N\u00e3o podemos nos esquecer que o Menino sorridente do pres\u00e9pio \u00e9 tamb\u00e9m o pobre ser alquebrado no alto da cruz com o Cora\u00e7\u00e3o aberto. O Cora\u00e7\u00e3o do Menino e do Justo suspenso entre o c\u00e9u e a terra bate sempre na mesma cad\u00eancia. \u00c9 a batida do amor. Por vezes, n\u00f3s seres humanos sentimo-nos como que abandonados na trajet\u00f3ria da vida, na trajet\u00f3ria dos desertos. E o cora\u00e7\u00e3o indigente, lamenta: \u201c\u2018Por que, Senhor, me abandonaste desta forma ao longo do sofrimento?\u2019 O Senhor, entanto, em luz indiz\u00edvel, responde, encorajando-o: \u2018Eis os sinais dos meus pregos e minhas chagas; sofri tudo isso, alma querida porque estiveste ferida e presa de tantos inimigos. Curei-te e libertei-te porque te fiz \u00e0 minha imagem. Por ti sofri eu que sou o impass\u00edvel. A afli\u00e7\u00e3o da minha alma foi para o teu bem\u201d (Pseudo-Mac\u00e1rio).<\/p>\n<p>O cora\u00e7\u00e3o dilacerado no alto da cruz j\u00e1 batia no peito do Menino das Palhas!<\/p>\n<p><strong>Frei Almir Guimar\u00e3es<\/strong><\/p>\n","protected":false},"excerpt":{"rendered":"<p>&gt;&gt; O tempo brinca conosco. Faz de n\u00f3s o que quer. Mal e mal ajeitamos as figuras e s\u00edmbolos do Natal numa imensa caixa de papel\u00e3o no cub\u00edculo dos fundos da casa e nos damos conta de que j\u00e1 \u00e9 tempo novamente de \u201carmar o pres\u00e9pio\u201d. O cora\u00e7\u00e3o do Amado que morre pregado ao lenho [&hellip;]<\/p>\n","protected":false},"author":3,"featured_media":185399,"comment_status":"open","ping_status":"open","sticky":false,"template":"","format":"standard","meta":{"footnotes":""},"categories":[105],"tags":[106,112],"yoast_head":"<!-- This site is optimized with the Yoast SEO plugin v19.4 - https:\/\/yoast.com\/wordpress\/plugins\/seo\/ -->\n<title>O cora\u00e7\u00e3o que j\u00e1 batia no peito do Menino das Palhas - Vida Crist\u00e3 - Franciscanos<\/title>\n<meta name=\"robots\" content=\"index, follow, max-snippet:-1, max-image-preview:large, max-video-preview:-1\" \/>\n<link rel=\"canonical\" href=\"https:\/\/franciscanos.org.br\/vidacrista\/o-coracao-que-ja-batia-no-peito-do-menino-das-palhas\/\" \/>\n<meta property=\"og:locale\" content=\"pt_BR\" \/>\n<meta property=\"og:type\" content=\"article\" \/>\n<meta property=\"og:title\" content=\"O cora\u00e7\u00e3o que j\u00e1 batia no peito do Menino das Palhas - Vida Crist\u00e3 - Franciscanos\" \/>\n<meta property=\"og:description\" content=\"&gt;&gt; O tempo brinca conosco. Faz de n\u00f3s o que quer. Mal e mal ajeitamos as figuras e s\u00edmbolos do Natal numa imensa caixa de papel\u00e3o no cub\u00edculo dos fundos da casa e nos damos conta de que j\u00e1 \u00e9 tempo novamente de \u201carmar o pres\u00e9pio\u201d. O cora\u00e7\u00e3o do Amado que morre pregado ao lenho [&hellip;]\" \/>\n<meta property=\"og:url\" content=\"https:\/\/franciscanos.org.br\/vidacrista\/o-coracao-que-ja-batia-no-peito-do-menino-das-palhas\/\" \/>\n<meta property=\"og:site_name\" content=\"Vida Crist\u00e3 - Franciscanos\" \/>\n<meta property=\"article:published_time\" content=\"2018-12-07T13:33:37+00:00\" \/>\n<meta property=\"article:modified_time\" content=\"2020-06-11T12:25:35+00:00\" \/>\n<meta property=\"og:image\" content=\"https:\/\/franciscanos.org.br\/vidacrista\/wp-content\/uploads\/2018\/12\/menino_071218-1.jpg\" \/>\n\t<meta property=\"og:image:width\" content=\"800\" \/>\n\t<meta property=\"og:image:height\" content=\"600\" \/>\n\t<meta property=\"og:image:type\" content=\"image\/jpeg\" \/>\n<meta name=\"author\" content=\"moacir\" \/>\n<meta name=\"twitter:card\" content=\"summary_large_image\" \/>\n<meta name=\"twitter:label1\" content=\"Escrito por\" \/>\n\t<meta name=\"twitter:data1\" content=\"moacir\" \/>\n\t<meta name=\"twitter:label2\" content=\"Est. tempo de leitura\" \/>\n\t<meta name=\"twitter:data2\" content=\"5 minutos\" \/>\n<script type=\"application\/ld+json\" class=\"yoast-schema-graph\">{\"@context\":\"https:\/\/schema.org\",\"@graph\":[{\"@type\":\"WebSite\",\"@id\":\"https:\/\/franciscanos.org.br\/vidacrista\/#website\",\"url\":\"https:\/\/franciscanos.org.br\/vidacrista\/\",\"name\":\"Vida Crist\u00e3 - Franciscanos\",\"description\":\"Prov\u00edncia Franciscana da Imaculada Concei\u00e7\u00e3o do Brasil - Ordem dos Frades Menores\",\"potentialAction\":[{\"@type\":\"SearchAction\",\"target\":{\"@type\":\"EntryPoint\",\"urlTemplate\":\"https:\/\/franciscanos.org.br\/vidacrista\/?s={search_term_string}\"},\"query-input\":\"required name=search_term_string\"}],\"inLanguage\":\"pt-BR\"},{\"@type\":\"WebPage\",\"@id\":\"https:\/\/franciscanos.org.br\/vidacrista\/o-coracao-que-ja-batia-no-peito-do-menino-das-palhas\/\",\"url\":\"https:\/\/franciscanos.org.br\/vidacrista\/o-coracao-que-ja-batia-no-peito-do-menino-das-palhas\/\",\"name\":\"O cora\u00e7\u00e3o que j\u00e1 batia no peito do Menino das Palhas - Vida Crist\u00e3 - Franciscanos\",\"isPartOf\":{\"@id\":\"https:\/\/franciscanos.org.br\/vidacrista\/#website\"},\"datePublished\":\"2018-12-07T13:33:37+00:00\",\"dateModified\":\"2020-06-11T12:25:35+00:00\",\"author\":{\"@id\":\"https:\/\/franciscanos.org.br\/vidacrista\/#\/schema\/person\/1880bdd2c350b735648725ef7614736a\"},\"breadcrumb\":{\"@id\":\"https:\/\/franciscanos.org.br\/vidacrista\/o-coracao-que-ja-batia-no-peito-do-menino-das-palhas\/#breadcrumb\"},\"inLanguage\":\"pt-BR\",\"potentialAction\":[{\"@type\":\"ReadAction\",\"target\":[\"https:\/\/franciscanos.org.br\/vidacrista\/o-coracao-que-ja-batia-no-peito-do-menino-das-palhas\/\"]}]},{\"@type\":\"BreadcrumbList\",\"@id\":\"https:\/\/franciscanos.org.br\/vidacrista\/o-coracao-que-ja-batia-no-peito-do-menino-das-palhas\/#breadcrumb\",\"itemListElement\":[{\"@type\":\"ListItem\",\"position\":1,\"name\":\"Home\",\"item\":\"https:\/\/franciscanos.org.br\/vidacrista\/\"},{\"@type\":\"ListItem\",\"position\":2,\"name\":\"O cora\u00e7\u00e3o que j\u00e1 batia no peito do Menino das Palhas\"}]},{\"@type\":\"Person\",\"@id\":\"https:\/\/franciscanos.org.br\/vidacrista\/#\/schema\/person\/1880bdd2c350b735648725ef7614736a\",\"name\":\"moacir\",\"image\":{\"@type\":\"ImageObject\",\"inLanguage\":\"pt-BR\",\"@id\":\"https:\/\/franciscanos.org.br\/vidacrista\/#\/schema\/person\/image\/\",\"url\":\"https:\/\/secure.gravatar.com\/avatar\/d08aa2ce4c8dd416d4479aa8536fcf64?s=96&d=mm&r=g\",\"contentUrl\":\"https:\/\/secure.gravatar.com\/avatar\/d08aa2ce4c8dd416d4479aa8536fcf64?s=96&d=mm&r=g\",\"caption\":\"moacir\"},\"url\":\"https:\/\/franciscanos.org.br\/vidacrista\/author\/moacir\/\"}]}<\/script>\n<!-- \/ Yoast SEO plugin. -->","yoast_head_json":{"title":"O cora\u00e7\u00e3o que j\u00e1 batia no peito do Menino das Palhas - Vida Crist\u00e3 - Franciscanos","robots":{"index":"index","follow":"follow","max-snippet":"max-snippet:-1","max-image-preview":"max-image-preview:large","max-video-preview":"max-video-preview:-1"},"canonical":"https:\/\/franciscanos.org.br\/vidacrista\/o-coracao-que-ja-batia-no-peito-do-menino-das-palhas\/","og_locale":"pt_BR","og_type":"article","og_title":"O cora\u00e7\u00e3o que j\u00e1 batia no peito do Menino das Palhas - Vida Crist\u00e3 - Franciscanos","og_description":"&gt;&gt; O tempo brinca conosco. Faz de n\u00f3s o que quer. Mal e mal ajeitamos as figuras e s\u00edmbolos do Natal numa imensa caixa de papel\u00e3o no cub\u00edculo dos fundos da casa e nos damos conta de que j\u00e1 \u00e9 tempo novamente de \u201carmar o pres\u00e9pio\u201d. O cora\u00e7\u00e3o do Amado que morre pregado ao lenho [&hellip;]","og_url":"https:\/\/franciscanos.org.br\/vidacrista\/o-coracao-que-ja-batia-no-peito-do-menino-das-palhas\/","og_site_name":"Vida Crist\u00e3 - Franciscanos","article_published_time":"2018-12-07T13:33:37+00:00","article_modified_time":"2020-06-11T12:25:35+00:00","og_image":[{"width":800,"height":600,"url":"https:\/\/franciscanos.org.br\/vidacrista\/wp-content\/uploads\/2018\/12\/menino_071218-1.jpg","type":"image\/jpeg"}],"author":"moacir","twitter_card":"summary_large_image","twitter_misc":{"Escrito por":"moacir","Est. tempo de leitura":"5 minutos"},"schema":{"@context":"https:\/\/schema.org","@graph":[{"@type":"WebSite","@id":"https:\/\/franciscanos.org.br\/vidacrista\/#website","url":"https:\/\/franciscanos.org.br\/vidacrista\/","name":"Vida Crist\u00e3 - Franciscanos","description":"Prov\u00edncia Franciscana da Imaculada Concei\u00e7\u00e3o do Brasil - Ordem dos Frades Menores","potentialAction":[{"@type":"SearchAction","target":{"@type":"EntryPoint","urlTemplate":"https:\/\/franciscanos.org.br\/vidacrista\/?s={search_term_string}"},"query-input":"required name=search_term_string"}],"inLanguage":"pt-BR"},{"@type":"WebPage","@id":"https:\/\/franciscanos.org.br\/vidacrista\/o-coracao-que-ja-batia-no-peito-do-menino-das-palhas\/","url":"https:\/\/franciscanos.org.br\/vidacrista\/o-coracao-que-ja-batia-no-peito-do-menino-das-palhas\/","name":"O cora\u00e7\u00e3o que j\u00e1 batia no peito do Menino das Palhas - Vida Crist\u00e3 - Franciscanos","isPartOf":{"@id":"https:\/\/franciscanos.org.br\/vidacrista\/#website"},"datePublished":"2018-12-07T13:33:37+00:00","dateModified":"2020-06-11T12:25:35+00:00","author":{"@id":"https:\/\/franciscanos.org.br\/vidacrista\/#\/schema\/person\/1880bdd2c350b735648725ef7614736a"},"breadcrumb":{"@id":"https:\/\/franciscanos.org.br\/vidacrista\/o-coracao-que-ja-batia-no-peito-do-menino-das-palhas\/#breadcrumb"},"inLanguage":"pt-BR","potentialAction":[{"@type":"ReadAction","target":["https:\/\/franciscanos.org.br\/vidacrista\/o-coracao-que-ja-batia-no-peito-do-menino-das-palhas\/"]}]},{"@type":"BreadcrumbList","@id":"https:\/\/franciscanos.org.br\/vidacrista\/o-coracao-que-ja-batia-no-peito-do-menino-das-palhas\/#breadcrumb","itemListElement":[{"@type":"ListItem","position":1,"name":"Home","item":"https:\/\/franciscanos.org.br\/vidacrista\/"},{"@type":"ListItem","position":2,"name":"O cora\u00e7\u00e3o que j\u00e1 batia no peito do Menino das Palhas"}]},{"@type":"Person","@id":"https:\/\/franciscanos.org.br\/vidacrista\/#\/schema\/person\/1880bdd2c350b735648725ef7614736a","name":"moacir","image":{"@type":"ImageObject","inLanguage":"pt-BR","@id":"https:\/\/franciscanos.org.br\/vidacrista\/#\/schema\/person\/image\/","url":"https:\/\/secure.gravatar.com\/avatar\/d08aa2ce4c8dd416d4479aa8536fcf64?s=96&d=mm&r=g","contentUrl":"https:\/\/secure.gravatar.com\/avatar\/d08aa2ce4c8dd416d4479aa8536fcf64?s=96&d=mm&r=g","caption":"moacir"},"url":"https:\/\/franciscanos.org.br\/vidacrista\/author\/moacir\/"}]}},"_links":{"self":[{"href":"https:\/\/franciscanos.org.br\/vidacrista\/wp-json\/wp\/v2\/posts\/176503"}],"collection":[{"href":"https:\/\/franciscanos.org.br\/vidacrista\/wp-json\/wp\/v2\/posts"}],"about":[{"href":"https:\/\/franciscanos.org.br\/vidacrista\/wp-json\/wp\/v2\/types\/post"}],"author":[{"embeddable":true,"href":"https:\/\/franciscanos.org.br\/vidacrista\/wp-json\/wp\/v2\/users\/3"}],"replies":[{"embeddable":true,"href":"https:\/\/franciscanos.org.br\/vidacrista\/wp-json\/wp\/v2\/comments?post=176503"}],"version-history":[{"count":1,"href":"https:\/\/franciscanos.org.br\/vidacrista\/wp-json\/wp\/v2\/posts\/176503\/revisions"}],"predecessor-version":[{"id":176506,"href":"https:\/\/franciscanos.org.br\/vidacrista\/wp-json\/wp\/v2\/posts\/176503\/revisions\/176506"}],"wp:featuredmedia":[{"embeddable":true,"href":"https:\/\/franciscanos.org.br\/vidacrista\/wp-json\/wp\/v2\/media\/185399"}],"wp:attachment":[{"href":"https:\/\/franciscanos.org.br\/vidacrista\/wp-json\/wp\/v2\/media?parent=176503"}],"wp:term":[{"taxonomy":"category","embeddable":true,"href":"https:\/\/franciscanos.org.br\/vidacrista\/wp-json\/wp\/v2\/categories?post=176503"},{"taxonomy":"post_tag","embeddable":true,"href":"https:\/\/franciscanos.org.br\/vidacrista\/wp-json\/wp\/v2\/tags?post=176503"}],"curies":[{"name":"wp","href":"https:\/\/api.w.org\/{rel}","templated":true}]}}