{"id":175862,"date":"2018-10-31T09:09:36","date_gmt":"2018-10-31T12:09:36","guid":{"rendered":"http:\/\/franciscanos.org.br\/vidacrista\/?p=175862"},"modified":"2019-03-01T13:12:07","modified_gmt":"2019-03-01T16:12:07","slug":"diante-de-um-louco-amor-reflexao-da-1a-sexta-feira-do-mes","status":"publish","type":"post","link":"https:\/\/franciscanos.org.br\/vidacrista\/diante-de-um-louco-amor-reflexao-da-1a-sexta-feira-do-mes\/","title":{"rendered":"\u201cDiante de um louco amor\u201d, reflex\u00e3o da 1\u00aa sexta-feira do m\u00eas"},"content":{"rendered":"<p><img decoding=\"async\" loading=\"lazy\" class=\"alignleft size-full wp-image-175863\" src=\"http:\/\/franciscanos.org.br\/vidacrista\/wp-content\/uploads\/2018\/11\/sagrado_311018-820.jpg\" alt=\"\" width=\"820\" height=\"450\" srcset=\"https:\/\/franciscanos.org.br\/vidacrista\/wp-content\/uploads\/2018\/11\/sagrado_311018-820.jpg 820w, https:\/\/franciscanos.org.br\/vidacrista\/wp-content\/uploads\/2018\/11\/sagrado_311018-820-450x247.jpg 450w, https:\/\/franciscanos.org.br\/vidacrista\/wp-content\/uploads\/2018\/11\/sagrado_311018-820-768x421.jpg 768w, https:\/\/franciscanos.org.br\/vidacrista\/wp-content\/uploads\/2018\/11\/sagrado_311018-820-150x82.jpg 150w\" sizes=\"(max-width: 820px) 100vw, 820px\" \/><\/p>\n<h3><strong>Preces pungentes<\/strong><\/h3>\n<p>Voltar ao Evangelho, voltar a Jesus, estabelecer um di\u00e1logo cheio de densidade entre os disc\u00edpulos e o Mestre que manifestou inaudito amor dando a vida no alto da cruz e deixando para sempre aberta a janela de seu cora\u00e7\u00e3o aberta pela lan\u00e7a do soldado: este \u00e9 um programa de revitaliza\u00e7\u00e3o do ser humano e do crist\u00e3o. Aceitar o amor que jorra do Cora\u00e7\u00e3o do Redentor.<\/p>\n<p>Thomas Merton, monge cisterciense, foi certamente uma das personalidades mais profundas no seguimento de Cristo Jesus, na vida de contempla\u00e7\u00e3o e num intuito de fazer ponte entre a m\u00edstica e as religi\u00f5es orientais. Nesta primeira sexta-feira de novembro queremos levar nossos leitores a contemplarem o Cora\u00e7\u00e3o do Redentor com ora\u00e7\u00f5es e suspiros desse homem de Deus que foi Tomas Merton. Que sublime momento esse de rezas estas rezas!!!<\/p>\n<hr \/>\n<p>Nosso \u00c9den \u00e9 o cora\u00e7\u00e3o de Cristo.<br \/>\nQue a gra\u00e7a venha, Jesus,<br \/>\nTeu nome est\u00e1 no meu cora\u00e7\u00e3o.<br \/>\nTeu santo nome est\u00e1 no castelo do meu cora\u00e7\u00e3o.<br \/>\nDeixa a gra\u00e7a vir e deixa este mundo passar,<br \/>\nJesus, tu que est\u00e1s vivendo no meu cora\u00e7\u00e3o exausto.<\/p>\n<hr \/>\n<p>Tudo o que desejo, Jesus, \u00e9 abandonar, cada vez mais, todas as coisas para Ti. Quanto mais avan\u00e7o, mais percebo que n\u00e3o sei para onde estou indo. Conduze-me e toma conta de mim inteiramente. Ensina-me a fazer tua vontade, pois tu \u00e9s meu Deus.<\/p>\n<hr \/>\n<p>\u00d3 Deus, ensina-me a ficar satisfeito com meu pr\u00f3prio desamparo na vida espiritual. Ensina-me a ficar contente com a tua gra\u00e7a que vem at\u00e9 mim na escurid\u00e3o, e que realiza coisas que n\u00e3o posso ver. Ensina-me a ser feliz por depender de ti. Depender de ti seria bastante para uma eternidade feliz. Depender exclusivamente de ti deveria ser infinitamente maior do qualquer felicidade que meu pr\u00f3prio apetite intelectual possa desejar.<\/p>\n<hr \/>\n<p>Ensina-me a ir para al\u00e9m do pa\u00eds das palavras e al\u00e9m dos nomes. Ensina-me a rezar deste lado da fronteira, aqui onde est\u00e1 a mata. Preciso ser conduzido por ti. E por ti ter meu cora\u00e7\u00e3o tocado. Preciso que minha alma seja purificada pela tua ora\u00e7\u00e3o. Preciso ter minha vontade fortalecida por ti. Preciso que o mundo seja salvo e mudado por ti. Preciso de ti para todos os que sofrem, que est\u00e3o na pris\u00e3o, em perigo, em sofrimento. Preciso de ti para todas as pessoas loucas. Preciso que tuas m\u00e3os curativas trabalhem sempre em minha vida. Preciso que tu fa\u00e7as de mim, como fez teu Filho, um curador, um consolador, um salvador. Preciso que nomeies os mortos. Preciso que ajudes os moribundos a atravessarem seu rio particular. Preciso de ti para mim, quer eu viva ou morre. Preciso ser teu monge e teu filho. \u00c9 necess\u00e1rio. Am\u00e9m.<\/p>\n<p><strong>Frei Almir Guimar\u00e3es<\/strong><\/p>\n","protected":false},"excerpt":{"rendered":"<p>Reflex\u00e3o<\/p>\n","protected":false},"author":1,"featured_media":176509,"comment_status":"open","ping_status":"open","sticky":false,"template":"","format":"standard","meta":{"footnotes":""},"categories":[105],"tags":[106,112],"yoast_head":"<!-- This site is optimized with the Yoast SEO plugin v19.4 - https:\/\/yoast.com\/wordpress\/plugins\/seo\/ -->\n<title>\u201cDiante de um louco amor\u201d, reflex\u00e3o da 1\u00aa sexta-feira do m\u00eas - Vida Crist\u00e3 - Franciscanos<\/title>\n<meta name=\"robots\" content=\"index, follow, max-snippet:-1, max-image-preview:large, max-video-preview:-1\" \/>\n<link rel=\"canonical\" href=\"https:\/\/franciscanos.org.br\/vidacrista\/diante-de-um-louco-amor-reflexao-da-1a-sexta-feira-do-mes\/\" \/>\n<meta property=\"og:locale\" content=\"pt_BR\" \/>\n<meta property=\"og:type\" content=\"article\" \/>\n<meta property=\"og:title\" content=\"\u201cDiante de um louco amor\u201d, reflex\u00e3o da 1\u00aa sexta-feira do m\u00eas - Vida Crist\u00e3 - Franciscanos\" \/>\n<meta property=\"og:description\" content=\"Reflex\u00e3o\" \/>\n<meta property=\"og:url\" content=\"https:\/\/franciscanos.org.br\/vidacrista\/diante-de-um-louco-amor-reflexao-da-1a-sexta-feira-do-mes\/\" \/>\n<meta property=\"og:site_name\" content=\"Vida Crist\u00e3 - Franciscanos\" \/>\n<meta property=\"article:published_time\" content=\"2018-10-31T12:09:36+00:00\" \/>\n<meta property=\"article:modified_time\" content=\"2019-03-01T16:12:07+00:00\" \/>\n<meta property=\"og:image\" content=\"https:\/\/franciscanos.org.br\/vidacrista\/wp-content\/uploads\/2018\/10\/sagrado-1.jpg\" \/>\n\t<meta property=\"og:image:width\" content=\"330\" \/>\n\t<meta property=\"og:image:height\" content=\"219\" \/>\n\t<meta property=\"og:image:type\" content=\"image\/jpeg\" \/>\n<meta name=\"author\" content=\"admin\" \/>\n<meta name=\"twitter:card\" content=\"summary_large_image\" \/>\n<meta name=\"twitter:label1\" content=\"Escrito por\" \/>\n\t<meta name=\"twitter:data1\" content=\"admin\" \/>\n\t<meta name=\"twitter:label2\" content=\"Est. tempo de leitura\" \/>\n\t<meta name=\"twitter:data2\" content=\"2 minutos\" \/>\n<script type=\"application\/ld+json\" class=\"yoast-schema-graph\">{\"@context\":\"https:\/\/schema.org\",\"@graph\":[{\"@type\":\"WebSite\",\"@id\":\"https:\/\/franciscanos.org.br\/vidacrista\/#website\",\"url\":\"https:\/\/franciscanos.org.br\/vidacrista\/\",\"name\":\"Vida Crist\u00e3 - Franciscanos\",\"description\":\"Prov\u00edncia Franciscana da Imaculada Concei\u00e7\u00e3o do Brasil - Ordem dos Frades Menores\",\"potentialAction\":[{\"@type\":\"SearchAction\",\"target\":{\"@type\":\"EntryPoint\",\"urlTemplate\":\"https:\/\/franciscanos.org.br\/vidacrista\/?s={search_term_string}\"},\"query-input\":\"required name=search_term_string\"}],\"inLanguage\":\"pt-BR\"},{\"@type\":\"WebPage\",\"@id\":\"https:\/\/franciscanos.org.br\/vidacrista\/diante-de-um-louco-amor-reflexao-da-1a-sexta-feira-do-mes\/\",\"url\":\"https:\/\/franciscanos.org.br\/vidacrista\/diante-de-um-louco-amor-reflexao-da-1a-sexta-feira-do-mes\/\",\"name\":\"\u201cDiante de um louco amor\u201d, reflex\u00e3o da 1\u00aa sexta-feira do m\u00eas - Vida Crist\u00e3 - Franciscanos\",\"isPartOf\":{\"@id\":\"https:\/\/franciscanos.org.br\/vidacrista\/#website\"},\"datePublished\":\"2018-10-31T12:09:36+00:00\",\"dateModified\":\"2019-03-01T16:12:07+00:00\",\"author\":{\"@id\":\"https:\/\/franciscanos.org.br\/vidacrista\/#\/schema\/person\/133632ca93cec555316a35f76ab4153b\"},\"breadcrumb\":{\"@id\":\"https:\/\/franciscanos.org.br\/vidacrista\/diante-de-um-louco-amor-reflexao-da-1a-sexta-feira-do-mes\/#breadcrumb\"},\"inLanguage\":\"pt-BR\",\"potentialAction\":[{\"@type\":\"ReadAction\",\"target\":[\"https:\/\/franciscanos.org.br\/vidacrista\/diante-de-um-louco-amor-reflexao-da-1a-sexta-feira-do-mes\/\"]}]},{\"@type\":\"BreadcrumbList\",\"@id\":\"https:\/\/franciscanos.org.br\/vidacrista\/diante-de-um-louco-amor-reflexao-da-1a-sexta-feira-do-mes\/#breadcrumb\",\"itemListElement\":[{\"@type\":\"ListItem\",\"position\":1,\"name\":\"Home\",\"item\":\"https:\/\/franciscanos.org.br\/vidacrista\/\"},{\"@type\":\"ListItem\",\"position\":2,\"name\":\"\u201cDiante de um louco amor\u201d, reflex\u00e3o da 1\u00aa sexta-feira do m\u00eas\"}]},{\"@type\":\"Person\",\"@id\":\"https:\/\/franciscanos.org.br\/vidacrista\/#\/schema\/person\/133632ca93cec555316a35f76ab4153b\",\"name\":\"admin\",\"image\":{\"@type\":\"ImageObject\",\"inLanguage\":\"pt-BR\",\"@id\":\"https:\/\/franciscanos.org.br\/vidacrista\/#\/schema\/person\/image\/\",\"url\":\"https:\/\/secure.gravatar.com\/avatar\/e8495742d34d0ba6448ea1c628263b3e?s=96&d=mm&r=g\",\"contentUrl\":\"https:\/\/secure.gravatar.com\/avatar\/e8495742d34d0ba6448ea1c628263b3e?s=96&d=mm&r=g\",\"caption\":\"admin\"},\"url\":\"https:\/\/franciscanos.org.br\/vidacrista\/author\/admin\/\"}]}<\/script>\n<!-- \/ Yoast SEO plugin. -->","yoast_head_json":{"title":"\u201cDiante de um louco amor\u201d, reflex\u00e3o da 1\u00aa sexta-feira do m\u00eas - Vida Crist\u00e3 - Franciscanos","robots":{"index":"index","follow":"follow","max-snippet":"max-snippet:-1","max-image-preview":"max-image-preview:large","max-video-preview":"max-video-preview:-1"},"canonical":"https:\/\/franciscanos.org.br\/vidacrista\/diante-de-um-louco-amor-reflexao-da-1a-sexta-feira-do-mes\/","og_locale":"pt_BR","og_type":"article","og_title":"\u201cDiante de um louco amor\u201d, reflex\u00e3o da 1\u00aa sexta-feira do m\u00eas - Vida Crist\u00e3 - Franciscanos","og_description":"Reflex\u00e3o","og_url":"https:\/\/franciscanos.org.br\/vidacrista\/diante-de-um-louco-amor-reflexao-da-1a-sexta-feira-do-mes\/","og_site_name":"Vida Crist\u00e3 - Franciscanos","article_published_time":"2018-10-31T12:09:36+00:00","article_modified_time":"2019-03-01T16:12:07+00:00","og_image":[{"width":330,"height":219,"url":"https:\/\/franciscanos.org.br\/vidacrista\/wp-content\/uploads\/2018\/10\/sagrado-1.jpg","type":"image\/jpeg"}],"author":"admin","twitter_card":"summary_large_image","twitter_misc":{"Escrito por":"admin","Est. tempo de leitura":"2 minutos"},"schema":{"@context":"https:\/\/schema.org","@graph":[{"@type":"WebSite","@id":"https:\/\/franciscanos.org.br\/vidacrista\/#website","url":"https:\/\/franciscanos.org.br\/vidacrista\/","name":"Vida Crist\u00e3 - Franciscanos","description":"Prov\u00edncia Franciscana da Imaculada Concei\u00e7\u00e3o do Brasil - Ordem dos Frades Menores","potentialAction":[{"@type":"SearchAction","target":{"@type":"EntryPoint","urlTemplate":"https:\/\/franciscanos.org.br\/vidacrista\/?s={search_term_string}"},"query-input":"required name=search_term_string"}],"inLanguage":"pt-BR"},{"@type":"WebPage","@id":"https:\/\/franciscanos.org.br\/vidacrista\/diante-de-um-louco-amor-reflexao-da-1a-sexta-feira-do-mes\/","url":"https:\/\/franciscanos.org.br\/vidacrista\/diante-de-um-louco-amor-reflexao-da-1a-sexta-feira-do-mes\/","name":"\u201cDiante de um louco amor\u201d, reflex\u00e3o da 1\u00aa sexta-feira do m\u00eas - Vida Crist\u00e3 - Franciscanos","isPartOf":{"@id":"https:\/\/franciscanos.org.br\/vidacrista\/#website"},"datePublished":"2018-10-31T12:09:36+00:00","dateModified":"2019-03-01T16:12:07+00:00","author":{"@id":"https:\/\/franciscanos.org.br\/vidacrista\/#\/schema\/person\/133632ca93cec555316a35f76ab4153b"},"breadcrumb":{"@id":"https:\/\/franciscanos.org.br\/vidacrista\/diante-de-um-louco-amor-reflexao-da-1a-sexta-feira-do-mes\/#breadcrumb"},"inLanguage":"pt-BR","potentialAction":[{"@type":"ReadAction","target":["https:\/\/franciscanos.org.br\/vidacrista\/diante-de-um-louco-amor-reflexao-da-1a-sexta-feira-do-mes\/"]}]},{"@type":"BreadcrumbList","@id":"https:\/\/franciscanos.org.br\/vidacrista\/diante-de-um-louco-amor-reflexao-da-1a-sexta-feira-do-mes\/#breadcrumb","itemListElement":[{"@type":"ListItem","position":1,"name":"Home","item":"https:\/\/franciscanos.org.br\/vidacrista\/"},{"@type":"ListItem","position":2,"name":"\u201cDiante de um louco amor\u201d, reflex\u00e3o da 1\u00aa sexta-feira do m\u00eas"}]},{"@type":"Person","@id":"https:\/\/franciscanos.org.br\/vidacrista\/#\/schema\/person\/133632ca93cec555316a35f76ab4153b","name":"admin","image":{"@type":"ImageObject","inLanguage":"pt-BR","@id":"https:\/\/franciscanos.org.br\/vidacrista\/#\/schema\/person\/image\/","url":"https:\/\/secure.gravatar.com\/avatar\/e8495742d34d0ba6448ea1c628263b3e?s=96&d=mm&r=g","contentUrl":"https:\/\/secure.gravatar.com\/avatar\/e8495742d34d0ba6448ea1c628263b3e?s=96&d=mm&r=g","caption":"admin"},"url":"https:\/\/franciscanos.org.br\/vidacrista\/author\/admin\/"}]}},"_links":{"self":[{"href":"https:\/\/franciscanos.org.br\/vidacrista\/wp-json\/wp\/v2\/posts\/175862"}],"collection":[{"href":"https:\/\/franciscanos.org.br\/vidacrista\/wp-json\/wp\/v2\/posts"}],"about":[{"href":"https:\/\/franciscanos.org.br\/vidacrista\/wp-json\/wp\/v2\/types\/post"}],"author":[{"embeddable":true,"href":"https:\/\/franciscanos.org.br\/vidacrista\/wp-json\/wp\/v2\/users\/1"}],"replies":[{"embeddable":true,"href":"https:\/\/franciscanos.org.br\/vidacrista\/wp-json\/wp\/v2\/comments?post=175862"}],"version-history":[{"count":3,"href":"https:\/\/franciscanos.org.br\/vidacrista\/wp-json\/wp\/v2\/posts\/175862\/revisions"}],"predecessor-version":[{"id":175869,"href":"https:\/\/franciscanos.org.br\/vidacrista\/wp-json\/wp\/v2\/posts\/175862\/revisions\/175869"}],"wp:featuredmedia":[{"embeddable":true,"href":"https:\/\/franciscanos.org.br\/vidacrista\/wp-json\/wp\/v2\/media\/176509"}],"wp:attachment":[{"href":"https:\/\/franciscanos.org.br\/vidacrista\/wp-json\/wp\/v2\/media?parent=175862"}],"wp:term":[{"taxonomy":"category","embeddable":true,"href":"https:\/\/franciscanos.org.br\/vidacrista\/wp-json\/wp\/v2\/categories?post=175862"},{"taxonomy":"post_tag","embeddable":true,"href":"https:\/\/franciscanos.org.br\/vidacrista\/wp-json\/wp\/v2\/tags?post=175862"}],"curies":[{"name":"wp","href":"https:\/\/api.w.org\/{rel}","templated":true}]}}