{"id":17553,"date":"2012-06-01T07:14:38","date_gmt":"2012-06-01T10:14:38","guid":{"rendered":"http:\/\/new.franciscanos.org.br\/?p=17553"},"modified":"2020-05-22T10:00:37","modified_gmt":"2020-05-22T13:00:37","slug":"quem-pode-conhecer-todos-os-tesouros-de-cristo","status":"publish","type":"post","link":"https:\/\/franciscanos.org.br\/vidacrista\/quem-pode-conhecer-todos-os-tesouros-de-cristo\/","title":{"rendered":"Quem pode conhecer todos os tesouros de Cristo?"},"content":{"rendered":"<p><a href=\"http:\/\/franciscanos.org.br\/wp-content\/uploads\/2012\/05\/cristo_30.jpg\"><img decoding=\"async\" loading=\"lazy\" title=\"Cristo crucificado\" src=\"http:\/\/franciscanos.org.br\/wp-content\/uploads\/2012\/05\/cristo_30.jpg\" alt=\"\" width=\"830\" height=\"388\" \/><\/a><\/p>\n<p><strong><strong>Por\u00a0<strong>Frei Almir Ribeiro Guimar\u00e3es<\/strong><\/strong><\/strong><\/p>\n<p><strong>1.<\/strong> Temos uma vida inteira para\u00a0 conhecer os mist\u00e9rios de Cristo Jesus. Longe de n\u00f3s a ideia de que basta ter conhecimento nocional, seco e \u00e1rido a seu respeito. Paulo, em suas ep\u00edstolas, fala que esse mist\u00e9rio \u00e9 insond\u00e1vel e que aos poucos podemos conhecer a altura, a largura e a profundidade do amor de Cristo por n\u00f3s. Nossa\u00a0 conviv\u00eancia pessoal com o Ressuscitado nos leva a chegar amorosamente mais perto dele e assim nos revestirmos de tal for\u00e7a que nem possamos nos separar de seu amor. O cuidado pela busca desse conhecimento nos ajuda a viver em Cristo, de Cristo e por Cristo.<\/p>\n<p><strong>2.<\/strong> \u201cQuem poderia conhecer todos os tesouros de sabedoria e de ci\u00eancia\u00a0 ocultos em Cristo e escondidos na pobreza de sua carne?\u00a0 Ele, sendo rico, se fez pobre por nossa causa, a fim de enriquecer-nos com sua pobreza; contudo, n\u00e3o perdeu suas riquezas, mas prometeu-as para o futuro.\u00a0 Como\u00a0 \u00e9 grande a riqueza de sua bondade, reservada para os que o temem e concedida aos que nele esperam!\u201d (<em>Santo Agostinho<\/em>). Toda a espiritualidade do Cora\u00e7\u00e3o de Jesus \u00e9 marcada pela sabedoria e ci\u00eancia que est\u00e3o no cora\u00e7\u00e3o aberto no alto da cruz.<\/p>\n<p><strong>3.<\/strong> Desde o come\u00e7o de sua trajet\u00f3ria at\u00e9 sua morte de Cristo h\u00e1 um caminho de despojamento e de pobreza. Sempre ouvimos dizer que Cristo se fez pobre para nos enriquecer. Podemos dizer que a pobreza de Cristo est\u00e1 na raiz de sua sabedoria e de sua ci\u00eancia. Jesus viveu de maneira simples. Conviveu com todo tipo de pessoas, mas sempre esteve entre os pequenos. Tinha particular satisfa\u00e7\u00e3o de aproximar-se dos pecadores e, desta forma, sem autoritarismos e imposi\u00e7\u00f5es, lhes propunha um caminho novo. Jesus \u00e9 pobre, de maneira toda especial,\u00a0 porque n\u00e3o tem apoios externos. Ficamos perplexos de ver que, durante o seu processo, e mesmo antes, ele vive uma terr\u00edvel solid\u00e3o.\u00a0 Jesus \u00e9 pobre e nessa pobreza ele tra\u00e7a a estrada que devem percorrer todos os que querem ser seus disc\u00edpulos. A pobreza \u00e9 caminho real que nos leva a Cristo e a sermos particularmente amados por seu Pai.<\/p>\n<p><strong>4.<\/strong> Francisco de Assis ficava abismado em meditar na pobreza de Jesus. Admir\u00e1-la, vener\u00e1-la e imit\u00e1-la \u00e9 sinal de sabedoria e os que o fazem est\u00e3o revestidos de um conhecimento divino.\u00a0 \u201cOs irm\u00e3os\u00a0 n\u00e3o se apropriem de nada, nem de casa, nem de lugar.\u00a0 E como peregrinos e forasteiros neste mundo, servindo ao Senhor em pobreza e humildade, n\u00e3o devem envergonhar-se, porque o Senhor se fez pobre por n\u00f3s neste mundo. Esta \u00e9 aquela sublimidade da alt\u00edssima pobreza que vos constituiu,\u00a0 meus irm\u00e3os car\u00edssimos, herdeiros e reis do Reino dos c\u00e9us, vos fez pobres de coisas, vos elevou em virtudes.\u00a0 Seja esta a vossa por\u00e7\u00e3o que vos conduz\u00a0 \u00e0 terra dos vivos. Aderindo totalmente a ela, irm\u00e3os dilet\u00edssimos, nenhuma outra coisas jamais queirais ter debaixo do c\u00e9u em nome de Nosso Senhor Jesus Cristo\u201d\u00a0 (<em>Admoesta\u00e7\u00e3o\u00a0 VI<\/em>).<\/p>\n<p><strong>5.<\/strong> Tais palavras e considera\u00e7\u00f5es parecem estranhas aos ouvidos dos asseclas da sociedade da gastan\u00e7a, do consumo, dos bens, das coisas, do dinheiro, das presta\u00e7\u00f5es, dos juros baixos para facilitar o gastar. Jesus \u00e9 fonte de sabedoria e de conhecimento existenciais. Precisamente em seu aniquilamento, de modo particular no aparente fracasso que \u00e9 sua morte, est\u00e1 a for\u00e7a de Deus.\u00a0 N\u00e3o nos cansamos de nos postar\u00a0 aos p\u00e9s da cruz sempre nos dando conta do amor desse homem que \u00e9 fiel at\u00e9 o fim. Ali, preso no madeiro, Jesus \u00e9 o mais indefeso e os mais pobre de todos os homens. E o mundo todo foi embebido de seu amor e de sua entrega, desse pobre no pres\u00e9pio e paup\u00e9rrimo na cruz. Por isso, nas primeiras sextas-feiras de cada m\u00eas os disc\u00edpulos se postam diante do Cora\u00e7\u00e3o do pobre m\u00e1rtir do Calv\u00e1rio, aberto pela lan\u00e7a e fazendo jorrar a \u00e1gua e o sangue.<\/p>\n<p><strong>6.<\/strong> Terminamos esta reflex\u00e3o retomando Agostinho. As poucas frases que transcrevemos apontam para a pobreza do pres\u00e9pio.\u00a0 Agostinho lembra que um dia seremos saciados com o face a face do Ressuscitado. \u201cMas at\u00e9 que isso aconte\u00e7a, at\u00e9 mostrar\u00a0 o que nos basta, at\u00e9 bebermos e ficamos saciados\u00a0 na fonte da vida que \u00e9 ele mesmo, enquanto caminhamos na f\u00e9 e peregrinamos\u00a0 longe dele, enquanto temos fome e sede de justi\u00e7a e desejamos, com indiz\u00edvel ardor, contemplar a beleza de Cristo na sua condi\u00e7\u00e3o divina, celebremos com amorosa devo\u00e7\u00e3o o nascimento de Deus na condi\u00e7\u00e3o de servo\u201d.\u00a0 Parafraseando Agostinho, podermos dizer:\u00a0 \u201cEnquanto n\u00e3o podemos ver a gl\u00f3ria do rosto do Ressuscitado\u00a0 celebremos com carinho e respeito o Cora\u00e7\u00e3o daquele que amou at\u00e9 o fim e\u00a0 nos mostrou, por seu peito aberto, todas as riquezas do conhecimento e da sabedoria\u201d.<\/p>\n<p>Obs.: <em>Os textos de Agostinho foram tirados de Liturgia das Horas\u00a0 I, p. 473-475.<\/em><\/p>\n","protected":false},"excerpt":{"rendered":"<p>1\u00aa Sexta-feira do m\u00eas<\/p>\n","protected":false},"author":1,"featured_media":184565,"comment_status":"closed","ping_status":"closed","sticky":false,"template":"","format":"standard","meta":{"footnotes":""},"categories":[105],"tags":[106,30],"yoast_head":"<!-- This site is optimized with the Yoast SEO plugin v19.4 - https:\/\/yoast.com\/wordpress\/plugins\/seo\/ -->\n<title>Quem pode conhecer todos os tesouros de Cristo? - Vida Crist\u00e3 - Franciscanos<\/title>\n<meta name=\"robots\" content=\"index, follow, max-snippet:-1, max-image-preview:large, max-video-preview:-1\" \/>\n<link rel=\"canonical\" href=\"https:\/\/franciscanos.org.br\/vidacrista\/quem-pode-conhecer-todos-os-tesouros-de-cristo\/\" \/>\n<meta property=\"og:locale\" content=\"pt_BR\" \/>\n<meta property=\"og:type\" content=\"article\" \/>\n<meta property=\"og:title\" content=\"Quem pode conhecer todos os tesouros de Cristo? - Vida Crist\u00e3 - Franciscanos\" \/>\n<meta property=\"og:description\" content=\"1\u00aa Sexta-feira do m\u00eas\" \/>\n<meta property=\"og:url\" content=\"https:\/\/franciscanos.org.br\/vidacrista\/quem-pode-conhecer-todos-os-tesouros-de-cristo\/\" \/>\n<meta property=\"og:site_name\" content=\"Vida Crist\u00e3 - Franciscanos\" \/>\n<meta property=\"article:published_time\" content=\"2012-06-01T10:14:38+00:00\" \/>\n<meta property=\"article:modified_time\" content=\"2020-05-22T13:00:37+00:00\" \/>\n<meta property=\"og:image\" content=\"https:\/\/franciscanos.org.br\/vidacrista\/wp-content\/uploads\/2012\/06\/cristo_30.jpg\" \/>\n\t<meta property=\"og:image:width\" content=\"800\" \/>\n\t<meta property=\"og:image:height\" content=\"599\" \/>\n\t<meta property=\"og:image:type\" content=\"image\/jpeg\" \/>\n<meta name=\"author\" content=\"admin\" \/>\n<meta name=\"twitter:card\" content=\"summary_large_image\" \/>\n<meta name=\"twitter:label1\" content=\"Escrito por\" \/>\n\t<meta name=\"twitter:data1\" content=\"admin\" \/>\n\t<meta name=\"twitter:label2\" content=\"Est. tempo de leitura\" \/>\n\t<meta name=\"twitter:data2\" content=\"4 minutos\" \/>\n<script type=\"application\/ld+json\" class=\"yoast-schema-graph\">{\"@context\":\"https:\/\/schema.org\",\"@graph\":[{\"@type\":\"WebSite\",\"@id\":\"https:\/\/franciscanos.org.br\/vidacrista\/#website\",\"url\":\"https:\/\/franciscanos.org.br\/vidacrista\/\",\"name\":\"Vida Crist\u00e3 - Franciscanos\",\"description\":\"Prov\u00edncia Franciscana da Imaculada Concei\u00e7\u00e3o do Brasil - Ordem dos Frades Menores\",\"potentialAction\":[{\"@type\":\"SearchAction\",\"target\":{\"@type\":\"EntryPoint\",\"urlTemplate\":\"https:\/\/franciscanos.org.br\/vidacrista\/?s={search_term_string}\"},\"query-input\":\"required name=search_term_string\"}],\"inLanguage\":\"pt-BR\"},{\"@type\":\"WebPage\",\"@id\":\"https:\/\/franciscanos.org.br\/vidacrista\/quem-pode-conhecer-todos-os-tesouros-de-cristo\/\",\"url\":\"https:\/\/franciscanos.org.br\/vidacrista\/quem-pode-conhecer-todos-os-tesouros-de-cristo\/\",\"name\":\"Quem pode conhecer todos os tesouros de Cristo? - Vida Crist\u00e3 - Franciscanos\",\"isPartOf\":{\"@id\":\"https:\/\/franciscanos.org.br\/vidacrista\/#website\"},\"datePublished\":\"2012-06-01T10:14:38+00:00\",\"dateModified\":\"2020-05-22T13:00:37+00:00\",\"author\":{\"@id\":\"https:\/\/franciscanos.org.br\/vidacrista\/#\/schema\/person\/133632ca93cec555316a35f76ab4153b\"},\"breadcrumb\":{\"@id\":\"https:\/\/franciscanos.org.br\/vidacrista\/quem-pode-conhecer-todos-os-tesouros-de-cristo\/#breadcrumb\"},\"inLanguage\":\"pt-BR\",\"potentialAction\":[{\"@type\":\"ReadAction\",\"target\":[\"https:\/\/franciscanos.org.br\/vidacrista\/quem-pode-conhecer-todos-os-tesouros-de-cristo\/\"]}]},{\"@type\":\"BreadcrumbList\",\"@id\":\"https:\/\/franciscanos.org.br\/vidacrista\/quem-pode-conhecer-todos-os-tesouros-de-cristo\/#breadcrumb\",\"itemListElement\":[{\"@type\":\"ListItem\",\"position\":1,\"name\":\"Home\",\"item\":\"https:\/\/franciscanos.org.br\/vidacrista\/\"},{\"@type\":\"ListItem\",\"position\":2,\"name\":\"Quem pode conhecer todos os tesouros de Cristo?\"}]},{\"@type\":\"Person\",\"@id\":\"https:\/\/franciscanos.org.br\/vidacrista\/#\/schema\/person\/133632ca93cec555316a35f76ab4153b\",\"name\":\"admin\",\"image\":{\"@type\":\"ImageObject\",\"inLanguage\":\"pt-BR\",\"@id\":\"https:\/\/franciscanos.org.br\/vidacrista\/#\/schema\/person\/image\/\",\"url\":\"https:\/\/secure.gravatar.com\/avatar\/e8495742d34d0ba6448ea1c628263b3e?s=96&d=mm&r=g\",\"contentUrl\":\"https:\/\/secure.gravatar.com\/avatar\/e8495742d34d0ba6448ea1c628263b3e?s=96&d=mm&r=g\",\"caption\":\"admin\"},\"url\":\"https:\/\/franciscanos.org.br\/vidacrista\/author\/admin\/\"}]}<\/script>\n<!-- \/ Yoast SEO plugin. -->","yoast_head_json":{"title":"Quem pode conhecer todos os tesouros de Cristo? - Vida Crist\u00e3 - Franciscanos","robots":{"index":"index","follow":"follow","max-snippet":"max-snippet:-1","max-image-preview":"max-image-preview:large","max-video-preview":"max-video-preview:-1"},"canonical":"https:\/\/franciscanos.org.br\/vidacrista\/quem-pode-conhecer-todos-os-tesouros-de-cristo\/","og_locale":"pt_BR","og_type":"article","og_title":"Quem pode conhecer todos os tesouros de Cristo? - Vida Crist\u00e3 - Franciscanos","og_description":"1\u00aa Sexta-feira do m\u00eas","og_url":"https:\/\/franciscanos.org.br\/vidacrista\/quem-pode-conhecer-todos-os-tesouros-de-cristo\/","og_site_name":"Vida Crist\u00e3 - Franciscanos","article_published_time":"2012-06-01T10:14:38+00:00","article_modified_time":"2020-05-22T13:00:37+00:00","og_image":[{"width":800,"height":599,"url":"https:\/\/franciscanos.org.br\/vidacrista\/wp-content\/uploads\/2012\/06\/cristo_30.jpg","type":"image\/jpeg"}],"author":"admin","twitter_card":"summary_large_image","twitter_misc":{"Escrito por":"admin","Est. tempo de leitura":"4 minutos"},"schema":{"@context":"https:\/\/schema.org","@graph":[{"@type":"WebSite","@id":"https:\/\/franciscanos.org.br\/vidacrista\/#website","url":"https:\/\/franciscanos.org.br\/vidacrista\/","name":"Vida Crist\u00e3 - Franciscanos","description":"Prov\u00edncia Franciscana da Imaculada Concei\u00e7\u00e3o do Brasil - Ordem dos Frades Menores","potentialAction":[{"@type":"SearchAction","target":{"@type":"EntryPoint","urlTemplate":"https:\/\/franciscanos.org.br\/vidacrista\/?s={search_term_string}"},"query-input":"required name=search_term_string"}],"inLanguage":"pt-BR"},{"@type":"WebPage","@id":"https:\/\/franciscanos.org.br\/vidacrista\/quem-pode-conhecer-todos-os-tesouros-de-cristo\/","url":"https:\/\/franciscanos.org.br\/vidacrista\/quem-pode-conhecer-todos-os-tesouros-de-cristo\/","name":"Quem pode conhecer todos os tesouros de Cristo? - Vida Crist\u00e3 - Franciscanos","isPartOf":{"@id":"https:\/\/franciscanos.org.br\/vidacrista\/#website"},"datePublished":"2012-06-01T10:14:38+00:00","dateModified":"2020-05-22T13:00:37+00:00","author":{"@id":"https:\/\/franciscanos.org.br\/vidacrista\/#\/schema\/person\/133632ca93cec555316a35f76ab4153b"},"breadcrumb":{"@id":"https:\/\/franciscanos.org.br\/vidacrista\/quem-pode-conhecer-todos-os-tesouros-de-cristo\/#breadcrumb"},"inLanguage":"pt-BR","potentialAction":[{"@type":"ReadAction","target":["https:\/\/franciscanos.org.br\/vidacrista\/quem-pode-conhecer-todos-os-tesouros-de-cristo\/"]}]},{"@type":"BreadcrumbList","@id":"https:\/\/franciscanos.org.br\/vidacrista\/quem-pode-conhecer-todos-os-tesouros-de-cristo\/#breadcrumb","itemListElement":[{"@type":"ListItem","position":1,"name":"Home","item":"https:\/\/franciscanos.org.br\/vidacrista\/"},{"@type":"ListItem","position":2,"name":"Quem pode conhecer todos os tesouros de Cristo?"}]},{"@type":"Person","@id":"https:\/\/franciscanos.org.br\/vidacrista\/#\/schema\/person\/133632ca93cec555316a35f76ab4153b","name":"admin","image":{"@type":"ImageObject","inLanguage":"pt-BR","@id":"https:\/\/franciscanos.org.br\/vidacrista\/#\/schema\/person\/image\/","url":"https:\/\/secure.gravatar.com\/avatar\/e8495742d34d0ba6448ea1c628263b3e?s=96&d=mm&r=g","contentUrl":"https:\/\/secure.gravatar.com\/avatar\/e8495742d34d0ba6448ea1c628263b3e?s=96&d=mm&r=g","caption":"admin"},"url":"https:\/\/franciscanos.org.br\/vidacrista\/author\/admin\/"}]}},"_links":{"self":[{"href":"https:\/\/franciscanos.org.br\/vidacrista\/wp-json\/wp\/v2\/posts\/17553"}],"collection":[{"href":"https:\/\/franciscanos.org.br\/vidacrista\/wp-json\/wp\/v2\/posts"}],"about":[{"href":"https:\/\/franciscanos.org.br\/vidacrista\/wp-json\/wp\/v2\/types\/post"}],"author":[{"embeddable":true,"href":"https:\/\/franciscanos.org.br\/vidacrista\/wp-json\/wp\/v2\/users\/1"}],"replies":[{"embeddable":true,"href":"https:\/\/franciscanos.org.br\/vidacrista\/wp-json\/wp\/v2\/comments?post=17553"}],"version-history":[{"count":1,"href":"https:\/\/franciscanos.org.br\/vidacrista\/wp-json\/wp\/v2\/posts\/17553\/revisions"}],"predecessor-version":[{"id":178049,"href":"https:\/\/franciscanos.org.br\/vidacrista\/wp-json\/wp\/v2\/posts\/17553\/revisions\/178049"}],"wp:featuredmedia":[{"embeddable":true,"href":"https:\/\/franciscanos.org.br\/vidacrista\/wp-json\/wp\/v2\/media\/184565"}],"wp:attachment":[{"href":"https:\/\/franciscanos.org.br\/vidacrista\/wp-json\/wp\/v2\/media?parent=17553"}],"wp:term":[{"taxonomy":"category","embeddable":true,"href":"https:\/\/franciscanos.org.br\/vidacrista\/wp-json\/wp\/v2\/categories?post=17553"},{"taxonomy":"post_tag","embeddable":true,"href":"https:\/\/franciscanos.org.br\/vidacrista\/wp-json\/wp\/v2\/tags?post=17553"}],"curies":[{"name":"wp","href":"https:\/\/api.w.org\/{rel}","templated":true}]}}