{"id":173883,"date":"2018-10-08T08:58:25","date_gmt":"2018-10-08T11:58:25","guid":{"rendered":"http:\/\/franciscanos.org.br\/?p=173883"},"modified":"2021-08-26T16:24:37","modified_gmt":"2021-08-26T19:24:37","slug":"a-urgencia-do-paz-e-bem-de-sao-francisco-de-assis","status":"publish","type":"post","link":"https:\/\/franciscanos.org.br\/vidacrista\/a-urgencia-do-paz-e-bem-de-sao-francisco-de-assis\/","title":{"rendered":"A urg\u00eancia do &#8216;Paz e Bem&#8217; de S\u00e3o Francisco de Assis"},"content":{"rendered":"<div style=\"width: 830px\" class=\"wp-caption alignnone\"><img decoding=\"async\" loading=\"lazy\" src=\"http:\/\/franciscanos.org.br\/wp-content\/uploads\/2018\/10\/francisco_081018.jpg\" alt=\"francisco_081018\" width=\"820\" height=\"615\" \/><p class=\"wp-caption-text\">\u00a0 \u00a0 \u00a0 \u00a0 \u00a0 \u00a0 \u00a0 \u00a0 \u00a0 \u00a0 \u00a0 \u00a0 \u00a0 \u00a0 \u00a0 \u00a0 \u00a0 \u00a0 \u00a0 \u00a0 \u00a0 \u00a0 \u00a0 \u00a0 \u00a0 \u00a0 \u00a0 \u00a0 \u00a0 \u00a0 \u00a0 \u00a0 \u00a0 \u00a0 \u00a0 \u00a0 \u00a0 \u00a0 \u00a0 \u00a0 \u00a0 \u00a0 \u00a0 \u00a0 \u00a0 <em>\u00a0 \u00a0 \u00a0Imagem: Acervo Prov\u00edncia<\/em><\/p><\/div>\n<p><strong>Leonardo Boff (*)<\/strong><\/p>\n<p>No nosso pa\u00eds, dentro de um ambiente de muito \u00f3dio, destrui\u00e7\u00e3o de biografias e mentiras de todo tipo, vale recorrer ao esp\u00edrito de S\u00e3o Francisco de Assis, \u00e0 sua famosa ora\u00e7\u00e3o pela paz e \u00e0 sua sauda\u00e7\u00e3o de Paz e Bem. Era um ser que havia purificado seu cora\u00e7\u00e3o de toda a dimens\u00e3o de sombra , tornando-se \u201co cora\u00e7\u00e3o universal\u2026 porque para ele qualquer criatura era uma irm\u00e3, unida a ela por la\u00e7os de carinho\u201d como escreveu o Papa Francisco em sua enc\u00edclica ecol\u00f3gica (n.10 e 11). Por onde quer que passasse, saudava as pessoas com o seu &#8220;Paz e Bem\u201d, sauda\u00e7\u00e3o que ficou na hist\u00f3ria especialmente dos frades que come\u00e7am suas cartas desejando Paz e Bem.<\/p>\n<p>Construiu la\u00e7os de paz e de fraternidade com o Senhor irm\u00e3o Sol, e com a senhora M\u00e3e Terra. Essa figura singular, seja talvez uma das mais luminosas que o Cristianismo e o pr\u00f3prio Ocidente j\u00e1 produziram. H\u00e1 quem o chame de o \u201c\u00faltimo crist\u00e3o\u201d ou o \u201cprimeiro depois do \u00danico\u201d quer dizer, de Jesus Cristo.<\/p>\n<p>Seguramente podemos dizer: quando o Cardeal Bergoglio escolheu nome de Francisco quis sinalizar um projeto de sociedade pac\u00edfica, de irm\u00e3os e irm\u00e3s, reconciliados com todos os irm\u00e3os e irmas da natureza e de todos os povos. Ao mesmo tempo, pensou numa Igreja na linha do esp\u00edrito de S\u00e3o Francisco. Este era o oposto do projeto de Igreja de seu tempo que se expressava pelo poder temporal sobre quase toda a Europa at\u00e9 a R\u00fassia, por imensas catedrais, suntuosos pal\u00e1cios e grandes abadias.<\/p>\n<p>S\u00e3o Francisco optou por viver o evangelho puro, ao p\u00e9 da letra, na mais radical pobreza, numa simplicidade quase ing\u00eanua, numa humildade que o colocava junto \u00e0 Terra, no n\u00edvel dos mais desprezados da sociedade vivendo entre os hansenianos e comendo com eles da mesma escudela.<\/p>\n<p>Para aquele tipo de Igreja e de sociedade, confessa explicitamente: \u201cquero ser um \u2018novellus pazzus\u2019, um novo louco\u201d: louco pelo Cristo pobre e pela \u201csenhora dama\u201d pobreza, como express\u00e3o de total liberdade: <em>nada ser, nada ter, nada poder, nada pretender<\/em>. Atribui-se a ele a frase: \u201cdesejo pouco e o pouco que desejo \u00e9 pouco\u201d. Na verdade era nada. Considerava-se \u201cidiota, mesquinho, miser\u00e1vel e vil\u201d.<\/p>\n<p>A despeito de todas as press\u00f5es de Roma e as internas dos pr\u00f3prios confrades que queriam conventos e regras nunca renunciou ao seu sonho de seguir radicalmente o Jesus, pobre junto com os mais pobres.<\/p>\n<p>A humildade ilimitada e a pobreza radical lhe permitiram uma experi\u00eancia que vem ao encontro de nossas indaga\u00e7\u00f5es: <em>\u00e9 poss\u00edvel resgatar o cuidado e o respeito para com a natureza? \u00c9 poss\u00edvel uma sociedade sem \u00f3dios que inclua a todos, como ele o fez<\/em>: com o sult\u00e3o do Egito que encontrou na cruzada, com o bando de salteadores, como lobo feroz de Gubbio e at\u00e9 com a irm\u00e3 morte?<\/p>\n<p>Francisco mostrou esta possibilidade e sua realiza\u00e7\u00e3o ao fazer-se radicalmente humilde. Colocou-se no mesmo ch\u00e3o (h\u00famus = humildade) e ao p\u00e9 de cada criatura, considerando-a sua irm\u00e3. Inaugurou uma fraternidade sem fronteiras: <em>para baixo<\/em> com os \u00faltimos, <em>para os lados<\/em> com os demais semelhantes, independente se eram Papas ou servos da gleba, <em>para cima<\/em> com o sol, a lua e as estrelas, filhos e filhas do mesmo Pai bom.<\/p>\n<p>A pobreza e a humildade assim praticadas n\u00e3o t\u00eam nada de beatice. Sup\u00f5em algo pr\u00e9vio: o respeito ilimitado diante de cada ser. Cheio de devo\u00e7\u00e3o, tirava a minhoca do caminho para n\u00e3o ser pisada, enfaixava um galhinho quebrado para que se recuperasse, alimentava no inverno as abelhas que esvoa\u00e7am por a\u00ed, famintas.<\/p>\n<p>N\u00e3o negou o h\u00famus original e as ra\u00edzes obscuras de onde todos viemos. Ao renunciar a qualquer posse de bens ou de interesses, ia ao encontro dos outros com as m\u00e3os vazias e o cora\u00e7\u00e3o puro, oferecendo-lhes apenas o Paz e Bem, a cortesia, e o amor cheio de e ternura.<\/p>\n<p>A comunidade de paz universal surge quando nos colocamos com grande humildade no seio da cria\u00e7\u00e3o, respeitando todas as formas de vida e cada um dos seres pois todos possuem um valor em si mesmo, antes de qualquer uso humano. Essa comunidade c\u00f3smica, fundada no respeito ilimitado, constitui o pressuposto necess\u00e1rio para fraternidade humana, hoje abalada pelo \u00f3dio e pela discrimina\u00e7\u00e3o dos mais vulner\u00e1veis de nosso pa\u00eds. Sem esse respeito e essa fraternidade, dificilmente a Constitui\u00e7\u00e3o e a Declara\u00e7\u00e3o dos Direitos Humanos ter\u00e3o efic\u00e1cia. Haver\u00e1 sempre viola\u00e7\u00f5es, por raz\u00f5es \u00e9tnicas, de g\u00eanero, de religi\u00e3o e outras.<\/p>\n<p>Este esp\u00edrito de paz e fraternidade, poder\u00e1 animar nossa preocupa\u00e7\u00e3o ecol\u00f3gica de salvaguarda de cada esp\u00e9cie, de cada animal ou planta, pois s\u00e3o nossos irm\u00e3os e irm\u00e3s. Sem a fraternidade real nunca chegaremos a formar a fam\u00edlia humana que habita a \u201cirm\u00e3 e M\u00e3e Terra\u201d, nossa Casa Comum, com cuidado.<\/p>\n<p>Essa fraternidade de paz \u00e9 realiz\u00e1vel. Todos somos<em> sapiens<\/em> e <em>demens<\/em> mas podemos fazer com que o sapiens em n\u00f3s humanize nossa sociedade dividida que dever\u00e1 repetir: &#8220;Onde h\u00e1 \u00f3dio que eu leve o amor\u201d.<\/p>\n<p><strong>Leonardo Boff \u00e9 te\u00f3logo, ex-frade e sempre franciscano, e comentou \u201cA ora\u00e7\u00e3o de S\u00e3o Francisco pela paz\u201d, Vozes 1999.<\/strong><\/p>\n","protected":false},"excerpt":{"rendered":"<p>Artigo de Leonardo Boff<\/p>\n","protected":false},"author":1,"featured_media":184418,"comment_status":"open","ping_status":"open","sticky":false,"template":"","format":"standard","meta":{"footnotes":""},"categories":[26],"tags":[59],"yoast_head":"<!-- This site is optimized with the Yoast SEO plugin v19.4 - https:\/\/yoast.com\/wordpress\/plugins\/seo\/ -->\n<title>A urg\u00eancia do &#039;Paz e Bem&#039; de S\u00e3o Francisco de Assis - Vida Crist\u00e3 - Franciscanos<\/title>\n<meta name=\"robots\" content=\"index, follow, max-snippet:-1, max-image-preview:large, max-video-preview:-1\" \/>\n<link rel=\"canonical\" href=\"https:\/\/franciscanos.org.br\/vidacrista\/a-urgencia-do-paz-e-bem-de-sao-francisco-de-assis\/\" \/>\n<meta property=\"og:locale\" content=\"pt_BR\" \/>\n<meta property=\"og:type\" content=\"article\" \/>\n<meta property=\"og:title\" content=\"A urg\u00eancia do &#039;Paz e Bem&#039; de S\u00e3o Francisco de Assis - Vida Crist\u00e3 - Franciscanos\" \/>\n<meta property=\"og:description\" content=\"Artigo de Leonardo Boff\" \/>\n<meta property=\"og:url\" content=\"https:\/\/franciscanos.org.br\/vidacrista\/a-urgencia-do-paz-e-bem-de-sao-francisco-de-assis\/\" \/>\n<meta property=\"og:site_name\" content=\"Vida Crist\u00e3 - Franciscanos\" \/>\n<meta property=\"article:published_time\" content=\"2018-10-08T11:58:25+00:00\" \/>\n<meta property=\"article:modified_time\" content=\"2021-08-26T19:24:37+00:00\" \/>\n<meta property=\"og:image\" content=\"https:\/\/franciscanos.org.br\/vidacrista\/wp-content\/uploads\/2018\/10\/francisco_081018-1.jpg\" \/>\n\t<meta property=\"og:image:width\" content=\"800\" \/>\n\t<meta property=\"og:image:height\" content=\"600\" \/>\n\t<meta property=\"og:image:type\" content=\"image\/jpeg\" \/>\n<meta name=\"author\" content=\"admin\" \/>\n<meta name=\"twitter:card\" content=\"summary_large_image\" \/>\n<meta name=\"twitter:label1\" content=\"Escrito por\" \/>\n\t<meta name=\"twitter:data1\" content=\"admin\" \/>\n\t<meta name=\"twitter:label2\" content=\"Est. tempo de leitura\" \/>\n\t<meta name=\"twitter:data2\" content=\"5 minutos\" \/>\n<script type=\"application\/ld+json\" class=\"yoast-schema-graph\">{\"@context\":\"https:\/\/schema.org\",\"@graph\":[{\"@type\":\"WebSite\",\"@id\":\"https:\/\/franciscanos.org.br\/vidacrista\/#website\",\"url\":\"https:\/\/franciscanos.org.br\/vidacrista\/\",\"name\":\"Vida Crist\u00e3 - Franciscanos\",\"description\":\"Prov\u00edncia Franciscana da Imaculada Concei\u00e7\u00e3o do Brasil - Ordem dos Frades Menores\",\"potentialAction\":[{\"@type\":\"SearchAction\",\"target\":{\"@type\":\"EntryPoint\",\"urlTemplate\":\"https:\/\/franciscanos.org.br\/vidacrista\/?s={search_term_string}\"},\"query-input\":\"required name=search_term_string\"}],\"inLanguage\":\"pt-BR\"},{\"@type\":\"WebPage\",\"@id\":\"https:\/\/franciscanos.org.br\/vidacrista\/a-urgencia-do-paz-e-bem-de-sao-francisco-de-assis\/\",\"url\":\"https:\/\/franciscanos.org.br\/vidacrista\/a-urgencia-do-paz-e-bem-de-sao-francisco-de-assis\/\",\"name\":\"A urg\u00eancia do 'Paz e Bem' de S\u00e3o Francisco de Assis - Vida Crist\u00e3 - Franciscanos\",\"isPartOf\":{\"@id\":\"https:\/\/franciscanos.org.br\/vidacrista\/#website\"},\"datePublished\":\"2018-10-08T11:58:25+00:00\",\"dateModified\":\"2021-08-26T19:24:37+00:00\",\"author\":{\"@id\":\"https:\/\/franciscanos.org.br\/vidacrista\/#\/schema\/person\/133632ca93cec555316a35f76ab4153b\"},\"breadcrumb\":{\"@id\":\"https:\/\/franciscanos.org.br\/vidacrista\/a-urgencia-do-paz-e-bem-de-sao-francisco-de-assis\/#breadcrumb\"},\"inLanguage\":\"pt-BR\",\"potentialAction\":[{\"@type\":\"ReadAction\",\"target\":[\"https:\/\/franciscanos.org.br\/vidacrista\/a-urgencia-do-paz-e-bem-de-sao-francisco-de-assis\/\"]}]},{\"@type\":\"BreadcrumbList\",\"@id\":\"https:\/\/franciscanos.org.br\/vidacrista\/a-urgencia-do-paz-e-bem-de-sao-francisco-de-assis\/#breadcrumb\",\"itemListElement\":[{\"@type\":\"ListItem\",\"position\":1,\"name\":\"Home\",\"item\":\"https:\/\/franciscanos.org.br\/vidacrista\/\"},{\"@type\":\"ListItem\",\"position\":2,\"name\":\"A urg\u00eancia do &#8216;Paz e Bem&#8217; de S\u00e3o Francisco de Assis\"}]},{\"@type\":\"Person\",\"@id\":\"https:\/\/franciscanos.org.br\/vidacrista\/#\/schema\/person\/133632ca93cec555316a35f76ab4153b\",\"name\":\"admin\",\"image\":{\"@type\":\"ImageObject\",\"inLanguage\":\"pt-BR\",\"@id\":\"https:\/\/franciscanos.org.br\/vidacrista\/#\/schema\/person\/image\/\",\"url\":\"https:\/\/secure.gravatar.com\/avatar\/e8495742d34d0ba6448ea1c628263b3e?s=96&d=mm&r=g\",\"contentUrl\":\"https:\/\/secure.gravatar.com\/avatar\/e8495742d34d0ba6448ea1c628263b3e?s=96&d=mm&r=g\",\"caption\":\"admin\"},\"url\":\"https:\/\/franciscanos.org.br\/vidacrista\/author\/admin\/\"}]}<\/script>\n<!-- \/ Yoast SEO plugin. -->","yoast_head_json":{"title":"A urg\u00eancia do 'Paz e Bem' de S\u00e3o Francisco de Assis - Vida Crist\u00e3 - Franciscanos","robots":{"index":"index","follow":"follow","max-snippet":"max-snippet:-1","max-image-preview":"max-image-preview:large","max-video-preview":"max-video-preview:-1"},"canonical":"https:\/\/franciscanos.org.br\/vidacrista\/a-urgencia-do-paz-e-bem-de-sao-francisco-de-assis\/","og_locale":"pt_BR","og_type":"article","og_title":"A urg\u00eancia do 'Paz e Bem' de S\u00e3o Francisco de Assis - Vida Crist\u00e3 - Franciscanos","og_description":"Artigo de Leonardo Boff","og_url":"https:\/\/franciscanos.org.br\/vidacrista\/a-urgencia-do-paz-e-bem-de-sao-francisco-de-assis\/","og_site_name":"Vida Crist\u00e3 - Franciscanos","article_published_time":"2018-10-08T11:58:25+00:00","article_modified_time":"2021-08-26T19:24:37+00:00","og_image":[{"width":800,"height":600,"url":"https:\/\/franciscanos.org.br\/vidacrista\/wp-content\/uploads\/2018\/10\/francisco_081018-1.jpg","type":"image\/jpeg"}],"author":"admin","twitter_card":"summary_large_image","twitter_misc":{"Escrito por":"admin","Est. tempo de leitura":"5 minutos"},"schema":{"@context":"https:\/\/schema.org","@graph":[{"@type":"WebSite","@id":"https:\/\/franciscanos.org.br\/vidacrista\/#website","url":"https:\/\/franciscanos.org.br\/vidacrista\/","name":"Vida Crist\u00e3 - Franciscanos","description":"Prov\u00edncia Franciscana da Imaculada Concei\u00e7\u00e3o do Brasil - Ordem dos Frades Menores","potentialAction":[{"@type":"SearchAction","target":{"@type":"EntryPoint","urlTemplate":"https:\/\/franciscanos.org.br\/vidacrista\/?s={search_term_string}"},"query-input":"required name=search_term_string"}],"inLanguage":"pt-BR"},{"@type":"WebPage","@id":"https:\/\/franciscanos.org.br\/vidacrista\/a-urgencia-do-paz-e-bem-de-sao-francisco-de-assis\/","url":"https:\/\/franciscanos.org.br\/vidacrista\/a-urgencia-do-paz-e-bem-de-sao-francisco-de-assis\/","name":"A urg\u00eancia do 'Paz e Bem' de S\u00e3o Francisco de Assis - Vida Crist\u00e3 - Franciscanos","isPartOf":{"@id":"https:\/\/franciscanos.org.br\/vidacrista\/#website"},"datePublished":"2018-10-08T11:58:25+00:00","dateModified":"2021-08-26T19:24:37+00:00","author":{"@id":"https:\/\/franciscanos.org.br\/vidacrista\/#\/schema\/person\/133632ca93cec555316a35f76ab4153b"},"breadcrumb":{"@id":"https:\/\/franciscanos.org.br\/vidacrista\/a-urgencia-do-paz-e-bem-de-sao-francisco-de-assis\/#breadcrumb"},"inLanguage":"pt-BR","potentialAction":[{"@type":"ReadAction","target":["https:\/\/franciscanos.org.br\/vidacrista\/a-urgencia-do-paz-e-bem-de-sao-francisco-de-assis\/"]}]},{"@type":"BreadcrumbList","@id":"https:\/\/franciscanos.org.br\/vidacrista\/a-urgencia-do-paz-e-bem-de-sao-francisco-de-assis\/#breadcrumb","itemListElement":[{"@type":"ListItem","position":1,"name":"Home","item":"https:\/\/franciscanos.org.br\/vidacrista\/"},{"@type":"ListItem","position":2,"name":"A urg\u00eancia do &#8216;Paz e Bem&#8217; de S\u00e3o Francisco de Assis"}]},{"@type":"Person","@id":"https:\/\/franciscanos.org.br\/vidacrista\/#\/schema\/person\/133632ca93cec555316a35f76ab4153b","name":"admin","image":{"@type":"ImageObject","inLanguage":"pt-BR","@id":"https:\/\/franciscanos.org.br\/vidacrista\/#\/schema\/person\/image\/","url":"https:\/\/secure.gravatar.com\/avatar\/e8495742d34d0ba6448ea1c628263b3e?s=96&d=mm&r=g","contentUrl":"https:\/\/secure.gravatar.com\/avatar\/e8495742d34d0ba6448ea1c628263b3e?s=96&d=mm&r=g","caption":"admin"},"url":"https:\/\/franciscanos.org.br\/vidacrista\/author\/admin\/"}]}},"_links":{"self":[{"href":"https:\/\/franciscanos.org.br\/vidacrista\/wp-json\/wp\/v2\/posts\/173883"}],"collection":[{"href":"https:\/\/franciscanos.org.br\/vidacrista\/wp-json\/wp\/v2\/posts"}],"about":[{"href":"https:\/\/franciscanos.org.br\/vidacrista\/wp-json\/wp\/v2\/types\/post"}],"author":[{"embeddable":true,"href":"https:\/\/franciscanos.org.br\/vidacrista\/wp-json\/wp\/v2\/users\/1"}],"replies":[{"embeddable":true,"href":"https:\/\/franciscanos.org.br\/vidacrista\/wp-json\/wp\/v2\/comments?post=173883"}],"version-history":[{"count":3,"href":"https:\/\/franciscanos.org.br\/vidacrista\/wp-json\/wp\/v2\/posts\/173883\/revisions"}],"predecessor-version":[{"id":190236,"href":"https:\/\/franciscanos.org.br\/vidacrista\/wp-json\/wp\/v2\/posts\/173883\/revisions\/190236"}],"wp:featuredmedia":[{"embeddable":true,"href":"https:\/\/franciscanos.org.br\/vidacrista\/wp-json\/wp\/v2\/media\/184418"}],"wp:attachment":[{"href":"https:\/\/franciscanos.org.br\/vidacrista\/wp-json\/wp\/v2\/media?parent=173883"}],"wp:term":[{"taxonomy":"category","embeddable":true,"href":"https:\/\/franciscanos.org.br\/vidacrista\/wp-json\/wp\/v2\/categories?post=173883"},{"taxonomy":"post_tag","embeddable":true,"href":"https:\/\/franciscanos.org.br\/vidacrista\/wp-json\/wp\/v2\/tags?post=173883"}],"curies":[{"name":"wp","href":"https:\/\/api.w.org\/{rel}","templated":true}]}}