{"id":17232,"date":"2012-01-08T09:32:12","date_gmt":"2012-01-08T11:32:12","guid":{"rendered":"http:\/\/new.franciscanos.org.br\/?p=17232"},"modified":"2020-05-19T11:44:55","modified_gmt":"2020-05-19T14:44:55","slug":"paixao-segundo-madalena","status":"publish","type":"post","link":"https:\/\/franciscanos.org.br\/vidacrista\/paixao-segundo-madalena\/","title":{"rendered":"Paix\u00e3o segundo Madalena"},"content":{"rendered":"<p><img decoding=\"async\" loading=\"lazy\" class=\"alignnone wp-image-179750 size-full\" src=\"https:\/\/franciscanos.org.br\/vidacrista\/wp-content\/uploads\/2012\/01\/artigo_0606.png\" alt=\"\" width=\"890\" height=\"511\" srcset=\"https:\/\/franciscanos.org.br\/vidacrista\/wp-content\/uploads\/2012\/01\/artigo_0606.png 890w, https:\/\/franciscanos.org.br\/vidacrista\/wp-content\/uploads\/2012\/01\/artigo_0606-450x258.png 450w, https:\/\/franciscanos.org.br\/vidacrista\/wp-content\/uploads\/2012\/01\/artigo_0606-768x441.png 768w, https:\/\/franciscanos.org.br\/vidacrista\/wp-content\/uploads\/2012\/01\/artigo_0606-150x86.png 150w\" sizes=\"(max-width: 890px) 100vw, 890px\" \/><\/p>\n<p><strong>Frei Jacir de Freitas Faria, OFM<\/strong><\/p>\n<p>Na semana santa, a nossa f\u00e9 se revigora. A paix\u00e3o nossa de cada dia tem a certeza da vida em Jesus ressuscitado. Tornamo-nos qual uma outra Madalena. Essa mulher impar, que viveu em e com Jesus, um misto de paix\u00e3o e ressurrei\u00e7\u00e3o, numa rela\u00e7\u00e3o de amor expressa em forma de cruz, t\u00famulo, flores e desejo de permanecer com aquele que partiu. Madalena foi feita prostituta sem nunca ter sido. O evangelho ap\u00f3crifo de Madalena fala dela como mulher lideran\u00e7a, ap\u00f3stola e amada de Jesus. O evangelho Jo\u00e3o 19, 5 e 20,1-18 conta o seu encontro com Jesus crucificado e ressuscitado.<\/p>\n<p>Ao p\u00e9 da cruz, ela vive a sua paix\u00e3o, contemplando o seu amado morto. A cruz simboliza a morte violenta, o fim de tudo. Madalena quer ret\u00ea-Lo com vida, mas isto n\u00e3o \u00e9 lhe poss\u00edvel. Ela sabe que o seu amado n\u00e3o pode morrer. Por isso, ela n\u00e3o para na cruz. Sai a caminho, em busca da vida. Ela quer encontr\u00e1-lo em outro lugar que n\u00e3o seja a cruz, embora este seja tamb\u00e9m o lugar daqueles que amam em profundidade. O caminho \u00e9 o fazer de quem n\u00e3o para na morte, pois a vida \u00e9 sempre um caminhar.A pressa de Madalena expressa o seu desejo incomensur\u00e1vel de trazer de volta o amado que se foi. \u00c9 imposs\u00edvel n\u00e3o caminhar, quando se sabe que no final da jornada o amado estar\u00e1 sempre \u00e0 espera da paix\u00e3o que nunca morreu.<\/p>\n<p>O t\u00famulo de Jesus. O t\u00famulo \u00e9 o nada, o sil\u00eancio. \u00c9 cada um de n\u00f3s morto com aquele que jaz eternamente. \u00c9 o vazio existencial mesclado com o desejo de trazer de volta quem amamos. \u00c9 um amontoado de pedras que guarda o amor de nossas vidas. As flores no t\u00famulo representam gratid\u00e3o e saudade do amado que partiu. As l\u00e1grimas se cristalizam nelas, por isso, elas n\u00e3o murcham nunca, pois vivem dentro de quem ficou. A vida \u00e9 assim! Chega um momento que n\u00e3o \u00e9 mais poss\u00edvel chorar pelo ente querido. Ai de n\u00f3s se as flores n\u00e3o existissem. Mas, ainda sim, resta a saudade, vontade de ver e possuir de novo o amado. A saudade \u00e9 quase como a morte, e ela s\u00f3 deixa de s\u00ea-lo quando se compreende que o amado vive para sempre e sempre viver\u00e1, ainda que ausente.<\/p>\n<p>No encontro de Maria Madalena com Jesus est\u00e1 o desejo de possui-lo para sempre. Madalena quer toc\u00e1-Lo. O amor \u00e9 assim, provis\u00f3rio e ilimitado. Jesus diz a Maria Madalena: \u2018v\u00e1 e diga aos ap\u00f3stolos, teus companheiros de caminhada, que eu volto para a casa de meu Pai. Seja voc\u00ea for\u00e7a na caminhada deles. E eles estar\u00e3o com voc\u00ea no caminho do amor\u2019. Maria Madalena, nesse momento, compreende que Jesus vive dentro dela. N\u00e3o h\u00e1 mais o que procurar a n\u00e3o ser ela mesma. Isso \u00e9 ressurrei\u00e7\u00e3o!<\/p>\n<p>Na partida, um adeus: um ficar com Deus. O amado que vive eternamente no eterno mist\u00e9rio da procura. No adeus, a eterna ressurrei\u00e7\u00e3o, a certeza do encontro definitivo da vida em Deus, em Jesus, que n\u00e3o morre mais. Maria Madalena foi dizer aos seus: Jesus vive eternamente. Ele n\u00e3o morreu, pois o amor \u00e9 eterno. Pedro se encontra com Maria Madalena e dela recebe o an\u00fancio da ressurrei\u00e7\u00e3o. \u2018Nesse encontro uma surpresa: a fiel rocha de Pedro se esmigalhou como areia, mas a f\u00e9 de Maria \u00e9 verdadeiramente rocha. A parte masculina do amor revelou-se em energia, pois forte \u00e9 a feminilidade. O sol do amor masculino se p\u00f5e na morte, o sol do amor feminino levanta-se na ressurrei\u00e7\u00e3o.\u2019<\/p>\n<p><strong>Frei Jacir de Freitas Faria, OFM, <\/strong><strong>Escritor e especialista nos ap\u00f3crifos<\/strong><\/p>\n","protected":false},"excerpt":{"rendered":"<p>Artigo de Frei Jacir de Freitas<\/p>\n","protected":false},"author":1,"featured_media":184466,"comment_status":"closed","ping_status":"closed","sticky":false,"template":"","format":"standard","meta":{"footnotes":""},"categories":[26],"tags":[43],"yoast_head":"<!-- This site is optimized with the Yoast SEO plugin v19.4 - https:\/\/yoast.com\/wordpress\/plugins\/seo\/ -->\n<title>Paix\u00e3o segundo Madalena - Vida Crist\u00e3 - Franciscanos<\/title>\n<meta name=\"robots\" content=\"index, follow, max-snippet:-1, max-image-preview:large, max-video-preview:-1\" \/>\n<link rel=\"canonical\" href=\"https:\/\/franciscanos.org.br\/vidacrista\/paixao-segundo-madalena\/\" \/>\n<meta property=\"og:locale\" content=\"pt_BR\" \/>\n<meta property=\"og:type\" content=\"article\" \/>\n<meta property=\"og:title\" content=\"Paix\u00e3o segundo Madalena - Vida Crist\u00e3 - Franciscanos\" \/>\n<meta property=\"og:description\" content=\"Artigo de Frei Jacir de Freitas\" \/>\n<meta property=\"og:url\" content=\"https:\/\/franciscanos.org.br\/vidacrista\/paixao-segundo-madalena\/\" \/>\n<meta property=\"og:site_name\" content=\"Vida Crist\u00e3 - Franciscanos\" \/>\n<meta property=\"article:published_time\" content=\"2012-01-08T11:32:12+00:00\" \/>\n<meta property=\"article:modified_time\" content=\"2020-05-19T14:44:55+00:00\" \/>\n<meta property=\"og:image\" content=\"https:\/\/franciscanos.org.br\/vidacrista\/wp-content\/uploads\/2012\/01\/artigo_0606-1.png\" \/>\n\t<meta property=\"og:image:width\" content=\"800\" \/>\n\t<meta property=\"og:image:height\" content=\"599\" \/>\n\t<meta property=\"og:image:type\" content=\"image\/png\" \/>\n<meta name=\"author\" content=\"admin\" \/>\n<meta name=\"twitter:card\" content=\"summary_large_image\" \/>\n<meta name=\"twitter:label1\" content=\"Escrito por\" \/>\n\t<meta name=\"twitter:data1\" content=\"admin\" \/>\n\t<meta name=\"twitter:label2\" content=\"Est. tempo de leitura\" \/>\n\t<meta name=\"twitter:data2\" content=\"3 minutos\" \/>\n<script type=\"application\/ld+json\" class=\"yoast-schema-graph\">{\"@context\":\"https:\/\/schema.org\",\"@graph\":[{\"@type\":\"WebSite\",\"@id\":\"https:\/\/franciscanos.org.br\/vidacrista\/#website\",\"url\":\"https:\/\/franciscanos.org.br\/vidacrista\/\",\"name\":\"Vida Crist\u00e3 - Franciscanos\",\"description\":\"Prov\u00edncia Franciscana da Imaculada Concei\u00e7\u00e3o do Brasil - Ordem dos Frades Menores\",\"potentialAction\":[{\"@type\":\"SearchAction\",\"target\":{\"@type\":\"EntryPoint\",\"urlTemplate\":\"https:\/\/franciscanos.org.br\/vidacrista\/?s={search_term_string}\"},\"query-input\":\"required name=search_term_string\"}],\"inLanguage\":\"pt-BR\"},{\"@type\":\"WebPage\",\"@id\":\"https:\/\/franciscanos.org.br\/vidacrista\/paixao-segundo-madalena\/\",\"url\":\"https:\/\/franciscanos.org.br\/vidacrista\/paixao-segundo-madalena\/\",\"name\":\"Paix\u00e3o segundo Madalena - Vida Crist\u00e3 - Franciscanos\",\"isPartOf\":{\"@id\":\"https:\/\/franciscanos.org.br\/vidacrista\/#website\"},\"datePublished\":\"2012-01-08T11:32:12+00:00\",\"dateModified\":\"2020-05-19T14:44:55+00:00\",\"author\":{\"@id\":\"https:\/\/franciscanos.org.br\/vidacrista\/#\/schema\/person\/133632ca93cec555316a35f76ab4153b\"},\"breadcrumb\":{\"@id\":\"https:\/\/franciscanos.org.br\/vidacrista\/paixao-segundo-madalena\/#breadcrumb\"},\"inLanguage\":\"pt-BR\",\"potentialAction\":[{\"@type\":\"ReadAction\",\"target\":[\"https:\/\/franciscanos.org.br\/vidacrista\/paixao-segundo-madalena\/\"]}]},{\"@type\":\"BreadcrumbList\",\"@id\":\"https:\/\/franciscanos.org.br\/vidacrista\/paixao-segundo-madalena\/#breadcrumb\",\"itemListElement\":[{\"@type\":\"ListItem\",\"position\":1,\"name\":\"Home\",\"item\":\"https:\/\/franciscanos.org.br\/vidacrista\/\"},{\"@type\":\"ListItem\",\"position\":2,\"name\":\"Paix\u00e3o segundo Madalena\"}]},{\"@type\":\"Person\",\"@id\":\"https:\/\/franciscanos.org.br\/vidacrista\/#\/schema\/person\/133632ca93cec555316a35f76ab4153b\",\"name\":\"admin\",\"image\":{\"@type\":\"ImageObject\",\"inLanguage\":\"pt-BR\",\"@id\":\"https:\/\/franciscanos.org.br\/vidacrista\/#\/schema\/person\/image\/\",\"url\":\"https:\/\/secure.gravatar.com\/avatar\/e8495742d34d0ba6448ea1c628263b3e?s=96&d=mm&r=g\",\"contentUrl\":\"https:\/\/secure.gravatar.com\/avatar\/e8495742d34d0ba6448ea1c628263b3e?s=96&d=mm&r=g\",\"caption\":\"admin\"},\"url\":\"https:\/\/franciscanos.org.br\/vidacrista\/author\/admin\/\"}]}<\/script>\n<!-- \/ Yoast SEO plugin. -->","yoast_head_json":{"title":"Paix\u00e3o segundo Madalena - Vida Crist\u00e3 - Franciscanos","robots":{"index":"index","follow":"follow","max-snippet":"max-snippet:-1","max-image-preview":"max-image-preview:large","max-video-preview":"max-video-preview:-1"},"canonical":"https:\/\/franciscanos.org.br\/vidacrista\/paixao-segundo-madalena\/","og_locale":"pt_BR","og_type":"article","og_title":"Paix\u00e3o segundo Madalena - Vida Crist\u00e3 - Franciscanos","og_description":"Artigo de Frei Jacir de Freitas","og_url":"https:\/\/franciscanos.org.br\/vidacrista\/paixao-segundo-madalena\/","og_site_name":"Vida Crist\u00e3 - Franciscanos","article_published_time":"2012-01-08T11:32:12+00:00","article_modified_time":"2020-05-19T14:44:55+00:00","og_image":[{"width":800,"height":599,"url":"https:\/\/franciscanos.org.br\/vidacrista\/wp-content\/uploads\/2012\/01\/artigo_0606-1.png","type":"image\/png"}],"author":"admin","twitter_card":"summary_large_image","twitter_misc":{"Escrito por":"admin","Est. tempo de leitura":"3 minutos"},"schema":{"@context":"https:\/\/schema.org","@graph":[{"@type":"WebSite","@id":"https:\/\/franciscanos.org.br\/vidacrista\/#website","url":"https:\/\/franciscanos.org.br\/vidacrista\/","name":"Vida Crist\u00e3 - Franciscanos","description":"Prov\u00edncia Franciscana da Imaculada Concei\u00e7\u00e3o do Brasil - Ordem dos Frades Menores","potentialAction":[{"@type":"SearchAction","target":{"@type":"EntryPoint","urlTemplate":"https:\/\/franciscanos.org.br\/vidacrista\/?s={search_term_string}"},"query-input":"required name=search_term_string"}],"inLanguage":"pt-BR"},{"@type":"WebPage","@id":"https:\/\/franciscanos.org.br\/vidacrista\/paixao-segundo-madalena\/","url":"https:\/\/franciscanos.org.br\/vidacrista\/paixao-segundo-madalena\/","name":"Paix\u00e3o segundo Madalena - Vida Crist\u00e3 - Franciscanos","isPartOf":{"@id":"https:\/\/franciscanos.org.br\/vidacrista\/#website"},"datePublished":"2012-01-08T11:32:12+00:00","dateModified":"2020-05-19T14:44:55+00:00","author":{"@id":"https:\/\/franciscanos.org.br\/vidacrista\/#\/schema\/person\/133632ca93cec555316a35f76ab4153b"},"breadcrumb":{"@id":"https:\/\/franciscanos.org.br\/vidacrista\/paixao-segundo-madalena\/#breadcrumb"},"inLanguage":"pt-BR","potentialAction":[{"@type":"ReadAction","target":["https:\/\/franciscanos.org.br\/vidacrista\/paixao-segundo-madalena\/"]}]},{"@type":"BreadcrumbList","@id":"https:\/\/franciscanos.org.br\/vidacrista\/paixao-segundo-madalena\/#breadcrumb","itemListElement":[{"@type":"ListItem","position":1,"name":"Home","item":"https:\/\/franciscanos.org.br\/vidacrista\/"},{"@type":"ListItem","position":2,"name":"Paix\u00e3o segundo Madalena"}]},{"@type":"Person","@id":"https:\/\/franciscanos.org.br\/vidacrista\/#\/schema\/person\/133632ca93cec555316a35f76ab4153b","name":"admin","image":{"@type":"ImageObject","inLanguage":"pt-BR","@id":"https:\/\/franciscanos.org.br\/vidacrista\/#\/schema\/person\/image\/","url":"https:\/\/secure.gravatar.com\/avatar\/e8495742d34d0ba6448ea1c628263b3e?s=96&d=mm&r=g","contentUrl":"https:\/\/secure.gravatar.com\/avatar\/e8495742d34d0ba6448ea1c628263b3e?s=96&d=mm&r=g","caption":"admin"},"url":"https:\/\/franciscanos.org.br\/vidacrista\/author\/admin\/"}]}},"_links":{"self":[{"href":"https:\/\/franciscanos.org.br\/vidacrista\/wp-json\/wp\/v2\/posts\/17232"}],"collection":[{"href":"https:\/\/franciscanos.org.br\/vidacrista\/wp-json\/wp\/v2\/posts"}],"about":[{"href":"https:\/\/franciscanos.org.br\/vidacrista\/wp-json\/wp\/v2\/types\/post"}],"author":[{"embeddable":true,"href":"https:\/\/franciscanos.org.br\/vidacrista\/wp-json\/wp\/v2\/users\/1"}],"replies":[{"embeddable":true,"href":"https:\/\/franciscanos.org.br\/vidacrista\/wp-json\/wp\/v2\/comments?post=17232"}],"version-history":[{"count":3,"href":"https:\/\/franciscanos.org.br\/vidacrista\/wp-json\/wp\/v2\/posts\/17232\/revisions"}],"predecessor-version":[{"id":179753,"href":"https:\/\/franciscanos.org.br\/vidacrista\/wp-json\/wp\/v2\/posts\/17232\/revisions\/179753"}],"wp:featuredmedia":[{"embeddable":true,"href":"https:\/\/franciscanos.org.br\/vidacrista\/wp-json\/wp\/v2\/media\/184466"}],"wp:attachment":[{"href":"https:\/\/franciscanos.org.br\/vidacrista\/wp-json\/wp\/v2\/media?parent=17232"}],"wp:term":[{"taxonomy":"category","embeddable":true,"href":"https:\/\/franciscanos.org.br\/vidacrista\/wp-json\/wp\/v2\/categories?post=17232"},{"taxonomy":"post_tag","embeddable":true,"href":"https:\/\/franciscanos.org.br\/vidacrista\/wp-json\/wp\/v2\/tags?post=17232"}],"curies":[{"name":"wp","href":"https:\/\/api.w.org\/{rel}","templated":true}]}}