{"id":17227,"date":"2012-01-08T09:05:46","date_gmt":"2012-01-08T11:05:46","guid":{"rendered":"http:\/\/new.franciscanos.org.br\/?p=17227"},"modified":"2020-06-15T12:45:15","modified_gmt":"2020-06-15T15:45:15","slug":"a-face-apocrifa-do-cristianismo-poder-e-heresias","status":"publish","type":"post","link":"https:\/\/franciscanos.org.br\/vidacrista\/a-face-apocrifa-do-cristianismo-poder-e-heresias\/","title":{"rendered":"A face ap\u00f3crifa do cristianismo \u2013 Poder e heresias!"},"content":{"rendered":"<p><strong><img decoding=\"async\" loading=\"lazy\" class=\"size-full wp-image-17229 alignright\" title=\"2193_080512\" src=\"http:\/\/franciscanos.org.br\/wp-content\/uploads\/2012\/05\/2193_080512.jpg\" alt=\"\" width=\"350\" height=\"482\" \/>Por Frei Jacir de Freitas Faria, OFM (*)<\/strong><\/p>\n<p>A prop\u00f3sito do que escrevi no meu livro:\u00a0<em>Ap\u00f3crifos aberrantes, complementares e cristianismos alternativos \u2013 Poder e heresias!\u00a0<\/em>(Vozes), na complexidade que o tema nos imp\u00f5e, gostaria de salientar alguns pontos da trajet\u00f3ria hist\u00f3rica do cristianismo em seus sete primeiros s\u00e9culos, a partir dos oitenta e oito ap\u00f3crifos do Segundo Testamento, classificados por n\u00f3s de aberrantes, complementares ou alternativos. Todos eles s\u00e3o formas de cristianismos e refletem a luta \u00e1rdua que tiveram com aquele que se consolidou como hegem\u00f4nico. Alguns deles exageraram na criatividade de textos ou pr\u00e1ticas como<em>liturgia sexual<\/em>; outros simplesmente complementaram \u2013 ainda que de forma conservadora\u00a0<em>\u2013\u00a0<\/em>a vers\u00e3o oficial; outros, por serem t\u00e3o alternativos, foram relegados ao ostracismo.<\/p>\n<p>O cristianismo conviveu at\u00e9 o s\u00e9culo terceiro com diversas teorias e teologias. O cristianismo ap\u00f3crifo gn\u00f3stico, principal opositor daquele se tornou hegem\u00f4nico, era tamb\u00e9m multiforme. E, por isso mesmo, se enfraqueceu e foi vencido. No cristianismo hegem\u00f4nico, a trajet\u00f3ria foi diversa. Ele conseguiu agregar v\u00e1rios modos de pensar teol\u00f3gico, at\u00e9 mesmo ap\u00f3crifo, num \u00fanico ramo que se tornou oficial e hegem\u00f4nico, no quarto s\u00e9culo. Os outros foram subjugados a ele, expulsos e cunhados de her\u00e9ticos, pois pensavam diferente do que fora estabelecido como verdadeiro. A hist\u00f3ria foi reescrita pelo grupo vitorioso, de modo que parecesse que assim j\u00e1 era desde os tempos apost\u00f3licos. O cristianismo vencedor das disputas teol\u00f3gicas foi aquele que firmou ra\u00edzes no imp\u00e9rio romano e chegou at\u00e9 n\u00f3s. Por isso, ele \u00e9 tamb\u00e9m chamado de romano e cat\u00f3lico, por ter sido anunciado a todo o mundo, com base nos ensinamentos dos ap\u00f3stolos, sobretudo Pedro e Paulo. Nasce, assim, a cristandade, fundamentada no cristianismo apost\u00f3lico.<br \/>\nPara se firmar como cristianismo hegem\u00f4nico, ele estabeleceu, ao longo de s\u00e9culos, dez a\u00e7\u00f5es, tais como:<\/p>\n<p><strong>1.<\/strong> provou ao imp\u00e9rio romano a sua antiguidade a partir do juda\u00edsmo, sendo a realiza\u00e7\u00e3o das promessas do Primeiro Testamento;<\/p>\n<p><strong>2.<\/strong> rompeu com o juda\u00edsmo como religi\u00e3o;<\/p>\n<p><strong>3.<\/strong> criou uma igreja e um bispo homem, eliminando o poder de dire\u00e7\u00e3o institucional das mulheres;<\/p>\n<p><strong>4.<\/strong> colocou um bispo romano para todas as igrejas;<\/p>\n<p><strong>5.<\/strong> criou comunh\u00e3o universal na f\u00e9 apost\u00f3lica com todas as igrejas, tornando-se cat\u00f3lico;<\/p>\n<p><strong>6.<\/strong> estabeleceu um credo de f\u00e9 apost\u00f3lico;<\/p>\n<p><strong>7.<\/strong> eliminou os v\u00e1rios outros modos de conceber o cristianismo, sobretudo aqueles cognominados de ap\u00f3crifos aberrantes, complementares ou alternativos;<\/p>\n<p><strong>8.<\/strong> utilizou tradi\u00e7\u00f5es ap\u00f3crifas complementares em seus dogmas de f\u00e9;<\/p>\n<p><strong>9.<\/strong> determinou a lista dos livros inspirados;<\/p>\n<p><strong>10.<\/strong> fundamentou, nos can\u00f4nicos e na tradi\u00e7\u00e3o apost\u00f3lica, a f\u00e9 em Jesus, humano, divino e trinit\u00e1rio.<\/p>\n<p>Os cristianismos alternativos resistiram ao longo dos s\u00e9culos. Rondam o nosso imagin\u00e1rio teologias de Tertuliano e Or\u00edgenes, dos ebionitas e marcionitas, dos montanistas e arianos. Muitas de nossas pr\u00e1ticas e profiss\u00f5es de f\u00e9 crist\u00e3 cat\u00f3licas, ortodoxas, gregas ou evang\u00e9licas t\u00eam tamb\u00e9m seus fundamentos nas origens ap\u00f3crifas do cristianismo. Mesmo que queiramos negar os cristianismos antigos, isso n\u00e3o \u00e9 poss\u00edvel. Eles est\u00e3o a\u00ed e permanecer\u00e3o sempre no imagin\u00e1rio popular, na f\u00e9 libertadora e conservadora, no ecumenismo e na ortodoxia. O que vale \u00e9 uma leitura ecum\u00eanica, dialogal com eles.<br \/>\nSomos eternos devedores de uma f\u00e9 s\u00f3lida e eficaz aos nossos predecessores que constru\u00edram o cristianismo que hoje vivenciamos, mas \u00e9 salutar e libertador conhecer outras formas de cristianismos, bem como entender a nossa f\u00e9 a partir desses cristianismos antigos e perdidos. A nossa f\u00e9 se torna mais adulta, libertadora e comprometida com os valores de f\u00e9, dos quais n\u00e3o podemos abrir m\u00e3o. A quest\u00e3o n\u00e3o \u00e9 fazer dos ap\u00f3crifos uma literatura inspirada. Basta compreender que eles foram vozes alternativas abafadas e perseguidas pelo cristianismo que se tornou hegem\u00f4nico, num misto de poder e heresias.<\/p>\n<p>A descoberta dos ap\u00f3crifos, sobretudo os gn\u00f3sticos, \u00e9 o grande achado da atualidade, que nos revela o outro lado da moeda na luta desenfreada pelo poder, nos prim\u00f3rdios do cristianismo. Poder? Que poder? Poder de direcionar a f\u00e9, de organizar uma institui\u00e7\u00e3o hier\u00e1rquica capaz de salvaguardar a ess\u00eancia da f\u00e9 em Jesus Cristo, em um s\u00f3 credo e em uma igreja universal. E foi por causa dessa organiza\u00e7\u00e3o institucional do cristianismo que ele sobreviveu e marcou a humanidade em antes e depois de Cristo. Pena que, para isso, os seres humanos daquele tempo tiveram que ser divididos em hereges e oficiais. Ningu\u00e9m \u00e9 t\u00e3o oficial que n\u00e3o tenha nada de herege e ningu\u00e9m \u00e9 t\u00e3o herege que n\u00e3o tenha nada de oficial.<\/p>\n<p><strong>(*) Frei Jacir de Freitas Faria<\/strong>, OFM \u00e9 escritor, professor e exegeta<\/p>\n","protected":false},"excerpt":{"rendered":"<p>Artigo de Frei Jacir de Freitas Faria, OFM<\/p>\n","protected":false},"author":1,"featured_media":184469,"comment_status":"closed","ping_status":"closed","sticky":false,"template":"","format":"standard","meta":{"footnotes":""},"categories":[26],"tags":[40,43],"yoast_head":"<!-- This site is optimized with the Yoast SEO plugin v19.4 - https:\/\/yoast.com\/wordpress\/plugins\/seo\/ -->\n<title>A face ap\u00f3crifa do cristianismo \u2013 Poder e heresias! - Vida Crist\u00e3 - Franciscanos<\/title>\n<meta name=\"robots\" content=\"index, follow, max-snippet:-1, max-image-preview:large, max-video-preview:-1\" \/>\n<link rel=\"canonical\" href=\"https:\/\/franciscanos.org.br\/vidacrista\/a-face-apocrifa-do-cristianismo-poder-e-heresias\/\" \/>\n<meta property=\"og:locale\" content=\"pt_BR\" \/>\n<meta property=\"og:type\" content=\"article\" \/>\n<meta property=\"og:title\" content=\"A face ap\u00f3crifa do cristianismo \u2013 Poder e heresias! - Vida Crist\u00e3 - Franciscanos\" \/>\n<meta property=\"og:description\" content=\"Artigo de Frei Jacir de Freitas Faria, OFM\" \/>\n<meta property=\"og:url\" content=\"https:\/\/franciscanos.org.br\/vidacrista\/a-face-apocrifa-do-cristianismo-poder-e-heresias\/\" \/>\n<meta property=\"og:site_name\" content=\"Vida Crist\u00e3 - Franciscanos\" \/>\n<meta property=\"article:published_time\" content=\"2012-01-08T11:05:46+00:00\" \/>\n<meta property=\"article:modified_time\" content=\"2020-06-15T15:45:15+00:00\" \/>\n<meta property=\"og:image\" content=\"https:\/\/franciscanos.org.br\/vidacrista\/wp-content\/uploads\/2012\/01\/2193_080512-1.jpg\" \/>\n\t<meta property=\"og:image:width\" content=\"800\" \/>\n\t<meta property=\"og:image:height\" content=\"599\" \/>\n\t<meta property=\"og:image:type\" content=\"image\/jpeg\" \/>\n<meta name=\"author\" content=\"admin\" \/>\n<meta name=\"twitter:card\" content=\"summary_large_image\" \/>\n<meta name=\"twitter:label1\" content=\"Escrito por\" \/>\n\t<meta name=\"twitter:data1\" content=\"admin\" \/>\n\t<meta name=\"twitter:label2\" content=\"Est. tempo de leitura\" \/>\n\t<meta name=\"twitter:data2\" content=\"4 minutos\" \/>\n<script type=\"application\/ld+json\" class=\"yoast-schema-graph\">{\"@context\":\"https:\/\/schema.org\",\"@graph\":[{\"@type\":\"WebSite\",\"@id\":\"https:\/\/franciscanos.org.br\/vidacrista\/#website\",\"url\":\"https:\/\/franciscanos.org.br\/vidacrista\/\",\"name\":\"Vida Crist\u00e3 - Franciscanos\",\"description\":\"Prov\u00edncia Franciscana da Imaculada Concei\u00e7\u00e3o do Brasil - Ordem dos Frades Menores\",\"potentialAction\":[{\"@type\":\"SearchAction\",\"target\":{\"@type\":\"EntryPoint\",\"urlTemplate\":\"https:\/\/franciscanos.org.br\/vidacrista\/?s={search_term_string}\"},\"query-input\":\"required name=search_term_string\"}],\"inLanguage\":\"pt-BR\"},{\"@type\":\"WebPage\",\"@id\":\"https:\/\/franciscanos.org.br\/vidacrista\/a-face-apocrifa-do-cristianismo-poder-e-heresias\/\",\"url\":\"https:\/\/franciscanos.org.br\/vidacrista\/a-face-apocrifa-do-cristianismo-poder-e-heresias\/\",\"name\":\"A face ap\u00f3crifa do cristianismo \u2013 Poder e heresias! - Vida Crist\u00e3 - Franciscanos\",\"isPartOf\":{\"@id\":\"https:\/\/franciscanos.org.br\/vidacrista\/#website\"},\"datePublished\":\"2012-01-08T11:05:46+00:00\",\"dateModified\":\"2020-06-15T15:45:15+00:00\",\"author\":{\"@id\":\"https:\/\/franciscanos.org.br\/vidacrista\/#\/schema\/person\/133632ca93cec555316a35f76ab4153b\"},\"breadcrumb\":{\"@id\":\"https:\/\/franciscanos.org.br\/vidacrista\/a-face-apocrifa-do-cristianismo-poder-e-heresias\/#breadcrumb\"},\"inLanguage\":\"pt-BR\",\"potentialAction\":[{\"@type\":\"ReadAction\",\"target\":[\"https:\/\/franciscanos.org.br\/vidacrista\/a-face-apocrifa-do-cristianismo-poder-e-heresias\/\"]}]},{\"@type\":\"BreadcrumbList\",\"@id\":\"https:\/\/franciscanos.org.br\/vidacrista\/a-face-apocrifa-do-cristianismo-poder-e-heresias\/#breadcrumb\",\"itemListElement\":[{\"@type\":\"ListItem\",\"position\":1,\"name\":\"Home\",\"item\":\"https:\/\/franciscanos.org.br\/vidacrista\/\"},{\"@type\":\"ListItem\",\"position\":2,\"name\":\"A face ap\u00f3crifa do cristianismo \u2013 Poder e heresias!\"}]},{\"@type\":\"Person\",\"@id\":\"https:\/\/franciscanos.org.br\/vidacrista\/#\/schema\/person\/133632ca93cec555316a35f76ab4153b\",\"name\":\"admin\",\"image\":{\"@type\":\"ImageObject\",\"inLanguage\":\"pt-BR\",\"@id\":\"https:\/\/franciscanos.org.br\/vidacrista\/#\/schema\/person\/image\/\",\"url\":\"https:\/\/secure.gravatar.com\/avatar\/e8495742d34d0ba6448ea1c628263b3e?s=96&d=mm&r=g\",\"contentUrl\":\"https:\/\/secure.gravatar.com\/avatar\/e8495742d34d0ba6448ea1c628263b3e?s=96&d=mm&r=g\",\"caption\":\"admin\"},\"url\":\"https:\/\/franciscanos.org.br\/vidacrista\/author\/admin\/\"}]}<\/script>\n<!-- \/ Yoast SEO plugin. -->","yoast_head_json":{"title":"A face ap\u00f3crifa do cristianismo \u2013 Poder e heresias! - Vida Crist\u00e3 - Franciscanos","robots":{"index":"index","follow":"follow","max-snippet":"max-snippet:-1","max-image-preview":"max-image-preview:large","max-video-preview":"max-video-preview:-1"},"canonical":"https:\/\/franciscanos.org.br\/vidacrista\/a-face-apocrifa-do-cristianismo-poder-e-heresias\/","og_locale":"pt_BR","og_type":"article","og_title":"A face ap\u00f3crifa do cristianismo \u2013 Poder e heresias! - Vida Crist\u00e3 - Franciscanos","og_description":"Artigo de Frei Jacir de Freitas Faria, OFM","og_url":"https:\/\/franciscanos.org.br\/vidacrista\/a-face-apocrifa-do-cristianismo-poder-e-heresias\/","og_site_name":"Vida Crist\u00e3 - Franciscanos","article_published_time":"2012-01-08T11:05:46+00:00","article_modified_time":"2020-06-15T15:45:15+00:00","og_image":[{"width":800,"height":599,"url":"https:\/\/franciscanos.org.br\/vidacrista\/wp-content\/uploads\/2012\/01\/2193_080512-1.jpg","type":"image\/jpeg"}],"author":"admin","twitter_card":"summary_large_image","twitter_misc":{"Escrito por":"admin","Est. tempo de leitura":"4 minutos"},"schema":{"@context":"https:\/\/schema.org","@graph":[{"@type":"WebSite","@id":"https:\/\/franciscanos.org.br\/vidacrista\/#website","url":"https:\/\/franciscanos.org.br\/vidacrista\/","name":"Vida Crist\u00e3 - Franciscanos","description":"Prov\u00edncia Franciscana da Imaculada Concei\u00e7\u00e3o do Brasil - Ordem dos Frades Menores","potentialAction":[{"@type":"SearchAction","target":{"@type":"EntryPoint","urlTemplate":"https:\/\/franciscanos.org.br\/vidacrista\/?s={search_term_string}"},"query-input":"required name=search_term_string"}],"inLanguage":"pt-BR"},{"@type":"WebPage","@id":"https:\/\/franciscanos.org.br\/vidacrista\/a-face-apocrifa-do-cristianismo-poder-e-heresias\/","url":"https:\/\/franciscanos.org.br\/vidacrista\/a-face-apocrifa-do-cristianismo-poder-e-heresias\/","name":"A face ap\u00f3crifa do cristianismo \u2013 Poder e heresias! - Vida Crist\u00e3 - Franciscanos","isPartOf":{"@id":"https:\/\/franciscanos.org.br\/vidacrista\/#website"},"datePublished":"2012-01-08T11:05:46+00:00","dateModified":"2020-06-15T15:45:15+00:00","author":{"@id":"https:\/\/franciscanos.org.br\/vidacrista\/#\/schema\/person\/133632ca93cec555316a35f76ab4153b"},"breadcrumb":{"@id":"https:\/\/franciscanos.org.br\/vidacrista\/a-face-apocrifa-do-cristianismo-poder-e-heresias\/#breadcrumb"},"inLanguage":"pt-BR","potentialAction":[{"@type":"ReadAction","target":["https:\/\/franciscanos.org.br\/vidacrista\/a-face-apocrifa-do-cristianismo-poder-e-heresias\/"]}]},{"@type":"BreadcrumbList","@id":"https:\/\/franciscanos.org.br\/vidacrista\/a-face-apocrifa-do-cristianismo-poder-e-heresias\/#breadcrumb","itemListElement":[{"@type":"ListItem","position":1,"name":"Home","item":"https:\/\/franciscanos.org.br\/vidacrista\/"},{"@type":"ListItem","position":2,"name":"A face ap\u00f3crifa do cristianismo \u2013 Poder e heresias!"}]},{"@type":"Person","@id":"https:\/\/franciscanos.org.br\/vidacrista\/#\/schema\/person\/133632ca93cec555316a35f76ab4153b","name":"admin","image":{"@type":"ImageObject","inLanguage":"pt-BR","@id":"https:\/\/franciscanos.org.br\/vidacrista\/#\/schema\/person\/image\/","url":"https:\/\/secure.gravatar.com\/avatar\/e8495742d34d0ba6448ea1c628263b3e?s=96&d=mm&r=g","contentUrl":"https:\/\/secure.gravatar.com\/avatar\/e8495742d34d0ba6448ea1c628263b3e?s=96&d=mm&r=g","caption":"admin"},"url":"https:\/\/franciscanos.org.br\/vidacrista\/author\/admin\/"}]}},"_links":{"self":[{"href":"https:\/\/franciscanos.org.br\/vidacrista\/wp-json\/wp\/v2\/posts\/17227"}],"collection":[{"href":"https:\/\/franciscanos.org.br\/vidacrista\/wp-json\/wp\/v2\/posts"}],"about":[{"href":"https:\/\/franciscanos.org.br\/vidacrista\/wp-json\/wp\/v2\/types\/post"}],"author":[{"embeddable":true,"href":"https:\/\/franciscanos.org.br\/vidacrista\/wp-json\/wp\/v2\/users\/1"}],"replies":[{"embeddable":true,"href":"https:\/\/franciscanos.org.br\/vidacrista\/wp-json\/wp\/v2\/comments?post=17227"}],"version-history":[{"count":2,"href":"https:\/\/franciscanos.org.br\/vidacrista\/wp-json\/wp\/v2\/posts\/17227\/revisions"}],"predecessor-version":[{"id":185688,"href":"https:\/\/franciscanos.org.br\/vidacrista\/wp-json\/wp\/v2\/posts\/17227\/revisions\/185688"}],"wp:featuredmedia":[{"embeddable":true,"href":"https:\/\/franciscanos.org.br\/vidacrista\/wp-json\/wp\/v2\/media\/184469"}],"wp:attachment":[{"href":"https:\/\/franciscanos.org.br\/vidacrista\/wp-json\/wp\/v2\/media?parent=17227"}],"wp:term":[{"taxonomy":"category","embeddable":true,"href":"https:\/\/franciscanos.org.br\/vidacrista\/wp-json\/wp\/v2\/categories?post=17227"},{"taxonomy":"post_tag","embeddable":true,"href":"https:\/\/franciscanos.org.br\/vidacrista\/wp-json\/wp\/v2\/tags?post=17227"}],"curies":[{"name":"wp","href":"https:\/\/api.w.org\/{rel}","templated":true}]}}