{"id":170926,"date":"2018-09-05T10:32:06","date_gmt":"2018-09-05T13:32:06","guid":{"rendered":"http:\/\/franciscanos.org.br\/?p=170926"},"modified":"2019-03-01T13:13:45","modified_gmt":"2019-03-01T16:13:45","slug":"o-coracao-do-amigo-chamado-jesus","status":"publish","type":"post","link":"https:\/\/franciscanos.org.br\/vidacrista\/o-coracao-do-amigo-chamado-jesus\/","title":{"rendered":"O cora\u00e7\u00e3o do amigo chamado Jesus"},"content":{"rendered":"<p><img decoding=\"async\" loading=\"lazy\" src=\"http:\/\/franciscanos.org.br\/wp-content\/uploads\/2018\/09\/sagrado_050918.jpg\" alt=\"Group of kids friends arm around sitting together\" width=\"830\" height=\"400\" \/><\/p>\n<blockquote><p><em>&#8220;Ningu\u00e9m tem maior amor do que aquele que d\u00e1 a vida por seus amigos. V\u00f3s sois meus amigos se fizerdes o que eu vos mando. J\u00e1 n\u00e3o vos chamo de servos, porque o servo n\u00e3o sabe o que faz o seu senhor. Eu vos chamo de amigos porque vos dei a conhecer tudo o que ouvi de meu Pai&#8221;<\/em> (Jo 15, 13-15)<\/p><\/blockquote>\n<p>M\u00eas ap\u00f3s m\u00eas, na primeira sexta-feira, temos o h\u00e1bito prazenteiro de nos colocar diante de Jesus, vivo e ressuscitado, contemplado, de modo especial, com seu cora\u00e7\u00e3o aberto, fonte de um bem querer sem limites. Ora, determo-nos do Cora\u00e7\u00e3o do Senhor \u00e9 extasiar-nos diante de seu amor que vai at\u00e9 o fim. Contemplando o peito aberto, vemos a concretiza\u00e7\u00e3o de um louco amor.<\/p>\n<p>&gt;&gt; Jesus, nas p\u00e1ginas dos evangelhos, tem muitos t\u00edtulos: pastor, caminho, verdade, ungido. Quando nos damos conta do amor de Jesus que d\u00e1 a vida no alto temos certeza de que ele conquistou um novo t\u00edtulo: nosso amigo. N\u00e3o nos chama de servos, empregados, subalternos, s\u00faditos. Quer que sejamos seus amigos. Conquista-nos dando-nos sua vida.<\/p>\n<p>&gt;&gt; Ele vem do Mist\u00e9rio que \u00e9 uma fornalha de amor. Enviado pelo Pai veio revelar, sussurrar aos nossos ouvidos, as ternuras do Pai. O Jesus do quarto evangelho quer ser o Amigo.<\/p>\n<p>&gt;&gt; N\u00e3o exist\u00edamos. Viemos do nada. Nossos pais se encontraram e nascemos com as marcas do Infinito. Carregamos em n\u00f3s a imagem daquele nos inventou. Sempre tivemos sobre n\u00f3s o olhar do Mist\u00e9rio. Chamemo-lo assim de Mist\u00e9rio. Aquele que n\u00e3o sabemos descrever, mas que faz com que em nosso interior haja o palpitar de seu amor. Que vive perto, mais perto de n\u00f3s do que somos a n\u00f3s mesmos.<\/p>\n<p>&gt;&gt; Jesus, o revelador, o amigo que segreda intimidade \u00e0 nossa intimidade, aquele que coloca sede na garganta da mulher da Samaria, pressa nas pernas de Zaqueu, l\u00e1grimas benditas nos olhos de Pedro depois da trai\u00e7\u00e3o, aquele que salva a mulher pecadora das pedras dos falsos justos&#8230; Ele vai ajuntando t\u00edtulos de amor para conosco. Nada de imposi\u00e7\u00e3o. Ele vai chegando, de seu jeito, hoje como Ressuscitado e vai dizendo que somos seus amigos, mesmo nos momentos de fragilidade, no cora\u00e7\u00e3o de uma aventura conjugal com luzes e sombras, no tecido complexo da hist\u00f3ria e da arte de viver. Ele, ressuscitado, \u00e9 nosso Amigo.<\/p>\n<p>&gt;&gt; \u201cCristo n\u00e3o \u00e9 s\u00f3 o Senhor que salva, mas o amigo pr\u00f3ximo que compreende e acompanha. A teologia atual sublinha a import\u00e2ncia de um Cristo amigo numa \u00e9poca em que n\u00e3o poucos experimentam a solid\u00e3o existencial. S\u00e3o v\u00e1rios os crist\u00f3logos que chamam aten\u00e7\u00e3o para esta frase que, segundo Mateus, resume a atua\u00e7\u00e3o de Jesus: \u2018N\u00e3o quebrar\u00e1 o cani\u00e7o rachado, nem apagar\u00e1 o pavio que ainda fumega\u2019\u201d (Mt 12,20) (Pagola, Jo\u00e3o, p. 160).<\/p>\n","protected":false},"excerpt":{"rendered":"<p>Reflex\u00e3o<\/p>\n","protected":false},"author":1,"featured_media":178011,"comment_status":"open","ping_status":"open","sticky":false,"template":"","format":"standard","meta":{"footnotes":""},"categories":[105],"tags":[106,112],"yoast_head":"<!-- This site is optimized with the Yoast SEO plugin v19.4 - https:\/\/yoast.com\/wordpress\/plugins\/seo\/ -->\n<title>O cora\u00e7\u00e3o do amigo chamado Jesus - Vida Crist\u00e3 - Franciscanos<\/title>\n<meta name=\"robots\" content=\"index, follow, max-snippet:-1, max-image-preview:large, max-video-preview:-1\" \/>\n<link rel=\"canonical\" href=\"https:\/\/franciscanos.org.br\/vidacrista\/o-coracao-do-amigo-chamado-jesus\/\" \/>\n<meta property=\"og:locale\" content=\"pt_BR\" \/>\n<meta property=\"og:type\" content=\"article\" \/>\n<meta property=\"og:title\" content=\"O cora\u00e7\u00e3o do amigo chamado Jesus - Vida Crist\u00e3 - Franciscanos\" \/>\n<meta property=\"og:description\" content=\"Reflex\u00e3o\" \/>\n<meta property=\"og:url\" content=\"https:\/\/franciscanos.org.br\/vidacrista\/o-coracao-do-amigo-chamado-jesus\/\" \/>\n<meta property=\"og:site_name\" content=\"Vida Crist\u00e3 - Franciscanos\" \/>\n<meta property=\"article:published_time\" content=\"2018-09-05T13:32:06+00:00\" \/>\n<meta property=\"article:modified_time\" content=\"2019-03-01T16:13:45+00:00\" \/>\n<meta property=\"og:image\" content=\"https:\/\/franciscanos.org.br\/vidacrista\/wp-content\/uploads\/2018\/09\/sagrado_050918.jpg\" \/>\n\t<meta property=\"og:image:width\" content=\"273\" \/>\n\t<meta property=\"og:image:height\" content=\"181\" \/>\n\t<meta property=\"og:image:type\" content=\"image\/jpeg\" \/>\n<meta name=\"author\" content=\"admin\" \/>\n<meta name=\"twitter:card\" content=\"summary_large_image\" \/>\n<meta name=\"twitter:label1\" content=\"Escrito por\" \/>\n\t<meta name=\"twitter:data1\" content=\"admin\" \/>\n\t<meta name=\"twitter:label2\" content=\"Est. tempo de leitura\" \/>\n\t<meta name=\"twitter:data2\" content=\"3 minutos\" \/>\n<script type=\"application\/ld+json\" class=\"yoast-schema-graph\">{\"@context\":\"https:\/\/schema.org\",\"@graph\":[{\"@type\":\"WebSite\",\"@id\":\"https:\/\/franciscanos.org.br\/vidacrista\/#website\",\"url\":\"https:\/\/franciscanos.org.br\/vidacrista\/\",\"name\":\"Vida Crist\u00e3 - Franciscanos\",\"description\":\"Prov\u00edncia Franciscana da Imaculada Concei\u00e7\u00e3o do Brasil - Ordem dos Frades Menores\",\"potentialAction\":[{\"@type\":\"SearchAction\",\"target\":{\"@type\":\"EntryPoint\",\"urlTemplate\":\"https:\/\/franciscanos.org.br\/vidacrista\/?s={search_term_string}\"},\"query-input\":\"required name=search_term_string\"}],\"inLanguage\":\"pt-BR\"},{\"@type\":\"WebPage\",\"@id\":\"https:\/\/franciscanos.org.br\/vidacrista\/o-coracao-do-amigo-chamado-jesus\/\",\"url\":\"https:\/\/franciscanos.org.br\/vidacrista\/o-coracao-do-amigo-chamado-jesus\/\",\"name\":\"O cora\u00e7\u00e3o do amigo chamado Jesus - Vida Crist\u00e3 - Franciscanos\",\"isPartOf\":{\"@id\":\"https:\/\/franciscanos.org.br\/vidacrista\/#website\"},\"datePublished\":\"2018-09-05T13:32:06+00:00\",\"dateModified\":\"2019-03-01T16:13:45+00:00\",\"author\":{\"@id\":\"https:\/\/franciscanos.org.br\/vidacrista\/#\/schema\/person\/133632ca93cec555316a35f76ab4153b\"},\"breadcrumb\":{\"@id\":\"https:\/\/franciscanos.org.br\/vidacrista\/o-coracao-do-amigo-chamado-jesus\/#breadcrumb\"},\"inLanguage\":\"pt-BR\",\"potentialAction\":[{\"@type\":\"ReadAction\",\"target\":[\"https:\/\/franciscanos.org.br\/vidacrista\/o-coracao-do-amigo-chamado-jesus\/\"]}]},{\"@type\":\"BreadcrumbList\",\"@id\":\"https:\/\/franciscanos.org.br\/vidacrista\/o-coracao-do-amigo-chamado-jesus\/#breadcrumb\",\"itemListElement\":[{\"@type\":\"ListItem\",\"position\":1,\"name\":\"Home\",\"item\":\"https:\/\/franciscanos.org.br\/vidacrista\/\"},{\"@type\":\"ListItem\",\"position\":2,\"name\":\"O cora\u00e7\u00e3o do amigo chamado Jesus\"}]},{\"@type\":\"Person\",\"@id\":\"https:\/\/franciscanos.org.br\/vidacrista\/#\/schema\/person\/133632ca93cec555316a35f76ab4153b\",\"name\":\"admin\",\"image\":{\"@type\":\"ImageObject\",\"inLanguage\":\"pt-BR\",\"@id\":\"https:\/\/franciscanos.org.br\/vidacrista\/#\/schema\/person\/image\/\",\"url\":\"https:\/\/secure.gravatar.com\/avatar\/e8495742d34d0ba6448ea1c628263b3e?s=96&d=mm&r=g\",\"contentUrl\":\"https:\/\/secure.gravatar.com\/avatar\/e8495742d34d0ba6448ea1c628263b3e?s=96&d=mm&r=g\",\"caption\":\"admin\"},\"url\":\"https:\/\/franciscanos.org.br\/vidacrista\/author\/admin\/\"}]}<\/script>\n<!-- \/ Yoast SEO plugin. -->","yoast_head_json":{"title":"O cora\u00e7\u00e3o do amigo chamado Jesus - Vida Crist\u00e3 - Franciscanos","robots":{"index":"index","follow":"follow","max-snippet":"max-snippet:-1","max-image-preview":"max-image-preview:large","max-video-preview":"max-video-preview:-1"},"canonical":"https:\/\/franciscanos.org.br\/vidacrista\/o-coracao-do-amigo-chamado-jesus\/","og_locale":"pt_BR","og_type":"article","og_title":"O cora\u00e7\u00e3o do amigo chamado Jesus - Vida Crist\u00e3 - Franciscanos","og_description":"Reflex\u00e3o","og_url":"https:\/\/franciscanos.org.br\/vidacrista\/o-coracao-do-amigo-chamado-jesus\/","og_site_name":"Vida Crist\u00e3 - Franciscanos","article_published_time":"2018-09-05T13:32:06+00:00","article_modified_time":"2019-03-01T16:13:45+00:00","og_image":[{"width":273,"height":181,"url":"https:\/\/franciscanos.org.br\/vidacrista\/wp-content\/uploads\/2018\/09\/sagrado_050918.jpg","type":"image\/jpeg"}],"author":"admin","twitter_card":"summary_large_image","twitter_misc":{"Escrito por":"admin","Est. tempo de leitura":"3 minutos"},"schema":{"@context":"https:\/\/schema.org","@graph":[{"@type":"WebSite","@id":"https:\/\/franciscanos.org.br\/vidacrista\/#website","url":"https:\/\/franciscanos.org.br\/vidacrista\/","name":"Vida Crist\u00e3 - Franciscanos","description":"Prov\u00edncia Franciscana da Imaculada Concei\u00e7\u00e3o do Brasil - Ordem dos Frades Menores","potentialAction":[{"@type":"SearchAction","target":{"@type":"EntryPoint","urlTemplate":"https:\/\/franciscanos.org.br\/vidacrista\/?s={search_term_string}"},"query-input":"required name=search_term_string"}],"inLanguage":"pt-BR"},{"@type":"WebPage","@id":"https:\/\/franciscanos.org.br\/vidacrista\/o-coracao-do-amigo-chamado-jesus\/","url":"https:\/\/franciscanos.org.br\/vidacrista\/o-coracao-do-amigo-chamado-jesus\/","name":"O cora\u00e7\u00e3o do amigo chamado Jesus - Vida Crist\u00e3 - Franciscanos","isPartOf":{"@id":"https:\/\/franciscanos.org.br\/vidacrista\/#website"},"datePublished":"2018-09-05T13:32:06+00:00","dateModified":"2019-03-01T16:13:45+00:00","author":{"@id":"https:\/\/franciscanos.org.br\/vidacrista\/#\/schema\/person\/133632ca93cec555316a35f76ab4153b"},"breadcrumb":{"@id":"https:\/\/franciscanos.org.br\/vidacrista\/o-coracao-do-amigo-chamado-jesus\/#breadcrumb"},"inLanguage":"pt-BR","potentialAction":[{"@type":"ReadAction","target":["https:\/\/franciscanos.org.br\/vidacrista\/o-coracao-do-amigo-chamado-jesus\/"]}]},{"@type":"BreadcrumbList","@id":"https:\/\/franciscanos.org.br\/vidacrista\/o-coracao-do-amigo-chamado-jesus\/#breadcrumb","itemListElement":[{"@type":"ListItem","position":1,"name":"Home","item":"https:\/\/franciscanos.org.br\/vidacrista\/"},{"@type":"ListItem","position":2,"name":"O cora\u00e7\u00e3o do amigo chamado Jesus"}]},{"@type":"Person","@id":"https:\/\/franciscanos.org.br\/vidacrista\/#\/schema\/person\/133632ca93cec555316a35f76ab4153b","name":"admin","image":{"@type":"ImageObject","inLanguage":"pt-BR","@id":"https:\/\/franciscanos.org.br\/vidacrista\/#\/schema\/person\/image\/","url":"https:\/\/secure.gravatar.com\/avatar\/e8495742d34d0ba6448ea1c628263b3e?s=96&d=mm&r=g","contentUrl":"https:\/\/secure.gravatar.com\/avatar\/e8495742d34d0ba6448ea1c628263b3e?s=96&d=mm&r=g","caption":"admin"},"url":"https:\/\/franciscanos.org.br\/vidacrista\/author\/admin\/"}]}},"_links":{"self":[{"href":"https:\/\/franciscanos.org.br\/vidacrista\/wp-json\/wp\/v2\/posts\/170926"}],"collection":[{"href":"https:\/\/franciscanos.org.br\/vidacrista\/wp-json\/wp\/v2\/posts"}],"about":[{"href":"https:\/\/franciscanos.org.br\/vidacrista\/wp-json\/wp\/v2\/types\/post"}],"author":[{"embeddable":true,"href":"https:\/\/franciscanos.org.br\/vidacrista\/wp-json\/wp\/v2\/users\/1"}],"replies":[{"embeddable":true,"href":"https:\/\/franciscanos.org.br\/vidacrista\/wp-json\/wp\/v2\/comments?post=170926"}],"version-history":[{"count":1,"href":"https:\/\/franciscanos.org.br\/vidacrista\/wp-json\/wp\/v2\/posts\/170926\/revisions"}],"predecessor-version":[{"id":178012,"href":"https:\/\/franciscanos.org.br\/vidacrista\/wp-json\/wp\/v2\/posts\/170926\/revisions\/178012"}],"wp:featuredmedia":[{"embeddable":true,"href":"https:\/\/franciscanos.org.br\/vidacrista\/wp-json\/wp\/v2\/media\/178011"}],"wp:attachment":[{"href":"https:\/\/franciscanos.org.br\/vidacrista\/wp-json\/wp\/v2\/media?parent=170926"}],"wp:term":[{"taxonomy":"category","embeddable":true,"href":"https:\/\/franciscanos.org.br\/vidacrista\/wp-json\/wp\/v2\/categories?post=170926"},{"taxonomy":"post_tag","embeddable":true,"href":"https:\/\/franciscanos.org.br\/vidacrista\/wp-json\/wp\/v2\/tags?post=170926"}],"curies":[{"name":"wp","href":"https:\/\/api.w.org\/{rel}","templated":true}]}}