{"id":168053,"date":"2018-08-03T06:19:26","date_gmt":"2018-08-03T09:19:26","guid":{"rendered":"http:\/\/franciscanos.org.br\/?p=168053"},"modified":"2019-03-01T13:13:55","modified_gmt":"2019-03-01T16:13:55","slug":"quando-ele-chega-as-coisas-podem-mudar","status":"publish","type":"post","link":"https:\/\/franciscanos.org.br\/vidacrista\/quando-ele-chega-as-coisas-podem-mudar\/","title":{"rendered":"Quando Ele chega, as coisas podem mudar&#8230;"},"content":{"rendered":"<p>Uma vez por m\u00eas, na primeira sexta-feira, temos o costume de contemplar e homenagear \u201cJesus Cristo do peito aberto\u201d. Sempre diante de nossos olhos a cena: um soldado toca o lado do Mestre morto e cava-se uma fonte de amor sem limites. \u00c1gua, sangue e amor que se d\u00e1 at\u00e9 o fim.<\/p>\n<p>Somos convidados, sempre de novo, a nos abeirar das cenas evang\u00e9licas onde encontramos a cantiga do amor desde o pres\u00e9pio do Menino das Palhas at\u00e9 o dilaceramento cruel do alto do G\u00f3lgota e chegando at\u00e9 o jardim da P\u00e1scoa. Sempre ele, aquele que chega, e quando ele chega as coisas podem mudar&#8230; Penso sempre no Ressuscitado presente hoje no mundo e na Igreja.<\/p>\n<p><img decoding=\"async\" loading=\"lazy\" class=\"alignleft size-full wp-image-168054\" src=\"http:\/\/franciscanos.org.br\/wp-content\/uploads\/2018\/08\/zaqueu_030818.jpg\" alt=\"zaqueu_030818\" width=\"388\" height=\"445\" \/><br \/>\nMas naquele tempo&#8230;<\/p>\n<p>Zaqueu estava tranquilo. Havia se conformado com a vida que levava ou que as circunst\u00e2ncias o levaram a viver. Um cobrador de impostos meio ou muito incorreto. Poderia ter sido considerado um modelo de todos os infratores da Lava Jato. Jesus passa. Para. Olha para a \u00e1rvore. Manifesta desejo de fazer com ele uma refei\u00e7\u00e3o. O corrupto cobrador de impostos desce de onde estava, corre e aguarda Jesus em sua casa e sua vida muda. N\u00e3o sabe o que fazer para reparar sua feiura interior.<\/p>\n<p>Aquele cego, pobre cego de nascen\u00e7a. Outros cegos da Palestina. Muitos foram curados por Jesus, que sempre se abeirou da fragilidade. Sofrem, sentem-se colocados de lado. Os evangelhos dizem que, muitos deles, uma vez curados passaram a ser disc\u00edpulos do Mestre que abre os olhos aos cegos. Queriam ver o mundo. Passam a v\u00ea-lo com o olhar desse homem que os havia curado.<\/p>\n<p>A bondade do Cora\u00e7\u00e3o de Jesus ou de Jesus do cora\u00e7\u00e3o imenso como o universo continua agindo. Basta que as pessoas abram-lhe o cora\u00e7\u00e3o. Penso aqui nesse rapaz sem fam\u00edlia, menino bom, mas que entrou na noite das drogas. Um padre da cidade mant\u00e9m uma casa para dependentes. Para l\u00e1 \u00e9 levado. O mo\u00e7o entra em si. Chora, sofre. Vai \u00e0 capela. Olha o crucificado, escuta uma palavra do Evangelho e Jesus chega em sua vida e as coisas mudam&#8230;<\/p>\n<p>Penso nesse homem bom, colega de seus colegas, colegas nem sempre de boa cepa&#8230; Aos poucos deixa se influenciar e participa de desvios de dinheiro que nunca poder\u00e3o ser descobertos. Num momento de desespero interior, quando a m\u00e3e est\u00e1 doente para morrer, \u00e9 tocado. Pega o que foi \u201cretirando\u201d e deixa na portaria de uma casa de velhos indigentes. Diz simplesmente que \u00e9 uma encomenda que mandaram para esses fantasmas humanos na casa de velhos&#8230; E tudo mudou&#8230;<\/p>\n<p>Tenho certeza que Jesus continua hoje chegando perto de tantos que sofrem desesperadamente em seu pr\u00f3prio cora\u00e7\u00e3o t\u00e3o diferente do imenso Cora\u00e7\u00e3o do Senhor.<\/p>\n<p>Quando os raios do amor do peito aberto de Jesus atingem as pessoas, as coisas podem mudar&#8230;<\/p>\n<p><strong>Frei Almir Guimar\u00e3es<\/strong><\/p>\n","protected":false},"excerpt":{"rendered":"<p>1\u00aa Sexta-feira do M\u00eas<\/p>\n","protected":false},"author":1,"featured_media":178080,"comment_status":"open","ping_status":"open","sticky":false,"template":"","format":"standard","meta":{"footnotes":""},"categories":[105],"tags":[106,112],"yoast_head":"<!-- This site is optimized with the Yoast SEO plugin v19.4 - https:\/\/yoast.com\/wordpress\/plugins\/seo\/ -->\n<title>Quando Ele chega, as coisas podem mudar... - Vida Crist\u00e3 - Franciscanos<\/title>\n<meta name=\"robots\" content=\"index, follow, max-snippet:-1, max-image-preview:large, max-video-preview:-1\" \/>\n<link rel=\"canonical\" href=\"https:\/\/franciscanos.org.br\/vidacrista\/quando-ele-chega-as-coisas-podem-mudar\/\" \/>\n<meta property=\"og:locale\" content=\"pt_BR\" \/>\n<meta property=\"og:type\" content=\"article\" \/>\n<meta property=\"og:title\" content=\"Quando Ele chega, as coisas podem mudar... - Vida Crist\u00e3 - Franciscanos\" \/>\n<meta property=\"og:description\" content=\"1\u00aa Sexta-feira do M\u00eas\" \/>\n<meta property=\"og:url\" content=\"https:\/\/franciscanos.org.br\/vidacrista\/quando-ele-chega-as-coisas-podem-mudar\/\" \/>\n<meta property=\"og:site_name\" content=\"Vida Crist\u00e3 - Franciscanos\" \/>\n<meta property=\"article:published_time\" content=\"2018-08-03T09:19:26+00:00\" \/>\n<meta property=\"article:modified_time\" content=\"2019-03-01T16:13:55+00:00\" \/>\n<meta property=\"og:image\" content=\"https:\/\/franciscanos.org.br\/vidacrista\/wp-content\/uploads\/2018\/08\/sagrado_030818.jpg\" \/>\n\t<meta property=\"og:image:width\" content=\"273\" \/>\n\t<meta property=\"og:image:height\" content=\"181\" \/>\n\t<meta property=\"og:image:type\" content=\"image\/jpeg\" \/>\n<meta name=\"author\" content=\"admin\" \/>\n<meta name=\"twitter:card\" content=\"summary_large_image\" \/>\n<meta name=\"twitter:label1\" content=\"Escrito por\" \/>\n\t<meta name=\"twitter:data1\" content=\"admin\" \/>\n\t<meta name=\"twitter:label2\" content=\"Est. tempo de leitura\" \/>\n\t<meta name=\"twitter:data2\" content=\"2 minutos\" \/>\n<script type=\"application\/ld+json\" class=\"yoast-schema-graph\">{\"@context\":\"https:\/\/schema.org\",\"@graph\":[{\"@type\":\"WebSite\",\"@id\":\"https:\/\/franciscanos.org.br\/vidacrista\/#website\",\"url\":\"https:\/\/franciscanos.org.br\/vidacrista\/\",\"name\":\"Vida Crist\u00e3 - Franciscanos\",\"description\":\"Prov\u00edncia Franciscana da Imaculada Concei\u00e7\u00e3o do Brasil - Ordem dos Frades Menores\",\"potentialAction\":[{\"@type\":\"SearchAction\",\"target\":{\"@type\":\"EntryPoint\",\"urlTemplate\":\"https:\/\/franciscanos.org.br\/vidacrista\/?s={search_term_string}\"},\"query-input\":\"required name=search_term_string\"}],\"inLanguage\":\"pt-BR\"},{\"@type\":\"WebPage\",\"@id\":\"https:\/\/franciscanos.org.br\/vidacrista\/quando-ele-chega-as-coisas-podem-mudar\/\",\"url\":\"https:\/\/franciscanos.org.br\/vidacrista\/quando-ele-chega-as-coisas-podem-mudar\/\",\"name\":\"Quando Ele chega, as coisas podem mudar... - Vida Crist\u00e3 - Franciscanos\",\"isPartOf\":{\"@id\":\"https:\/\/franciscanos.org.br\/vidacrista\/#website\"},\"datePublished\":\"2018-08-03T09:19:26+00:00\",\"dateModified\":\"2019-03-01T16:13:55+00:00\",\"author\":{\"@id\":\"https:\/\/franciscanos.org.br\/vidacrista\/#\/schema\/person\/133632ca93cec555316a35f76ab4153b\"},\"breadcrumb\":{\"@id\":\"https:\/\/franciscanos.org.br\/vidacrista\/quando-ele-chega-as-coisas-podem-mudar\/#breadcrumb\"},\"inLanguage\":\"pt-BR\",\"potentialAction\":[{\"@type\":\"ReadAction\",\"target\":[\"https:\/\/franciscanos.org.br\/vidacrista\/quando-ele-chega-as-coisas-podem-mudar\/\"]}]},{\"@type\":\"BreadcrumbList\",\"@id\":\"https:\/\/franciscanos.org.br\/vidacrista\/quando-ele-chega-as-coisas-podem-mudar\/#breadcrumb\",\"itemListElement\":[{\"@type\":\"ListItem\",\"position\":1,\"name\":\"Home\",\"item\":\"https:\/\/franciscanos.org.br\/vidacrista\/\"},{\"@type\":\"ListItem\",\"position\":2,\"name\":\"Quando Ele chega, as coisas podem mudar&#8230;\"}]},{\"@type\":\"Person\",\"@id\":\"https:\/\/franciscanos.org.br\/vidacrista\/#\/schema\/person\/133632ca93cec555316a35f76ab4153b\",\"name\":\"admin\",\"image\":{\"@type\":\"ImageObject\",\"inLanguage\":\"pt-BR\",\"@id\":\"https:\/\/franciscanos.org.br\/vidacrista\/#\/schema\/person\/image\/\",\"url\":\"https:\/\/secure.gravatar.com\/avatar\/e8495742d34d0ba6448ea1c628263b3e?s=96&d=mm&r=g\",\"contentUrl\":\"https:\/\/secure.gravatar.com\/avatar\/e8495742d34d0ba6448ea1c628263b3e?s=96&d=mm&r=g\",\"caption\":\"admin\"},\"url\":\"https:\/\/franciscanos.org.br\/vidacrista\/author\/admin\/\"}]}<\/script>\n<!-- \/ Yoast SEO plugin. -->","yoast_head_json":{"title":"Quando Ele chega, as coisas podem mudar... - Vida Crist\u00e3 - Franciscanos","robots":{"index":"index","follow":"follow","max-snippet":"max-snippet:-1","max-image-preview":"max-image-preview:large","max-video-preview":"max-video-preview:-1"},"canonical":"https:\/\/franciscanos.org.br\/vidacrista\/quando-ele-chega-as-coisas-podem-mudar\/","og_locale":"pt_BR","og_type":"article","og_title":"Quando Ele chega, as coisas podem mudar... - Vida Crist\u00e3 - Franciscanos","og_description":"1\u00aa Sexta-feira do M\u00eas","og_url":"https:\/\/franciscanos.org.br\/vidacrista\/quando-ele-chega-as-coisas-podem-mudar\/","og_site_name":"Vida Crist\u00e3 - Franciscanos","article_published_time":"2018-08-03T09:19:26+00:00","article_modified_time":"2019-03-01T16:13:55+00:00","og_image":[{"width":273,"height":181,"url":"https:\/\/franciscanos.org.br\/vidacrista\/wp-content\/uploads\/2018\/08\/sagrado_030818.jpg","type":"image\/jpeg"}],"author":"admin","twitter_card":"summary_large_image","twitter_misc":{"Escrito por":"admin","Est. tempo de leitura":"2 minutos"},"schema":{"@context":"https:\/\/schema.org","@graph":[{"@type":"WebSite","@id":"https:\/\/franciscanos.org.br\/vidacrista\/#website","url":"https:\/\/franciscanos.org.br\/vidacrista\/","name":"Vida Crist\u00e3 - Franciscanos","description":"Prov\u00edncia Franciscana da Imaculada Concei\u00e7\u00e3o do Brasil - Ordem dos Frades Menores","potentialAction":[{"@type":"SearchAction","target":{"@type":"EntryPoint","urlTemplate":"https:\/\/franciscanos.org.br\/vidacrista\/?s={search_term_string}"},"query-input":"required name=search_term_string"}],"inLanguage":"pt-BR"},{"@type":"WebPage","@id":"https:\/\/franciscanos.org.br\/vidacrista\/quando-ele-chega-as-coisas-podem-mudar\/","url":"https:\/\/franciscanos.org.br\/vidacrista\/quando-ele-chega-as-coisas-podem-mudar\/","name":"Quando Ele chega, as coisas podem mudar... - Vida Crist\u00e3 - Franciscanos","isPartOf":{"@id":"https:\/\/franciscanos.org.br\/vidacrista\/#website"},"datePublished":"2018-08-03T09:19:26+00:00","dateModified":"2019-03-01T16:13:55+00:00","author":{"@id":"https:\/\/franciscanos.org.br\/vidacrista\/#\/schema\/person\/133632ca93cec555316a35f76ab4153b"},"breadcrumb":{"@id":"https:\/\/franciscanos.org.br\/vidacrista\/quando-ele-chega-as-coisas-podem-mudar\/#breadcrumb"},"inLanguage":"pt-BR","potentialAction":[{"@type":"ReadAction","target":["https:\/\/franciscanos.org.br\/vidacrista\/quando-ele-chega-as-coisas-podem-mudar\/"]}]},{"@type":"BreadcrumbList","@id":"https:\/\/franciscanos.org.br\/vidacrista\/quando-ele-chega-as-coisas-podem-mudar\/#breadcrumb","itemListElement":[{"@type":"ListItem","position":1,"name":"Home","item":"https:\/\/franciscanos.org.br\/vidacrista\/"},{"@type":"ListItem","position":2,"name":"Quando Ele chega, as coisas podem mudar&#8230;"}]},{"@type":"Person","@id":"https:\/\/franciscanos.org.br\/vidacrista\/#\/schema\/person\/133632ca93cec555316a35f76ab4153b","name":"admin","image":{"@type":"ImageObject","inLanguage":"pt-BR","@id":"https:\/\/franciscanos.org.br\/vidacrista\/#\/schema\/person\/image\/","url":"https:\/\/secure.gravatar.com\/avatar\/e8495742d34d0ba6448ea1c628263b3e?s=96&d=mm&r=g","contentUrl":"https:\/\/secure.gravatar.com\/avatar\/e8495742d34d0ba6448ea1c628263b3e?s=96&d=mm&r=g","caption":"admin"},"url":"https:\/\/franciscanos.org.br\/vidacrista\/author\/admin\/"}]}},"_links":{"self":[{"href":"https:\/\/franciscanos.org.br\/vidacrista\/wp-json\/wp\/v2\/posts\/168053"}],"collection":[{"href":"https:\/\/franciscanos.org.br\/vidacrista\/wp-json\/wp\/v2\/posts"}],"about":[{"href":"https:\/\/franciscanos.org.br\/vidacrista\/wp-json\/wp\/v2\/types\/post"}],"author":[{"embeddable":true,"href":"https:\/\/franciscanos.org.br\/vidacrista\/wp-json\/wp\/v2\/users\/1"}],"replies":[{"embeddable":true,"href":"https:\/\/franciscanos.org.br\/vidacrista\/wp-json\/wp\/v2\/comments?post=168053"}],"version-history":[{"count":1,"href":"https:\/\/franciscanos.org.br\/vidacrista\/wp-json\/wp\/v2\/posts\/168053\/revisions"}],"predecessor-version":[{"id":178081,"href":"https:\/\/franciscanos.org.br\/vidacrista\/wp-json\/wp\/v2\/posts\/168053\/revisions\/178081"}],"wp:featuredmedia":[{"embeddable":true,"href":"https:\/\/franciscanos.org.br\/vidacrista\/wp-json\/wp\/v2\/media\/178080"}],"wp:attachment":[{"href":"https:\/\/franciscanos.org.br\/vidacrista\/wp-json\/wp\/v2\/media?parent=168053"}],"wp:term":[{"taxonomy":"category","embeddable":true,"href":"https:\/\/franciscanos.org.br\/vidacrista\/wp-json\/wp\/v2\/categories?post=168053"},{"taxonomy":"post_tag","embeddable":true,"href":"https:\/\/franciscanos.org.br\/vidacrista\/wp-json\/wp\/v2\/tags?post=168053"}],"curies":[{"name":"wp","href":"https:\/\/api.w.org\/{rel}","templated":true}]}}