{"id":166097,"date":"2018-07-03T09:58:41","date_gmt":"2018-07-03T12:58:41","guid":{"rendered":"http:\/\/franciscanos.org.br\/?p=166097"},"modified":"2019-03-01T13:35:13","modified_gmt":"2019-03-01T16:35:13","slug":"jesus-o-amigo-dos-que-nao-valem-muito","status":"publish","type":"post","link":"https:\/\/franciscanos.org.br\/vidacrista\/jesus-o-amigo-dos-que-nao-valem-muito\/","title":{"rendered":"Jesus, o amigo dos que n\u00e3o valem muito&#8230;"},"content":{"rendered":"<p><img decoding=\"async\" loading=\"lazy\" src=\"http:\/\/franciscanos.org.br\/wp-content\/uploads\/2018\/07\/sagrado_030718.jpg\" alt=\"sagrado_030718\" width=\"830\" height=\"437\" \/><\/p>\n<p>Sempre lemos com muito gosto passagens dos evangelhos em que Jesus parece especialmente descontra\u00eddo quando tem a ver com pessoas simples e, sobretudo, os que n\u00e3o s\u00e3o devidamente levados em conta pelo ambiente em que vivem e desta forma discriminados. Desnecess\u00e1rio elencar todos os exemplos. Basta evocar um ou outro: um estranho costume do Mestre de estar \u00e0 mesa com pessoas tidas como infratoras das leis e consideradas pecadoras, aproxima\u00e7\u00e3o delicada das crian\u00e7as que n\u00e3o contavam muito aos olhos dos outros, o olhar de Jesus compassivo para com pessoas que sofrem, como por exemplo a m\u00e3e que levava ao t\u00famulo seu filho \u00fanico, ou o olhar de ternura para com a mulher que colocou no cofre o dinheiro que era necess\u00e1rio para sua sobreviv\u00eancia. O amigo dos que n\u00e3o valem muito&#8230;<\/p>\n<p>Jesus continua no meio de n\u00f3s. Vive. \u00c9 o Ressuscitado. Manifesta-se de muitos meios e modos. N\u00f3s, seus disc\u00edpulos, sobretudo os que nos detemos diante de seu cora\u00e7\u00e3o fissurado de amor, sentimos que temos que ter os mesmos sentimentos que animaram a vida do Mestre, ou seja, tem um cora\u00e7\u00e3o que n\u00e3o cabe em nosso peito.<\/p>\n<p>Antes de tudo, n\u00f3s mesmos com nossas falhas, indol\u00eancias e incompet\u00eancias, se humildes formos, mereceremos o olhar de Jesus sobre n\u00f3s que aparentemente valemos pouco&#8230;<\/p>\n<p>Sobretudo os devotos do Cora\u00e7\u00e3o de Jesus s\u00e3o pessoas que individualmente e em grupo procuram voltar seus olhos na dire\u00e7\u00e3o de todos os que valem pouco&#8230; Penso nos professores que recebem na intimidade da sala de aula crian\u00e7as desventuradas, filhos de traficantes, gente colocada no mundo de qualquer jeito. Penso nessas velhinhas que se arrastam de madrugada at\u00e9 um posto de sa\u00fade para procurar curar um terr\u00edvel reumatismo; penso nessas meninas que depois de loucas aventuras amorosas que redundaram numa gravidez, meninas que influenciadas por namorados sem escr\u00fapulos s\u00e3o levadas a fazer aborto em cl\u00ednicas clandestinas. Penso nesses garis que, em caminh\u00f5es de lixo, recolhem, madrugada a dentro, os dejetos de uma sociedade de consumo que nem sempre ou quase nunca s\u00e3o devidamente levados em considera\u00e7\u00e3o.<\/p>\n<p>Cristo Jesus, o am\u00e1vel Ressuscitado, pede que n\u00f3s, que j\u00e1 frequentamos as hospedaria de seu Cora\u00e7\u00e3o, tenhamos o nosso olhar e nosso cora\u00e7\u00e3o voltados para que os que valem pouco ou nada aos olhos do mundo.<\/p>\n<p>Tudo isso aprendemos do Cora\u00e7\u00e3o grande de Jesus, ele que \u00e9 a miseric\u00f3rdia do Pai encarnado.<\/p>\n<p><strong>Frei Almir Guimar\u00e3es<\/strong><\/p>\n","protected":false},"excerpt":{"rendered":"<p>1\u00aa Sexta-feira do M\u00eas<\/p>\n","protected":false},"author":1,"featured_media":0,"comment_status":"open","ping_status":"open","sticky":false,"template":"","format":"standard","meta":{"footnotes":""},"categories":[105],"tags":[106,112],"yoast_head":"<!-- This site is optimized with the Yoast SEO plugin v19.4 - https:\/\/yoast.com\/wordpress\/plugins\/seo\/ -->\n<title>Jesus, o amigo dos que n\u00e3o valem muito... - Vida Crist\u00e3 - Franciscanos<\/title>\n<meta name=\"robots\" content=\"index, follow, max-snippet:-1, max-image-preview:large, max-video-preview:-1\" \/>\n<link rel=\"canonical\" href=\"https:\/\/franciscanos.org.br\/vidacrista\/jesus-o-amigo-dos-que-nao-valem-muito\/\" \/>\n<meta property=\"og:locale\" content=\"pt_BR\" \/>\n<meta property=\"og:type\" content=\"article\" \/>\n<meta property=\"og:title\" content=\"Jesus, o amigo dos que n\u00e3o valem muito... - Vida Crist\u00e3 - Franciscanos\" \/>\n<meta property=\"og:description\" content=\"1\u00aa Sexta-feira do M\u00eas\" \/>\n<meta property=\"og:url\" content=\"https:\/\/franciscanos.org.br\/vidacrista\/jesus-o-amigo-dos-que-nao-valem-muito\/\" \/>\n<meta property=\"og:site_name\" content=\"Vida Crist\u00e3 - Franciscanos\" \/>\n<meta property=\"article:published_time\" content=\"2018-07-03T12:58:41+00:00\" \/>\n<meta property=\"article:modified_time\" content=\"2019-03-01T16:35:13+00:00\" \/>\n<meta property=\"og:image\" content=\"http:\/\/franciscanos.org.br\/wp-content\/uploads\/2018\/07\/sagrado_030718.jpg\" \/>\n<meta name=\"author\" content=\"admin\" \/>\n<meta name=\"twitter:card\" content=\"summary_large_image\" \/>\n<meta name=\"twitter:label1\" content=\"Escrito por\" \/>\n\t<meta name=\"twitter:data1\" content=\"admin\" \/>\n\t<meta name=\"twitter:label2\" content=\"Est. tempo de leitura\" \/>\n\t<meta name=\"twitter:data2\" content=\"2 minutos\" \/>\n<script type=\"application\/ld+json\" class=\"yoast-schema-graph\">{\"@context\":\"https:\/\/schema.org\",\"@graph\":[{\"@type\":\"WebSite\",\"@id\":\"https:\/\/franciscanos.org.br\/vidacrista\/#website\",\"url\":\"https:\/\/franciscanos.org.br\/vidacrista\/\",\"name\":\"Vida Crist\u00e3 - Franciscanos\",\"description\":\"Prov\u00edncia Franciscana da Imaculada Concei\u00e7\u00e3o do Brasil - Ordem dos Frades Menores\",\"potentialAction\":[{\"@type\":\"SearchAction\",\"target\":{\"@type\":\"EntryPoint\",\"urlTemplate\":\"https:\/\/franciscanos.org.br\/vidacrista\/?s={search_term_string}\"},\"query-input\":\"required name=search_term_string\"}],\"inLanguage\":\"pt-BR\"},{\"@type\":\"WebPage\",\"@id\":\"https:\/\/franciscanos.org.br\/vidacrista\/jesus-o-amigo-dos-que-nao-valem-muito\/\",\"url\":\"https:\/\/franciscanos.org.br\/vidacrista\/jesus-o-amigo-dos-que-nao-valem-muito\/\",\"name\":\"Jesus, o amigo dos que n\u00e3o valem muito... - Vida Crist\u00e3 - Franciscanos\",\"isPartOf\":{\"@id\":\"https:\/\/franciscanos.org.br\/vidacrista\/#website\"},\"datePublished\":\"2018-07-03T12:58:41+00:00\",\"dateModified\":\"2019-03-01T16:35:13+00:00\",\"author\":{\"@id\":\"https:\/\/franciscanos.org.br\/vidacrista\/#\/schema\/person\/133632ca93cec555316a35f76ab4153b\"},\"breadcrumb\":{\"@id\":\"https:\/\/franciscanos.org.br\/vidacrista\/jesus-o-amigo-dos-que-nao-valem-muito\/#breadcrumb\"},\"inLanguage\":\"pt-BR\",\"potentialAction\":[{\"@type\":\"ReadAction\",\"target\":[\"https:\/\/franciscanos.org.br\/vidacrista\/jesus-o-amigo-dos-que-nao-valem-muito\/\"]}]},{\"@type\":\"BreadcrumbList\",\"@id\":\"https:\/\/franciscanos.org.br\/vidacrista\/jesus-o-amigo-dos-que-nao-valem-muito\/#breadcrumb\",\"itemListElement\":[{\"@type\":\"ListItem\",\"position\":1,\"name\":\"Home\",\"item\":\"https:\/\/franciscanos.org.br\/vidacrista\/\"},{\"@type\":\"ListItem\",\"position\":2,\"name\":\"Jesus, o amigo dos que n\u00e3o valem muito&#8230;\"}]},{\"@type\":\"Person\",\"@id\":\"https:\/\/franciscanos.org.br\/vidacrista\/#\/schema\/person\/133632ca93cec555316a35f76ab4153b\",\"name\":\"admin\",\"image\":{\"@type\":\"ImageObject\",\"inLanguage\":\"pt-BR\",\"@id\":\"https:\/\/franciscanos.org.br\/vidacrista\/#\/schema\/person\/image\/\",\"url\":\"https:\/\/secure.gravatar.com\/avatar\/e8495742d34d0ba6448ea1c628263b3e?s=96&d=mm&r=g\",\"contentUrl\":\"https:\/\/secure.gravatar.com\/avatar\/e8495742d34d0ba6448ea1c628263b3e?s=96&d=mm&r=g\",\"caption\":\"admin\"},\"url\":\"https:\/\/franciscanos.org.br\/vidacrista\/author\/admin\/\"}]}<\/script>\n<!-- \/ Yoast SEO plugin. -->","yoast_head_json":{"title":"Jesus, o amigo dos que n\u00e3o valem muito... - Vida Crist\u00e3 - Franciscanos","robots":{"index":"index","follow":"follow","max-snippet":"max-snippet:-1","max-image-preview":"max-image-preview:large","max-video-preview":"max-video-preview:-1"},"canonical":"https:\/\/franciscanos.org.br\/vidacrista\/jesus-o-amigo-dos-que-nao-valem-muito\/","og_locale":"pt_BR","og_type":"article","og_title":"Jesus, o amigo dos que n\u00e3o valem muito... - Vida Crist\u00e3 - Franciscanos","og_description":"1\u00aa Sexta-feira do M\u00eas","og_url":"https:\/\/franciscanos.org.br\/vidacrista\/jesus-o-amigo-dos-que-nao-valem-muito\/","og_site_name":"Vida Crist\u00e3 - Franciscanos","article_published_time":"2018-07-03T12:58:41+00:00","article_modified_time":"2019-03-01T16:35:13+00:00","og_image":[{"url":"http:\/\/franciscanos.org.br\/wp-content\/uploads\/2018\/07\/sagrado_030718.jpg"}],"author":"admin","twitter_card":"summary_large_image","twitter_misc":{"Escrito por":"admin","Est. tempo de leitura":"2 minutos"},"schema":{"@context":"https:\/\/schema.org","@graph":[{"@type":"WebSite","@id":"https:\/\/franciscanos.org.br\/vidacrista\/#website","url":"https:\/\/franciscanos.org.br\/vidacrista\/","name":"Vida Crist\u00e3 - Franciscanos","description":"Prov\u00edncia Franciscana da Imaculada Concei\u00e7\u00e3o do Brasil - Ordem dos Frades Menores","potentialAction":[{"@type":"SearchAction","target":{"@type":"EntryPoint","urlTemplate":"https:\/\/franciscanos.org.br\/vidacrista\/?s={search_term_string}"},"query-input":"required name=search_term_string"}],"inLanguage":"pt-BR"},{"@type":"WebPage","@id":"https:\/\/franciscanos.org.br\/vidacrista\/jesus-o-amigo-dos-que-nao-valem-muito\/","url":"https:\/\/franciscanos.org.br\/vidacrista\/jesus-o-amigo-dos-que-nao-valem-muito\/","name":"Jesus, o amigo dos que n\u00e3o valem muito... - Vida Crist\u00e3 - Franciscanos","isPartOf":{"@id":"https:\/\/franciscanos.org.br\/vidacrista\/#website"},"datePublished":"2018-07-03T12:58:41+00:00","dateModified":"2019-03-01T16:35:13+00:00","author":{"@id":"https:\/\/franciscanos.org.br\/vidacrista\/#\/schema\/person\/133632ca93cec555316a35f76ab4153b"},"breadcrumb":{"@id":"https:\/\/franciscanos.org.br\/vidacrista\/jesus-o-amigo-dos-que-nao-valem-muito\/#breadcrumb"},"inLanguage":"pt-BR","potentialAction":[{"@type":"ReadAction","target":["https:\/\/franciscanos.org.br\/vidacrista\/jesus-o-amigo-dos-que-nao-valem-muito\/"]}]},{"@type":"BreadcrumbList","@id":"https:\/\/franciscanos.org.br\/vidacrista\/jesus-o-amigo-dos-que-nao-valem-muito\/#breadcrumb","itemListElement":[{"@type":"ListItem","position":1,"name":"Home","item":"https:\/\/franciscanos.org.br\/vidacrista\/"},{"@type":"ListItem","position":2,"name":"Jesus, o amigo dos que n\u00e3o valem muito&#8230;"}]},{"@type":"Person","@id":"https:\/\/franciscanos.org.br\/vidacrista\/#\/schema\/person\/133632ca93cec555316a35f76ab4153b","name":"admin","image":{"@type":"ImageObject","inLanguage":"pt-BR","@id":"https:\/\/franciscanos.org.br\/vidacrista\/#\/schema\/person\/image\/","url":"https:\/\/secure.gravatar.com\/avatar\/e8495742d34d0ba6448ea1c628263b3e?s=96&d=mm&r=g","contentUrl":"https:\/\/secure.gravatar.com\/avatar\/e8495742d34d0ba6448ea1c628263b3e?s=96&d=mm&r=g","caption":"admin"},"url":"https:\/\/franciscanos.org.br\/vidacrista\/author\/admin\/"}]}},"_links":{"self":[{"href":"https:\/\/franciscanos.org.br\/vidacrista\/wp-json\/wp\/v2\/posts\/166097"}],"collection":[{"href":"https:\/\/franciscanos.org.br\/vidacrista\/wp-json\/wp\/v2\/posts"}],"about":[{"href":"https:\/\/franciscanos.org.br\/vidacrista\/wp-json\/wp\/v2\/types\/post"}],"author":[{"embeddable":true,"href":"https:\/\/franciscanos.org.br\/vidacrista\/wp-json\/wp\/v2\/users\/1"}],"replies":[{"embeddable":true,"href":"https:\/\/franciscanos.org.br\/vidacrista\/wp-json\/wp\/v2\/comments?post=166097"}],"version-history":[{"count":1,"href":"https:\/\/franciscanos.org.br\/vidacrista\/wp-json\/wp\/v2\/posts\/166097\/revisions"}],"predecessor-version":[{"id":178128,"href":"https:\/\/franciscanos.org.br\/vidacrista\/wp-json\/wp\/v2\/posts\/166097\/revisions\/178128"}],"wp:attachment":[{"href":"https:\/\/franciscanos.org.br\/vidacrista\/wp-json\/wp\/v2\/media?parent=166097"}],"wp:term":[{"taxonomy":"category","embeddable":true,"href":"https:\/\/franciscanos.org.br\/vidacrista\/wp-json\/wp\/v2\/categories?post=166097"},{"taxonomy":"post_tag","embeddable":true,"href":"https:\/\/franciscanos.org.br\/vidacrista\/wp-json\/wp\/v2\/tags?post=166097"}],"curies":[{"name":"wp","href":"https:\/\/api.w.org\/{rel}","templated":true}]}}