{"id":160998,"date":"2018-06-01T10:01:42","date_gmt":"2018-06-01T13:01:42","guid":{"rendered":"http:\/\/franciscanos.org.br\/?p=160998"},"modified":"2019-03-01T13:14:14","modified_gmt":"2019-03-01T16:14:14","slug":"esse-imenso-coracao-de-jesus","status":"publish","type":"post","link":"https:\/\/franciscanos.org.br\/vidacrista\/esse-imenso-coracao-de-jesus\/","title":{"rendered":"Esse imenso Cora\u00e7\u00e3o de Jesus"},"content":{"rendered":"<p><img decoding=\"async\" loading=\"lazy\" src=\"http:\/\/franciscanos.org.br\/wp-content\/uploads\/2018\/06\/sagrado_010618.jpg\" alt=\"sagrado_010618\" width=\"830\" height=\"436\" \/><\/p>\n<p><strong>\u2022 Os disc\u00edpulos de Cristo,<\/strong> contemplando o Crucificado solit\u00e1rio escutam o som de sua voz: \u201cVinde a mim todos v\u00f3s, que estais cansados e sobrecarregados e eu vos darei descanso. Tomai sobre v\u00f3s o meu jugo e aprendei de mim que sou manso e humilde de cora\u00e7\u00e3o e achareis descanso para as vossas almas. Pois o meu jugo \u00e9 suave e o meu peso \u00e9 leve\u201d (Mt 11, 28-30).<\/p>\n<p><strong>\u2022 S\u00e3o Bernardo de Claraval:<\/strong> \u201cOnde encontrar repouso tranquilo e firme para os fracos, a n\u00e3o ser nas chagas do Salvador. Ali permane\u00e7o tanto mais seguro, quanto mais poderoso \u00e9 ele para salvar. O mundo agita, o corpo dificulta, o dem\u00f4nio arma ciladas; n\u00e3o caio porque estou fundado sobre a rocha firme. Pequei e pequei muito; a consci\u00eancia abala-se, mas n\u00e3o se perturba, pois me lembro das chagas do Senhor. Ele foi ferido por causa de nossas iniquidades\u201d.<\/p>\n<p><strong>\u2022 Os que amam o Senhor<\/strong> e sabem que ele \u00e9 lugar de descanso respondem com amor ou Amor. Atribui-se a Francisco de Assis esta prece formulada quase no final de sua vida: \u201cMeu Senhor Jesus Cristo, eu te suplico que me concedas duas gra\u00e7as antes de morrer: a primeira \u00e9 que durante a minha vida eu sinta em minha alma e em meu corpo, tanto quanto poss\u00edvel, a dor que tu, \u00f3 doce Jesus, suportaste na hora da tua crudel\u00edssima Paix\u00e3o; a segunda \u00e9 que eu sinta em meu cora\u00e7\u00e3o, tanto quanto poss\u00edvel, o amor sem medida de que estavas abrasado\u201d.<\/p>\n<p><strong>\u2022 Santo Ant\u00f4nio de P\u00e1dua:<\/strong> \u201cO divino esposo fala pelas feridas e cavernas. Na sua carne s\u00e3o muitas as chagas e entre elas a do lado que conduz a seu cora\u00e7\u00e3o. Para esse cora\u00e7\u00e3o ele convida as almas, suas esposas para abrir-lhes o lado e o cora\u00e7\u00e3o, a fim de que ai se escondam\u201d.<\/p>\n<p><strong>Frei Almir Guimar\u00e3es<\/strong><\/p>\n","protected":false},"excerpt":{"rendered":"<p>Frei Almir<\/p>\n","protected":false},"author":1,"featured_media":178015,"comment_status":"open","ping_status":"open","sticky":false,"template":"","format":"standard","meta":{"footnotes":""},"categories":[105],"tags":[106,112],"yoast_head":"<!-- This site is optimized with the Yoast SEO plugin v19.4 - https:\/\/yoast.com\/wordpress\/plugins\/seo\/ -->\n<title>Esse imenso Cora\u00e7\u00e3o de Jesus - Vida Crist\u00e3 - Franciscanos<\/title>\n<meta name=\"robots\" content=\"index, follow, max-snippet:-1, max-image-preview:large, max-video-preview:-1\" \/>\n<link rel=\"canonical\" href=\"https:\/\/franciscanos.org.br\/vidacrista\/esse-imenso-coracao-de-jesus\/\" \/>\n<meta property=\"og:locale\" content=\"pt_BR\" \/>\n<meta property=\"og:type\" content=\"article\" \/>\n<meta property=\"og:title\" content=\"Esse imenso Cora\u00e7\u00e3o de Jesus - Vida Crist\u00e3 - Franciscanos\" \/>\n<meta property=\"og:description\" content=\"Frei Almir\" \/>\n<meta property=\"og:url\" content=\"https:\/\/franciscanos.org.br\/vidacrista\/esse-imenso-coracao-de-jesus\/\" \/>\n<meta property=\"og:site_name\" content=\"Vida Crist\u00e3 - Franciscanos\" \/>\n<meta property=\"article:published_time\" content=\"2018-06-01T13:01:42+00:00\" \/>\n<meta property=\"article:modified_time\" content=\"2019-03-01T16:14:14+00:00\" \/>\n<meta property=\"og:image\" content=\"https:\/\/franciscanos.org.br\/vidacrista\/wp-content\/uploads\/2018\/06\/sagrado_010618.jpg\" \/>\n\t<meta property=\"og:image:width\" content=\"273\" \/>\n\t<meta property=\"og:image:height\" content=\"181\" \/>\n\t<meta property=\"og:image:type\" content=\"image\/jpeg\" \/>\n<meta name=\"author\" content=\"admin\" \/>\n<meta name=\"twitter:card\" content=\"summary_large_image\" \/>\n<meta name=\"twitter:label1\" content=\"Escrito por\" \/>\n\t<meta name=\"twitter:data1\" content=\"admin\" \/>\n\t<meta name=\"twitter:label2\" content=\"Est. tempo de leitura\" \/>\n\t<meta name=\"twitter:data2\" content=\"2 minutos\" \/>\n<script type=\"application\/ld+json\" class=\"yoast-schema-graph\">{\"@context\":\"https:\/\/schema.org\",\"@graph\":[{\"@type\":\"WebSite\",\"@id\":\"https:\/\/franciscanos.org.br\/vidacrista\/#website\",\"url\":\"https:\/\/franciscanos.org.br\/vidacrista\/\",\"name\":\"Vida Crist\u00e3 - Franciscanos\",\"description\":\"Prov\u00edncia Franciscana da Imaculada Concei\u00e7\u00e3o do Brasil - Ordem dos Frades Menores\",\"potentialAction\":[{\"@type\":\"SearchAction\",\"target\":{\"@type\":\"EntryPoint\",\"urlTemplate\":\"https:\/\/franciscanos.org.br\/vidacrista\/?s={search_term_string}\"},\"query-input\":\"required name=search_term_string\"}],\"inLanguage\":\"pt-BR\"},{\"@type\":\"WebPage\",\"@id\":\"https:\/\/franciscanos.org.br\/vidacrista\/esse-imenso-coracao-de-jesus\/\",\"url\":\"https:\/\/franciscanos.org.br\/vidacrista\/esse-imenso-coracao-de-jesus\/\",\"name\":\"Esse imenso Cora\u00e7\u00e3o de Jesus - Vida Crist\u00e3 - Franciscanos\",\"isPartOf\":{\"@id\":\"https:\/\/franciscanos.org.br\/vidacrista\/#website\"},\"datePublished\":\"2018-06-01T13:01:42+00:00\",\"dateModified\":\"2019-03-01T16:14:14+00:00\",\"author\":{\"@id\":\"https:\/\/franciscanos.org.br\/vidacrista\/#\/schema\/person\/133632ca93cec555316a35f76ab4153b\"},\"breadcrumb\":{\"@id\":\"https:\/\/franciscanos.org.br\/vidacrista\/esse-imenso-coracao-de-jesus\/#breadcrumb\"},\"inLanguage\":\"pt-BR\",\"potentialAction\":[{\"@type\":\"ReadAction\",\"target\":[\"https:\/\/franciscanos.org.br\/vidacrista\/esse-imenso-coracao-de-jesus\/\"]}]},{\"@type\":\"BreadcrumbList\",\"@id\":\"https:\/\/franciscanos.org.br\/vidacrista\/esse-imenso-coracao-de-jesus\/#breadcrumb\",\"itemListElement\":[{\"@type\":\"ListItem\",\"position\":1,\"name\":\"Home\",\"item\":\"https:\/\/franciscanos.org.br\/vidacrista\/\"},{\"@type\":\"ListItem\",\"position\":2,\"name\":\"Esse imenso Cora\u00e7\u00e3o de Jesus\"}]},{\"@type\":\"Person\",\"@id\":\"https:\/\/franciscanos.org.br\/vidacrista\/#\/schema\/person\/133632ca93cec555316a35f76ab4153b\",\"name\":\"admin\",\"image\":{\"@type\":\"ImageObject\",\"inLanguage\":\"pt-BR\",\"@id\":\"https:\/\/franciscanos.org.br\/vidacrista\/#\/schema\/person\/image\/\",\"url\":\"https:\/\/secure.gravatar.com\/avatar\/e8495742d34d0ba6448ea1c628263b3e?s=96&d=mm&r=g\",\"contentUrl\":\"https:\/\/secure.gravatar.com\/avatar\/e8495742d34d0ba6448ea1c628263b3e?s=96&d=mm&r=g\",\"caption\":\"admin\"},\"url\":\"https:\/\/franciscanos.org.br\/vidacrista\/author\/admin\/\"}]}<\/script>\n<!-- \/ Yoast SEO plugin. -->","yoast_head_json":{"title":"Esse imenso Cora\u00e7\u00e3o de Jesus - Vida Crist\u00e3 - Franciscanos","robots":{"index":"index","follow":"follow","max-snippet":"max-snippet:-1","max-image-preview":"max-image-preview:large","max-video-preview":"max-video-preview:-1"},"canonical":"https:\/\/franciscanos.org.br\/vidacrista\/esse-imenso-coracao-de-jesus\/","og_locale":"pt_BR","og_type":"article","og_title":"Esse imenso Cora\u00e7\u00e3o de Jesus - Vida Crist\u00e3 - Franciscanos","og_description":"Frei Almir","og_url":"https:\/\/franciscanos.org.br\/vidacrista\/esse-imenso-coracao-de-jesus\/","og_site_name":"Vida Crist\u00e3 - Franciscanos","article_published_time":"2018-06-01T13:01:42+00:00","article_modified_time":"2019-03-01T16:14:14+00:00","og_image":[{"width":273,"height":181,"url":"https:\/\/franciscanos.org.br\/vidacrista\/wp-content\/uploads\/2018\/06\/sagrado_010618.jpg","type":"image\/jpeg"}],"author":"admin","twitter_card":"summary_large_image","twitter_misc":{"Escrito por":"admin","Est. tempo de leitura":"2 minutos"},"schema":{"@context":"https:\/\/schema.org","@graph":[{"@type":"WebSite","@id":"https:\/\/franciscanos.org.br\/vidacrista\/#website","url":"https:\/\/franciscanos.org.br\/vidacrista\/","name":"Vida Crist\u00e3 - Franciscanos","description":"Prov\u00edncia Franciscana da Imaculada Concei\u00e7\u00e3o do Brasil - Ordem dos Frades Menores","potentialAction":[{"@type":"SearchAction","target":{"@type":"EntryPoint","urlTemplate":"https:\/\/franciscanos.org.br\/vidacrista\/?s={search_term_string}"},"query-input":"required name=search_term_string"}],"inLanguage":"pt-BR"},{"@type":"WebPage","@id":"https:\/\/franciscanos.org.br\/vidacrista\/esse-imenso-coracao-de-jesus\/","url":"https:\/\/franciscanos.org.br\/vidacrista\/esse-imenso-coracao-de-jesus\/","name":"Esse imenso Cora\u00e7\u00e3o de Jesus - Vida Crist\u00e3 - Franciscanos","isPartOf":{"@id":"https:\/\/franciscanos.org.br\/vidacrista\/#website"},"datePublished":"2018-06-01T13:01:42+00:00","dateModified":"2019-03-01T16:14:14+00:00","author":{"@id":"https:\/\/franciscanos.org.br\/vidacrista\/#\/schema\/person\/133632ca93cec555316a35f76ab4153b"},"breadcrumb":{"@id":"https:\/\/franciscanos.org.br\/vidacrista\/esse-imenso-coracao-de-jesus\/#breadcrumb"},"inLanguage":"pt-BR","potentialAction":[{"@type":"ReadAction","target":["https:\/\/franciscanos.org.br\/vidacrista\/esse-imenso-coracao-de-jesus\/"]}]},{"@type":"BreadcrumbList","@id":"https:\/\/franciscanos.org.br\/vidacrista\/esse-imenso-coracao-de-jesus\/#breadcrumb","itemListElement":[{"@type":"ListItem","position":1,"name":"Home","item":"https:\/\/franciscanos.org.br\/vidacrista\/"},{"@type":"ListItem","position":2,"name":"Esse imenso Cora\u00e7\u00e3o de Jesus"}]},{"@type":"Person","@id":"https:\/\/franciscanos.org.br\/vidacrista\/#\/schema\/person\/133632ca93cec555316a35f76ab4153b","name":"admin","image":{"@type":"ImageObject","inLanguage":"pt-BR","@id":"https:\/\/franciscanos.org.br\/vidacrista\/#\/schema\/person\/image\/","url":"https:\/\/secure.gravatar.com\/avatar\/e8495742d34d0ba6448ea1c628263b3e?s=96&d=mm&r=g","contentUrl":"https:\/\/secure.gravatar.com\/avatar\/e8495742d34d0ba6448ea1c628263b3e?s=96&d=mm&r=g","caption":"admin"},"url":"https:\/\/franciscanos.org.br\/vidacrista\/author\/admin\/"}]}},"_links":{"self":[{"href":"https:\/\/franciscanos.org.br\/vidacrista\/wp-json\/wp\/v2\/posts\/160998"}],"collection":[{"href":"https:\/\/franciscanos.org.br\/vidacrista\/wp-json\/wp\/v2\/posts"}],"about":[{"href":"https:\/\/franciscanos.org.br\/vidacrista\/wp-json\/wp\/v2\/types\/post"}],"author":[{"embeddable":true,"href":"https:\/\/franciscanos.org.br\/vidacrista\/wp-json\/wp\/v2\/users\/1"}],"replies":[{"embeddable":true,"href":"https:\/\/franciscanos.org.br\/vidacrista\/wp-json\/wp\/v2\/comments?post=160998"}],"version-history":[{"count":1,"href":"https:\/\/franciscanos.org.br\/vidacrista\/wp-json\/wp\/v2\/posts\/160998\/revisions"}],"predecessor-version":[{"id":178016,"href":"https:\/\/franciscanos.org.br\/vidacrista\/wp-json\/wp\/v2\/posts\/160998\/revisions\/178016"}],"wp:featuredmedia":[{"embeddable":true,"href":"https:\/\/franciscanos.org.br\/vidacrista\/wp-json\/wp\/v2\/media\/178015"}],"wp:attachment":[{"href":"https:\/\/franciscanos.org.br\/vidacrista\/wp-json\/wp\/v2\/media?parent=160998"}],"wp:term":[{"taxonomy":"category","embeddable":true,"href":"https:\/\/franciscanos.org.br\/vidacrista\/wp-json\/wp\/v2\/categories?post=160998"},{"taxonomy":"post_tag","embeddable":true,"href":"https:\/\/franciscanos.org.br\/vidacrista\/wp-json\/wp\/v2\/tags?post=160998"}],"curies":[{"name":"wp","href":"https:\/\/api.w.org\/{rel}","templated":true}]}}