{"id":160548,"date":"2018-05-29T07:48:09","date_gmt":"2018-05-29T10:48:09","guid":{"rendered":"http:\/\/franciscanos.org.br\/?p=160548"},"modified":"2021-09-03T15:47:34","modified_gmt":"2021-09-03T18:47:34","slug":"o-centro-nao-e-o-ser-humano-mas-a-vida-em-sua-diversidade","status":"publish","type":"post","link":"https:\/\/franciscanos.org.br\/vidacrista\/o-centro-nao-e-o-ser-humano-mas-a-vida-em-sua-diversidade\/","title":{"rendered":"O centro n\u00e3o \u00e9 o ser humano mas a vida em sua diversidade"},"content":{"rendered":"<div id=\"attachment_190494\" style=\"width: 850px\" class=\"wp-caption alignnone\"><img aria-describedby=\"caption-attachment-190494\" decoding=\"async\" loading=\"lazy\" class=\"wp-image-190494 size-full\" src=\"https:\/\/franciscanos.org.br\/vidacrista\/wp-content\/uploads\/2018\/05\/artigo_boff_0309.png\" alt=\"\" width=\"840\" height=\"516\" srcset=\"https:\/\/franciscanos.org.br\/vidacrista\/wp-content\/uploads\/2018\/05\/artigo_boff_0309.png 840w, https:\/\/franciscanos.org.br\/vidacrista\/wp-content\/uploads\/2018\/05\/artigo_boff_0309-450x276.png 450w, https:\/\/franciscanos.org.br\/vidacrista\/wp-content\/uploads\/2018\/05\/artigo_boff_0309-768x472.png 768w, https:\/\/franciscanos.org.br\/vidacrista\/wp-content\/uploads\/2018\/05\/artigo_boff_0309-150x92.png 150w\" sizes=\"(max-width: 840px) 100vw, 840px\" \/><p id=\"caption-attachment-190494\" class=\"wp-caption-text\">\u00a0 \u00a0 \u00a0 \u00a0 \u00a0 \u00a0 \u00a0 \u00a0 \u00a0 \u00a0 \u00a0 \u00a0 \u00a0 \u00a0 \u00a0 \u00a0 \u00a0 \u00a0 \u00a0 \u00a0 \u00a0 \u00a0 \u00a0 \u00a0 \u00a0 \u00a0 \u00a0 \u00a0 \u00a0 \u00a0 \u00a0 \u00a0 \u00a0<em> \u00a0Imagem ilustrativa: Canva (<a href=\"http:\/\/www.canva.com\/pt_br\/modelos\">www.canva.com\/pt_br\/modelos<\/a>)<\/em><\/p><\/div>\n<p>&nbsp;<\/p>\n<p><strong>\u00a0 \u00a0Leonardo Boff (*)<\/strong><\/p>\n<p>Na compreens\u00e3o dos grandes cosm\u00f3logos que estudam o processo da cosmog\u00eanese e da biog\u00eanese, a culmin\u00e2ncia desse processo n\u00e3o se realiza no ser humano. A grande emerg\u00eancia \u00e9 a vida em sua imensa diversidade e \u00e0quilo que lhe pertence essencialmente que \u00e9 o cuidado. Sem o cuidado necess\u00e1rio, nenhuma forma de vida subsistir\u00e1 (cf. Boff, L., <em>O cuidado necess\u00e1rio,<\/em> Vozes, Petr\u00f3polis 2012).<\/p>\n<p>\u00c9 imperioso enfatizar: a culmin\u00e2ncia do processo cosmog\u00eanico n\u00e3o se d\u00e1 no antropocentrismo, como se o ser humano fosse o centro de tudo e os demais seres s\u00f3 ganhariam significado quando ordenados a ele e ao seu uso e desfrute. O maior evento da evolu\u00e7\u00e3o \u00e9 a irrup\u00e7\u00e3o da vida em todas as suas formas, tamb\u00e9m na forma humana.<\/p>\n<p>O conhecido cosm\u00f3logo da Calif\u00f3rnia, Brian Swimme, afirma em seu livro <em>The Universe Story<\/em>: \u201cSomos incapazes de nos libertar da convic\u00e7\u00e3o de que, como humanos, n\u00f3s somos a gl\u00f3ria e a coroa da comunidade terrestre e perceber que somos, isso sim, o componente mais destrutivo e perigoso dessa comunidade\u201d. Esta constata\u00e7\u00e3o aponta para a atual crise ecol\u00f3gica generalizada afetando o inteiro planeta, a Terra.<\/p>\n<p>Os bi\u00f3logos descrevem as condi\u00e7\u00f5es dentro das quais a vida surgiu, a partir de um alto grau de complexidade e, quando esta complexidade se encontra fora de seu equil\u00edbrio, impera o caos. Mas o caos n\u00e3o \u00e9 apenas ca\u00f3tico. \u00c9 tamb\u00e9m generativo. Gera novas ordens e v\u00e1rias outras complexidades.<\/p>\n<p>Os cientistas n\u00e3o sabem definir o que seja a vida. Ela \u00e9 a emerg\u00eancia mais surpreendente e misteriosa de todo o processo cosmog\u00eanico. A vida humana \u00e9 um subcap\u00edtulo do cap\u00edtulo da vida. Vale enfatizar: a centralidade cabe \u00e0 vida. A ela se ordena a infra-estrutura f\u00edsico-qu\u00edmica e ecol\u00f3gica da evolu\u00e7\u00e3o que permite a imensa biodiversidade, dentre ela, a vida humana, consciente, falante e cuidante.<\/p>\n<p>A vida \u00e9 entendida aqui como auto-organiza\u00e7\u00e3o da mat\u00e9ria em alt\u00edssimo grau de intera\u00e7\u00e3o com o universo e com o tudo que se encontra \u00e0 sua volta. Cosm\u00f3logos e bi\u00f3logos sustentam: a vida comparece como a suprema express\u00e3o da \u201cFonte Origin\u00e1ria de todo o ser\u201d que para n\u00f3s \u00e9 outro nome, o mais adequado, para Deus. Ela n\u00e3o vem de fora mas emerge do bojo do processo cosmog\u00eanico ao atingir um alt\u00edssimo grau de complexidade.<\/p>\n<p>O pr\u00eamio Nobel de biologia, Christian de Duve, chega a afirmar que, em qualquer lugar do universo, quando ocorre tal n\u00edvel de complexidade, a vida emerge como imperativo c\u00f3smico (<em>Poiera<\/em> vital, Rio de Janeiro 1997). Nesse sentido, o universo est\u00e1 repleto de vida.<\/p>\n<p>A vida mostra uma unidade sagrada na diversidade de suas manifesta\u00e7\u00f5es pois todos os seres vivos carregam o mesmo c\u00f3digo gen\u00e9tico de base que s\u00e3o os 20 amino\u00e1cidos e as quatro bases fosfatadas, o que nos torna a todos parentes e irm\u00e3os e irm\u00e3s uns dos outros. Cuidar da vida, fazer expandir a vida, entrar em comunh\u00e3o e sinergia com toda a cadeia de vida e celebrar a vida: eis o sentido do viver dos seres humanos sobre a Terra, tamb\u00e9m entendida como Gaia, superorganismo vivo e n\u00f3s, humanos, como a por\u00e7\u00e3o de Gaia que sente, pensa, ama, fala e venera.<\/p>\n<p>A centralidade da vida implica concretamente assegurar os meios de vida como: alimenta\u00e7\u00e3o, sa\u00fade, trabalho, moradia, seguran\u00e7a, educa\u00e7\u00e3o e lazer. Se \u201cestandartiz\u00e1ssemos\u201d a toda a humanidade, com os avan\u00e7os da tecnoci\u00eancia j\u00e1 alcan\u00e7ados, ter\u00edamos os meios para todos gozarem dos servi\u00e7os com qualidade que hoje somente setores privilegiados e opulentos t\u00eam acesso.<\/p>\n<p>At\u00e9 hoje o saber foi entendido com poder a servi\u00e7o da acumula\u00e7\u00e3o de indiv\u00edduos ou de grupos que criam desigualdades, portanto, a servi\u00e7o do sistema imperante, injusto e desumano. Postulamos um poder a servi\u00e7o da vida e das mudan\u00e7as necess\u00e1rias e exigidas pela vida. Por que n\u00e3o fazer uma morat\u00f3ria de investiga\u00e7\u00e3o e de inven\u00e7\u00e3o em favor da democratiza\u00e7\u00e3o do saber e das inven\u00e7\u00f5es j\u00e1 acumuladas pela civiliza\u00e7\u00e3o para beneficiar os milh\u00f5es e milh\u00f5es destitu\u00eddos da humanidade?<\/p>\n<p>Enquanto isso n\u00e3o ocorrer, viveremos tempos de grande barb\u00e1rie e de sacrif\u00edcios do sistema-vida, seja na natureza seja na sociedade mundial.<\/p>\n<p>Este constitui o grande desafio para o s\u00e9culo XXI. Ou podemos nos autodestruir, levando junto grande parte da biosfera, pois constru\u00edmos j\u00e1 os meios para isso ou podemos tamb\u00e9m come\u00e7ar, finalmente, a criar uma sociedade verdadeiramente justa e fraternal junto com toda a comunidade de vida.<\/p>\n<hr \/>\n<p>(*)\u00a0<strong>Leonardo Boff<\/strong><em> \u00e9 te\u00f3logo e fil\u00f3sofo e escreveu: Ecologia: grito da Terra-grito dos pobres, Vozes 2015.<\/em><\/p>\n","protected":false},"excerpt":{"rendered":"<p>Artigo de Leonardo Boff<\/p>\n","protected":false},"author":1,"featured_media":190494,"comment_status":"open","ping_status":"open","sticky":false,"template":"","format":"standard","meta":{"footnotes":""},"categories":[26],"tags":[59],"yoast_head":"<!-- This site is optimized with the Yoast SEO plugin v19.4 - https:\/\/yoast.com\/wordpress\/plugins\/seo\/ -->\n<title>O centro n\u00e3o \u00e9 o ser humano mas a vida em sua diversidade - Vida Crist\u00e3 - Franciscanos<\/title>\n<meta name=\"robots\" content=\"index, follow, max-snippet:-1, max-image-preview:large, max-video-preview:-1\" \/>\n<link rel=\"canonical\" href=\"https:\/\/franciscanos.org.br\/vidacrista\/o-centro-nao-e-o-ser-humano-mas-a-vida-em-sua-diversidade\/\" \/>\n<meta property=\"og:locale\" content=\"pt_BR\" \/>\n<meta property=\"og:type\" content=\"article\" \/>\n<meta property=\"og:title\" content=\"O centro n\u00e3o \u00e9 o ser humano mas a vida em sua diversidade - Vida Crist\u00e3 - Franciscanos\" \/>\n<meta property=\"og:description\" content=\"Artigo de Leonardo Boff\" \/>\n<meta property=\"og:url\" content=\"https:\/\/franciscanos.org.br\/vidacrista\/o-centro-nao-e-o-ser-humano-mas-a-vida-em-sua-diversidade\/\" \/>\n<meta property=\"og:site_name\" content=\"Vida Crist\u00e3 - Franciscanos\" \/>\n<meta property=\"article:published_time\" content=\"2018-05-29T10:48:09+00:00\" \/>\n<meta property=\"article:modified_time\" content=\"2021-09-03T18:47:34+00:00\" \/>\n<meta property=\"og:image\" content=\"https:\/\/franciscanos.org.br\/vidacrista\/wp-content\/uploads\/2018\/05\/artigo_boff_0309.png\" \/>\n\t<meta property=\"og:image:width\" content=\"840\" \/>\n\t<meta property=\"og:image:height\" content=\"516\" \/>\n\t<meta property=\"og:image:type\" content=\"image\/png\" \/>\n<meta name=\"author\" content=\"admin\" \/>\n<meta name=\"twitter:card\" content=\"summary_large_image\" \/>\n<meta name=\"twitter:label1\" content=\"Escrito por\" \/>\n\t<meta name=\"twitter:data1\" content=\"admin\" \/>\n\t<meta name=\"twitter:label2\" content=\"Est. tempo de leitura\" \/>\n\t<meta name=\"twitter:data2\" content=\"4 minutos\" \/>\n<script type=\"application\/ld+json\" class=\"yoast-schema-graph\">{\"@context\":\"https:\/\/schema.org\",\"@graph\":[{\"@type\":\"WebSite\",\"@id\":\"https:\/\/franciscanos.org.br\/vidacrista\/#website\",\"url\":\"https:\/\/franciscanos.org.br\/vidacrista\/\",\"name\":\"Vida Crist\u00e3 - Franciscanos\",\"description\":\"Prov\u00edncia Franciscana da Imaculada Concei\u00e7\u00e3o do Brasil - Ordem dos Frades Menores\",\"potentialAction\":[{\"@type\":\"SearchAction\",\"target\":{\"@type\":\"EntryPoint\",\"urlTemplate\":\"https:\/\/franciscanos.org.br\/vidacrista\/?s={search_term_string}\"},\"query-input\":\"required name=search_term_string\"}],\"inLanguage\":\"pt-BR\"},{\"@type\":\"WebPage\",\"@id\":\"https:\/\/franciscanos.org.br\/vidacrista\/o-centro-nao-e-o-ser-humano-mas-a-vida-em-sua-diversidade\/\",\"url\":\"https:\/\/franciscanos.org.br\/vidacrista\/o-centro-nao-e-o-ser-humano-mas-a-vida-em-sua-diversidade\/\",\"name\":\"O centro n\u00e3o \u00e9 o ser humano mas a vida em sua diversidade - Vida Crist\u00e3 - Franciscanos\",\"isPartOf\":{\"@id\":\"https:\/\/franciscanos.org.br\/vidacrista\/#website\"},\"datePublished\":\"2018-05-29T10:48:09+00:00\",\"dateModified\":\"2021-09-03T18:47:34+00:00\",\"author\":{\"@id\":\"https:\/\/franciscanos.org.br\/vidacrista\/#\/schema\/person\/133632ca93cec555316a35f76ab4153b\"},\"breadcrumb\":{\"@id\":\"https:\/\/franciscanos.org.br\/vidacrista\/o-centro-nao-e-o-ser-humano-mas-a-vida-em-sua-diversidade\/#breadcrumb\"},\"inLanguage\":\"pt-BR\",\"potentialAction\":[{\"@type\":\"ReadAction\",\"target\":[\"https:\/\/franciscanos.org.br\/vidacrista\/o-centro-nao-e-o-ser-humano-mas-a-vida-em-sua-diversidade\/\"]}]},{\"@type\":\"BreadcrumbList\",\"@id\":\"https:\/\/franciscanos.org.br\/vidacrista\/o-centro-nao-e-o-ser-humano-mas-a-vida-em-sua-diversidade\/#breadcrumb\",\"itemListElement\":[{\"@type\":\"ListItem\",\"position\":1,\"name\":\"Home\",\"item\":\"https:\/\/franciscanos.org.br\/vidacrista\/\"},{\"@type\":\"ListItem\",\"position\":2,\"name\":\"O centro n\u00e3o \u00e9 o ser humano mas a vida em sua diversidade\"}]},{\"@type\":\"Person\",\"@id\":\"https:\/\/franciscanos.org.br\/vidacrista\/#\/schema\/person\/133632ca93cec555316a35f76ab4153b\",\"name\":\"admin\",\"image\":{\"@type\":\"ImageObject\",\"inLanguage\":\"pt-BR\",\"@id\":\"https:\/\/franciscanos.org.br\/vidacrista\/#\/schema\/person\/image\/\",\"url\":\"https:\/\/secure.gravatar.com\/avatar\/e8495742d34d0ba6448ea1c628263b3e?s=96&d=mm&r=g\",\"contentUrl\":\"https:\/\/secure.gravatar.com\/avatar\/e8495742d34d0ba6448ea1c628263b3e?s=96&d=mm&r=g\",\"caption\":\"admin\"},\"url\":\"https:\/\/franciscanos.org.br\/vidacrista\/author\/admin\/\"}]}<\/script>\n<!-- \/ Yoast SEO plugin. -->","yoast_head_json":{"title":"O centro n\u00e3o \u00e9 o ser humano mas a vida em sua diversidade - Vida Crist\u00e3 - Franciscanos","robots":{"index":"index","follow":"follow","max-snippet":"max-snippet:-1","max-image-preview":"max-image-preview:large","max-video-preview":"max-video-preview:-1"},"canonical":"https:\/\/franciscanos.org.br\/vidacrista\/o-centro-nao-e-o-ser-humano-mas-a-vida-em-sua-diversidade\/","og_locale":"pt_BR","og_type":"article","og_title":"O centro n\u00e3o \u00e9 o ser humano mas a vida em sua diversidade - Vida Crist\u00e3 - Franciscanos","og_description":"Artigo de Leonardo Boff","og_url":"https:\/\/franciscanos.org.br\/vidacrista\/o-centro-nao-e-o-ser-humano-mas-a-vida-em-sua-diversidade\/","og_site_name":"Vida Crist\u00e3 - Franciscanos","article_published_time":"2018-05-29T10:48:09+00:00","article_modified_time":"2021-09-03T18:47:34+00:00","og_image":[{"width":840,"height":516,"url":"https:\/\/franciscanos.org.br\/vidacrista\/wp-content\/uploads\/2018\/05\/artigo_boff_0309.png","type":"image\/png"}],"author":"admin","twitter_card":"summary_large_image","twitter_misc":{"Escrito por":"admin","Est. tempo de leitura":"4 minutos"},"schema":{"@context":"https:\/\/schema.org","@graph":[{"@type":"WebSite","@id":"https:\/\/franciscanos.org.br\/vidacrista\/#website","url":"https:\/\/franciscanos.org.br\/vidacrista\/","name":"Vida Crist\u00e3 - Franciscanos","description":"Prov\u00edncia Franciscana da Imaculada Concei\u00e7\u00e3o do Brasil - Ordem dos Frades Menores","potentialAction":[{"@type":"SearchAction","target":{"@type":"EntryPoint","urlTemplate":"https:\/\/franciscanos.org.br\/vidacrista\/?s={search_term_string}"},"query-input":"required name=search_term_string"}],"inLanguage":"pt-BR"},{"@type":"WebPage","@id":"https:\/\/franciscanos.org.br\/vidacrista\/o-centro-nao-e-o-ser-humano-mas-a-vida-em-sua-diversidade\/","url":"https:\/\/franciscanos.org.br\/vidacrista\/o-centro-nao-e-o-ser-humano-mas-a-vida-em-sua-diversidade\/","name":"O centro n\u00e3o \u00e9 o ser humano mas a vida em sua diversidade - Vida Crist\u00e3 - Franciscanos","isPartOf":{"@id":"https:\/\/franciscanos.org.br\/vidacrista\/#website"},"datePublished":"2018-05-29T10:48:09+00:00","dateModified":"2021-09-03T18:47:34+00:00","author":{"@id":"https:\/\/franciscanos.org.br\/vidacrista\/#\/schema\/person\/133632ca93cec555316a35f76ab4153b"},"breadcrumb":{"@id":"https:\/\/franciscanos.org.br\/vidacrista\/o-centro-nao-e-o-ser-humano-mas-a-vida-em-sua-diversidade\/#breadcrumb"},"inLanguage":"pt-BR","potentialAction":[{"@type":"ReadAction","target":["https:\/\/franciscanos.org.br\/vidacrista\/o-centro-nao-e-o-ser-humano-mas-a-vida-em-sua-diversidade\/"]}]},{"@type":"BreadcrumbList","@id":"https:\/\/franciscanos.org.br\/vidacrista\/o-centro-nao-e-o-ser-humano-mas-a-vida-em-sua-diversidade\/#breadcrumb","itemListElement":[{"@type":"ListItem","position":1,"name":"Home","item":"https:\/\/franciscanos.org.br\/vidacrista\/"},{"@type":"ListItem","position":2,"name":"O centro n\u00e3o \u00e9 o ser humano mas a vida em sua diversidade"}]},{"@type":"Person","@id":"https:\/\/franciscanos.org.br\/vidacrista\/#\/schema\/person\/133632ca93cec555316a35f76ab4153b","name":"admin","image":{"@type":"ImageObject","inLanguage":"pt-BR","@id":"https:\/\/franciscanos.org.br\/vidacrista\/#\/schema\/person\/image\/","url":"https:\/\/secure.gravatar.com\/avatar\/e8495742d34d0ba6448ea1c628263b3e?s=96&d=mm&r=g","contentUrl":"https:\/\/secure.gravatar.com\/avatar\/e8495742d34d0ba6448ea1c628263b3e?s=96&d=mm&r=g","caption":"admin"},"url":"https:\/\/franciscanos.org.br\/vidacrista\/author\/admin\/"}]}},"_links":{"self":[{"href":"https:\/\/franciscanos.org.br\/vidacrista\/wp-json\/wp\/v2\/posts\/160548"}],"collection":[{"href":"https:\/\/franciscanos.org.br\/vidacrista\/wp-json\/wp\/v2\/posts"}],"about":[{"href":"https:\/\/franciscanos.org.br\/vidacrista\/wp-json\/wp\/v2\/types\/post"}],"author":[{"embeddable":true,"href":"https:\/\/franciscanos.org.br\/vidacrista\/wp-json\/wp\/v2\/users\/1"}],"replies":[{"embeddable":true,"href":"https:\/\/franciscanos.org.br\/vidacrista\/wp-json\/wp\/v2\/comments?post=160548"}],"version-history":[{"count":4,"href":"https:\/\/franciscanos.org.br\/vidacrista\/wp-json\/wp\/v2\/posts\/160548\/revisions"}],"predecessor-version":[{"id":190495,"href":"https:\/\/franciscanos.org.br\/vidacrista\/wp-json\/wp\/v2\/posts\/160548\/revisions\/190495"}],"wp:featuredmedia":[{"embeddable":true,"href":"https:\/\/franciscanos.org.br\/vidacrista\/wp-json\/wp\/v2\/media\/190494"}],"wp:attachment":[{"href":"https:\/\/franciscanos.org.br\/vidacrista\/wp-json\/wp\/v2\/media?parent=160548"}],"wp:term":[{"taxonomy":"category","embeddable":true,"href":"https:\/\/franciscanos.org.br\/vidacrista\/wp-json\/wp\/v2\/categories?post=160548"},{"taxonomy":"post_tag","embeddable":true,"href":"https:\/\/franciscanos.org.br\/vidacrista\/wp-json\/wp\/v2\/tags?post=160548"}],"curies":[{"name":"wp","href":"https:\/\/api.w.org\/{rel}","templated":true}]}}