{"id":160110,"date":"2018-05-24T09:52:00","date_gmt":"2018-05-24T12:52:00","guid":{"rendered":"http:\/\/franciscanos.org.br\/?p=160110"},"modified":"2021-09-03T15:43:04","modified_gmt":"2021-09-03T18:43:04","slug":"25-de-maio-dia-da-africa","status":"publish","type":"post","link":"https:\/\/franciscanos.org.br\/vidacrista\/25-de-maio-dia-da-africa\/","title":{"rendered":"25 de maio: Dia da \u00c1frica"},"content":{"rendered":"<div style=\"width: 840px\" class=\"wp-caption alignnone\"><img decoding=\"async\" loading=\"lazy\" src=\"http:\/\/franciscanos.org.br\/wp-content\/uploads\/2018\/05\/artigo_240518G.jpg\" alt=\"artigo_240518G\" width=\"830\" height=\"500\" \/><p class=\"wp-caption-text\">\u00a0 \u00a0 \u00a0 \u00a0 \u00a0 \u00a0 \u00a0 \u00a0 \u00a0 \u00a0 \u00a0 \u00a0 \u00a0 \u00a0 \u00a0 \u00a0 \u00a0 \u00a0 \u00a0 \u00a0 \u00a0 \u00a0 \u00a0 \u00a0 \u00a0 \u00a0 \u00a0 \u00a0 \u00a0 \u00a0 \u00a0 \u00a0 \u00a0 \u00a0 \u00a0 \u00a0 \u00a0 \u00a0 \u00a0 \u00a0 \u00a0 \u00a0 \u00a0 \u00a0<em> \u00a0 Imagem: Miss\u00e3o de Angola (Acervo Prov\u00edncia)<\/em><\/p><\/div>\n<p style=\"font-weight: 400;\"><strong>Frei Luiz Iakovacz<\/strong><\/p>\n<p style=\"font-weight: 400;\">A Folhinha do Sagrado Cora\u00e7\u00e3o, em suas efem\u00e9rides, registra que dia 25 de maio \u00e9 o Dia da \u00c1frica. Fiquei curioso e fui buscar informa\u00e7\u00f5es. Consegui reunir algumas delas que, certamente, s\u00e3o incompletas e falhas.<\/p>\n<p style=\"font-weight: 400;\">A \u00c1frica \u00e9 um continente milenar, constitu\u00eddo por in\u00fameras etnias. Ocupa determinados espa\u00e7os geogr\u00e1ficos, tendo cultura e costumes pr\u00f3prios, inclusive, na viv\u00eancia religiosa.<\/p>\n<p style=\"font-weight: 400;\">Atualmente, \u00e9 formado por 54 pa\u00edses, dos quais, 6 s\u00e3o insulares. Desde 1460, quando os portugueses aportaram em Cabo Verde, os europeus foram adentrando, paulatinamente, em todas \u201cas vastas e ricas terras africanas\u201d.<\/p>\n<p style=\"font-weight: 400;\">Fran\u00e7a, Inglaterra, Alemanha e Portugal eram as que mais tinham \u201ccol\u00f4nias\u201d. A divis\u00e3o e consolida\u00e7\u00e3o definitivas foram estabelecidas na Confer\u00eancia de Berlim, num percurso de dois anos, 1884\/1885. Nela se estabeleceu que os europeus t\u00eam \u201cdireito \u00e0s riquezas humanas e naturais do continente\u201d.<\/p>\n<p style=\"font-weight: 400;\">A Independ\u00eancia s\u00f3 aconteceu nas \u00faltimas d\u00e9cadas. Dois motivos foram cruciais. De um lado, ap\u00f3s a Segunda Guerra Mundial (1939-1945), a Europa, como um todo, estava destru\u00edda e o decl\u00ednio econ\u00f4mico era vis\u00edvel. Urgia a pr\u00f3pria reconstru\u00e7\u00e3o. Isto enfraqueceu seu controle sobre os territ\u00f3rios africanos.<\/p>\n<p style=\"font-weight: 400;\">Por sua vez, a \u00c1frica, tamb\u00e9m como um todo, ansiava pela liberta\u00e7\u00e3o. Se, em 1914, apenas, Eti\u00f3pia e Lib\u00e9ria eram independentes \u2013 j\u00e1 em 1963, s\u00e3o 35. Neste mesmo ano, em 25 de maio, a Organiza\u00e7\u00e3o de Unidade Africana (OUA) instituiu o \u201cDia da \u00c1frica\u201d, na cidade de Addis Abela (Eti\u00f3pia). Assinaram a Declara\u00e7\u00e3o 30 l\u00edderes dos 35 pa\u00edses independentes. Seu objetivo \u00e9 \u201cdefender e emancipar o continente africano, libertando-o do colonialismo e apartheid\u201d.<\/p>\n<p style=\"font-weight: 400;\">Em 2002, a sigla OUA mudou para UA (Uni\u00e3o Africana), mantendo, por\u00e9m, a data e seus objetivos.<\/p>\n<p style=\"font-weight: 400;\">O grande e maior desafio consistia em \u201cresolver os constantes conflitos dentro do pr\u00f3prio continente\u201d porque a diversidade de tribos e culturas \u2013 \u00e0s vezes, dentro do pr\u00f3prio pa\u00eds \u2013 geravam \u201cguerras civis e golpes de estado\u201d. Ainda hoje, esta situa\u00e7\u00e3o persiste em v\u00e1rios pa\u00edses.<\/p>\n<p style=\"font-weight: 400;\">Ser\u00e1 que este continente tem alguma rela\u00e7\u00e3o com o Povo de Israel e, por extens\u00e3o, com o cristianismo?!<\/p>\n<p style=\"font-weight: 400;\">A B\u00edblia nos diz que o Patriarca Abra\u00e3o veio morar no Egito (cf. Gn 12,10-20), bem como seu neto Jac\u00f3 com os 12 filhos (cf. Gn 46,1-34). O motivo foi a fome (Gn 12,10; 42,1-2). Esta \u00faltima estadia, incluindo a escravid\u00e3o, foi de 430 anos (Ex 12,40).<\/p>\n<p style=\"font-weight: 400;\">No S\u00e9culo II antes de Cristo, a tradu\u00e7\u00e3o da B\u00edblia Hebraica para o grego (Septuaginta), aconteceu em Alexandria (Egito). Neste mesmo pa\u00eds, Maria e Jos\u00e9 refugiaram-se com Jesus e, para proteg\u00ea-lo da morte, planejada por Herodes (Mt 2,13-15).<\/p>\n<p style=\"font-weight: 400;\">O di\u00e1cono Filipe evangelizou e batizou um eunuco et\u00edope, alto funcion\u00e1rio da rainha Candace (At 8,26-40). A Tradi\u00e7\u00e3o Cat\u00f3lica relata que o evangelista Marcos teria evangelizado Alexandria, onde sofreu o mart\u00edrio. O grande Santo Agostinho (354-430), bispo e doutor da Igreja, \u00e9 um africano de Tagaste (Arg\u00e9lia).<\/p>\n<p style=\"font-weight: 400;\">Por sua vez, a Igreja, n\u00e3o deixou de evangeliz\u00e1-la. No Per\u00edodo Colonial (s\u00e9culos XV a XX), junto com os exploradores, vinham mission\u00e1rios e mission\u00e1rias que, dentro do sistema do Padroado \u2013 bem ou mal \u2013 tamb\u00e9m evangelizavam.<\/p>\n<p style=\"font-weight: 400;\">Congrega\u00e7\u00f5es, tanto masculinas como femininas, marcaram presen\u00e7a na \u00c1frica. Os Padres Brancos, por exemplo, realizaram prof\u00edcuo trabalho em Uganda onde aconteceu o mart\u00edrio de 22 jovens leigos, entre os anos 1885\/1887. Sua canoniza\u00e7\u00e3o deu-se em 1964, por Paulo VI, durante o Conc\u00edlio Vaticano II (1962-1965). Esses m\u00e1rtires s\u00e3o os padroeiros da Par\u00f3quia da Katepa, onde atuam os frades. N\u00e3o podemos esquecer o simult\u00e2neo mart\u00edrio de 14 membros da Igreja Anglicana que conviviam, harmoniosamente, com os cat\u00f3licos, num prof\u00e9tico testemunho ecum\u00eanico.<\/p>\n<p style=\"font-weight: 400;\">Nos \u00faltimos anos, a Igreja realizou dois S\u00ednodos dos Bispos Africanos. Um, em 1994, por Jo\u00e3o Paulo II e o outro em 2005, por Bento XVI. Esse mesmo Papa afirmou que a \u201c\u00c1frica \u00e9 a esperan\u00e7a da Igreja\u201d.<\/p>\n<p style=\"font-weight: 400;\">Essa esperan\u00e7a tem sua raz\u00e3o de ser porque h\u00e1 um crescente e cont\u00ednuo n\u00famero de batizados e de voca\u00e7\u00f5es, inclusive, com mission\u00e1rios al\u00e9m-fronteiras; h\u00e1 cria\u00e7\u00e3o de novas Dioceses e reestrutura\u00e7\u00e3o de outras; a vitalidade das liturgias \u00e9 palp\u00e1vel; a Igreja atua nas \u00e1reas sociais, o que lhe d\u00e1 credibilidade junto ao povo.<\/p>\n<p style=\"font-weight: 400;\">Por causa disso, o tema do segundo S\u00ednodo \u201cA Igreja em \u00c1frica a servi\u00e7o da reconcilia\u00e7\u00e3o, da justi\u00e7a e da paz\u201d insiste que ela continue evangelizando no campo social.<\/p>\n<p style=\"font-weight: 400;\">O \u201cinstrumentum laboris\u201d tem frases incisivas, como: \u201cH\u00e1 guerras fraticidas, alimentadas por um tr\u00e1fico de armas sem escr\u00fapulos, provocando um espet\u00e1culo vergonhoso de refugiados\u201d; \u201c\u00e9 escandaloso ver a quantidade de riquezas acumuladas nas m\u00e3os de uns privilegiados\u201d; \u201ca \u00c1frica encontra-se dependente de pa\u00edses ricos que procuram dar uma m\u00e3o e levar o dobro com a outra\u201d; \u201ca maioria da popula\u00e7\u00e3o africana vive num estado de car\u00eancia de bens e servi\u00e7os de primeira necessidade\u201d; \u201ca mortalidade infantil n\u00e3o para de crescer\u201d; \u201ca taxa de alfabetiza\u00e7\u00e3o mant\u00e9m-se entre as mais baixas do mundo\u201d&#8230; e assim por diante.<\/p>\n<p style=\"font-weight: 400;\">Esta \u201cleitura da realidade\u201d \u00e9 feita em todos os pa\u00edses. \u00c9 aqui que a Igreja \u2013 com posturas expl\u00edcitas \u2013 tamb\u00e9m, precisa atuar. Para isso, \u00e9 importante o apelo que o anjo faz a Elias. Acorda-o (= v\u00ea a realidade) e diz: \u201cLevanta-te e come porque tens um longo caminho a percorrer\u201d (1Rs 19,7).<\/p>\n","protected":false},"excerpt":{"rendered":"<p>Artigo de Frei Luiz Iakovacz<\/p>\n","protected":false},"author":1,"featured_media":184804,"comment_status":"open","ping_status":"open","sticky":false,"template":"","format":"standard","meta":{"footnotes":""},"categories":[26],"tags":[208],"yoast_head":"<!-- This site is optimized with the Yoast SEO plugin v19.4 - https:\/\/yoast.com\/wordpress\/plugins\/seo\/ -->\n<title>25 de maio: Dia da \u00c1frica - Vida Crist\u00e3 - Franciscanos<\/title>\n<meta name=\"robots\" content=\"index, follow, max-snippet:-1, max-image-preview:large, max-video-preview:-1\" \/>\n<link rel=\"canonical\" href=\"https:\/\/franciscanos.org.br\/vidacrista\/25-de-maio-dia-da-africa\/\" \/>\n<meta property=\"og:locale\" content=\"pt_BR\" \/>\n<meta property=\"og:type\" content=\"article\" \/>\n<meta property=\"og:title\" content=\"25 de maio: Dia da \u00c1frica - Vida Crist\u00e3 - Franciscanos\" \/>\n<meta property=\"og:description\" content=\"Artigo de Frei Luiz Iakovacz\" \/>\n<meta property=\"og:url\" content=\"https:\/\/franciscanos.org.br\/vidacrista\/25-de-maio-dia-da-africa\/\" \/>\n<meta property=\"og:site_name\" content=\"Vida Crist\u00e3 - Franciscanos\" \/>\n<meta property=\"article:published_time\" content=\"2018-05-24T12:52:00+00:00\" \/>\n<meta property=\"article:modified_time\" content=\"2021-09-03T18:43:04+00:00\" \/>\n<meta property=\"og:image\" content=\"https:\/\/franciscanos.org.br\/vidacrista\/wp-content\/uploads\/2018\/05\/artigo_240518G.jpg\" \/>\n\t<meta property=\"og:image:width\" content=\"800\" \/>\n\t<meta property=\"og:image:height\" content=\"601\" \/>\n\t<meta property=\"og:image:type\" content=\"image\/jpeg\" \/>\n<meta name=\"author\" content=\"admin\" \/>\n<meta name=\"twitter:card\" content=\"summary_large_image\" \/>\n<meta name=\"twitter:label1\" content=\"Escrito por\" \/>\n\t<meta name=\"twitter:data1\" content=\"admin\" \/>\n\t<meta name=\"twitter:label2\" content=\"Est. tempo de leitura\" \/>\n\t<meta name=\"twitter:data2\" content=\"5 minutos\" \/>\n<script type=\"application\/ld+json\" class=\"yoast-schema-graph\">{\"@context\":\"https:\/\/schema.org\",\"@graph\":[{\"@type\":\"WebSite\",\"@id\":\"https:\/\/franciscanos.org.br\/vidacrista\/#website\",\"url\":\"https:\/\/franciscanos.org.br\/vidacrista\/\",\"name\":\"Vida Crist\u00e3 - Franciscanos\",\"description\":\"Prov\u00edncia Franciscana da Imaculada Concei\u00e7\u00e3o do Brasil - Ordem dos Frades Menores\",\"potentialAction\":[{\"@type\":\"SearchAction\",\"target\":{\"@type\":\"EntryPoint\",\"urlTemplate\":\"https:\/\/franciscanos.org.br\/vidacrista\/?s={search_term_string}\"},\"query-input\":\"required name=search_term_string\"}],\"inLanguage\":\"pt-BR\"},{\"@type\":\"WebPage\",\"@id\":\"https:\/\/franciscanos.org.br\/vidacrista\/25-de-maio-dia-da-africa\/\",\"url\":\"https:\/\/franciscanos.org.br\/vidacrista\/25-de-maio-dia-da-africa\/\",\"name\":\"25 de maio: Dia da \u00c1frica - Vida Crist\u00e3 - Franciscanos\",\"isPartOf\":{\"@id\":\"https:\/\/franciscanos.org.br\/vidacrista\/#website\"},\"datePublished\":\"2018-05-24T12:52:00+00:00\",\"dateModified\":\"2021-09-03T18:43:04+00:00\",\"author\":{\"@id\":\"https:\/\/franciscanos.org.br\/vidacrista\/#\/schema\/person\/133632ca93cec555316a35f76ab4153b\"},\"breadcrumb\":{\"@id\":\"https:\/\/franciscanos.org.br\/vidacrista\/25-de-maio-dia-da-africa\/#breadcrumb\"},\"inLanguage\":\"pt-BR\",\"potentialAction\":[{\"@type\":\"ReadAction\",\"target\":[\"https:\/\/franciscanos.org.br\/vidacrista\/25-de-maio-dia-da-africa\/\"]}]},{\"@type\":\"BreadcrumbList\",\"@id\":\"https:\/\/franciscanos.org.br\/vidacrista\/25-de-maio-dia-da-africa\/#breadcrumb\",\"itemListElement\":[{\"@type\":\"ListItem\",\"position\":1,\"name\":\"Home\",\"item\":\"https:\/\/franciscanos.org.br\/vidacrista\/\"},{\"@type\":\"ListItem\",\"position\":2,\"name\":\"25 de maio: Dia da \u00c1frica\"}]},{\"@type\":\"Person\",\"@id\":\"https:\/\/franciscanos.org.br\/vidacrista\/#\/schema\/person\/133632ca93cec555316a35f76ab4153b\",\"name\":\"admin\",\"image\":{\"@type\":\"ImageObject\",\"inLanguage\":\"pt-BR\",\"@id\":\"https:\/\/franciscanos.org.br\/vidacrista\/#\/schema\/person\/image\/\",\"url\":\"https:\/\/secure.gravatar.com\/avatar\/e8495742d34d0ba6448ea1c628263b3e?s=96&d=mm&r=g\",\"contentUrl\":\"https:\/\/secure.gravatar.com\/avatar\/e8495742d34d0ba6448ea1c628263b3e?s=96&d=mm&r=g\",\"caption\":\"admin\"},\"url\":\"https:\/\/franciscanos.org.br\/vidacrista\/author\/admin\/\"}]}<\/script>\n<!-- \/ Yoast SEO plugin. -->","yoast_head_json":{"title":"25 de maio: Dia da \u00c1frica - Vida Crist\u00e3 - Franciscanos","robots":{"index":"index","follow":"follow","max-snippet":"max-snippet:-1","max-image-preview":"max-image-preview:large","max-video-preview":"max-video-preview:-1"},"canonical":"https:\/\/franciscanos.org.br\/vidacrista\/25-de-maio-dia-da-africa\/","og_locale":"pt_BR","og_type":"article","og_title":"25 de maio: Dia da \u00c1frica - Vida Crist\u00e3 - Franciscanos","og_description":"Artigo de Frei Luiz Iakovacz","og_url":"https:\/\/franciscanos.org.br\/vidacrista\/25-de-maio-dia-da-africa\/","og_site_name":"Vida Crist\u00e3 - Franciscanos","article_published_time":"2018-05-24T12:52:00+00:00","article_modified_time":"2021-09-03T18:43:04+00:00","og_image":[{"width":800,"height":601,"url":"https:\/\/franciscanos.org.br\/vidacrista\/wp-content\/uploads\/2018\/05\/artigo_240518G.jpg","type":"image\/jpeg"}],"author":"admin","twitter_card":"summary_large_image","twitter_misc":{"Escrito por":"admin","Est. tempo de leitura":"5 minutos"},"schema":{"@context":"https:\/\/schema.org","@graph":[{"@type":"WebSite","@id":"https:\/\/franciscanos.org.br\/vidacrista\/#website","url":"https:\/\/franciscanos.org.br\/vidacrista\/","name":"Vida Crist\u00e3 - Franciscanos","description":"Prov\u00edncia Franciscana da Imaculada Concei\u00e7\u00e3o do Brasil - Ordem dos Frades Menores","potentialAction":[{"@type":"SearchAction","target":{"@type":"EntryPoint","urlTemplate":"https:\/\/franciscanos.org.br\/vidacrista\/?s={search_term_string}"},"query-input":"required name=search_term_string"}],"inLanguage":"pt-BR"},{"@type":"WebPage","@id":"https:\/\/franciscanos.org.br\/vidacrista\/25-de-maio-dia-da-africa\/","url":"https:\/\/franciscanos.org.br\/vidacrista\/25-de-maio-dia-da-africa\/","name":"25 de maio: Dia da \u00c1frica - Vida Crist\u00e3 - Franciscanos","isPartOf":{"@id":"https:\/\/franciscanos.org.br\/vidacrista\/#website"},"datePublished":"2018-05-24T12:52:00+00:00","dateModified":"2021-09-03T18:43:04+00:00","author":{"@id":"https:\/\/franciscanos.org.br\/vidacrista\/#\/schema\/person\/133632ca93cec555316a35f76ab4153b"},"breadcrumb":{"@id":"https:\/\/franciscanos.org.br\/vidacrista\/25-de-maio-dia-da-africa\/#breadcrumb"},"inLanguage":"pt-BR","potentialAction":[{"@type":"ReadAction","target":["https:\/\/franciscanos.org.br\/vidacrista\/25-de-maio-dia-da-africa\/"]}]},{"@type":"BreadcrumbList","@id":"https:\/\/franciscanos.org.br\/vidacrista\/25-de-maio-dia-da-africa\/#breadcrumb","itemListElement":[{"@type":"ListItem","position":1,"name":"Home","item":"https:\/\/franciscanos.org.br\/vidacrista\/"},{"@type":"ListItem","position":2,"name":"25 de maio: Dia da \u00c1frica"}]},{"@type":"Person","@id":"https:\/\/franciscanos.org.br\/vidacrista\/#\/schema\/person\/133632ca93cec555316a35f76ab4153b","name":"admin","image":{"@type":"ImageObject","inLanguage":"pt-BR","@id":"https:\/\/franciscanos.org.br\/vidacrista\/#\/schema\/person\/image\/","url":"https:\/\/secure.gravatar.com\/avatar\/e8495742d34d0ba6448ea1c628263b3e?s=96&d=mm&r=g","contentUrl":"https:\/\/secure.gravatar.com\/avatar\/e8495742d34d0ba6448ea1c628263b3e?s=96&d=mm&r=g","caption":"admin"},"url":"https:\/\/franciscanos.org.br\/vidacrista\/author\/admin\/"}]}},"_links":{"self":[{"href":"https:\/\/franciscanos.org.br\/vidacrista\/wp-json\/wp\/v2\/posts\/160110"}],"collection":[{"href":"https:\/\/franciscanos.org.br\/vidacrista\/wp-json\/wp\/v2\/posts"}],"about":[{"href":"https:\/\/franciscanos.org.br\/vidacrista\/wp-json\/wp\/v2\/types\/post"}],"author":[{"embeddable":true,"href":"https:\/\/franciscanos.org.br\/vidacrista\/wp-json\/wp\/v2\/users\/1"}],"replies":[{"embeddable":true,"href":"https:\/\/franciscanos.org.br\/vidacrista\/wp-json\/wp\/v2\/comments?post=160110"}],"version-history":[{"count":2,"href":"https:\/\/franciscanos.org.br\/vidacrista\/wp-json\/wp\/v2\/posts\/160110\/revisions"}],"predecessor-version":[{"id":190493,"href":"https:\/\/franciscanos.org.br\/vidacrista\/wp-json\/wp\/v2\/posts\/160110\/revisions\/190493"}],"wp:featuredmedia":[{"embeddable":true,"href":"https:\/\/franciscanos.org.br\/vidacrista\/wp-json\/wp\/v2\/media\/184804"}],"wp:attachment":[{"href":"https:\/\/franciscanos.org.br\/vidacrista\/wp-json\/wp\/v2\/media?parent=160110"}],"wp:term":[{"taxonomy":"category","embeddable":true,"href":"https:\/\/franciscanos.org.br\/vidacrista\/wp-json\/wp\/v2\/categories?post=160110"},{"taxonomy":"post_tag","embeddable":true,"href":"https:\/\/franciscanos.org.br\/vidacrista\/wp-json\/wp\/v2\/tags?post=160110"}],"curies":[{"name":"wp","href":"https:\/\/api.w.org\/{rel}","templated":true}]}}