{"id":158721,"date":"2018-05-04T08:25:54","date_gmt":"2018-05-04T11:25:54","guid":{"rendered":"http:\/\/franciscanos.org.br\/?p=158721"},"modified":"2019-03-01T13:14:20","modified_gmt":"2019-03-01T16:14:20","slug":"1a-sexta-do-mes-diante-daquele-que-nos-cativa","status":"publish","type":"post","link":"https:\/\/franciscanos.org.br\/vidacrista\/1a-sexta-do-mes-diante-daquele-que-nos-cativa\/","title":{"rendered":"Diante d&#8217;Aquele que nos cativa"},"content":{"rendered":"<p><img decoding=\"async\" loading=\"lazy\" src=\"http:\/\/franciscanos.org.br\/wp-content\/uploads\/2018\/05\/sagrado_040518G.jpg\" alt=\"sagrado_040518G\" width=\"830\" height=\"400\" \/><\/p>\n<p><strong>Frei Almir Guimar\u00e3es<\/strong><\/p>\n<p>Nas primeiras sextas-feiras de cada m\u00eas, sempre nos colocamos de maneira nova diante do Cora\u00e7\u00e3o Ador\u00e1vel do Senhor Jesus. Olhamos primeiramente para o peito aberto, mas atingimos o mais \u00edntimo desse que nos cativa, esse Jesus do lado aberto!<\/p>\n<p>Ele \u00e9 o Vivo, o Presente, o Ressuscitado. Se colocamos o olhar nas chagas do crucificado, n\u00e3o paramos na cruz de ontem. Ele, o Vivo, est\u00e1 entre n\u00f3s. N\u00e3o podemos nos fixar apenas nas verdades dogm\u00e1ticas e frias a respeito do Mestre. Karl Lehmann, te\u00f3logo alem\u00e3o, afirmou: \u201cO homem moderno s\u00f3 ser\u00e1 crente quanto tiver feito uma aut\u00eantica experi\u00eancia de ades\u00e3o \u00e0 pessoa de Jesus\u201d. Trata-se de conservar viva em cada um de n\u00f3s uma atitude de escuta. Os evangelistas colocaram nos l\u00e1bios do Pai esta declara\u00e7\u00e3o: \u201cEste \u00e9 o meu Filho no qual coloquei todo meu apre\u00e7o. Escutai-o\u201d.<\/p>\n<p>Cada um de n\u00f3s haver\u00e1 de colocar-se diante de Jesus, deixar-se olhar diretamente por ele, diante de algu\u00e9m que d\u00e1 um sentido radical \u00e0 vida. Colocar-se atentamente diante de Jesus significa acreditar que somente ele pode responder aos nossos desejos mais \u00edntimos e mais profundos.<\/p>\n<p>Tantos caminhos a serem percorridos! Viagem ao fundo do cora\u00e7\u00e3o para conhecer aquilo que nos falta, que pode nos encher de vida. Momentos de sil\u00eancio, de quietude profunda, sobretudo sil\u00eancio de nossos loucos desejos e planos pequenos e ego\u00edstas. Desligar em n\u00f3s o que provoca ensurdecimento profundo. Percorrer o Serm\u00e3o da Montanha. Examinar regularmente a consci\u00eancia para saber se andamos escutando a voz do Filho Amado. Tentativa incessante de encontrar vest\u00edgios do Amado nos nas exist\u00eancias despeda\u00e7adas de tantos ao nosso redor. Escutar o Filho Amado que n\u00e3o est\u00e1 nas secas formula\u00e7\u00f5es doutrin\u00e1rias mas anda falando no cora\u00e7\u00e3o dessa vida que o Alt\u00edssimo nos faz viver.<\/p>\n<p>G. Hourdin, num editorial de um jornal cat\u00f3lico franc\u00eas, escrevia: \u201cO homem est\u00e1 se tornando incapaz de querer, de ser livre, de julgar por si mesmo, de mudar seu modo de vida. Est\u00e1 se convertendo num rob\u00f4 disciplinado que trabalha para ganhar dinheiro que depois desfrutar\u00e1 numas f\u00e9rias coletivas. L\u00ea as revistas da moda, v\u00ea os programas de TV que todo mundo v\u00ea\u201d. Um rob\u00f4 que n\u00e3o \u00e9 capaz de pensar por si e de escutar o som da voz daquele que deixou que o soldado lhe abrisse peito. Aquele que nos fala por meio de inspira\u00e7\u00f5es interiores, pelos sinais dos tempos e por seu peito aberto.<\/p>\n<p>Jos\u00e9 Antonio Pagola coroa nossa reflex\u00e3o: \u201cMais do que nunca devemos atender ao apelo evang\u00e9lico: &#8216;Este \u00e9 o meu Filho amado, de quem me agrado. Escutai-o.&#8217; Devemos parar, fazer sil\u00eancio e escutar mais a Deus revelado em Jesus. Esta escuta interior ajuda a viver a verdade, saborear a vida em suas ra\u00edzes, e n\u00e3o esbanja-la de qualquer maneira, e n\u00e3o passar superficialmente diante do essencial. Escutando a Deus encarnado em Jesus descobrimos nossa pequenez e pobreza, mas tamb\u00e9m nossa grandeza de seres amados infinitamente por ele\u201d (Pagola, Mateus p. 217).<\/p>\n<p>Continuamos a nos deixar fascinar por aquele que fez de seu cora\u00e7\u00e3o uma fonte de vida e de esperan\u00e7a.<\/p>\n","protected":false},"excerpt":{"rendered":"<p>Frei Almir Guimar\u00e3es<\/p>\n","protected":false},"author":1,"featured_media":178017,"comment_status":"open","ping_status":"open","sticky":false,"template":"","format":"standard","meta":{"footnotes":""},"categories":[105],"tags":[106,112],"yoast_head":"<!-- This site is optimized with the Yoast SEO plugin v19.4 - https:\/\/yoast.com\/wordpress\/plugins\/seo\/ -->\n<title>Diante d&#039;Aquele que nos cativa - Vida Crist\u00e3 - Franciscanos<\/title>\n<meta name=\"robots\" content=\"index, follow, max-snippet:-1, max-image-preview:large, max-video-preview:-1\" \/>\n<link rel=\"canonical\" href=\"https:\/\/franciscanos.org.br\/vidacrista\/1a-sexta-do-mes-diante-daquele-que-nos-cativa\/\" \/>\n<meta property=\"og:locale\" content=\"pt_BR\" \/>\n<meta property=\"og:type\" content=\"article\" \/>\n<meta property=\"og:title\" content=\"Diante d&#039;Aquele que nos cativa - Vida Crist\u00e3 - Franciscanos\" \/>\n<meta property=\"og:description\" content=\"Frei Almir Guimar\u00e3es\" \/>\n<meta property=\"og:url\" content=\"https:\/\/franciscanos.org.br\/vidacrista\/1a-sexta-do-mes-diante-daquele-que-nos-cativa\/\" \/>\n<meta property=\"og:site_name\" content=\"Vida Crist\u00e3 - Franciscanos\" \/>\n<meta property=\"article:published_time\" content=\"2018-05-04T11:25:54+00:00\" \/>\n<meta property=\"article:modified_time\" content=\"2019-03-01T16:14:20+00:00\" \/>\n<meta property=\"og:image\" content=\"https:\/\/franciscanos.org.br\/vidacrista\/wp-content\/uploads\/2018\/05\/sagrado_040518G.jpg\" \/>\n\t<meta property=\"og:image:width\" content=\"273\" \/>\n\t<meta property=\"og:image:height\" content=\"181\" \/>\n\t<meta property=\"og:image:type\" content=\"image\/jpeg\" \/>\n<meta name=\"author\" content=\"admin\" \/>\n<meta name=\"twitter:card\" content=\"summary_large_image\" \/>\n<meta name=\"twitter:label1\" content=\"Escrito por\" \/>\n\t<meta name=\"twitter:data1\" content=\"admin\" \/>\n\t<meta name=\"twitter:label2\" content=\"Est. tempo de leitura\" \/>\n\t<meta name=\"twitter:data2\" content=\"3 minutos\" \/>\n<script type=\"application\/ld+json\" class=\"yoast-schema-graph\">{\"@context\":\"https:\/\/schema.org\",\"@graph\":[{\"@type\":\"WebSite\",\"@id\":\"https:\/\/franciscanos.org.br\/vidacrista\/#website\",\"url\":\"https:\/\/franciscanos.org.br\/vidacrista\/\",\"name\":\"Vida Crist\u00e3 - Franciscanos\",\"description\":\"Prov\u00edncia Franciscana da Imaculada Concei\u00e7\u00e3o do Brasil - Ordem dos Frades Menores\",\"potentialAction\":[{\"@type\":\"SearchAction\",\"target\":{\"@type\":\"EntryPoint\",\"urlTemplate\":\"https:\/\/franciscanos.org.br\/vidacrista\/?s={search_term_string}\"},\"query-input\":\"required name=search_term_string\"}],\"inLanguage\":\"pt-BR\"},{\"@type\":\"WebPage\",\"@id\":\"https:\/\/franciscanos.org.br\/vidacrista\/1a-sexta-do-mes-diante-daquele-que-nos-cativa\/\",\"url\":\"https:\/\/franciscanos.org.br\/vidacrista\/1a-sexta-do-mes-diante-daquele-que-nos-cativa\/\",\"name\":\"Diante d'Aquele que nos cativa - Vida Crist\u00e3 - Franciscanos\",\"isPartOf\":{\"@id\":\"https:\/\/franciscanos.org.br\/vidacrista\/#website\"},\"datePublished\":\"2018-05-04T11:25:54+00:00\",\"dateModified\":\"2019-03-01T16:14:20+00:00\",\"author\":{\"@id\":\"https:\/\/franciscanos.org.br\/vidacrista\/#\/schema\/person\/133632ca93cec555316a35f76ab4153b\"},\"breadcrumb\":{\"@id\":\"https:\/\/franciscanos.org.br\/vidacrista\/1a-sexta-do-mes-diante-daquele-que-nos-cativa\/#breadcrumb\"},\"inLanguage\":\"pt-BR\",\"potentialAction\":[{\"@type\":\"ReadAction\",\"target\":[\"https:\/\/franciscanos.org.br\/vidacrista\/1a-sexta-do-mes-diante-daquele-que-nos-cativa\/\"]}]},{\"@type\":\"BreadcrumbList\",\"@id\":\"https:\/\/franciscanos.org.br\/vidacrista\/1a-sexta-do-mes-diante-daquele-que-nos-cativa\/#breadcrumb\",\"itemListElement\":[{\"@type\":\"ListItem\",\"position\":1,\"name\":\"Home\",\"item\":\"https:\/\/franciscanos.org.br\/vidacrista\/\"},{\"@type\":\"ListItem\",\"position\":2,\"name\":\"Diante d&#8217;Aquele que nos cativa\"}]},{\"@type\":\"Person\",\"@id\":\"https:\/\/franciscanos.org.br\/vidacrista\/#\/schema\/person\/133632ca93cec555316a35f76ab4153b\",\"name\":\"admin\",\"image\":{\"@type\":\"ImageObject\",\"inLanguage\":\"pt-BR\",\"@id\":\"https:\/\/franciscanos.org.br\/vidacrista\/#\/schema\/person\/image\/\",\"url\":\"https:\/\/secure.gravatar.com\/avatar\/e8495742d34d0ba6448ea1c628263b3e?s=96&d=mm&r=g\",\"contentUrl\":\"https:\/\/secure.gravatar.com\/avatar\/e8495742d34d0ba6448ea1c628263b3e?s=96&d=mm&r=g\",\"caption\":\"admin\"},\"url\":\"https:\/\/franciscanos.org.br\/vidacrista\/author\/admin\/\"}]}<\/script>\n<!-- \/ Yoast SEO plugin. -->","yoast_head_json":{"title":"Diante d'Aquele que nos cativa - Vida Crist\u00e3 - Franciscanos","robots":{"index":"index","follow":"follow","max-snippet":"max-snippet:-1","max-image-preview":"max-image-preview:large","max-video-preview":"max-video-preview:-1"},"canonical":"https:\/\/franciscanos.org.br\/vidacrista\/1a-sexta-do-mes-diante-daquele-que-nos-cativa\/","og_locale":"pt_BR","og_type":"article","og_title":"Diante d'Aquele que nos cativa - Vida Crist\u00e3 - Franciscanos","og_description":"Frei Almir Guimar\u00e3es","og_url":"https:\/\/franciscanos.org.br\/vidacrista\/1a-sexta-do-mes-diante-daquele-que-nos-cativa\/","og_site_name":"Vida Crist\u00e3 - Franciscanos","article_published_time":"2018-05-04T11:25:54+00:00","article_modified_time":"2019-03-01T16:14:20+00:00","og_image":[{"width":273,"height":181,"url":"https:\/\/franciscanos.org.br\/vidacrista\/wp-content\/uploads\/2018\/05\/sagrado_040518G.jpg","type":"image\/jpeg"}],"author":"admin","twitter_card":"summary_large_image","twitter_misc":{"Escrito por":"admin","Est. tempo de leitura":"3 minutos"},"schema":{"@context":"https:\/\/schema.org","@graph":[{"@type":"WebSite","@id":"https:\/\/franciscanos.org.br\/vidacrista\/#website","url":"https:\/\/franciscanos.org.br\/vidacrista\/","name":"Vida Crist\u00e3 - Franciscanos","description":"Prov\u00edncia Franciscana da Imaculada Concei\u00e7\u00e3o do Brasil - Ordem dos Frades Menores","potentialAction":[{"@type":"SearchAction","target":{"@type":"EntryPoint","urlTemplate":"https:\/\/franciscanos.org.br\/vidacrista\/?s={search_term_string}"},"query-input":"required name=search_term_string"}],"inLanguage":"pt-BR"},{"@type":"WebPage","@id":"https:\/\/franciscanos.org.br\/vidacrista\/1a-sexta-do-mes-diante-daquele-que-nos-cativa\/","url":"https:\/\/franciscanos.org.br\/vidacrista\/1a-sexta-do-mes-diante-daquele-que-nos-cativa\/","name":"Diante d'Aquele que nos cativa - Vida Crist\u00e3 - Franciscanos","isPartOf":{"@id":"https:\/\/franciscanos.org.br\/vidacrista\/#website"},"datePublished":"2018-05-04T11:25:54+00:00","dateModified":"2019-03-01T16:14:20+00:00","author":{"@id":"https:\/\/franciscanos.org.br\/vidacrista\/#\/schema\/person\/133632ca93cec555316a35f76ab4153b"},"breadcrumb":{"@id":"https:\/\/franciscanos.org.br\/vidacrista\/1a-sexta-do-mes-diante-daquele-que-nos-cativa\/#breadcrumb"},"inLanguage":"pt-BR","potentialAction":[{"@type":"ReadAction","target":["https:\/\/franciscanos.org.br\/vidacrista\/1a-sexta-do-mes-diante-daquele-que-nos-cativa\/"]}]},{"@type":"BreadcrumbList","@id":"https:\/\/franciscanos.org.br\/vidacrista\/1a-sexta-do-mes-diante-daquele-que-nos-cativa\/#breadcrumb","itemListElement":[{"@type":"ListItem","position":1,"name":"Home","item":"https:\/\/franciscanos.org.br\/vidacrista\/"},{"@type":"ListItem","position":2,"name":"Diante d&#8217;Aquele que nos cativa"}]},{"@type":"Person","@id":"https:\/\/franciscanos.org.br\/vidacrista\/#\/schema\/person\/133632ca93cec555316a35f76ab4153b","name":"admin","image":{"@type":"ImageObject","inLanguage":"pt-BR","@id":"https:\/\/franciscanos.org.br\/vidacrista\/#\/schema\/person\/image\/","url":"https:\/\/secure.gravatar.com\/avatar\/e8495742d34d0ba6448ea1c628263b3e?s=96&d=mm&r=g","contentUrl":"https:\/\/secure.gravatar.com\/avatar\/e8495742d34d0ba6448ea1c628263b3e?s=96&d=mm&r=g","caption":"admin"},"url":"https:\/\/franciscanos.org.br\/vidacrista\/author\/admin\/"}]}},"_links":{"self":[{"href":"https:\/\/franciscanos.org.br\/vidacrista\/wp-json\/wp\/v2\/posts\/158721"}],"collection":[{"href":"https:\/\/franciscanos.org.br\/vidacrista\/wp-json\/wp\/v2\/posts"}],"about":[{"href":"https:\/\/franciscanos.org.br\/vidacrista\/wp-json\/wp\/v2\/types\/post"}],"author":[{"embeddable":true,"href":"https:\/\/franciscanos.org.br\/vidacrista\/wp-json\/wp\/v2\/users\/1"}],"replies":[{"embeddable":true,"href":"https:\/\/franciscanos.org.br\/vidacrista\/wp-json\/wp\/v2\/comments?post=158721"}],"version-history":[{"count":1,"href":"https:\/\/franciscanos.org.br\/vidacrista\/wp-json\/wp\/v2\/posts\/158721\/revisions"}],"predecessor-version":[{"id":178018,"href":"https:\/\/franciscanos.org.br\/vidacrista\/wp-json\/wp\/v2\/posts\/158721\/revisions\/178018"}],"wp:featuredmedia":[{"embeddable":true,"href":"https:\/\/franciscanos.org.br\/vidacrista\/wp-json\/wp\/v2\/media\/178017"}],"wp:attachment":[{"href":"https:\/\/franciscanos.org.br\/vidacrista\/wp-json\/wp\/v2\/media?parent=158721"}],"wp:term":[{"taxonomy":"category","embeddable":true,"href":"https:\/\/franciscanos.org.br\/vidacrista\/wp-json\/wp\/v2\/categories?post=158721"},{"taxonomy":"post_tag","embeddable":true,"href":"https:\/\/franciscanos.org.br\/vidacrista\/wp-json\/wp\/v2\/tags?post=158721"}],"curies":[{"name":"wp","href":"https:\/\/api.w.org\/{rel}","templated":true}]}}