{"id":157735,"date":"2018-04-25T11:37:29","date_gmt":"2018-04-25T14:37:29","guid":{"rendered":"http:\/\/franciscanos.org.br\/?p=157735"},"modified":"2021-08-29T13:21:48","modified_gmt":"2021-08-29T16:21:48","slug":"o-papa-um-menino-e-os-pobres-redefinem-santidade","status":"publish","type":"post","link":"https:\/\/franciscanos.org.br\/vidacrista\/o-papa-um-menino-e-os-pobres-redefinem-santidade\/","title":{"rendered":"O Papa, um menino e os pobres redefinem santidade"},"content":{"rendered":"<div id=\"attachment_190316\" style=\"width: 1290px\" class=\"wp-caption alignnone\"><img aria-describedby=\"caption-attachment-190316\" decoding=\"async\" loading=\"lazy\" class=\"wp-image-190316 size-full\" src=\"https:\/\/franciscanos.org.br\/vidacrista\/wp-content\/uploads\/2018\/04\/papa_25032018.jpg\" alt=\"\" width=\"1280\" height=\"720\" srcset=\"https:\/\/franciscanos.org.br\/vidacrista\/wp-content\/uploads\/2018\/04\/papa_25032018.jpg 1280w, https:\/\/franciscanos.org.br\/vidacrista\/wp-content\/uploads\/2018\/04\/papa_25032018-450x253.jpg 450w, https:\/\/franciscanos.org.br\/vidacrista\/wp-content\/uploads\/2018\/04\/papa_25032018-1024x576.jpg 1024w, https:\/\/franciscanos.org.br\/vidacrista\/wp-content\/uploads\/2018\/04\/papa_25032018-768x432.jpg 768w, https:\/\/franciscanos.org.br\/vidacrista\/wp-content\/uploads\/2018\/04\/papa_25032018-150x84.jpg 150w\" sizes=\"(max-width: 1280px) 100vw, 1280px\" \/><p id=\"caption-attachment-190316\" class=\"wp-caption-text\">\u00a0 \u00a0 \u00a0 \u00a0 \u00a0 \u00a0 \u00a0 \u00a0 \u00a0 \u00a0 \u00a0 \u00a0 \u00a0 \u00a0 \u00a0 \u00a0 \u00a0 \u00a0 \u00a0 \u00a0 \u00a0 \u00a0 \u00a0 \u00a0 \u00a0 \u00a0 \u00a0 \u00a0 \u00a0 \u00a0 \u00a0 \u00a0 \u00a0 \u00a0 \u00a0 \u00a0 \u00a0 \u00a0 \u00a0 \u00a0 \u00a0 \u00a0 \u00a0 \u00a0 \u00a0 \u00a0 \u00a0 \u00a0 \u00a0 \u00a0 \u00a0 \u00a0 \u00a0 \u00a0<em> \u00a0 \u00a0Imagem: captura de tela da transmiss\u00e3o de Aleteia<\/em><\/p><\/div>\n<p><strong>Por Mauro Lopes\u00a0<\/strong><\/p>\n<p>O Papa imaginou haver conclu\u00eddo no dia dedicado \u00e0 mem\u00f3ria de S\u00e3o Jos\u00e9 (19 de mar\u00e7o) o mais franciscano documento de seu papado, a Exorta\u00e7\u00e3o Apost\u00f3lica sobre o caminho de santidade. Mas n\u00e3o. O texto foi finalizado por Francisco somente um m\u00eas depois, no 3\u00ba Domingo da P\u00e1scoa, em 15 de abril, no encontro com um menino de dez anos com o significativo nome de Emanuele, numa assembleia com pobres da periferia de Roma.<\/p>\n<p>Naquele domingo, o Papa, que \u00e9 antes de tudo o bispo de Roma, foi \u00e0 par\u00f3quia de S\u00e3o Paulo da Cruz, na periferia mais pobre de sua diocese. O primeiro momento da agenda foi um encontro com crian\u00e7as que frequentam a catequese. Quando chegou a vez de Emanuele, de apenas 10 anos, o menino aproximou-se do microfone e come\u00e7ou a chorar copiosamente.<\/p>\n<p>Francisco chamou-o, \u201cVem, vem aqui comigo, Emanuele, e me diz ao ouvido, diz-me ao ouvido\u201d. O menino foi, aos prantos, abra\u00e7ado pelo p\u00e1roco, padre Roberto Cassano. Francisco e o menino conversaram por poucos minutos, longe dos microfones, cabe\u00e7a a cabe\u00e7a. Quando Emanuele voltou ao seu lugar, o Papa, autorizado pela crian\u00e7a, relatou o di\u00e1logo.<\/p>\n<p>Emanuele perdeu o pai recentemente e estava com o cora\u00e7\u00e3o apertado com a d\u00favida se seu pai, que era ateu, estaria no c\u00e9u no inferno \u2013 mesmo ateu, o pai de Emanuele fez batizar o menino e seus dois irm\u00e3os e uma irm\u00e3. Esta era a raz\u00e3o do choro angustiado.<\/p>\n<p>O que disse o Papa?<\/p>\n<p>Primeiro, sobre o pai de Emanuele:<\/p>\n<p>\u201cQue bonito quando um filho diz que o seu papai era bom! Um bonito testemunho sobre aquele homem, quando os seus filhos podem dizer que ele era um homem bom! Se esse homem foi capaz de ter filhos assim, \u00e9 verdade que era um grande homem!\u201d<\/p>\n<p>Depois, sobre a ang\u00fastia do menino:<\/p>\n<p>\u201cQuem diz quem vai para o c\u00e9u \u00e9 Deus! Mas como ser\u00e1 o cora\u00e7\u00e3o de Deus diante de um pai assim? (\u2026) Ser\u00e1 que Deus abandona os seus filhos quando eles s\u00e3o bons?\u201d<\/p>\n<p>Nesta hora, a comunidade reunida respondeu \u2013e foi um dos momentos culminantes do papado de Francisco, pois ali, na periferia, entre os pobres de Roma, sua Exorta\u00e7\u00e3o Apost\u00f3lica teve seu ponto final, em reda\u00e7\u00e3o comunit\u00e1ria do o bispo com o povo pobre. Em un\u00edssono, todos responderam \u00e0 indaga\u00e7\u00e3o do Papa se Deus abandona seus filhos:<\/p>\n<p>\u201cN\u00e3o!\u201d<\/p>\n<p>\u201cBom, Emanuele, esta \u00e9 a resposta\u201d \u2013atalhou o Papa, dirigindo-se ao menino e, na verdade, a todos os cat\u00f3licos e \u00e0 humanidade.<\/p>\n<p>Assista ao v\u00eddeo emocionante deste encontro decisivo:<\/p>\n<p><iframe loading=\"lazy\" src=\"https:\/\/www.youtube.com\/embed\/PMv_YfyzG5U\" width=\"100%\" height=\"315\" frameborder=\"0\" allowfullscreen=\"allowfullscreen\"><\/iframe><\/p>\n<p>Pois assim completou-se o esp\u00edrito que animou a Exorta\u00e7\u00e3o do Papa. O c\u00e9u, tempo\/lugar de realiza\u00e7\u00e3o m\u00e1xima do ser, da Partilha e da Amizade, e a santidade s\u00e3o caminhos abertos a todas as pessoas que t\u00eam sede de justi\u00e7a e fazem a op\u00e7\u00e3o de estar ao lado, vive e conviver com os pobres, marginalizados e exclu\u00eddos pelo sistema.<\/p>\n<p>Uma revolu\u00e7\u00e3o na hist\u00f3ria do cristianismo. Nunca antes um Papa concluiu um texto seu numa assembleia com os pobres e sob inspira\u00e7\u00e3o de um menino de 10 anos de idade.<\/p>\n<p>Como escrevi, Emanuele, o nome do menino, talvez n\u00e3o tenha sido t\u00e3o acidental assim. Pois esse era o nome do menino esperado em Israel quando do nascimento de Jesus, conforme a profecia de Isa\u00edas (Is 7,14), o sinal de que Deus estava com seu povo pobre de Israel \u2013Emanuel quer dizer exatamente Deus conosco. A passagem foi retomada no Evangelho de Mateus (Mt 1, 23) para anunciar que o Esperado havia chegado. N\u00e3o teve o nome de Emanuel, mas de Jesus (o Senhor salva), mas era o pequeno Emanuel t\u00e3o aguardado por seu povo.<\/p>\n<p>Pois o pequeno Emanuel tomou para si a condu\u00e7\u00e3o da assembleia de Francisco com aquele grupo de pobres em Roma e imprimiu uma virada hist\u00f3ria no catolicismo.<\/p>\n<p>Sim, porque a resposta da comunidade da par\u00f3quia de S\u00e3o Paulo da Cruz n\u00e3o foi nada \u00f3bvia. Fosse um encontro com paroquianos ricos ou integristas, a resposta seria provavelmente oposta. Ou seja: que a santidade e o c\u00e9u eram \u201cpropriedades\u201d reservadas exclusivamente aos batizados e (aqueles que a hierarquia denomina de fi\u00e9is). Este era at\u00e9 agora o estabelecido, a regra, a lei, e ela foi reafirmada por Jo\u00e3o Paulo II em 1983 na Constitui\u00e7\u00e3o Apost\u00f3lica Divinus Perfectionis Magister e no Catecismo da Igreja Cat\u00f3lica (n\u00ba 1023)<\/p>\n<p>Com a Exorta\u00e7\u00e3o de Francisco em coautoria com Emanuele e os pobres da par\u00f3quia de S\u00e3o Paulo da Cruz n\u00e3o \u00e9 mais assim.<\/p>\n<p><strong>O cora\u00e7\u00e3o da Exorta\u00e7\u00e3o de Francisco diz<\/strong>: santidade \u00e9 um caminho aberto a todas as pessoas e n\u00e3o exclusivamente aos fi\u00e9is cat\u00f3licos e um caminho que se faz \u00e0 luz da grande convoca\u00e7\u00e3o de Jesus no texto central dos Evangelhos, o Discurso das Bem-Aventuran\u00e7as, complementado por um trecho do cap\u00edtulo 25 do Evangelho de Mateus.<\/p>\n<p>Sobre este trecho, escreveu frei Leonardo Boff no \u00faltimo s\u00e1bado, 21 (Estive preso e me impediram de visitar-te):<\/p>\n<p>\u201cH\u00e1 uma cena de grande dramaticidade no evangelho se S\u00e3o Mateus quando se trata do Ju\u00edzo Final, quer dizer, quando se revela o destino \u00faltimo de cada ser humano. O Juiz Supremo n\u00e3o perguntar\u00e1 a que Igreja ou religi\u00e3o algu\u00e9m pertenceu, se aceitou os seus dogmas, quantas vezes frequentou os ritos sagrados.<\/p>\n<p>Esse Juiz se voltar\u00e1 aos bons e dir\u00e1: \u2018Vinde, benditos de meu Pai, tomai posse do reino preparado para v\u00f3s desde a cria\u00e7\u00e3o do mundo; porque tive fome e de me destes de comer, tive sede e me destes de beber, fui peregrino e me acolhestes, estive nu e me vestistes, doente e me visitastes, estava preso e viestes me ver\u2026 todas as vezes que fizestes a um destes meus irm\u00e3os e irm\u00e3s menores, foi a mim que o fizestes\u2026 e quando deixastes de fazer a um desses pequeninos, foi a mim que n\u00e3o o fizestes\u2019 (Evangelho de S.Mateus25, 35-45).<\/p>\n<p>Neste momento supremo, s\u00e3o as pr\u00e1ticas e n\u00e3o as pr\u00e9dicas para com os sofredores deste mundo que contar\u00e3o. Se os tivermos atendido, ouviremos aquelas palavras benditas.\u201d<\/p>\n<p>Segundo o texto de Gaudete et Exsultate, a caminhada para a santidade tem uma \u00fanica \u201cgrande regra de comportamento\u201d, estabelecido por este trecho de Mateus, \u00e0 luz das Bem-Aventuran\u00e7as: \u201cNo cap\u00edtulo 25 do Evangelho de Mateus (vv. 31-46), Jesus volta a deter-se numa destas bem-aventuran\u00e7as: a que declara felizes os misericordiosos. Se andamos \u00e0 procura da santidade que agrada a Deus, neste texto encontramos precisamente uma regra de comportamento com base na qual seremos julgados: \u2018Tive fome e destes-Me de comer, tive sede e destes-Me de beber, era peregrino e recolhestes-Me, estava nu e destes-Me que vestir, adoeci e visitastes-Me, estive na pris\u00e3o e fostes ter comigo\u2019 (25, 35-36)\u201d [95].<\/p>\n<p>As bem-aventuran\u00e7as s\u00e3o a grande convoca\u00e7\u00e3o de Jesus para um jeito de levar a vida, rumo a um novo tempo e lugar chamado Reino de Deus. No seu discurso, Jesus convocou: \u201cem marcha!\u201d. Em marcha (ashr\u00e9i, em aramaico\/hebraico, l\u00ednguas de uso corrente na Israel de Jesus). Em marcha os pobres em esp\u00edrito (ou os pobres, simplesmente, na vers\u00e3o de Lucas), os aflitos, os mansos, os que t\u00eam fome e sede de justi\u00e7a, os misericordiosos, os puros de cora\u00e7\u00e3o, os que promovem a paz, os que s\u00e3o perseguidos. Santos e santas s\u00e3o, dentre estes, os que se colocarem em marcha a caminho do tempo\/lugar chamado por Jesus de Reino de Deus e se dispuserem a, de alguma maneira, por suas vidas, presentificarem tal Reino.<\/p>\n<p>N\u00e3o, escreve o Papa, rezar o ter\u00e7o e ir \u00e0 missa aos domingos por si s\u00f3 n\u00e3o faz ningu\u00e9m santo ou santa. Obedecer \u00e0s prescri\u00e7\u00f5es formais da religi\u00e3o, mas alimentar o \u00f3dio, incensar os ricos e a riqueza, desejar o mal n\u00e3o \u00e9 caminho de santidade:<\/p>\n<p>\u201cN\u00e3o \u00e9 saud\u00e1vel amar o sil\u00eancio e esquivar o encontro com o outro, desejar o repouso e rejeitar a atividade, buscar a ora\u00e7\u00e3o e menosprezar o servi\u00e7o. Tudo pode ser recebido e integrado como parte da pr\u00f3pria vida neste mundo, entrando a fazer parte do caminho de santifica\u00e7\u00e3o. Somos chamados a viver a contempla\u00e7\u00e3o mesmo no meio da a\u00e7\u00e3o, e santificamo-nos no exerc\u00edcio respons\u00e1vel e generoso da nossa miss\u00e3o.\u201d (26)<\/p>\n<p>\u201cPoder-se-ia pensar que damos gl\u00f3ria a Deus s\u00f3 com o culto e a ora\u00e7\u00e3o, ou apenas observando algumas normas \u00e9ticas (\u00e9 verdade que o primado pertence \u00e0 rela\u00e7\u00e3o com Deus), mas esquecemos que o crit\u00e9rio de avalia\u00e7\u00e3o da nossa vida \u00e9, antes de mais nada, o que fizemos pelos outros. A ora\u00e7\u00e3o \u00e9 preciosa, se alimenta uma doa\u00e7\u00e3o di\u00e1ria de amor. O nosso culto agrada a Deus, quando levamos l\u00e1 os prop\u00f3sitos de viver com generosidade e quando deixamos que o dom l\u00e1 recebido se manifeste na dedica\u00e7\u00e3o aos irm\u00e3os.\u201d (104)<\/p>\n<p>\u00c9 cara aos jesu\u00edtas como o Papa a express\u00e3o \u201ccontemplar na a\u00e7\u00e3o\u201d. Em outras palavras, caminhar no cotidiano com os olhos e o cora\u00e7\u00e3o bem apertos para testemunhar a Presen\u00e7a daquele que se fez Amor entre n\u00f3s. \u00c9 viver contagiado pelo Mist\u00e9rio. \u00c9 este o esp\u00edrito original da ora\u00e7\u00e3o que pode desenhar um tra\u00e7o de uni\u00e3o entre toda a gente de todo mundo, os que creem e os que n\u00e3o creem, mas est\u00e3o comprometidos com este desejo.<\/p>\n<p>Um homem que est\u00e1 para ser declarado formalmente santo pela Igreja, dom Oscar Romero, arcebispo de El Salvador assassinado pelos militares sob a indiferen\u00e7a do Vaticano em mar\u00e7o de 1980, deixou claro em uma homilia em dezembro de 1977 o caminho de santidade e como ele pode ser corrompido no interior mesmo da Igreja Cat\u00f3lica:<\/p>\n<p>\u201cUma religi\u00e3o de missa dominical, mas de semanas injustas n\u00e3o agrada ao Deus da Vida. Uma religi\u00e3o de muita reza, mas de hipocrisias no cora\u00e7\u00e3o n\u00e3o \u00e9 crist\u00e3. Uma Igreja que instala s\u00f3 para estar bem, para ter muito dinheiro, muita comodidade, por\u00e9m que n\u00e3o ouve os clamores das injusti\u00e7as n\u00e3o \u00e9 a verdadeira igreja de nosso Divino Redentor.\u201d<\/p>\n<p>O caso de Oscar Romero \u00e9 exemplar. Fez-se santo no exato esp\u00edrito da Exorta\u00e7\u00e3o de Francisco ainda em vida. Portanto, era santo \u2013e assim foi considerado por milhares de cat\u00f3licos de todo o mundo por d\u00e9cadas- muito antes de seu reconhecimento pela hierarquia cat\u00f3lica. Era santo enquanto era condenado por Jo\u00e3o Paulo II, que lhe ordenou abandonar os pobres de seu pa\u00eds e aliar-se \u00e0 genocida elite pol\u00edtica salvadorenha e \u00e0 reacion\u00e1ria c\u00fapula da Igreja local. Era santo quando, depois de morto, sua mem\u00f3ria sofreu intensa campanha de difama\u00e7\u00e3o orquestrada pela C\u00faria romana, que bloqueou o processo de canoniza\u00e7\u00e3o por mais de 30 anos.<\/p>\n<p>Santa foi tamb\u00e9m Edith Stein, sequestrada pelos nazistas no mosteiro carmelita de Echt, na Holanda, em 2 de agosto de 1942 para ser morta na c\u00e2mara de g\u00e1s em Auschwitz uma semana depois. Ela oficialmente canonizada em 1999. Mas sua santidade continha uma contradi\u00e7\u00e3o que s\u00f3 agora, com a Exorta\u00e7\u00e3o de Francisco, est\u00e1 resolvida: Edith Stein n\u00e3o foi sequestrada e morta pelos nazistas por ser cat\u00f3lica ou por ser monja, mas por ser judia. Tornou-se santa por pertencer a um povo e fazer a escolha de levantar-se contra a injusti\u00e7a e o \u00f3dio e n\u00e3o por seu caminho particular de f\u00e9.<\/p>\n<p>A hist\u00f3ria de Edith Stein guarda enorme semelhan\u00e7a com a de outra judia, Olga Ben\u00e1rio Prestes, ambas alem\u00e3s. Enquanto Edith foi sequestrada na Holanda, a comunista Olga, casada com Lu\u00eds Carlos Prestes foi sequestrada no Brasil e enviada para uma pris\u00e3o de mulheres da Gestapo. Gr\u00e1vida, deu \u00e0 luz Anita Leoc\u00e1dia Prestes (hoje com 81 anos). Depois n\u00e3o de sete dias, como Edith, mas de sete anos de intenso sofrimento na pris\u00e3o, onde sofreu diversas torturas psicol\u00f3gicas, agress\u00f5es e humilha\u00e7\u00f5es morreu na c\u00e2mara de g\u00e1s quatro meses antes da monja carmelita, em 23 de abril de 1942, no campo de exterm\u00ednio de Bernburg. \u00c9 santa, por sua vida pobre ao lado dos pobres, igualmente pelo Reino, como Stein.<\/p>\n<p>Santa igualmente fez-se Marielle Franco, m\u00e1rtir do tempo da Justi\u00e7a-Paz como Edith Stein e Olga Ben\u00e1rio Prestes. Executada, como as duas, com uma diferen\u00e7a de quase 80 anos. N\u00e3o num campo de concentra\u00e7\u00e3o nazista, mas numa rua do Rio, cidade cercada por um sem-n\u00famero de campos de concentra\u00e7\u00e3o conhecidos, no Brasil, como favelas.<\/p>\n<p>Francisco, o pequeno Emanuele e a comunidade da periferia mais pobre de Roma mudaram a hist\u00f3ria da Igreja e proclamam em alto e bom som: Oscar Romero, Edith Stein, Olga Ben\u00e1rio Prestes, Marielle Franco e milhares de homens e mulheres ao redor do planeta e ao longo da hist\u00f3ria, fizeram-se santas e santos. Cada um do seu jeito escutou a convoca\u00e7\u00e3o de Jesus e p\u00f4s-se em marcha.<\/p>\n<hr \/>\n<p><strong>Por Mauro Lopes (<a href=\"http:\/\/outraspalavras.net\/maurolopes\/apoiecaminhopracasa\/\" target=\"_blank\" rel=\"noopener noreferrer\">Blog Caminho para Casa<\/a>)<\/strong><\/p>\n","protected":false},"excerpt":{"rendered":"<p>Artigo de Mauro Lopes\u00a0<\/p>\n","protected":false},"author":1,"featured_media":190316,"comment_status":"open","ping_status":"open","sticky":false,"template":"","format":"standard","meta":{"footnotes":""},"categories":[26],"tags":[246],"yoast_head":"<!-- This site is optimized with the Yoast SEO plugin v19.4 - https:\/\/yoast.com\/wordpress\/plugins\/seo\/ -->\n<title>O Papa, um menino e os pobres redefinem santidade - Vida Crist\u00e3 - Franciscanos<\/title>\n<meta name=\"robots\" content=\"index, follow, max-snippet:-1, max-image-preview:large, max-video-preview:-1\" \/>\n<link rel=\"canonical\" href=\"https:\/\/franciscanos.org.br\/vidacrista\/o-papa-um-menino-e-os-pobres-redefinem-santidade\/\" \/>\n<meta property=\"og:locale\" content=\"pt_BR\" \/>\n<meta property=\"og:type\" content=\"article\" \/>\n<meta property=\"og:title\" content=\"O Papa, um menino e os pobres redefinem santidade - Vida Crist\u00e3 - Franciscanos\" \/>\n<meta property=\"og:description\" content=\"Artigo de Mauro Lopes\u00a0\" \/>\n<meta property=\"og:url\" content=\"https:\/\/franciscanos.org.br\/vidacrista\/o-papa-um-menino-e-os-pobres-redefinem-santidade\/\" \/>\n<meta property=\"og:site_name\" content=\"Vida Crist\u00e3 - Franciscanos\" \/>\n<meta property=\"article:published_time\" content=\"2018-04-25T14:37:29+00:00\" \/>\n<meta property=\"article:modified_time\" content=\"2021-08-29T16:21:48+00:00\" \/>\n<meta property=\"og:image\" content=\"https:\/\/franciscanos.org.br\/vidacrista\/wp-content\/uploads\/2018\/04\/papa_25032018.jpg\" \/>\n\t<meta property=\"og:image:width\" content=\"1280\" \/>\n\t<meta property=\"og:image:height\" content=\"720\" \/>\n\t<meta property=\"og:image:type\" content=\"image\/jpeg\" \/>\n<meta name=\"author\" content=\"admin\" \/>\n<meta name=\"twitter:card\" content=\"summary_large_image\" \/>\n<meta name=\"twitter:label1\" content=\"Escrito por\" \/>\n\t<meta name=\"twitter:data1\" content=\"admin\" \/>\n\t<meta name=\"twitter:label2\" content=\"Est. tempo de leitura\" \/>\n\t<meta name=\"twitter:data2\" content=\"11 minutos\" \/>\n<script type=\"application\/ld+json\" class=\"yoast-schema-graph\">{\"@context\":\"https:\/\/schema.org\",\"@graph\":[{\"@type\":\"WebSite\",\"@id\":\"https:\/\/franciscanos.org.br\/vidacrista\/#website\",\"url\":\"https:\/\/franciscanos.org.br\/vidacrista\/\",\"name\":\"Vida Crist\u00e3 - Franciscanos\",\"description\":\"Prov\u00edncia Franciscana da Imaculada Concei\u00e7\u00e3o do Brasil - Ordem dos Frades Menores\",\"potentialAction\":[{\"@type\":\"SearchAction\",\"target\":{\"@type\":\"EntryPoint\",\"urlTemplate\":\"https:\/\/franciscanos.org.br\/vidacrista\/?s={search_term_string}\"},\"query-input\":\"required name=search_term_string\"}],\"inLanguage\":\"pt-BR\"},{\"@type\":\"WebPage\",\"@id\":\"https:\/\/franciscanos.org.br\/vidacrista\/o-papa-um-menino-e-os-pobres-redefinem-santidade\/\",\"url\":\"https:\/\/franciscanos.org.br\/vidacrista\/o-papa-um-menino-e-os-pobres-redefinem-santidade\/\",\"name\":\"O Papa, um menino e os pobres redefinem santidade - Vida Crist\u00e3 - Franciscanos\",\"isPartOf\":{\"@id\":\"https:\/\/franciscanos.org.br\/vidacrista\/#website\"},\"datePublished\":\"2018-04-25T14:37:29+00:00\",\"dateModified\":\"2021-08-29T16:21:48+00:00\",\"author\":{\"@id\":\"https:\/\/franciscanos.org.br\/vidacrista\/#\/schema\/person\/133632ca93cec555316a35f76ab4153b\"},\"breadcrumb\":{\"@id\":\"https:\/\/franciscanos.org.br\/vidacrista\/o-papa-um-menino-e-os-pobres-redefinem-santidade\/#breadcrumb\"},\"inLanguage\":\"pt-BR\",\"potentialAction\":[{\"@type\":\"ReadAction\",\"target\":[\"https:\/\/franciscanos.org.br\/vidacrista\/o-papa-um-menino-e-os-pobres-redefinem-santidade\/\"]}]},{\"@type\":\"BreadcrumbList\",\"@id\":\"https:\/\/franciscanos.org.br\/vidacrista\/o-papa-um-menino-e-os-pobres-redefinem-santidade\/#breadcrumb\",\"itemListElement\":[{\"@type\":\"ListItem\",\"position\":1,\"name\":\"Home\",\"item\":\"https:\/\/franciscanos.org.br\/vidacrista\/\"},{\"@type\":\"ListItem\",\"position\":2,\"name\":\"O Papa, um menino e os pobres redefinem santidade\"}]},{\"@type\":\"Person\",\"@id\":\"https:\/\/franciscanos.org.br\/vidacrista\/#\/schema\/person\/133632ca93cec555316a35f76ab4153b\",\"name\":\"admin\",\"image\":{\"@type\":\"ImageObject\",\"inLanguage\":\"pt-BR\",\"@id\":\"https:\/\/franciscanos.org.br\/vidacrista\/#\/schema\/person\/image\/\",\"url\":\"https:\/\/secure.gravatar.com\/avatar\/e8495742d34d0ba6448ea1c628263b3e?s=96&d=mm&r=g\",\"contentUrl\":\"https:\/\/secure.gravatar.com\/avatar\/e8495742d34d0ba6448ea1c628263b3e?s=96&d=mm&r=g\",\"caption\":\"admin\"},\"url\":\"https:\/\/franciscanos.org.br\/vidacrista\/author\/admin\/\"}]}<\/script>\n<!-- \/ Yoast SEO plugin. -->","yoast_head_json":{"title":"O Papa, um menino e os pobres redefinem santidade - Vida Crist\u00e3 - Franciscanos","robots":{"index":"index","follow":"follow","max-snippet":"max-snippet:-1","max-image-preview":"max-image-preview:large","max-video-preview":"max-video-preview:-1"},"canonical":"https:\/\/franciscanos.org.br\/vidacrista\/o-papa-um-menino-e-os-pobres-redefinem-santidade\/","og_locale":"pt_BR","og_type":"article","og_title":"O Papa, um menino e os pobres redefinem santidade - Vida Crist\u00e3 - Franciscanos","og_description":"Artigo de Mauro Lopes\u00a0","og_url":"https:\/\/franciscanos.org.br\/vidacrista\/o-papa-um-menino-e-os-pobres-redefinem-santidade\/","og_site_name":"Vida Crist\u00e3 - Franciscanos","article_published_time":"2018-04-25T14:37:29+00:00","article_modified_time":"2021-08-29T16:21:48+00:00","og_image":[{"width":1280,"height":720,"url":"https:\/\/franciscanos.org.br\/vidacrista\/wp-content\/uploads\/2018\/04\/papa_25032018.jpg","type":"image\/jpeg"}],"author":"admin","twitter_card":"summary_large_image","twitter_misc":{"Escrito por":"admin","Est. tempo de leitura":"11 minutos"},"schema":{"@context":"https:\/\/schema.org","@graph":[{"@type":"WebSite","@id":"https:\/\/franciscanos.org.br\/vidacrista\/#website","url":"https:\/\/franciscanos.org.br\/vidacrista\/","name":"Vida Crist\u00e3 - Franciscanos","description":"Prov\u00edncia Franciscana da Imaculada Concei\u00e7\u00e3o do Brasil - Ordem dos Frades Menores","potentialAction":[{"@type":"SearchAction","target":{"@type":"EntryPoint","urlTemplate":"https:\/\/franciscanos.org.br\/vidacrista\/?s={search_term_string}"},"query-input":"required name=search_term_string"}],"inLanguage":"pt-BR"},{"@type":"WebPage","@id":"https:\/\/franciscanos.org.br\/vidacrista\/o-papa-um-menino-e-os-pobres-redefinem-santidade\/","url":"https:\/\/franciscanos.org.br\/vidacrista\/o-papa-um-menino-e-os-pobres-redefinem-santidade\/","name":"O Papa, um menino e os pobres redefinem santidade - Vida Crist\u00e3 - Franciscanos","isPartOf":{"@id":"https:\/\/franciscanos.org.br\/vidacrista\/#website"},"datePublished":"2018-04-25T14:37:29+00:00","dateModified":"2021-08-29T16:21:48+00:00","author":{"@id":"https:\/\/franciscanos.org.br\/vidacrista\/#\/schema\/person\/133632ca93cec555316a35f76ab4153b"},"breadcrumb":{"@id":"https:\/\/franciscanos.org.br\/vidacrista\/o-papa-um-menino-e-os-pobres-redefinem-santidade\/#breadcrumb"},"inLanguage":"pt-BR","potentialAction":[{"@type":"ReadAction","target":["https:\/\/franciscanos.org.br\/vidacrista\/o-papa-um-menino-e-os-pobres-redefinem-santidade\/"]}]},{"@type":"BreadcrumbList","@id":"https:\/\/franciscanos.org.br\/vidacrista\/o-papa-um-menino-e-os-pobres-redefinem-santidade\/#breadcrumb","itemListElement":[{"@type":"ListItem","position":1,"name":"Home","item":"https:\/\/franciscanos.org.br\/vidacrista\/"},{"@type":"ListItem","position":2,"name":"O Papa, um menino e os pobres redefinem santidade"}]},{"@type":"Person","@id":"https:\/\/franciscanos.org.br\/vidacrista\/#\/schema\/person\/133632ca93cec555316a35f76ab4153b","name":"admin","image":{"@type":"ImageObject","inLanguage":"pt-BR","@id":"https:\/\/franciscanos.org.br\/vidacrista\/#\/schema\/person\/image\/","url":"https:\/\/secure.gravatar.com\/avatar\/e8495742d34d0ba6448ea1c628263b3e?s=96&d=mm&r=g","contentUrl":"https:\/\/secure.gravatar.com\/avatar\/e8495742d34d0ba6448ea1c628263b3e?s=96&d=mm&r=g","caption":"admin"},"url":"https:\/\/franciscanos.org.br\/vidacrista\/author\/admin\/"}]}},"_links":{"self":[{"href":"https:\/\/franciscanos.org.br\/vidacrista\/wp-json\/wp\/v2\/posts\/157735"}],"collection":[{"href":"https:\/\/franciscanos.org.br\/vidacrista\/wp-json\/wp\/v2\/posts"}],"about":[{"href":"https:\/\/franciscanos.org.br\/vidacrista\/wp-json\/wp\/v2\/types\/post"}],"author":[{"embeddable":true,"href":"https:\/\/franciscanos.org.br\/vidacrista\/wp-json\/wp\/v2\/users\/1"}],"replies":[{"embeddable":true,"href":"https:\/\/franciscanos.org.br\/vidacrista\/wp-json\/wp\/v2\/comments?post=157735"}],"version-history":[{"count":4,"href":"https:\/\/franciscanos.org.br\/vidacrista\/wp-json\/wp\/v2\/posts\/157735\/revisions"}],"predecessor-version":[{"id":190317,"href":"https:\/\/franciscanos.org.br\/vidacrista\/wp-json\/wp\/v2\/posts\/157735\/revisions\/190317"}],"wp:featuredmedia":[{"embeddable":true,"href":"https:\/\/franciscanos.org.br\/vidacrista\/wp-json\/wp\/v2\/media\/190316"}],"wp:attachment":[{"href":"https:\/\/franciscanos.org.br\/vidacrista\/wp-json\/wp\/v2\/media?parent=157735"}],"wp:term":[{"taxonomy":"category","embeddable":true,"href":"https:\/\/franciscanos.org.br\/vidacrista\/wp-json\/wp\/v2\/categories?post=157735"},{"taxonomy":"post_tag","embeddable":true,"href":"https:\/\/franciscanos.org.br\/vidacrista\/wp-json\/wp\/v2\/tags?post=157735"}],"curies":[{"name":"wp","href":"https:\/\/api.w.org\/{rel}","templated":true}]}}