{"id":155426,"date":"2018-04-03T08:13:05","date_gmt":"2018-04-03T11:13:05","guid":{"rendered":"http:\/\/franciscanos.org.br\/?p=155426"},"modified":"2020-05-22T10:10:14","modified_gmt":"2020-05-22T13:10:14","slug":"ele-fez-ali-um-lugar-para-mim","status":"publish","type":"post","link":"https:\/\/franciscanos.org.br\/vidacrista\/ele-fez-ali-um-lugar-para-mim\/","title":{"rendered":"Ele fez ali um lugar para mim"},"content":{"rendered":"<p><img decoding=\"async\" loading=\"lazy\" src=\"http:\/\/franciscanos.org.br\/wp-content\/uploads\/2018\/04\/cristo_030418.jpg\" alt=\"cristo_030418\" width=\"820\" height=\"410\" \/><\/p>\n<p>Todos os verdadeiros m\u00edsticos sempre estiveram perto da cruz do Senhor. N\u00e3o se trata, para eles, apenas de manifesta\u00e7\u00f5es sentimentais e emotivas.\u00a0 H\u00e1 como que um impacto que atinge o mais profundo da pessoa. A dor se mistura com o amor na cena do Calv\u00e1rio.\u00a0 Os verdadeiros m\u00edsticos n\u00e3o s\u00e3o \u201cdoloristas\u201d, quer dizer, pessoas doentiamente fixadas no sofrimento.\u00a0 Os que se det\u00eam diante da cruz e do peito aberto de Cristo n\u00e3o podem deixar de amar o amado e, por sua vida, torn\u00e1-lo amado.<\/p>\n<blockquote><p>\u21d2 \u201cCristo foi verdadeiramente crucificado, verdadeiramente sepultado e ressuscitou\u00a0 \u00a0 Tudo isto foi para n\u00f3s um dom da gra\u00e7a, a fim de que, participando de sua paix\u00e3o atrav\u00e9s do mist\u00e9rio sacramental, obtenhamos na realidade a salva\u00e7\u00e3o. \u00d3 maravilha de amor pelos homens!\u00a0 Em seus\u00a0 p\u00e9s e m\u00e3os inocentes\u00a0 recebeu os cravos e suportou a dor e eu, sem dor\u00a0 nem esfor\u00e7o, mas apenas pela comunh\u00e3o em suas dores recebo gratuitamente a salva\u00e7\u00e3o\u201d\u00a0 (Das catequeses de Jerusal\u00e9m,\u00a0\u00a0 Lecion\u00e1rio\u00a0 Monastico\u00a0 III,\u00a0 p. 62-63).]<\/p>\n<p>\u21d2 O m\u00edstico busca um abrigo no Cora\u00e7\u00e3o do Redentor: \u201cMinha alma tem sede de Deus, meu Quero ver aquele que sorveu o\u00a0 c\u00e1lice mais amargo do mundo.\u00a0 Como, efetivamente, deve este c\u00e1lice ter sido amargo\u00a0 para aquele que era t\u00e3o puro e t\u00e3o sens\u00edvel?\u00a0 Quero beijar estes p\u00e9s ensanguentados\u00a0 que n\u00e3o pararam de andar\u00a0 sempre \u00e0 minha busca\u00a0 nos becos sem sa\u00edda e nos abismos mais profundos\u00a0 onde meus pecados me levaram. Quero ver o lado traspassado daquele que, abrindo seu cora\u00e7\u00e3o,\u00a0 fez ali\u00a0 um lugar para mim\u201d\u00a0 (Karl\u00a0 Ranher).<\/p>\n<p>\u21d2 E vejam esta atribu\u00edda a S\u00e3o Francisco de Assis:\u00a0 \u201cSenhor meu Jesus\u00a0 Cristo, duas gra\u00e7as te pe\u00e7o que me fa\u00e7as\u00a0 antes que morra:\u00a0 a primeira \u00e9 que eu sinta no corpo e na alma, quanto for poss\u00edvel,\u00a0 aquelas dores que tu, doce Jesus, suportaste na hora de tua acerb\u00edssima paix\u00e3o;\u00a0 a segunda \u00e9 que eu sinta no meu cora\u00e7\u00e3o, tamb\u00e9m quanto for poss\u00edvel,\u00a0 aquele excessivo amor\u00a0 do qual tu, Filho de Deus, estavas inflamado\u00a0 para voluntariamente suportar\u00a0 tua paix\u00e3o, por n\u00f3s pecadores\u201d.<\/p><\/blockquote>\n<p><strong>Frei Almir Guimar\u00e3es<\/strong><\/p>\n","protected":false},"excerpt":{"rendered":"<p>1\u00aa Sexta-feira do M\u00eas<\/p>\n","protected":false},"author":1,"featured_media":184573,"comment_status":"open","ping_status":"open","sticky":false,"template":"","format":"standard","meta":{"footnotes":""},"categories":[105],"tags":[106,112],"yoast_head":"<!-- This site is optimized with the Yoast SEO plugin v19.4 - https:\/\/yoast.com\/wordpress\/plugins\/seo\/ -->\n<title>Ele fez ali um lugar para mim - Vida Crist\u00e3 - Franciscanos<\/title>\n<meta name=\"robots\" content=\"index, follow, max-snippet:-1, max-image-preview:large, max-video-preview:-1\" \/>\n<link rel=\"canonical\" href=\"https:\/\/franciscanos.org.br\/vidacrista\/ele-fez-ali-um-lugar-para-mim\/\" \/>\n<meta property=\"og:locale\" content=\"pt_BR\" \/>\n<meta property=\"og:type\" content=\"article\" \/>\n<meta property=\"og:title\" content=\"Ele fez ali um lugar para mim - Vida Crist\u00e3 - Franciscanos\" \/>\n<meta property=\"og:description\" content=\"1\u00aa Sexta-feira do M\u00eas\" \/>\n<meta property=\"og:url\" content=\"https:\/\/franciscanos.org.br\/vidacrista\/ele-fez-ali-um-lugar-para-mim\/\" \/>\n<meta property=\"og:site_name\" content=\"Vida Crist\u00e3 - Franciscanos\" \/>\n<meta property=\"article:published_time\" content=\"2018-04-03T11:13:05+00:00\" \/>\n<meta property=\"article:modified_time\" content=\"2020-05-22T13:10:14+00:00\" \/>\n<meta property=\"og:image\" content=\"https:\/\/franciscanos.org.br\/vidacrista\/wp-content\/uploads\/2018\/04\/cristo_030418.jpg\" \/>\n\t<meta property=\"og:image:width\" content=\"800\" \/>\n\t<meta property=\"og:image:height\" content=\"600\" \/>\n\t<meta property=\"og:image:type\" content=\"image\/jpeg\" \/>\n<meta name=\"author\" content=\"admin\" \/>\n<meta name=\"twitter:card\" content=\"summary_large_image\" \/>\n<meta name=\"twitter:label1\" content=\"Escrito por\" \/>\n\t<meta name=\"twitter:data1\" content=\"admin\" \/>\n\t<meta name=\"twitter:label2\" content=\"Est. tempo de leitura\" \/>\n\t<meta name=\"twitter:data2\" content=\"2 minutos\" \/>\n<script type=\"application\/ld+json\" class=\"yoast-schema-graph\">{\"@context\":\"https:\/\/schema.org\",\"@graph\":[{\"@type\":\"WebSite\",\"@id\":\"https:\/\/franciscanos.org.br\/vidacrista\/#website\",\"url\":\"https:\/\/franciscanos.org.br\/vidacrista\/\",\"name\":\"Vida Crist\u00e3 - Franciscanos\",\"description\":\"Prov\u00edncia Franciscana da Imaculada Concei\u00e7\u00e3o do Brasil - Ordem dos Frades Menores\",\"potentialAction\":[{\"@type\":\"SearchAction\",\"target\":{\"@type\":\"EntryPoint\",\"urlTemplate\":\"https:\/\/franciscanos.org.br\/vidacrista\/?s={search_term_string}\"},\"query-input\":\"required name=search_term_string\"}],\"inLanguage\":\"pt-BR\"},{\"@type\":\"WebPage\",\"@id\":\"https:\/\/franciscanos.org.br\/vidacrista\/ele-fez-ali-um-lugar-para-mim\/\",\"url\":\"https:\/\/franciscanos.org.br\/vidacrista\/ele-fez-ali-um-lugar-para-mim\/\",\"name\":\"Ele fez ali um lugar para mim - Vida Crist\u00e3 - Franciscanos\",\"isPartOf\":{\"@id\":\"https:\/\/franciscanos.org.br\/vidacrista\/#website\"},\"datePublished\":\"2018-04-03T11:13:05+00:00\",\"dateModified\":\"2020-05-22T13:10:14+00:00\",\"author\":{\"@id\":\"https:\/\/franciscanos.org.br\/vidacrista\/#\/schema\/person\/133632ca93cec555316a35f76ab4153b\"},\"breadcrumb\":{\"@id\":\"https:\/\/franciscanos.org.br\/vidacrista\/ele-fez-ali-um-lugar-para-mim\/#breadcrumb\"},\"inLanguage\":\"pt-BR\",\"potentialAction\":[{\"@type\":\"ReadAction\",\"target\":[\"https:\/\/franciscanos.org.br\/vidacrista\/ele-fez-ali-um-lugar-para-mim\/\"]}]},{\"@type\":\"BreadcrumbList\",\"@id\":\"https:\/\/franciscanos.org.br\/vidacrista\/ele-fez-ali-um-lugar-para-mim\/#breadcrumb\",\"itemListElement\":[{\"@type\":\"ListItem\",\"position\":1,\"name\":\"Home\",\"item\":\"https:\/\/franciscanos.org.br\/vidacrista\/\"},{\"@type\":\"ListItem\",\"position\":2,\"name\":\"Ele fez ali um lugar para mim\"}]},{\"@type\":\"Person\",\"@id\":\"https:\/\/franciscanos.org.br\/vidacrista\/#\/schema\/person\/133632ca93cec555316a35f76ab4153b\",\"name\":\"admin\",\"image\":{\"@type\":\"ImageObject\",\"inLanguage\":\"pt-BR\",\"@id\":\"https:\/\/franciscanos.org.br\/vidacrista\/#\/schema\/person\/image\/\",\"url\":\"https:\/\/secure.gravatar.com\/avatar\/e8495742d34d0ba6448ea1c628263b3e?s=96&d=mm&r=g\",\"contentUrl\":\"https:\/\/secure.gravatar.com\/avatar\/e8495742d34d0ba6448ea1c628263b3e?s=96&d=mm&r=g\",\"caption\":\"admin\"},\"url\":\"https:\/\/franciscanos.org.br\/vidacrista\/author\/admin\/\"}]}<\/script>\n<!-- \/ Yoast SEO plugin. -->","yoast_head_json":{"title":"Ele fez ali um lugar para mim - Vida Crist\u00e3 - Franciscanos","robots":{"index":"index","follow":"follow","max-snippet":"max-snippet:-1","max-image-preview":"max-image-preview:large","max-video-preview":"max-video-preview:-1"},"canonical":"https:\/\/franciscanos.org.br\/vidacrista\/ele-fez-ali-um-lugar-para-mim\/","og_locale":"pt_BR","og_type":"article","og_title":"Ele fez ali um lugar para mim - Vida Crist\u00e3 - Franciscanos","og_description":"1\u00aa Sexta-feira do M\u00eas","og_url":"https:\/\/franciscanos.org.br\/vidacrista\/ele-fez-ali-um-lugar-para-mim\/","og_site_name":"Vida Crist\u00e3 - Franciscanos","article_published_time":"2018-04-03T11:13:05+00:00","article_modified_time":"2020-05-22T13:10:14+00:00","og_image":[{"width":800,"height":600,"url":"https:\/\/franciscanos.org.br\/vidacrista\/wp-content\/uploads\/2018\/04\/cristo_030418.jpg","type":"image\/jpeg"}],"author":"admin","twitter_card":"summary_large_image","twitter_misc":{"Escrito por":"admin","Est. tempo de leitura":"2 minutos"},"schema":{"@context":"https:\/\/schema.org","@graph":[{"@type":"WebSite","@id":"https:\/\/franciscanos.org.br\/vidacrista\/#website","url":"https:\/\/franciscanos.org.br\/vidacrista\/","name":"Vida Crist\u00e3 - Franciscanos","description":"Prov\u00edncia Franciscana da Imaculada Concei\u00e7\u00e3o do Brasil - Ordem dos Frades Menores","potentialAction":[{"@type":"SearchAction","target":{"@type":"EntryPoint","urlTemplate":"https:\/\/franciscanos.org.br\/vidacrista\/?s={search_term_string}"},"query-input":"required name=search_term_string"}],"inLanguage":"pt-BR"},{"@type":"WebPage","@id":"https:\/\/franciscanos.org.br\/vidacrista\/ele-fez-ali-um-lugar-para-mim\/","url":"https:\/\/franciscanos.org.br\/vidacrista\/ele-fez-ali-um-lugar-para-mim\/","name":"Ele fez ali um lugar para mim - Vida Crist\u00e3 - Franciscanos","isPartOf":{"@id":"https:\/\/franciscanos.org.br\/vidacrista\/#website"},"datePublished":"2018-04-03T11:13:05+00:00","dateModified":"2020-05-22T13:10:14+00:00","author":{"@id":"https:\/\/franciscanos.org.br\/vidacrista\/#\/schema\/person\/133632ca93cec555316a35f76ab4153b"},"breadcrumb":{"@id":"https:\/\/franciscanos.org.br\/vidacrista\/ele-fez-ali-um-lugar-para-mim\/#breadcrumb"},"inLanguage":"pt-BR","potentialAction":[{"@type":"ReadAction","target":["https:\/\/franciscanos.org.br\/vidacrista\/ele-fez-ali-um-lugar-para-mim\/"]}]},{"@type":"BreadcrumbList","@id":"https:\/\/franciscanos.org.br\/vidacrista\/ele-fez-ali-um-lugar-para-mim\/#breadcrumb","itemListElement":[{"@type":"ListItem","position":1,"name":"Home","item":"https:\/\/franciscanos.org.br\/vidacrista\/"},{"@type":"ListItem","position":2,"name":"Ele fez ali um lugar para mim"}]},{"@type":"Person","@id":"https:\/\/franciscanos.org.br\/vidacrista\/#\/schema\/person\/133632ca93cec555316a35f76ab4153b","name":"admin","image":{"@type":"ImageObject","inLanguage":"pt-BR","@id":"https:\/\/franciscanos.org.br\/vidacrista\/#\/schema\/person\/image\/","url":"https:\/\/secure.gravatar.com\/avatar\/e8495742d34d0ba6448ea1c628263b3e?s=96&d=mm&r=g","contentUrl":"https:\/\/secure.gravatar.com\/avatar\/e8495742d34d0ba6448ea1c628263b3e?s=96&d=mm&r=g","caption":"admin"},"url":"https:\/\/franciscanos.org.br\/vidacrista\/author\/admin\/"}]}},"_links":{"self":[{"href":"https:\/\/franciscanos.org.br\/vidacrista\/wp-json\/wp\/v2\/posts\/155426"}],"collection":[{"href":"https:\/\/franciscanos.org.br\/vidacrista\/wp-json\/wp\/v2\/posts"}],"about":[{"href":"https:\/\/franciscanos.org.br\/vidacrista\/wp-json\/wp\/v2\/types\/post"}],"author":[{"embeddable":true,"href":"https:\/\/franciscanos.org.br\/vidacrista\/wp-json\/wp\/v2\/users\/1"}],"replies":[{"embeddable":true,"href":"https:\/\/franciscanos.org.br\/vidacrista\/wp-json\/wp\/v2\/comments?post=155426"}],"version-history":[{"count":2,"href":"https:\/\/franciscanos.org.br\/vidacrista\/wp-json\/wp\/v2\/posts\/155426\/revisions"}],"predecessor-version":[{"id":178113,"href":"https:\/\/franciscanos.org.br\/vidacrista\/wp-json\/wp\/v2\/posts\/155426\/revisions\/178113"}],"wp:featuredmedia":[{"embeddable":true,"href":"https:\/\/franciscanos.org.br\/vidacrista\/wp-json\/wp\/v2\/media\/184573"}],"wp:attachment":[{"href":"https:\/\/franciscanos.org.br\/vidacrista\/wp-json\/wp\/v2\/media?parent=155426"}],"wp:term":[{"taxonomy":"category","embeddable":true,"href":"https:\/\/franciscanos.org.br\/vidacrista\/wp-json\/wp\/v2\/categories?post=155426"},{"taxonomy":"post_tag","embeddable":true,"href":"https:\/\/franciscanos.org.br\/vidacrista\/wp-json\/wp\/v2\/tags?post=155426"}],"curies":[{"name":"wp","href":"https:\/\/api.w.org\/{rel}","templated":true}]}}