{"id":154843,"date":"2018-03-26T08:13:52","date_gmt":"2018-03-26T11:13:52","guid":{"rendered":"http:\/\/franciscanos.org.br\/?p=154843"},"modified":"2021-09-03T15:53:40","modified_gmt":"2021-09-03T18:53:40","slug":"com-o-papa-francisco-termina-a-igreja-so-ocidental-e-comeca-a-igreja-universal","status":"publish","type":"post","link":"https:\/\/franciscanos.org.br\/vidacrista\/com-o-papa-francisco-termina-a-igreja-so-ocidental-e-comeca-a-igreja-universal\/","title":{"rendered":"Com o Papa Francisco termina a Igreja s\u00f3 ocidental e come\u00e7a a Igreja universal"},"content":{"rendered":"<div style=\"width: 840px\" class=\"wp-caption alignnone\"><img decoding=\"async\" loading=\"lazy\" src=\"http:\/\/franciscanos.org.br\/wp-content\/uploads\/2018\/03\/papafrancisco_260318.jpg\" alt=\"papafrancisco_260318\" width=\"830\" height=\"553\" \/><p class=\"wp-caption-text\">\u00a0 \u00a0 \u00a0 \u00a0 \u00a0 \u00a0 \u00a0 \u00a0 \u00a0 \u00a0 \u00a0 \u00a0 \u00a0 \u00a0 \u00a0 \u00a0 \u00a0 \u00a0 \u00a0 \u00a0 \u00a0 \u00a0 \u00a0 \u00a0 \u00a0 \u00a0 \u00a0 \u00a0 \u00a0 \u00a0 \u00a0 \u00a0 \u00a0 \u00a0 \u00a0 \u00a0 \u00a0 \u00a0 \u00a0 \u00a0 \u00a0 \u00a0 \u00a0 \u00a0 \u00a0 \u00a0 \u00a0 \u00a0 \u00a0 \u00a0 \u00a0 \u00a0 \u00a0 \u00a0<em> \u00a0 \u00a0Imagem: Vatican Media<\/em><\/p><\/div>\n<p><strong>Leonardo Boff<\/strong><\/p>\n<p>Passaram-se j\u00e1 cinco anos do papado de Francisco, bispo de Roma e Papa da Igreja universal. Muitos fizeram balan\u00e7os minuciosos e brilhantes sobre essa nova primavera que irrompeu na Igreja. De minha parte enfatizo apenas alguns pontos que interessam \u00e0 nossa realidade.<\/p>\n<p>O primeiro deles \u00e9 a revolu\u00e7\u00e3o feita na figura do papado, vivida em pessoa por ele mesmo. N\u00e3o \u00e9 mais o Papa imperial com todos os s\u00edmbolos, herdados dos imperadores romanos. Ele se apresenta como simples pessoa como quem vem do povo. Sua primeira palavra de sauda\u00e7\u00e3o foi dizer aos fi\u00e9is &#8220;buona sera\u201d: boa noite. Em seguida, anunciou-se como bispo de Roma, chamado a dirigir no amor a Igreja que est\u00e1 no mundo inteiro . Antes de ele mesmo dar a b\u00ean\u00e7\u00e3o oficial, pediu que o povo o aben\u00e7oasse. E foi morar n\u00e3o num pal\u00e1cio \u2013 o que teria feito chorar Francisco de Assis \u2013 mas numa casa de h\u00f3spedes. E come junto com eles.<\/p>\n<p>O segundo ponto importante \u00e9 anunciar o evangelho como alegria, como superabund\u00e2ncia de sentido de viver e menos como doutrinas dos catecismos. N\u00e3o se trata de levar Cristo ao mundo secularizado. Mas descobrir sua presen\u00e7a nele pela sede de espiritualidade que se nota em todas as partes.<\/p>\n<p>O terceiro ponto \u00e9 colocar no centro de sua atividade tr\u00eas p\u00f3los: o encontro com o Cristo vivo, o amor apaixonado pelos pobres e o cuidado da M\u00e3e Terra. O centro \u00e9 Cristo e n\u00e3o o Papa. O encontro vivo com Cristo tem o primado sobre a doutrina.<\/p>\n<p>Em vez da lei anuncia incansavelmente a miseric\u00f3rdia e a revolu\u00e7\u00e3o da ternura, como o disse, falando aos bispos brasileiros em sua viagem ao nosso pa\u00eds.<\/p>\n<p>O amor aos pobres foi expresso na sua primeria interven\u00e7\u00e3o oficial: &#8220;Como gostaria que a Igreja fosse a Igreja dos pobres\u201d. Foi ao encontro do refugiados que chegavam \u00e0 ilha de Lampeduza no sul da It\u00e1lia. Ai disse palavras duras contra certo tipo de civiliza\u00e7\u00e3o moderna que perdeu o sentido da solidariedade e n\u00e3o sabe mais chorar sobre o sofrimento de seus semelhantes.<\/p>\n<p>Suscitou o alarme ecol\u00f3gico com sua enc\u00edclica <em>Laudato S\u00ed<\/em>: sobre o cuidado da Casa Comum (2015), dirigida a toda a humanidade. Mostra clara consci\u00eancia dos riscos que o sistema-vida e o sistema-Terra correm. Por isso expande o discurso ecol\u00f3gico para al\u00e9m do ambientalismo. Diz enfaticamente que devemos fazer uma revolu\u00e7\u00e3o ecol\u00f3gica global (n.5). A ecologia \u00e9 integral e n\u00e3o apenas verde, pois involucra a sociedade, a pol\u00edtica, a cultura, a educa\u00e7\u00e3o, a vida cotidiana e a espiritualidade. Une o grito dos pobres com o grito da Terra (n. 49). Convida-nos a sentir como nossa a dor da natureza, pois todos somos interligados e envolvidos numa teia de rela\u00e7\u00f5es. Convoca-nos a \u201calimentar uma paix\u00e3o pelo cuidado do mundo\u2026 uma m\u00edstica que nos anima, nos impele, motiva e encoraja e d\u00e1 sentido \u00e0 a\u00e7\u00e3o pessoal e comunit\u00e1ria\u201d (n.216).<\/p>\n<p>O quarto ponto significativo foi apresentar a Igreja n\u00e3o um castelo fechado e cercado de inimigos, mas um hospital de campanha que a todos acolhe sem reparar sua extra\u00e7\u00e3o de classe, de cor ou de religi\u00e3o. \u00c9 uma Igreja em permanente saida para os outros especialmente para as periferias existenciais que grassam no mundo inteiro. Ela deve servir de alento, infundir esperan\u00e7a e mostrar um Cristo que veio para nos ensinar a viver como irm\u00e3os e irm\u00e3s, no amor, na igualdade, na justi\u00e7a, abertos ao Pai que tem caracter\u00edsticas de M\u00e3e de miseric\u00f3rdia e de bondade.<\/p>\n<p>Por fim, mostra clara consci\u00eancia de que o evangelho se op\u00f5e \u00e0s pot\u00eancias desse mundo que acumulam absurdamente, deixando na mis\u00e9ria grande parte da humanidade. Vivemos sob um sistema que coloca o dinheiro no centro e que \u00e9 assassino dos pobres e um depredador dos bens e servi\u00e7o da natureza. Contra esses tem as mais duras palavras.<\/p>\n<p>Dialoga com todas as tradi\u00e7\u00f5es religiosas e espirituais. No lava-p\u00e9s da Quinta-Feira Santa estava uma menina mu\u00e7ulmana. Quer as Igrejas, com suas diferen\u00e7as, unidas no servi\u00e7o ao mundo especialmente aos mais desamparados. \u00c9 o verdadeiro ecumenismo de miss\u00e3o.<\/p>\n<p>Com esse Papa que \u201cvem do fim do mundo\u201d se encerra uma Igreja s\u00f3 ocidental e come\u00e7a uma Igreja universal, adequada \u00e0 fase planet\u00e1ria da humanidade, chamada a encarnar-se nas v\u00e1rias culturas e construir a\u00ed um novo rosto a partir da riqueza inesgot\u00e1vel do evangelho.<\/p>\n<hr \/>\n<p><strong>Leonardo Boff <\/strong><em>\u00e9 te\u00f3logo, fil\u00f3sofo e escreveu Francisco de Assis-Francisco de Roma, a irrup\u00e7\u00e3o da primavera, Mar de Ideias, Rio 2013.<\/em><\/p>\n","protected":false},"excerpt":{"rendered":"<p>Artigo de Leonardo Boff<\/p>\n","protected":false},"author":1,"featured_media":184430,"comment_status":"open","ping_status":"open","sticky":false,"template":"","format":"standard","meta":{"footnotes":""},"categories":[26],"tags":[59],"yoast_head":"<!-- This site is optimized with the Yoast SEO plugin v19.4 - https:\/\/yoast.com\/wordpress\/plugins\/seo\/ -->\n<title>Com o Papa Francisco termina a Igreja s\u00f3 ocidental e come\u00e7a a Igreja universal - Vida Crist\u00e3 - Franciscanos<\/title>\n<meta name=\"robots\" content=\"index, follow, max-snippet:-1, max-image-preview:large, max-video-preview:-1\" \/>\n<link rel=\"canonical\" href=\"https:\/\/franciscanos.org.br\/vidacrista\/com-o-papa-francisco-termina-a-igreja-so-ocidental-e-comeca-a-igreja-universal\/\" \/>\n<meta property=\"og:locale\" content=\"pt_BR\" \/>\n<meta property=\"og:type\" content=\"article\" \/>\n<meta property=\"og:title\" content=\"Com o Papa Francisco termina a Igreja s\u00f3 ocidental e come\u00e7a a Igreja universal - Vida Crist\u00e3 - Franciscanos\" \/>\n<meta property=\"og:description\" content=\"Artigo de Leonardo Boff\" \/>\n<meta property=\"og:url\" content=\"https:\/\/franciscanos.org.br\/vidacrista\/com-o-papa-francisco-termina-a-igreja-so-ocidental-e-comeca-a-igreja-universal\/\" \/>\n<meta property=\"og:site_name\" content=\"Vida Crist\u00e3 - Franciscanos\" \/>\n<meta property=\"article:published_time\" content=\"2018-03-26T11:13:52+00:00\" \/>\n<meta property=\"article:modified_time\" content=\"2021-09-03T18:53:40+00:00\" \/>\n<meta property=\"og:image\" content=\"https:\/\/franciscanos.org.br\/vidacrista\/wp-content\/uploads\/2018\/03\/papafrancisco_260318-1.jpg\" \/>\n\t<meta property=\"og:image:width\" content=\"800\" \/>\n\t<meta property=\"og:image:height\" content=\"599\" \/>\n\t<meta property=\"og:image:type\" content=\"image\/jpeg\" \/>\n<meta name=\"author\" content=\"admin\" \/>\n<meta name=\"twitter:card\" content=\"summary_large_image\" \/>\n<meta name=\"twitter:label1\" content=\"Escrito por\" \/>\n\t<meta name=\"twitter:data1\" content=\"admin\" \/>\n\t<meta name=\"twitter:label2\" content=\"Est. tempo de leitura\" \/>\n\t<meta name=\"twitter:data2\" content=\"4 minutos\" \/>\n<script type=\"application\/ld+json\" class=\"yoast-schema-graph\">{\"@context\":\"https:\/\/schema.org\",\"@graph\":[{\"@type\":\"WebSite\",\"@id\":\"https:\/\/franciscanos.org.br\/vidacrista\/#website\",\"url\":\"https:\/\/franciscanos.org.br\/vidacrista\/\",\"name\":\"Vida Crist\u00e3 - Franciscanos\",\"description\":\"Prov\u00edncia Franciscana da Imaculada Concei\u00e7\u00e3o do Brasil - Ordem dos Frades Menores\",\"potentialAction\":[{\"@type\":\"SearchAction\",\"target\":{\"@type\":\"EntryPoint\",\"urlTemplate\":\"https:\/\/franciscanos.org.br\/vidacrista\/?s={search_term_string}\"},\"query-input\":\"required name=search_term_string\"}],\"inLanguage\":\"pt-BR\"},{\"@type\":\"WebPage\",\"@id\":\"https:\/\/franciscanos.org.br\/vidacrista\/com-o-papa-francisco-termina-a-igreja-so-ocidental-e-comeca-a-igreja-universal\/\",\"url\":\"https:\/\/franciscanos.org.br\/vidacrista\/com-o-papa-francisco-termina-a-igreja-so-ocidental-e-comeca-a-igreja-universal\/\",\"name\":\"Com o Papa Francisco termina a Igreja s\u00f3 ocidental e come\u00e7a a Igreja universal - Vida Crist\u00e3 - Franciscanos\",\"isPartOf\":{\"@id\":\"https:\/\/franciscanos.org.br\/vidacrista\/#website\"},\"datePublished\":\"2018-03-26T11:13:52+00:00\",\"dateModified\":\"2021-09-03T18:53:40+00:00\",\"author\":{\"@id\":\"https:\/\/franciscanos.org.br\/vidacrista\/#\/schema\/person\/133632ca93cec555316a35f76ab4153b\"},\"breadcrumb\":{\"@id\":\"https:\/\/franciscanos.org.br\/vidacrista\/com-o-papa-francisco-termina-a-igreja-so-ocidental-e-comeca-a-igreja-universal\/#breadcrumb\"},\"inLanguage\":\"pt-BR\",\"potentialAction\":[{\"@type\":\"ReadAction\",\"target\":[\"https:\/\/franciscanos.org.br\/vidacrista\/com-o-papa-francisco-termina-a-igreja-so-ocidental-e-comeca-a-igreja-universal\/\"]}]},{\"@type\":\"BreadcrumbList\",\"@id\":\"https:\/\/franciscanos.org.br\/vidacrista\/com-o-papa-francisco-termina-a-igreja-so-ocidental-e-comeca-a-igreja-universal\/#breadcrumb\",\"itemListElement\":[{\"@type\":\"ListItem\",\"position\":1,\"name\":\"Home\",\"item\":\"https:\/\/franciscanos.org.br\/vidacrista\/\"},{\"@type\":\"ListItem\",\"position\":2,\"name\":\"Com o Papa Francisco termina a Igreja s\u00f3 ocidental e come\u00e7a a Igreja universal\"}]},{\"@type\":\"Person\",\"@id\":\"https:\/\/franciscanos.org.br\/vidacrista\/#\/schema\/person\/133632ca93cec555316a35f76ab4153b\",\"name\":\"admin\",\"image\":{\"@type\":\"ImageObject\",\"inLanguage\":\"pt-BR\",\"@id\":\"https:\/\/franciscanos.org.br\/vidacrista\/#\/schema\/person\/image\/\",\"url\":\"https:\/\/secure.gravatar.com\/avatar\/e8495742d34d0ba6448ea1c628263b3e?s=96&d=mm&r=g\",\"contentUrl\":\"https:\/\/secure.gravatar.com\/avatar\/e8495742d34d0ba6448ea1c628263b3e?s=96&d=mm&r=g\",\"caption\":\"admin\"},\"url\":\"https:\/\/franciscanos.org.br\/vidacrista\/author\/admin\/\"}]}<\/script>\n<!-- \/ Yoast SEO plugin. -->","yoast_head_json":{"title":"Com o Papa Francisco termina a Igreja s\u00f3 ocidental e come\u00e7a a Igreja universal - Vida Crist\u00e3 - Franciscanos","robots":{"index":"index","follow":"follow","max-snippet":"max-snippet:-1","max-image-preview":"max-image-preview:large","max-video-preview":"max-video-preview:-1"},"canonical":"https:\/\/franciscanos.org.br\/vidacrista\/com-o-papa-francisco-termina-a-igreja-so-ocidental-e-comeca-a-igreja-universal\/","og_locale":"pt_BR","og_type":"article","og_title":"Com o Papa Francisco termina a Igreja s\u00f3 ocidental e come\u00e7a a Igreja universal - Vida Crist\u00e3 - Franciscanos","og_description":"Artigo de Leonardo Boff","og_url":"https:\/\/franciscanos.org.br\/vidacrista\/com-o-papa-francisco-termina-a-igreja-so-ocidental-e-comeca-a-igreja-universal\/","og_site_name":"Vida Crist\u00e3 - Franciscanos","article_published_time":"2018-03-26T11:13:52+00:00","article_modified_time":"2021-09-03T18:53:40+00:00","og_image":[{"width":800,"height":599,"url":"https:\/\/franciscanos.org.br\/vidacrista\/wp-content\/uploads\/2018\/03\/papafrancisco_260318-1.jpg","type":"image\/jpeg"}],"author":"admin","twitter_card":"summary_large_image","twitter_misc":{"Escrito por":"admin","Est. tempo de leitura":"4 minutos"},"schema":{"@context":"https:\/\/schema.org","@graph":[{"@type":"WebSite","@id":"https:\/\/franciscanos.org.br\/vidacrista\/#website","url":"https:\/\/franciscanos.org.br\/vidacrista\/","name":"Vida Crist\u00e3 - Franciscanos","description":"Prov\u00edncia Franciscana da Imaculada Concei\u00e7\u00e3o do Brasil - Ordem dos Frades Menores","potentialAction":[{"@type":"SearchAction","target":{"@type":"EntryPoint","urlTemplate":"https:\/\/franciscanos.org.br\/vidacrista\/?s={search_term_string}"},"query-input":"required name=search_term_string"}],"inLanguage":"pt-BR"},{"@type":"WebPage","@id":"https:\/\/franciscanos.org.br\/vidacrista\/com-o-papa-francisco-termina-a-igreja-so-ocidental-e-comeca-a-igreja-universal\/","url":"https:\/\/franciscanos.org.br\/vidacrista\/com-o-papa-francisco-termina-a-igreja-so-ocidental-e-comeca-a-igreja-universal\/","name":"Com o Papa Francisco termina a Igreja s\u00f3 ocidental e come\u00e7a a Igreja universal - Vida Crist\u00e3 - Franciscanos","isPartOf":{"@id":"https:\/\/franciscanos.org.br\/vidacrista\/#website"},"datePublished":"2018-03-26T11:13:52+00:00","dateModified":"2021-09-03T18:53:40+00:00","author":{"@id":"https:\/\/franciscanos.org.br\/vidacrista\/#\/schema\/person\/133632ca93cec555316a35f76ab4153b"},"breadcrumb":{"@id":"https:\/\/franciscanos.org.br\/vidacrista\/com-o-papa-francisco-termina-a-igreja-so-ocidental-e-comeca-a-igreja-universal\/#breadcrumb"},"inLanguage":"pt-BR","potentialAction":[{"@type":"ReadAction","target":["https:\/\/franciscanos.org.br\/vidacrista\/com-o-papa-francisco-termina-a-igreja-so-ocidental-e-comeca-a-igreja-universal\/"]}]},{"@type":"BreadcrumbList","@id":"https:\/\/franciscanos.org.br\/vidacrista\/com-o-papa-francisco-termina-a-igreja-so-ocidental-e-comeca-a-igreja-universal\/#breadcrumb","itemListElement":[{"@type":"ListItem","position":1,"name":"Home","item":"https:\/\/franciscanos.org.br\/vidacrista\/"},{"@type":"ListItem","position":2,"name":"Com o Papa Francisco termina a Igreja s\u00f3 ocidental e come\u00e7a a Igreja universal"}]},{"@type":"Person","@id":"https:\/\/franciscanos.org.br\/vidacrista\/#\/schema\/person\/133632ca93cec555316a35f76ab4153b","name":"admin","image":{"@type":"ImageObject","inLanguage":"pt-BR","@id":"https:\/\/franciscanos.org.br\/vidacrista\/#\/schema\/person\/image\/","url":"https:\/\/secure.gravatar.com\/avatar\/e8495742d34d0ba6448ea1c628263b3e?s=96&d=mm&r=g","contentUrl":"https:\/\/secure.gravatar.com\/avatar\/e8495742d34d0ba6448ea1c628263b3e?s=96&d=mm&r=g","caption":"admin"},"url":"https:\/\/franciscanos.org.br\/vidacrista\/author\/admin\/"}]}},"_links":{"self":[{"href":"https:\/\/franciscanos.org.br\/vidacrista\/wp-json\/wp\/v2\/posts\/154843"}],"collection":[{"href":"https:\/\/franciscanos.org.br\/vidacrista\/wp-json\/wp\/v2\/posts"}],"about":[{"href":"https:\/\/franciscanos.org.br\/vidacrista\/wp-json\/wp\/v2\/types\/post"}],"author":[{"embeddable":true,"href":"https:\/\/franciscanos.org.br\/vidacrista\/wp-json\/wp\/v2\/users\/1"}],"replies":[{"embeddable":true,"href":"https:\/\/franciscanos.org.br\/vidacrista\/wp-json\/wp\/v2\/comments?post=154843"}],"version-history":[{"count":2,"href":"https:\/\/franciscanos.org.br\/vidacrista\/wp-json\/wp\/v2\/posts\/154843\/revisions"}],"predecessor-version":[{"id":190498,"href":"https:\/\/franciscanos.org.br\/vidacrista\/wp-json\/wp\/v2\/posts\/154843\/revisions\/190498"}],"wp:featuredmedia":[{"embeddable":true,"href":"https:\/\/franciscanos.org.br\/vidacrista\/wp-json\/wp\/v2\/media\/184430"}],"wp:attachment":[{"href":"https:\/\/franciscanos.org.br\/vidacrista\/wp-json\/wp\/v2\/media?parent=154843"}],"wp:term":[{"taxonomy":"category","embeddable":true,"href":"https:\/\/franciscanos.org.br\/vidacrista\/wp-json\/wp\/v2\/categories?post=154843"},{"taxonomy":"post_tag","embeddable":true,"href":"https:\/\/franciscanos.org.br\/vidacrista\/wp-json\/wp\/v2\/tags?post=154843"}],"curies":[{"name":"wp","href":"https:\/\/api.w.org\/{rel}","templated":true}]}}