{"id":154437,"date":"2018-03-19T10:03:52","date_gmt":"2018-03-19T13:03:52","guid":{"rendered":"http:\/\/franciscanos.org.br\/?p=154437"},"modified":"2021-09-03T15:57:21","modified_gmt":"2021-09-03T18:57:21","slug":"sao-jose-santo-dos-sem-nome-dos-sem-poder-e-dos-operarios","status":"publish","type":"post","link":"https:\/\/franciscanos.org.br\/vidacrista\/sao-jose-santo-dos-sem-nome-dos-sem-poder-e-dos-operarios\/","title":{"rendered":"S\u00e3o Jos\u00e9: santo dos sem nome, dos sem poder e dos oper\u00e1rios"},"content":{"rendered":"<p>&nbsp;<\/p>\n<div id=\"attachment_190499\" style=\"width: 850px\" class=\"wp-caption alignnone\"><img aria-describedby=\"caption-attachment-190499\" decoding=\"async\" loading=\"lazy\" class=\"wp-image-190499 size-full\" src=\"https:\/\/franciscanos.org.br\/vidacrista\/wp-content\/uploads\/2018\/03\/artigo_boff_jose_0309.jpg\" alt=\"\" width=\"840\" height=\"450\" srcset=\"https:\/\/franciscanos.org.br\/vidacrista\/wp-content\/uploads\/2018\/03\/artigo_boff_jose_0309.jpg 840w, https:\/\/franciscanos.org.br\/vidacrista\/wp-content\/uploads\/2018\/03\/artigo_boff_jose_0309-450x241.jpg 450w, https:\/\/franciscanos.org.br\/vidacrista\/wp-content\/uploads\/2018\/03\/artigo_boff_jose_0309-768x411.jpg 768w, https:\/\/franciscanos.org.br\/vidacrista\/wp-content\/uploads\/2018\/03\/artigo_boff_jose_0309-150x80.jpg 150w\" sizes=\"(max-width: 840px) 100vw, 840px\" \/><p id=\"caption-attachment-190499\" class=\"wp-caption-text\">\u00a0 \u00a0 \u00a0 \u00a0 \u00a0 \u00a0 \u00a0 \u00a0 \u00a0 \u00a0 \u00a0 \u00a0 \u00a0 \u00a0 \u00a0 \u00a0 \u00a0 \u00a0 \u00a0 \u00a0 \u00a0 \u00a0 \u00a0 \u00a0 \u00a0 \u00a0 \u00a0 \u00a0 \u00a0 \u00a0 \u00a0 \u00a0 \u00a0 \u00a0 \u00a0 \u00a0 <em>\u00a0 \u00a0 Imagem: Bartolom\u00e9 Esteban Murillo (Wikipedia, dom\u00ednio p\u00fablico)<\/em><\/p><\/div>\n<p><strong>Leonardo Boff (*)<\/strong><\/p>\n<p>Ao lado dos quatro evangelhos (Mateus, Marcos, Lucas e Jo\u00e3o), que representam a intelig\u00eancia da f\u00e9, pois s\u00e3o verdadeiras teologias acerca da figura de Jesus, existe uma vasta literatura ap\u00f3crifa (textos n\u00e3o reconhecidos oficialmente) que levam tamb\u00e9m entre outros, o nome de evangelho, como o <em>Evangelho de Pedro, o Evangelho de Maria Madalena e a Hist\u00f3ria de Jos\u00e9, o Carpinteiro<\/em>, que iremos comentar. N\u00e3o foram acolhidos oficialmente por n\u00e3o se enquadraram na ortodoxia ent\u00e3o dominante no s\u00e9culo II e III quando a maioria surgiu. Eles obedecem \u00e0 l\u00f3gica do imagin\u00e1rio e preenchem o vazio de informa\u00e7\u00f5es dos evangelhos, especialmente acerca da vida oculta de Jesus. Mas tiveram grande import\u00e2ncia para a arte, especialmente na Renascen\u00e7a e, em geral, na cultura popular. A pr\u00f3pria teologia hoje, com novas hermen\u00eauticas, os valoriza.<\/p>\n<p>Este ap\u00f3crifo, <em>A hist\u00f3ria de Jos\u00e9, o carpinteiro<\/em> (edi\u00e7\u00e3o da Vozes, 1990), \u00e9 rico de informa\u00e7\u00f5es sobre Jesus e Jos\u00e9. Na verdade, se trata de uma longa narrativa de Jesus sobre seu pai Jos\u00e9 feita aos ap\u00f3stolos. Jesus inicia assim: \u201cAgora escutai: vou narrar-vos a vida de meu pai Jos\u00e9, o bendito anci\u00e3o carpinteiro\u201d.<\/p>\n<p>Ent\u00e3o, Jesus conta que Jos\u00e9 era um carpinteiro, vi\u00favo, com 6 filhos, quatro homens (Tiago, Jos\u00e9, Sim\u00e3o e Judas) e duas mulheres (L\u00edsia e L\u00eddia). \u201cEsse Jos\u00e9 \u00e9 meu pai segundo a carne, com quem se uniu, como consorte, com minha m\u00e3e Maria.\u201d<\/p>\n<p>Narra a perturba\u00e7\u00e3o de Jos\u00e9 ao encontrar Maria gr\u00e1vida, sem a participa\u00e7\u00e3o dele. Narra outrossim o nascimento de Jesus em Bel\u00e9m, a fuga para o Egito e a volta \u00e0 Galileia. Termina dizendo: &#8220;Meu pai Jos\u00e9, o anci\u00e3o bendito, continuou exercendo a profiss\u00e3o de carpinteiro e assim com o trabalho de suas m\u00e3os pudemos manter-nos. Jamais se poder\u00e1 dizer que comeu seu p\u00e3o sem trabalhar\u201d.<\/p>\n<p>Referindo-se a si mesmo, Jesus diz: \u201cEu de minha parte, chamava a Maria de \u2018minha m\u00e3e\u2019 e a Jos\u00e9 de \u2018meu pai\u2019. Obedecia-lhes em tudo o que me ordenavam sem me permitir jamais replicar-lhes uma palavra. Pelo contr\u00e1rio, dedicava-lhes sempre grande carinho\u201d.<\/p>\n<p>Continuando, Jesus conta que Jos\u00e9 casou pela primeira vez quando tinha 40 anos. Permaneceu casado por 49 anos at\u00e9 a morte da esposa. Tinha, portanto, 89 anos. Ficou vi\u00favo um ano. Depois dos esponsais com Maria at\u00e9 o nascimento de Jesus ter-se-iam passado 3 anos. Jos\u00e9 teria, pois, 93 anos. Ficou com Maria por 18 anos. Somando tudo, teria morrido com 111 anos.<\/p>\n<p>Depois, com detalhes, narra que seu pai \u201cperdeu a vontade de comer e de beber; sentiu perder a habilidade no desempenho de seu of\u00edcio\u201d. Ao acercar-se a morte, Jos\u00e9 se lamenta proferindo onze ais. \u00c9 o momento em que Jesus entra no aposento e se revela grande consolador. Diz: \u201cSalve, Jos\u00e9, meu querido pai, anci\u00e3o bondoso e bendito\u201d. Ao que Jos\u00e9 responde: \u201cSalve, mil vezes, querido filho. Ao ouvir tua voz, minha alma recobrou a sua tranquilidade\u201d. Em seguida, Jos\u00e9 recorda momentos de sua vida com Maria e com Jesus at\u00e9 recorda o fato de \u201cter-lhe puxado a orelha e o admoestado: \u2018s\u00ea prudente, meu filho\u2019 porque na escola fazia artes e provocava o rabino.<\/p>\n<p>Jesus ent\u00e3o confidencia: \u201cQuando meu pai pronunciou estas palavras, n\u00e3o pude conter as l\u00e1grimas e comecei a chorar, vendo que a morte ia se apoderando dele. \u201cEu, meus queridos ap\u00f3stolos, fiquei \u00e0 sua cabeceira e minha m\u00e3e a seus p\u00e9s\u2026por muito tempo segurei suas m\u00e3os e seus p\u00e9s. Ele me olhava, suplicando que n\u00e3o o abandon\u00e1ssemos. Pus minha m\u00e3o sobre seu peito e senti sua alma que j\u00e1 subira \u00e0 sua garganta, para deixar o corpo.\u201d<\/p>\n<p>Vendo que a morte demorava por vir, Jesus fez uma ora\u00e7\u00e3o forte ao Pai: \u201cMeu Pai misericordioso, Pai da verdade, olho que v\u00ea e ouvido que escuta, escuta-me: Sou teu filho querido; pe\u00e7o-te por meu pai Jos\u00e9, obra de tuas m\u00e3os\u2026 S\u00ea misericordioso para com a alma de meu pai Jos\u00e9, quando for repousar em tuas m\u00e3os, pois esse \u00e9 o momento em que mais necessita de tua miseric\u00f3rdia\u201d. \u201cDepois ele exalou o esp\u00edrito e eu o beijei; eu me atirei sobre o corpo de meu pai Jos\u00e9\u2026 fechei seus olhos e cerrei sua boca e levantei-me para contempl\u00e1-lo\u201d. Jos\u00e9 acabara de falecer.<\/p>\n<p>No sepultamento, Jesus confidencia aos ap\u00f3stolos: \u201cN\u00e3o me contive e lancei-me sobre seu corpo e chorei longamente\u201d, termina fazendo um balan\u00e7o da vida de seu pai Jos\u00e9: \u201cSua vida foi de 111 anos. Ao fim de tanto tempo, n\u00e3o tivera um s\u00f3 dente cariado e sua vista n\u00e3o se enfraquecera. Toda sua apar\u00eancia era semelhante \u00e0 de uma crian\u00e7a. Nunca sofreu qualquer indisposi\u00e7\u00e3o f\u00edsica. Trabalhou continuamente em seu of\u00edcio de carpinteiro at\u00e9 o dia em que lhe sobreveio a enfermidade que o levaria \u00e0 sepultura\u201d.<\/p>\n<p>Ao encerrar seu relato, Jesus deixa o seguinte mandato: \u201cQuando fordes revestidos de minha for\u00e7a e receberdes o Esp\u00edrito Par\u00e1clito e fordes enviados a pregar o evangelho, pregai tamb\u00e9m a respeito de meu querido pai Jos\u00e9\u201d. O livro que escrevi sobre S\u00e3o Jos\u00e9, que me custou 20 anos de pesquisa, at\u00e9 na R\u00fassia, quis responder a este mandato de Jesus.<\/p>\n<p>A bem da verdade, ele ficou quase esquecido pela Igreja oficial. Mas o povo guardou-lhe a mem\u00f3ria, pondo o nome de Jos\u00e9 a seus filhos, a cidades, a escolas e a ruas. Ele \u00e9 o s\u00edmbolo dos sem-nome, dos sem-poder, dos oper\u00e1rios e da Igreja dos an\u00f4nimos.<\/p>\n<p><em>(*) Leonardo Boff \u00e9 te\u00f3logo e escreveu o livro &#8220;S\u00e3o Jos\u00e9, a personifica\u00e7\u00e3o do Pai&#8221;, Vozes 2005.<\/em><\/p>\n","protected":false},"excerpt":{"rendered":"<p>Artigo de Leonardo Boff<\/p>\n","protected":false},"author":1,"featured_media":190499,"comment_status":"open","ping_status":"open","sticky":false,"template":"","format":"standard","meta":{"footnotes":""},"categories":[26],"tags":[59],"yoast_head":"<!-- This site is optimized with the Yoast SEO plugin v19.4 - https:\/\/yoast.com\/wordpress\/plugins\/seo\/ -->\n<title>S\u00e3o Jos\u00e9: santo dos sem nome, dos sem poder e dos oper\u00e1rios - Vida Crist\u00e3 - Franciscanos<\/title>\n<meta name=\"robots\" content=\"index, follow, max-snippet:-1, max-image-preview:large, max-video-preview:-1\" \/>\n<link rel=\"canonical\" href=\"https:\/\/franciscanos.org.br\/vidacrista\/sao-jose-santo-dos-sem-nome-dos-sem-poder-e-dos-operarios\/\" \/>\n<meta property=\"og:locale\" content=\"pt_BR\" \/>\n<meta property=\"og:type\" content=\"article\" \/>\n<meta property=\"og:title\" content=\"S\u00e3o Jos\u00e9: santo dos sem nome, dos sem poder e dos oper\u00e1rios - Vida Crist\u00e3 - Franciscanos\" \/>\n<meta property=\"og:description\" content=\"Artigo de Leonardo Boff\" \/>\n<meta property=\"og:url\" content=\"https:\/\/franciscanos.org.br\/vidacrista\/sao-jose-santo-dos-sem-nome-dos-sem-poder-e-dos-operarios\/\" \/>\n<meta property=\"og:site_name\" content=\"Vida Crist\u00e3 - Franciscanos\" \/>\n<meta property=\"article:published_time\" content=\"2018-03-19T13:03:52+00:00\" \/>\n<meta property=\"article:modified_time\" content=\"2021-09-03T18:57:21+00:00\" \/>\n<meta property=\"og:image\" content=\"https:\/\/franciscanos.org.br\/vidacrista\/wp-content\/uploads\/2018\/03\/artigo_boff_jose_0309.jpg\" \/>\n\t<meta property=\"og:image:width\" content=\"840\" \/>\n\t<meta property=\"og:image:height\" content=\"450\" \/>\n\t<meta property=\"og:image:type\" content=\"image\/jpeg\" \/>\n<meta name=\"author\" content=\"admin\" \/>\n<meta name=\"twitter:card\" content=\"summary_large_image\" \/>\n<meta name=\"twitter:label1\" content=\"Escrito por\" \/>\n\t<meta name=\"twitter:data1\" content=\"admin\" \/>\n\t<meta name=\"twitter:label2\" content=\"Est. tempo de leitura\" \/>\n\t<meta name=\"twitter:data2\" content=\"5 minutos\" \/>\n<script type=\"application\/ld+json\" class=\"yoast-schema-graph\">{\"@context\":\"https:\/\/schema.org\",\"@graph\":[{\"@type\":\"WebSite\",\"@id\":\"https:\/\/franciscanos.org.br\/vidacrista\/#website\",\"url\":\"https:\/\/franciscanos.org.br\/vidacrista\/\",\"name\":\"Vida Crist\u00e3 - Franciscanos\",\"description\":\"Prov\u00edncia Franciscana da Imaculada Concei\u00e7\u00e3o do Brasil - Ordem dos Frades Menores\",\"potentialAction\":[{\"@type\":\"SearchAction\",\"target\":{\"@type\":\"EntryPoint\",\"urlTemplate\":\"https:\/\/franciscanos.org.br\/vidacrista\/?s={search_term_string}\"},\"query-input\":\"required name=search_term_string\"}],\"inLanguage\":\"pt-BR\"},{\"@type\":\"WebPage\",\"@id\":\"https:\/\/franciscanos.org.br\/vidacrista\/sao-jose-santo-dos-sem-nome-dos-sem-poder-e-dos-operarios\/\",\"url\":\"https:\/\/franciscanos.org.br\/vidacrista\/sao-jose-santo-dos-sem-nome-dos-sem-poder-e-dos-operarios\/\",\"name\":\"S\u00e3o Jos\u00e9: santo dos sem nome, dos sem poder e dos oper\u00e1rios - Vida Crist\u00e3 - Franciscanos\",\"isPartOf\":{\"@id\":\"https:\/\/franciscanos.org.br\/vidacrista\/#website\"},\"datePublished\":\"2018-03-19T13:03:52+00:00\",\"dateModified\":\"2021-09-03T18:57:21+00:00\",\"author\":{\"@id\":\"https:\/\/franciscanos.org.br\/vidacrista\/#\/schema\/person\/133632ca93cec555316a35f76ab4153b\"},\"breadcrumb\":{\"@id\":\"https:\/\/franciscanos.org.br\/vidacrista\/sao-jose-santo-dos-sem-nome-dos-sem-poder-e-dos-operarios\/#breadcrumb\"},\"inLanguage\":\"pt-BR\",\"potentialAction\":[{\"@type\":\"ReadAction\",\"target\":[\"https:\/\/franciscanos.org.br\/vidacrista\/sao-jose-santo-dos-sem-nome-dos-sem-poder-e-dos-operarios\/\"]}]},{\"@type\":\"BreadcrumbList\",\"@id\":\"https:\/\/franciscanos.org.br\/vidacrista\/sao-jose-santo-dos-sem-nome-dos-sem-poder-e-dos-operarios\/#breadcrumb\",\"itemListElement\":[{\"@type\":\"ListItem\",\"position\":1,\"name\":\"Home\",\"item\":\"https:\/\/franciscanos.org.br\/vidacrista\/\"},{\"@type\":\"ListItem\",\"position\":2,\"name\":\"S\u00e3o Jos\u00e9: santo dos sem nome, dos sem poder e dos oper\u00e1rios\"}]},{\"@type\":\"Person\",\"@id\":\"https:\/\/franciscanos.org.br\/vidacrista\/#\/schema\/person\/133632ca93cec555316a35f76ab4153b\",\"name\":\"admin\",\"image\":{\"@type\":\"ImageObject\",\"inLanguage\":\"pt-BR\",\"@id\":\"https:\/\/franciscanos.org.br\/vidacrista\/#\/schema\/person\/image\/\",\"url\":\"https:\/\/secure.gravatar.com\/avatar\/e8495742d34d0ba6448ea1c628263b3e?s=96&d=mm&r=g\",\"contentUrl\":\"https:\/\/secure.gravatar.com\/avatar\/e8495742d34d0ba6448ea1c628263b3e?s=96&d=mm&r=g\",\"caption\":\"admin\"},\"url\":\"https:\/\/franciscanos.org.br\/vidacrista\/author\/admin\/\"}]}<\/script>\n<!-- \/ Yoast SEO plugin. -->","yoast_head_json":{"title":"S\u00e3o Jos\u00e9: santo dos sem nome, dos sem poder e dos oper\u00e1rios - Vida Crist\u00e3 - Franciscanos","robots":{"index":"index","follow":"follow","max-snippet":"max-snippet:-1","max-image-preview":"max-image-preview:large","max-video-preview":"max-video-preview:-1"},"canonical":"https:\/\/franciscanos.org.br\/vidacrista\/sao-jose-santo-dos-sem-nome-dos-sem-poder-e-dos-operarios\/","og_locale":"pt_BR","og_type":"article","og_title":"S\u00e3o Jos\u00e9: santo dos sem nome, dos sem poder e dos oper\u00e1rios - Vida Crist\u00e3 - Franciscanos","og_description":"Artigo de Leonardo Boff","og_url":"https:\/\/franciscanos.org.br\/vidacrista\/sao-jose-santo-dos-sem-nome-dos-sem-poder-e-dos-operarios\/","og_site_name":"Vida Crist\u00e3 - Franciscanos","article_published_time":"2018-03-19T13:03:52+00:00","article_modified_time":"2021-09-03T18:57:21+00:00","og_image":[{"width":840,"height":450,"url":"https:\/\/franciscanos.org.br\/vidacrista\/wp-content\/uploads\/2018\/03\/artigo_boff_jose_0309.jpg","type":"image\/jpeg"}],"author":"admin","twitter_card":"summary_large_image","twitter_misc":{"Escrito por":"admin","Est. tempo de leitura":"5 minutos"},"schema":{"@context":"https:\/\/schema.org","@graph":[{"@type":"WebSite","@id":"https:\/\/franciscanos.org.br\/vidacrista\/#website","url":"https:\/\/franciscanos.org.br\/vidacrista\/","name":"Vida Crist\u00e3 - Franciscanos","description":"Prov\u00edncia Franciscana da Imaculada Concei\u00e7\u00e3o do Brasil - Ordem dos Frades Menores","potentialAction":[{"@type":"SearchAction","target":{"@type":"EntryPoint","urlTemplate":"https:\/\/franciscanos.org.br\/vidacrista\/?s={search_term_string}"},"query-input":"required name=search_term_string"}],"inLanguage":"pt-BR"},{"@type":"WebPage","@id":"https:\/\/franciscanos.org.br\/vidacrista\/sao-jose-santo-dos-sem-nome-dos-sem-poder-e-dos-operarios\/","url":"https:\/\/franciscanos.org.br\/vidacrista\/sao-jose-santo-dos-sem-nome-dos-sem-poder-e-dos-operarios\/","name":"S\u00e3o Jos\u00e9: santo dos sem nome, dos sem poder e dos oper\u00e1rios - Vida Crist\u00e3 - Franciscanos","isPartOf":{"@id":"https:\/\/franciscanos.org.br\/vidacrista\/#website"},"datePublished":"2018-03-19T13:03:52+00:00","dateModified":"2021-09-03T18:57:21+00:00","author":{"@id":"https:\/\/franciscanos.org.br\/vidacrista\/#\/schema\/person\/133632ca93cec555316a35f76ab4153b"},"breadcrumb":{"@id":"https:\/\/franciscanos.org.br\/vidacrista\/sao-jose-santo-dos-sem-nome-dos-sem-poder-e-dos-operarios\/#breadcrumb"},"inLanguage":"pt-BR","potentialAction":[{"@type":"ReadAction","target":["https:\/\/franciscanos.org.br\/vidacrista\/sao-jose-santo-dos-sem-nome-dos-sem-poder-e-dos-operarios\/"]}]},{"@type":"BreadcrumbList","@id":"https:\/\/franciscanos.org.br\/vidacrista\/sao-jose-santo-dos-sem-nome-dos-sem-poder-e-dos-operarios\/#breadcrumb","itemListElement":[{"@type":"ListItem","position":1,"name":"Home","item":"https:\/\/franciscanos.org.br\/vidacrista\/"},{"@type":"ListItem","position":2,"name":"S\u00e3o Jos\u00e9: santo dos sem nome, dos sem poder e dos oper\u00e1rios"}]},{"@type":"Person","@id":"https:\/\/franciscanos.org.br\/vidacrista\/#\/schema\/person\/133632ca93cec555316a35f76ab4153b","name":"admin","image":{"@type":"ImageObject","inLanguage":"pt-BR","@id":"https:\/\/franciscanos.org.br\/vidacrista\/#\/schema\/person\/image\/","url":"https:\/\/secure.gravatar.com\/avatar\/e8495742d34d0ba6448ea1c628263b3e?s=96&d=mm&r=g","contentUrl":"https:\/\/secure.gravatar.com\/avatar\/e8495742d34d0ba6448ea1c628263b3e?s=96&d=mm&r=g","caption":"admin"},"url":"https:\/\/franciscanos.org.br\/vidacrista\/author\/admin\/"}]}},"_links":{"self":[{"href":"https:\/\/franciscanos.org.br\/vidacrista\/wp-json\/wp\/v2\/posts\/154437"}],"collection":[{"href":"https:\/\/franciscanos.org.br\/vidacrista\/wp-json\/wp\/v2\/posts"}],"about":[{"href":"https:\/\/franciscanos.org.br\/vidacrista\/wp-json\/wp\/v2\/types\/post"}],"author":[{"embeddable":true,"href":"https:\/\/franciscanos.org.br\/vidacrista\/wp-json\/wp\/v2\/users\/1"}],"replies":[{"embeddable":true,"href":"https:\/\/franciscanos.org.br\/vidacrista\/wp-json\/wp\/v2\/comments?post=154437"}],"version-history":[{"count":2,"href":"https:\/\/franciscanos.org.br\/vidacrista\/wp-json\/wp\/v2\/posts\/154437\/revisions"}],"predecessor-version":[{"id":190500,"href":"https:\/\/franciscanos.org.br\/vidacrista\/wp-json\/wp\/v2\/posts\/154437\/revisions\/190500"}],"wp:featuredmedia":[{"embeddable":true,"href":"https:\/\/franciscanos.org.br\/vidacrista\/wp-json\/wp\/v2\/media\/190499"}],"wp:attachment":[{"href":"https:\/\/franciscanos.org.br\/vidacrista\/wp-json\/wp\/v2\/media?parent=154437"}],"wp:term":[{"taxonomy":"category","embeddable":true,"href":"https:\/\/franciscanos.org.br\/vidacrista\/wp-json\/wp\/v2\/categories?post=154437"},{"taxonomy":"post_tag","embeddable":true,"href":"https:\/\/franciscanos.org.br\/vidacrista\/wp-json\/wp\/v2\/tags?post=154437"}],"curies":[{"name":"wp","href":"https:\/\/api.w.org\/{rel}","templated":true}]}}