{"id":153339,"date":"2018-03-02T07:27:21","date_gmt":"2018-03-02T10:27:21","guid":{"rendered":"http:\/\/franciscanos.org.br\/?p=153339"},"modified":"2021-09-03T16:14:27","modified_gmt":"2021-09-03T19:14:27","slug":"as-escrituras-patriarcais-falam-do-feminino","status":"publish","type":"post","link":"https:\/\/franciscanos.org.br\/vidacrista\/as-escrituras-patriarcais-falam-do-feminino\/","title":{"rendered":"As Escrituras patriarcais falam do feminino"},"content":{"rendered":"<p>&nbsp;<\/p>\n<div id=\"attachment_190504\" style=\"width: 850px\" class=\"wp-caption alignnone\"><img aria-describedby=\"caption-attachment-190504\" decoding=\"async\" loading=\"lazy\" class=\"wp-image-190504 size-full\" src=\"https:\/\/franciscanos.org.br\/vidacrista\/wp-content\/uploads\/2018\/03\/adao_eva_boff_0309.png\" alt=\"\" width=\"840\" height=\"446\" srcset=\"https:\/\/franciscanos.org.br\/vidacrista\/wp-content\/uploads\/2018\/03\/adao_eva_boff_0309.png 840w, https:\/\/franciscanos.org.br\/vidacrista\/wp-content\/uploads\/2018\/03\/adao_eva_boff_0309-450x239.png 450w, https:\/\/franciscanos.org.br\/vidacrista\/wp-content\/uploads\/2018\/03\/adao_eva_boff_0309-768x408.png 768w, https:\/\/franciscanos.org.br\/vidacrista\/wp-content\/uploads\/2018\/03\/adao_eva_boff_0309-150x80.png 150w\" sizes=\"(max-width: 840px) 100vw, 840px\" \/><p id=\"caption-attachment-190504\" class=\"wp-caption-text\">\u00a0 \u00a0 \u00a0 \u00a0 \u00a0 \u00a0 \u00a0 \u00a0 \u00a0 \u00a0 \u00a0 \u00a0 \u00a0 \u00a0 \u00a0 \u00a0 \u00a0 \u00a0 \u00a0 \u00a0 \u00a0 \u00a0 \u00a0 \u00a0 \u00a0 \u00a0 \u00a0 \u00a0 \u00a0 \u00a0 \u00a0 \u00a0 <em>\u00a0 \u00a0Imagem: Mabuse (1478\u20131532) Wikimedia Commons<\/em><\/p><\/div>\n<p><strong>(*) Leonardo Boff<\/strong><\/p>\n<p>Fundamentalmente importa reconhecer que a tradi\u00e7\u00e3o espiritual judaico-crist\u00e3 vem expressa predominantemente no c\u00f3digo patriarcal. O Deus do Primeiro Testamento (AT) \u00e9 vivido como o Deus dos Pais, Abra\u00e3o, Isaac e Jac\u00f3, e n\u00e3o como o Deus de Sara, de Rebeca e de M\u00edriam. No Segundo Testamento (NT), Deus \u00e9 Pai de um Filho \u00fanico que se encarnou na virgem Maria, sobre a qual o Esp\u00edrito Santo estabeleceu uma morada definitiva, coisa que a teologia nunca deu especial aten\u00e7\u00e3o, porque significa a assun\u00e7\u00e3o de Maria pelo Esp\u00edrito Santo e desta forma colocando-a do lado do Divino. Por isso se professa que \u00e9 M\u00e3e de Deus.<\/p>\n<p>A Igreja que se derivou da heran\u00e7a de Jesus \u00e9 dirigida exclusivamente por homens que det\u00e9m todos os meios de produ\u00e7\u00e3o simb\u00f3lica. A mulher foi considerada, por s\u00e9culos, como n\u00e3o-persona jur\u00eddica e at\u00e9 hoje \u00e9 exclu\u00edda sistematicamente de todas as decis\u00f5es do poder religioso. A mulher pode ser m\u00e3e de um sacerdote, de um bispo e at\u00e9 de um Papa, mas jamais poder\u00e1 aceder a fun\u00e7\u00f5es sacerdotais. O homem, na figura de Jesus de Nazar\u00e9, foi divinizado, enquanto, a mulher \u00e9 mantida, segundo a teologia comum, como simples criatura, embora no caso de Maria, seja feita M\u00e3e de Deus.<\/p>\n<p>Apesar de toda esta concentra\u00e7\u00e3o masculina e patriarcal, h\u00e1 um texto do G\u00eanesis, verdadeiramente, revolucion\u00e1rio, pois afirma a igualdade dos sexos e sua origem divina. Trata-se do relato sacerdotal (Priesterkodex escrito por volta do s\u00e9culo VI-V a.C.). A\u00ed o autor afirma de forma contundente: \u201cDeus criou a humanidade (adam em hebraico que significa os filhos e filhas da Terra, derivado de adamah: terra f\u00e9rtil) \u00e0 sua imagem e semelhan\u00e7a e criou-os homem e mulher\u201d(Gn 1,27).<\/p>\n<p>Como se depreende, aqui se afirma a igualdade fundamental dos sexos. Ambos lan\u00e7am sua origem em Deus mesmo. Este s\u00f3 pode ser conhecido pela via da mulher e pela via do homem. Qualquer redu\u00e7\u00e3o deste equil\u00edbrio, distorce nosso acesso a Deus e desnatura nosso conhecimento do ser humano, homem e mulher.<\/p>\n<p>No Segundo Testamento (NT) encontramos em S\u00e3o Paulo a formula\u00e7\u00e3o da igual dignidade dos sexos: \u201cN\u00e3o h\u00e1 homem nem mulher, pois todos s\u00e3o um em Cristo Jesus\u201d(Gl 3,28). Num outro lugar, diz claramente: \u201cEm Cristo n\u00e3o h\u00e1 mulher sem homem nem homem sem mulher; como \u00e9 verdade que a mulher procede do homem, \u00e9 tamb\u00e9m verdade que o homem procede da mulher e tudo vem de Deus\u201d(1Cor 11,12).<\/p>\n<p>Al\u00e9m disso, a mulher n\u00e3o deixou de aparecer ativamente nos textos fundadores. Nem poderia ser diferente, pois sendo o feminino estrutural, ele sempre emerge de uma forma ou de outra. Assim, na hist\u00f3ria de Israel surgiram mulheres politicamente ativas como M\u00edriam, Ester, Judite, D\u00e9bora ou as anti-hero\u00ednas como Dalila e Jezabel. Ana, Sara e Rute ser\u00e3o sempre lembradas honrosamente pelo povo. Inigual\u00e1vel \u00e9 o id\u00edlio, numa linguagem altamente er\u00f3tica, que cerca o amor entre o homem e a mulher no livro do C\u00e2ntico dos C\u00e2nticos.<\/p>\n<p>A partir do s\u00e9culo terceiro a. C., a teologia judaica elaborou uma reflex\u00e3o sobre a graciosidade da cria\u00e7\u00e3o e da elei\u00e7\u00e3o do povo na figura feminina da divina Sofia (Sabedoria; cf. todo o livro da Sabedoria e os primeiros dez cap\u00edtulos do livro dos Prov\u00e9rbios). Bem o expressou a conhecida te\u00f3loga feminista E. S. Fiorenza, \u201ca divina Sofia \u00e9 o Deus de Israel na figura da deusa\u201d (<em>As origens crist\u00e3s a partir da mulher<\/em>, S\u00e3o Paulo 1992 p. 167).<\/p>\n<p>Mas o que penetrou no imagin\u00e1rio coletivo da humanidade, de forma devastadora, \u00e9 o relato antifeminista da cria\u00e7\u00e3o de Eva (Gn 1,l8-25) e da queda original (Gn 3,1-19: literariamente o texto \u00e9 tardio (por volta do ano 1000 ou 900 a.C). Segundo este relato, a mulher \u00e9 formada da costela de Ad\u00e3o que, ao v\u00ea-la, exclama: \u201cEis os ossos de meus ossos, a carne de minha carne; chamar-se-\u00e1 varoa (ish\u00e1) porque foi tirada do var\u00e3o (ish); por isso o var\u00e3o deixar\u00e1 pai e m\u00e3e para se unir \u00e0 sua varoa: e os dois ser\u00e3o uma s\u00f3 carne\u201d (Gn 2,23-25).<\/p>\n<p>O sentido origin\u00e1rio visava mostrar a unidade homem\/mulher (<em>ish-ish\u00e1)<\/em> e fundamentar a monogamia. Entretanto, esta compreens\u00e3o que em si deveria evitar a discrimina\u00e7\u00e3o da mulher, acabou por refor\u00e7\u00e1-la. A anterioridade de Ad\u00e3o e a forma\u00e7\u00e3o a partir de sua costela foi interpretada como superioridade masculina.<\/p>\n<p>O relato da queda \u00e9 mais contundentemente antifeminista: \u201cViu, pois, a mulher que o fruto daquela \u00e1rvore era bom para comer&#8230; tomou do fruto e o comeu; deu-o tamb\u00e9m a seu marido e comeu; imediatamente se lhes abriram os olhos e se deram conta de que estavam nus\u201d(Gn 3,6-7). O relato quer etiologicamente mostrar que o mal est\u00e1 do lado da humanidade e n\u00e3o do lado de Deus. Mas articula essa ideia de tal forma que trai o antifeminismo da cultura vigente naquele tempo.<\/p>\n<p>No fundo interpretar\u00e1 a mulher como sexo fraco, por isso ela caiu e seduziu o homem. Da\u00ed a raz\u00e3o de sua submiss\u00e3o hist\u00f3rica, agora teologicamente (ideologicamente) justificada: \u201cEstar\u00e1s sob o poder de teu marido e ele te dominar\u00e1\u201d (Gn 3,16). Eva ser\u00e1 para a cultura patriarcal a grande sedutora e a fonte do mal. No pr\u00f3ximo artigo veremos como essa narrativa masculinista distorceu uma anterior, feminista, para refor\u00e7ar a supremacia do homem..<\/p>\n<p>Jesus inaugura outro tipo de rela\u00e7\u00e3o para com a mulher, o que veremos tamb\u00e9m proximamente.<\/p>\n<hr \/>\n<p><strong>\u00a0(*) Leonardo Boff <\/strong><em>\u00e9 te\u00f3logo e fil\u00f3sofo e escreveu \u201cO rosto materno de Deus\u201d, Vozes 2005.<\/em><\/p>\n","protected":false},"excerpt":{"rendered":"<p>Artigo de Leonardo Boff<\/p>\n","protected":false},"author":1,"featured_media":190504,"comment_status":"open","ping_status":"open","sticky":false,"template":"","format":"standard","meta":{"footnotes":""},"categories":[26],"tags":[59],"yoast_head":"<!-- This site is optimized with the Yoast SEO plugin v19.4 - https:\/\/yoast.com\/wordpress\/plugins\/seo\/ -->\n<title>As Escrituras patriarcais falam do feminino - Vida Crist\u00e3 - Franciscanos<\/title>\n<meta name=\"robots\" content=\"index, follow, max-snippet:-1, max-image-preview:large, max-video-preview:-1\" \/>\n<link rel=\"canonical\" href=\"https:\/\/franciscanos.org.br\/vidacrista\/as-escrituras-patriarcais-falam-do-feminino\/\" \/>\n<meta property=\"og:locale\" content=\"pt_BR\" \/>\n<meta property=\"og:type\" content=\"article\" \/>\n<meta property=\"og:title\" content=\"As Escrituras patriarcais falam do feminino - Vida Crist\u00e3 - Franciscanos\" \/>\n<meta property=\"og:description\" content=\"Artigo de Leonardo Boff\" \/>\n<meta property=\"og:url\" content=\"https:\/\/franciscanos.org.br\/vidacrista\/as-escrituras-patriarcais-falam-do-feminino\/\" \/>\n<meta property=\"og:site_name\" content=\"Vida Crist\u00e3 - Franciscanos\" \/>\n<meta property=\"article:published_time\" content=\"2018-03-02T10:27:21+00:00\" \/>\n<meta property=\"article:modified_time\" content=\"2021-09-03T19:14:27+00:00\" \/>\n<meta property=\"og:image\" content=\"https:\/\/franciscanos.org.br\/vidacrista\/wp-content\/uploads\/2018\/03\/adao_eva_boff_0309.png\" \/>\n\t<meta property=\"og:image:width\" content=\"840\" \/>\n\t<meta property=\"og:image:height\" content=\"446\" \/>\n\t<meta property=\"og:image:type\" content=\"image\/png\" \/>\n<meta name=\"author\" content=\"admin\" \/>\n<meta name=\"twitter:card\" content=\"summary_large_image\" \/>\n<meta name=\"twitter:label1\" content=\"Escrito por\" \/>\n\t<meta name=\"twitter:data1\" content=\"admin\" \/>\n\t<meta name=\"twitter:label2\" content=\"Est. tempo de leitura\" \/>\n\t<meta name=\"twitter:data2\" content=\"5 minutos\" \/>\n<script type=\"application\/ld+json\" class=\"yoast-schema-graph\">{\"@context\":\"https:\/\/schema.org\",\"@graph\":[{\"@type\":\"WebSite\",\"@id\":\"https:\/\/franciscanos.org.br\/vidacrista\/#website\",\"url\":\"https:\/\/franciscanos.org.br\/vidacrista\/\",\"name\":\"Vida Crist\u00e3 - Franciscanos\",\"description\":\"Prov\u00edncia Franciscana da Imaculada Concei\u00e7\u00e3o do Brasil - Ordem dos Frades Menores\",\"potentialAction\":[{\"@type\":\"SearchAction\",\"target\":{\"@type\":\"EntryPoint\",\"urlTemplate\":\"https:\/\/franciscanos.org.br\/vidacrista\/?s={search_term_string}\"},\"query-input\":\"required name=search_term_string\"}],\"inLanguage\":\"pt-BR\"},{\"@type\":\"WebPage\",\"@id\":\"https:\/\/franciscanos.org.br\/vidacrista\/as-escrituras-patriarcais-falam-do-feminino\/\",\"url\":\"https:\/\/franciscanos.org.br\/vidacrista\/as-escrituras-patriarcais-falam-do-feminino\/\",\"name\":\"As Escrituras patriarcais falam do feminino - Vida Crist\u00e3 - Franciscanos\",\"isPartOf\":{\"@id\":\"https:\/\/franciscanos.org.br\/vidacrista\/#website\"},\"datePublished\":\"2018-03-02T10:27:21+00:00\",\"dateModified\":\"2021-09-03T19:14:27+00:00\",\"author\":{\"@id\":\"https:\/\/franciscanos.org.br\/vidacrista\/#\/schema\/person\/133632ca93cec555316a35f76ab4153b\"},\"breadcrumb\":{\"@id\":\"https:\/\/franciscanos.org.br\/vidacrista\/as-escrituras-patriarcais-falam-do-feminino\/#breadcrumb\"},\"inLanguage\":\"pt-BR\",\"potentialAction\":[{\"@type\":\"ReadAction\",\"target\":[\"https:\/\/franciscanos.org.br\/vidacrista\/as-escrituras-patriarcais-falam-do-feminino\/\"]}]},{\"@type\":\"BreadcrumbList\",\"@id\":\"https:\/\/franciscanos.org.br\/vidacrista\/as-escrituras-patriarcais-falam-do-feminino\/#breadcrumb\",\"itemListElement\":[{\"@type\":\"ListItem\",\"position\":1,\"name\":\"Home\",\"item\":\"https:\/\/franciscanos.org.br\/vidacrista\/\"},{\"@type\":\"ListItem\",\"position\":2,\"name\":\"As Escrituras patriarcais falam do feminino\"}]},{\"@type\":\"Person\",\"@id\":\"https:\/\/franciscanos.org.br\/vidacrista\/#\/schema\/person\/133632ca93cec555316a35f76ab4153b\",\"name\":\"admin\",\"image\":{\"@type\":\"ImageObject\",\"inLanguage\":\"pt-BR\",\"@id\":\"https:\/\/franciscanos.org.br\/vidacrista\/#\/schema\/person\/image\/\",\"url\":\"https:\/\/secure.gravatar.com\/avatar\/e8495742d34d0ba6448ea1c628263b3e?s=96&d=mm&r=g\",\"contentUrl\":\"https:\/\/secure.gravatar.com\/avatar\/e8495742d34d0ba6448ea1c628263b3e?s=96&d=mm&r=g\",\"caption\":\"admin\"},\"url\":\"https:\/\/franciscanos.org.br\/vidacrista\/author\/admin\/\"}]}<\/script>\n<!-- \/ Yoast SEO plugin. -->","yoast_head_json":{"title":"As Escrituras patriarcais falam do feminino - Vida Crist\u00e3 - Franciscanos","robots":{"index":"index","follow":"follow","max-snippet":"max-snippet:-1","max-image-preview":"max-image-preview:large","max-video-preview":"max-video-preview:-1"},"canonical":"https:\/\/franciscanos.org.br\/vidacrista\/as-escrituras-patriarcais-falam-do-feminino\/","og_locale":"pt_BR","og_type":"article","og_title":"As Escrituras patriarcais falam do feminino - Vida Crist\u00e3 - Franciscanos","og_description":"Artigo de Leonardo Boff","og_url":"https:\/\/franciscanos.org.br\/vidacrista\/as-escrituras-patriarcais-falam-do-feminino\/","og_site_name":"Vida Crist\u00e3 - Franciscanos","article_published_time":"2018-03-02T10:27:21+00:00","article_modified_time":"2021-09-03T19:14:27+00:00","og_image":[{"width":840,"height":446,"url":"https:\/\/franciscanos.org.br\/vidacrista\/wp-content\/uploads\/2018\/03\/adao_eva_boff_0309.png","type":"image\/png"}],"author":"admin","twitter_card":"summary_large_image","twitter_misc":{"Escrito por":"admin","Est. tempo de leitura":"5 minutos"},"schema":{"@context":"https:\/\/schema.org","@graph":[{"@type":"WebSite","@id":"https:\/\/franciscanos.org.br\/vidacrista\/#website","url":"https:\/\/franciscanos.org.br\/vidacrista\/","name":"Vida Crist\u00e3 - Franciscanos","description":"Prov\u00edncia Franciscana da Imaculada Concei\u00e7\u00e3o do Brasil - Ordem dos Frades Menores","potentialAction":[{"@type":"SearchAction","target":{"@type":"EntryPoint","urlTemplate":"https:\/\/franciscanos.org.br\/vidacrista\/?s={search_term_string}"},"query-input":"required name=search_term_string"}],"inLanguage":"pt-BR"},{"@type":"WebPage","@id":"https:\/\/franciscanos.org.br\/vidacrista\/as-escrituras-patriarcais-falam-do-feminino\/","url":"https:\/\/franciscanos.org.br\/vidacrista\/as-escrituras-patriarcais-falam-do-feminino\/","name":"As Escrituras patriarcais falam do feminino - Vida Crist\u00e3 - Franciscanos","isPartOf":{"@id":"https:\/\/franciscanos.org.br\/vidacrista\/#website"},"datePublished":"2018-03-02T10:27:21+00:00","dateModified":"2021-09-03T19:14:27+00:00","author":{"@id":"https:\/\/franciscanos.org.br\/vidacrista\/#\/schema\/person\/133632ca93cec555316a35f76ab4153b"},"breadcrumb":{"@id":"https:\/\/franciscanos.org.br\/vidacrista\/as-escrituras-patriarcais-falam-do-feminino\/#breadcrumb"},"inLanguage":"pt-BR","potentialAction":[{"@type":"ReadAction","target":["https:\/\/franciscanos.org.br\/vidacrista\/as-escrituras-patriarcais-falam-do-feminino\/"]}]},{"@type":"BreadcrumbList","@id":"https:\/\/franciscanos.org.br\/vidacrista\/as-escrituras-patriarcais-falam-do-feminino\/#breadcrumb","itemListElement":[{"@type":"ListItem","position":1,"name":"Home","item":"https:\/\/franciscanos.org.br\/vidacrista\/"},{"@type":"ListItem","position":2,"name":"As Escrituras patriarcais falam do feminino"}]},{"@type":"Person","@id":"https:\/\/franciscanos.org.br\/vidacrista\/#\/schema\/person\/133632ca93cec555316a35f76ab4153b","name":"admin","image":{"@type":"ImageObject","inLanguage":"pt-BR","@id":"https:\/\/franciscanos.org.br\/vidacrista\/#\/schema\/person\/image\/","url":"https:\/\/secure.gravatar.com\/avatar\/e8495742d34d0ba6448ea1c628263b3e?s=96&d=mm&r=g","contentUrl":"https:\/\/secure.gravatar.com\/avatar\/e8495742d34d0ba6448ea1c628263b3e?s=96&d=mm&r=g","caption":"admin"},"url":"https:\/\/franciscanos.org.br\/vidacrista\/author\/admin\/"}]}},"_links":{"self":[{"href":"https:\/\/franciscanos.org.br\/vidacrista\/wp-json\/wp\/v2\/posts\/153339"}],"collection":[{"href":"https:\/\/franciscanos.org.br\/vidacrista\/wp-json\/wp\/v2\/posts"}],"about":[{"href":"https:\/\/franciscanos.org.br\/vidacrista\/wp-json\/wp\/v2\/types\/post"}],"author":[{"embeddable":true,"href":"https:\/\/franciscanos.org.br\/vidacrista\/wp-json\/wp\/v2\/users\/1"}],"replies":[{"embeddable":true,"href":"https:\/\/franciscanos.org.br\/vidacrista\/wp-json\/wp\/v2\/comments?post=153339"}],"version-history":[{"count":3,"href":"https:\/\/franciscanos.org.br\/vidacrista\/wp-json\/wp\/v2\/posts\/153339\/revisions"}],"predecessor-version":[{"id":190505,"href":"https:\/\/franciscanos.org.br\/vidacrista\/wp-json\/wp\/v2\/posts\/153339\/revisions\/190505"}],"wp:featuredmedia":[{"embeddable":true,"href":"https:\/\/franciscanos.org.br\/vidacrista\/wp-json\/wp\/v2\/media\/190504"}],"wp:attachment":[{"href":"https:\/\/franciscanos.org.br\/vidacrista\/wp-json\/wp\/v2\/media?parent=153339"}],"wp:term":[{"taxonomy":"category","embeddable":true,"href":"https:\/\/franciscanos.org.br\/vidacrista\/wp-json\/wp\/v2\/categories?post=153339"},{"taxonomy":"post_tag","embeddable":true,"href":"https:\/\/franciscanos.org.br\/vidacrista\/wp-json\/wp\/v2\/tags?post=153339"}],"curies":[{"name":"wp","href":"https:\/\/api.w.org\/{rel}","templated":true}]}}