{"id":153155,"date":"2018-03-02T07:25:32","date_gmt":"2018-03-02T10:25:32","guid":{"rendered":"http:\/\/franciscanos.org.br\/?p=153155"},"modified":"2020-05-22T10:12:12","modified_gmt":"2020-05-22T13:12:12","slug":"o-amor-do-senhor-que-vai-ate-o-fim","status":"publish","type":"post","link":"https:\/\/franciscanos.org.br\/vidacrista\/o-amor-do-senhor-que-vai-ate-o-fim\/","title":{"rendered":"O amor do Senhor que vai at\u00e9 o fim"},"content":{"rendered":"<blockquote><p>Tempo da Quaresma, tempo da Semana Santa, tempo de contemplar o amor de Jesus at\u00e9 o fim, ao extremo de todos os extremos, at\u00e9 esvaziar o cora\u00e7\u00e3o da \u00faltima gota de sangue. Pedimos aos Padres da Igreja que nos ajudem a contemplar as riquezas do Cora\u00e7\u00e3o do Senhor.<\/p>\n<p><strong>Frei Almir Guimar\u00e3es<\/strong><\/p><\/blockquote>\n<h2><img decoding=\"async\" loading=\"lazy\" src=\"http:\/\/franciscanos.org.br\/wp-content\/uploads\/2018\/03\/sagrado_010318_g.jpg\" alt=\"sagrado_010318_g\" width=\"820\" height=\"938\" \/><\/h2>\n<h2>\u2022 Uma prece de Santo Anselmo<\/h2>\n<p>Eu te suplico, \u00f3 Majestade, \u00f3 amor suspenso na cruz! Tu \u00e9s a minha esperan\u00e7a, meu ref\u00fagio, minha miseric\u00f3rdia. Tem piedade de mim e ensina-me a te adorar, a te amar; pois \u00e9 meu desejo de adorar e te amar, embora n\u00e3o saiba como faz\u00ea-lo. Eu te pe\u00e7o, \u00f3 Jesus, que ouves os que te amam, pelo amor que manifestaste na cruz pelo homem; faze com que eu jamais sinta desgosto ou vergonha de estar diante de tua cruz; mas que minha alma se compraza em permanecer fielmente sob o teu olhar, e que teus divinos olhos se comprazam em me olhar misericordiosamente. D\u00e1-me a for\u00e7a de chorar minha mis\u00e9ria, d\u00e1-me o contentamento minha tristeza mudar em alegria.<\/p>\n<p><em>Das Ora\u00e7\u00f5es de Santo Anselmo, bispo<\/em><br \/>\n<em>Lecion\u00e1rio Mon\u00e1stico II, \u00b4 693-594<\/em><\/p>\n<h2>\u2022 Palavras de incontida admira\u00e7\u00e3o e gratid\u00e3o<\/h2>\n<p>\u00d3 Paix\u00e3o, purifica\u00e7\u00e3o do universo!<br \/>\n\u00d3 morte, princ\u00edpio de imortalidade e origem de vida!<br \/>\n\u00d3 descida \u00e0 mans\u00e3o dos mortos que lan\u00e7a uma ponte a fim de que eles passem ao reino da vida!<br \/>\n\u00d3 meio-dia da morte de Cristo, recorda\u00e7\u00e3o daquele meio-dia no para\u00edso em que Eva colheu o fruto!<br \/>\n\u00d3 cravos que fixam o mundo para Deus e traspassam a morte!<br \/>\n\u00d3 espinhos, fruto da videira m\u00e1!<br \/>\n\u00d3 fel que d\u00e1s a do\u00e7ura da f\u00e9!<br \/>\n\u00d3 esponja que lavas o mundo de seu pecado!<br \/>\n\u00d3 instrumento de inscreves os fi\u00e9is no livro da vida!<\/p>\n<p><em>Dos Serm\u00f5es de S\u00e3o Proclo de Constantinopla, bispo<\/em><br \/>\n<em>Lecion\u00e1rio Mon\u00e1stico III, p. 599-600<\/em><\/p>\n<h2>\u2022 A fonte que brotou do lado do Redentor<\/h2>\n<p>Queres compreender mais profundamente o poder do Sangue de Cristo? Repara de onde come\u00e7ou a correr e de que fonte brotou. Come\u00e7ou a brotar da pr\u00f3pria cruz, e a sua origem foi o lado do Senhor. Estando Jesus j\u00e1 morto e ainda pregado na cruz, diz o evangelista, um soldado aproximou-se, feriu-lhe o lado com uma lan\u00e7a, e imediatamente saiu \u00e1gua e sangue: a \u00e1gua como s\u00edmbolo do Batismo; o sangue, como s\u00edmbolo da Eucaristia. O soldado, traspassando-lhe o lado, abriu uma brecha na parede do templo santo, e eu, encontrando um imenso tesouro, alegro-me por ter achado riquezas extraordin\u00e1rias.<\/p>\n<p><em>Das Catequeses de S\u00e3o Jo\u00e3o Cris\u00f3stomo, bispo<\/em><br \/>\n<em>Lecion\u00e1rio Mon\u00e1stico II, p. 577-578<\/em><\/p>\n<h2>\u2022\u00a0 Alegre canto de vit\u00f3ria<\/h2>\n<p>Cristo est\u00e1 na cruz: aproximemo-nos dele, participemos de seus sofrimentos para ter parte tamb\u00e9m em sua gl\u00f3ria.<br \/>\nCristo jaz entre os mortos: morramos ao pecado a fim de vivermos para a justi\u00e7a.<br \/>\nCristo repousa num t\u00famulo novo: purifiquemo-nos do velho fermento, tornemo-nos uma massa nova e sejamos para ele lugar de repouso.<br \/>\nCristo desce \u00e0 mans\u00e3o dos mortos: des\u00e7amos tamb\u00e9m com ele pela humilha\u00e7\u00e3o que exalta, a fim de sermos exaltados e glorificados com ele sempre vendo e sendo vistos por Deus.<br \/>\nV\u00f3s que sois do mundo, sede livres; v\u00f3s que estais amarrados, sa\u00ed; v\u00f3s que estais nas trevas, abri os olhos para a luz; v\u00f3s que estais no cativeiro, libertai-vos; cegos, levantai os olhos.<br \/>\nDesperta Ad\u00e3o que dormes, levanta-te de entre os mortos, pois Cristo, nossa ressurrei\u00e7\u00e3o, apareceu.<\/p>\n<p>D<em>as Homilias de S\u00e3o Jo\u00e3o Damasceno, presb\u00edtero<\/em><br \/>\n<em>Lecion\u00e1rio Mon\u00e1stico III, p. 621<\/em><\/p>\n","protected":false},"excerpt":{"rendered":"<p>1\u00aa Sexta-feira do m\u00eas<\/p>\n","protected":false},"author":1,"featured_media":184574,"comment_status":"open","ping_status":"open","sticky":false,"template":"","format":"standard","meta":{"footnotes":""},"categories":[105],"tags":[106,112],"yoast_head":"<!-- This site is optimized with the Yoast SEO plugin v19.4 - https:\/\/yoast.com\/wordpress\/plugins\/seo\/ -->\n<title>O amor do Senhor que vai at\u00e9 o fim - Vida Crist\u00e3 - Franciscanos<\/title>\n<meta name=\"robots\" content=\"index, follow, max-snippet:-1, max-image-preview:large, max-video-preview:-1\" \/>\n<link rel=\"canonical\" href=\"https:\/\/franciscanos.org.br\/vidacrista\/o-amor-do-senhor-que-vai-ate-o-fim\/\" \/>\n<meta property=\"og:locale\" content=\"pt_BR\" \/>\n<meta property=\"og:type\" content=\"article\" \/>\n<meta property=\"og:title\" content=\"O amor do Senhor que vai at\u00e9 o fim - Vida Crist\u00e3 - Franciscanos\" \/>\n<meta property=\"og:description\" content=\"1\u00aa Sexta-feira do m\u00eas\" \/>\n<meta property=\"og:url\" content=\"https:\/\/franciscanos.org.br\/vidacrista\/o-amor-do-senhor-que-vai-ate-o-fim\/\" \/>\n<meta property=\"og:site_name\" content=\"Vida Crist\u00e3 - Franciscanos\" \/>\n<meta property=\"article:published_time\" content=\"2018-03-02T10:25:32+00:00\" \/>\n<meta property=\"article:modified_time\" content=\"2020-05-22T13:12:12+00:00\" \/>\n<meta property=\"og:image\" content=\"https:\/\/franciscanos.org.br\/vidacrista\/wp-content\/uploads\/2018\/03\/sagrado_010318_g-1.jpg\" \/>\n\t<meta property=\"og:image:width\" content=\"820\" \/>\n\t<meta property=\"og:image:height\" content=\"615\" \/>\n\t<meta property=\"og:image:type\" content=\"image\/jpeg\" \/>\n<meta name=\"author\" content=\"admin\" \/>\n<meta name=\"twitter:card\" content=\"summary_large_image\" \/>\n<meta name=\"twitter:label1\" content=\"Escrito por\" \/>\n\t<meta name=\"twitter:data1\" content=\"admin\" \/>\n\t<meta name=\"twitter:label2\" content=\"Est. tempo de leitura\" \/>\n\t<meta name=\"twitter:data2\" content=\"3 minutos\" \/>\n<script type=\"application\/ld+json\" class=\"yoast-schema-graph\">{\"@context\":\"https:\/\/schema.org\",\"@graph\":[{\"@type\":\"WebSite\",\"@id\":\"https:\/\/franciscanos.org.br\/vidacrista\/#website\",\"url\":\"https:\/\/franciscanos.org.br\/vidacrista\/\",\"name\":\"Vida Crist\u00e3 - Franciscanos\",\"description\":\"Prov\u00edncia Franciscana da Imaculada Concei\u00e7\u00e3o do Brasil - Ordem dos Frades Menores\",\"potentialAction\":[{\"@type\":\"SearchAction\",\"target\":{\"@type\":\"EntryPoint\",\"urlTemplate\":\"https:\/\/franciscanos.org.br\/vidacrista\/?s={search_term_string}\"},\"query-input\":\"required name=search_term_string\"}],\"inLanguage\":\"pt-BR\"},{\"@type\":\"WebPage\",\"@id\":\"https:\/\/franciscanos.org.br\/vidacrista\/o-amor-do-senhor-que-vai-ate-o-fim\/\",\"url\":\"https:\/\/franciscanos.org.br\/vidacrista\/o-amor-do-senhor-que-vai-ate-o-fim\/\",\"name\":\"O amor do Senhor que vai at\u00e9 o fim - Vida Crist\u00e3 - Franciscanos\",\"isPartOf\":{\"@id\":\"https:\/\/franciscanos.org.br\/vidacrista\/#website\"},\"datePublished\":\"2018-03-02T10:25:32+00:00\",\"dateModified\":\"2020-05-22T13:12:12+00:00\",\"author\":{\"@id\":\"https:\/\/franciscanos.org.br\/vidacrista\/#\/schema\/person\/133632ca93cec555316a35f76ab4153b\"},\"breadcrumb\":{\"@id\":\"https:\/\/franciscanos.org.br\/vidacrista\/o-amor-do-senhor-que-vai-ate-o-fim\/#breadcrumb\"},\"inLanguage\":\"pt-BR\",\"potentialAction\":[{\"@type\":\"ReadAction\",\"target\":[\"https:\/\/franciscanos.org.br\/vidacrista\/o-amor-do-senhor-que-vai-ate-o-fim\/\"]}]},{\"@type\":\"BreadcrumbList\",\"@id\":\"https:\/\/franciscanos.org.br\/vidacrista\/o-amor-do-senhor-que-vai-ate-o-fim\/#breadcrumb\",\"itemListElement\":[{\"@type\":\"ListItem\",\"position\":1,\"name\":\"Home\",\"item\":\"https:\/\/franciscanos.org.br\/vidacrista\/\"},{\"@type\":\"ListItem\",\"position\":2,\"name\":\"O amor do Senhor que vai at\u00e9 o fim\"}]},{\"@type\":\"Person\",\"@id\":\"https:\/\/franciscanos.org.br\/vidacrista\/#\/schema\/person\/133632ca93cec555316a35f76ab4153b\",\"name\":\"admin\",\"image\":{\"@type\":\"ImageObject\",\"inLanguage\":\"pt-BR\",\"@id\":\"https:\/\/franciscanos.org.br\/vidacrista\/#\/schema\/person\/image\/\",\"url\":\"https:\/\/secure.gravatar.com\/avatar\/e8495742d34d0ba6448ea1c628263b3e?s=96&d=mm&r=g\",\"contentUrl\":\"https:\/\/secure.gravatar.com\/avatar\/e8495742d34d0ba6448ea1c628263b3e?s=96&d=mm&r=g\",\"caption\":\"admin\"},\"url\":\"https:\/\/franciscanos.org.br\/vidacrista\/author\/admin\/\"}]}<\/script>\n<!-- \/ Yoast SEO plugin. -->","yoast_head_json":{"title":"O amor do Senhor que vai at\u00e9 o fim - Vida Crist\u00e3 - Franciscanos","robots":{"index":"index","follow":"follow","max-snippet":"max-snippet:-1","max-image-preview":"max-image-preview:large","max-video-preview":"max-video-preview:-1"},"canonical":"https:\/\/franciscanos.org.br\/vidacrista\/o-amor-do-senhor-que-vai-ate-o-fim\/","og_locale":"pt_BR","og_type":"article","og_title":"O amor do Senhor que vai at\u00e9 o fim - Vida Crist\u00e3 - Franciscanos","og_description":"1\u00aa Sexta-feira do m\u00eas","og_url":"https:\/\/franciscanos.org.br\/vidacrista\/o-amor-do-senhor-que-vai-ate-o-fim\/","og_site_name":"Vida Crist\u00e3 - Franciscanos","article_published_time":"2018-03-02T10:25:32+00:00","article_modified_time":"2020-05-22T13:12:12+00:00","og_image":[{"width":820,"height":615,"url":"https:\/\/franciscanos.org.br\/vidacrista\/wp-content\/uploads\/2018\/03\/sagrado_010318_g-1.jpg","type":"image\/jpeg"}],"author":"admin","twitter_card":"summary_large_image","twitter_misc":{"Escrito por":"admin","Est. tempo de leitura":"3 minutos"},"schema":{"@context":"https:\/\/schema.org","@graph":[{"@type":"WebSite","@id":"https:\/\/franciscanos.org.br\/vidacrista\/#website","url":"https:\/\/franciscanos.org.br\/vidacrista\/","name":"Vida Crist\u00e3 - Franciscanos","description":"Prov\u00edncia Franciscana da Imaculada Concei\u00e7\u00e3o do Brasil - Ordem dos Frades Menores","potentialAction":[{"@type":"SearchAction","target":{"@type":"EntryPoint","urlTemplate":"https:\/\/franciscanos.org.br\/vidacrista\/?s={search_term_string}"},"query-input":"required name=search_term_string"}],"inLanguage":"pt-BR"},{"@type":"WebPage","@id":"https:\/\/franciscanos.org.br\/vidacrista\/o-amor-do-senhor-que-vai-ate-o-fim\/","url":"https:\/\/franciscanos.org.br\/vidacrista\/o-amor-do-senhor-que-vai-ate-o-fim\/","name":"O amor do Senhor que vai at\u00e9 o fim - Vida Crist\u00e3 - Franciscanos","isPartOf":{"@id":"https:\/\/franciscanos.org.br\/vidacrista\/#website"},"datePublished":"2018-03-02T10:25:32+00:00","dateModified":"2020-05-22T13:12:12+00:00","author":{"@id":"https:\/\/franciscanos.org.br\/vidacrista\/#\/schema\/person\/133632ca93cec555316a35f76ab4153b"},"breadcrumb":{"@id":"https:\/\/franciscanos.org.br\/vidacrista\/o-amor-do-senhor-que-vai-ate-o-fim\/#breadcrumb"},"inLanguage":"pt-BR","potentialAction":[{"@type":"ReadAction","target":["https:\/\/franciscanos.org.br\/vidacrista\/o-amor-do-senhor-que-vai-ate-o-fim\/"]}]},{"@type":"BreadcrumbList","@id":"https:\/\/franciscanos.org.br\/vidacrista\/o-amor-do-senhor-que-vai-ate-o-fim\/#breadcrumb","itemListElement":[{"@type":"ListItem","position":1,"name":"Home","item":"https:\/\/franciscanos.org.br\/vidacrista\/"},{"@type":"ListItem","position":2,"name":"O amor do Senhor que vai at\u00e9 o fim"}]},{"@type":"Person","@id":"https:\/\/franciscanos.org.br\/vidacrista\/#\/schema\/person\/133632ca93cec555316a35f76ab4153b","name":"admin","image":{"@type":"ImageObject","inLanguage":"pt-BR","@id":"https:\/\/franciscanos.org.br\/vidacrista\/#\/schema\/person\/image\/","url":"https:\/\/secure.gravatar.com\/avatar\/e8495742d34d0ba6448ea1c628263b3e?s=96&d=mm&r=g","contentUrl":"https:\/\/secure.gravatar.com\/avatar\/e8495742d34d0ba6448ea1c628263b3e?s=96&d=mm&r=g","caption":"admin"},"url":"https:\/\/franciscanos.org.br\/vidacrista\/author\/admin\/"}]}},"_links":{"self":[{"href":"https:\/\/franciscanos.org.br\/vidacrista\/wp-json\/wp\/v2\/posts\/153155"}],"collection":[{"href":"https:\/\/franciscanos.org.br\/vidacrista\/wp-json\/wp\/v2\/posts"}],"about":[{"href":"https:\/\/franciscanos.org.br\/vidacrista\/wp-json\/wp\/v2\/types\/post"}],"author":[{"embeddable":true,"href":"https:\/\/franciscanos.org.br\/vidacrista\/wp-json\/wp\/v2\/users\/1"}],"replies":[{"embeddable":true,"href":"https:\/\/franciscanos.org.br\/vidacrista\/wp-json\/wp\/v2\/comments?post=153155"}],"version-history":[{"count":1,"href":"https:\/\/franciscanos.org.br\/vidacrista\/wp-json\/wp\/v2\/posts\/153155\/revisions"}],"predecessor-version":[{"id":178129,"href":"https:\/\/franciscanos.org.br\/vidacrista\/wp-json\/wp\/v2\/posts\/153155\/revisions\/178129"}],"wp:featuredmedia":[{"embeddable":true,"href":"https:\/\/franciscanos.org.br\/vidacrista\/wp-json\/wp\/v2\/media\/184574"}],"wp:attachment":[{"href":"https:\/\/franciscanos.org.br\/vidacrista\/wp-json\/wp\/v2\/media?parent=153155"}],"wp:term":[{"taxonomy":"category","embeddable":true,"href":"https:\/\/franciscanos.org.br\/vidacrista\/wp-json\/wp\/v2\/categories?post=153155"},{"taxonomy":"post_tag","embeddable":true,"href":"https:\/\/franciscanos.org.br\/vidacrista\/wp-json\/wp\/v2\/tags?post=153155"}],"curies":[{"name":"wp","href":"https:\/\/api.w.org\/{rel}","templated":true}]}}