{"id":150774,"date":"2018-02-05T13:26:03","date_gmt":"2018-02-05T15:26:03","guid":{"rendered":"http:\/\/franciscanos.org.br\/?p=150774"},"modified":"2020-05-22T11:50:39","modified_gmt":"2020-05-22T14:50:39","slug":"40-anos-no-deserto","status":"publish","type":"post","link":"https:\/\/franciscanos.org.br\/vidacrista\/40-anos-no-deserto\/","title":{"rendered":"\u201c40 anos no deserto\u201d"},"content":{"rendered":"<p><strong><a href=\"http:\/\/franciscanos.org.br\/wp-content\/uploads\/2018\/02\/artigo-830.jpg\"><img decoding=\"async\" loading=\"lazy\" src=\"http:\/\/franciscanos.org.br\/wp-content\/uploads\/2018\/02\/artigo-830.jpg\" alt=\"artigo-830\" width=\"830\" height=\"444\" \/><\/a><\/strong><\/p>\n<p><strong>Frei Luiz Iakovacz<\/strong><\/p>\n<p>Para os que primam pela exatid\u00e3o cient\u00edfica, especialmente os ocidentais, 40 anos s\u00e3o a sucess\u00e3o matem\u00e1tica de dias, meses e anos. Para outros \u2013 como, por exemplo, o povo da B\u00edblia \u2013 40 anos indicam a dura\u00e7\u00e3o de uma gera\u00e7\u00e3o, ou o tempo necess\u00e1rio para uma \u201cmudan\u00e7a de mentalidade\u201d.<\/p>\n<p>Quando o povo hebreu saiu do Egito, ap\u00f3s longos anos de escravid\u00e3o &#8211; 430 anos como narra Ex 12,40 -, sua cabe\u00e7a estava \u201ccontaminada\u201d pelos costumes daquele pa\u00eds. Era normal pensar que, na sociedade, alguns seriam ricos e mandavam, enquanto a maioria devia trabalhar em regime de escravid\u00e3o. O polite\u00edsmo era uma pr\u00e1tica religiosa comum, bem como venerar o Fara\u00f3 como \u201cdeus\u201d e obedec\u00ea-lo cegamente. Os que exerciam fun\u00e7\u00f5es religiosas estavam a servi\u00e7o e na defesa deste \u201cstatus quo\u201d.<\/p>\n<p>Outros costumes tamb\u00e9m foram sendo assimilados durante a escravid\u00e3o eg\u00edpcia.<\/p>\n<p>O projeto de Deus, fundamentado numa religi\u00e3o libertadora e na constru\u00e7\u00e3o de uma sociedade justa e igualit\u00e1ria (cf. Ex 19,1 \u2013 24,11), n\u00e3o combinava com a \u201ccabe\u00e7a\u201d daqueles que sa\u00edram do Egito. Por isso, Deus os leva para o deserto e durante 40 anos, entre prova\u00e7\u00f5es e gestos amorosos, procura \u201cconvert\u00ea-los\u201d ao seu projeto. N\u00e3o foi f\u00e1cil porque murmura\u00e7\u00f5es e revoltas eram constantes (Ex 16,1-5; Nm 14,20-38) e, acima de tudo, as tentativas de escolher um chefe que os fizesse \u201cvoltar ao Egito\u201d (cf. Nm 14,1-4; Ex 16,1-3), isto \u00e9, viver no mesmo sistema anterior.<\/p>\n<p>Jav\u00e9 (= aquele que \u00e9 presen\u00e7a libertadora no meio do povo), com a paci\u00eancia hist\u00f3rica que lhe \u00e9 pr\u00f3pria, tenta educar seu povo dentro deste novo jeito de viver em sociedade. Mas tamb\u00e9m n\u00e3o deixa de cham\u00e1-lo de \u201ccabe\u00e7a dura\u201d (Dt 9,13) e que todos morreriam no deserto (Nm 14,33-35). Ningu\u00e9m entraria na Terra Prometida, nem mesmo seu l\u00edder Mois\u00e9s (Dt 34,1-12).<\/p>\n<p>Este \u00e9 um dos significados de \u201c40 anos no deserto\u201d. Um tempo de mudan\u00e7a de mentalidade que, na maioria das vezes, demora anos e \u2013 quem sabe! \u2013 at\u00e9 de gera\u00e7\u00f5es. O ap\u00f3stolo Paulo assim se expressa: \u201cN\u00e3o vos conformeis com os esquemas deste mundo, mas transformai-vos pela renova\u00e7\u00e3o da mente para que possais conhecer qual \u00e9 a vontade de Deus\u201d (Rm 12,2).<\/p>\n<p>Quaresma (= 40 dias) \u00e9 tempo prop\u00edcio de convers\u00e3o. Normalmente, somos convidados a abandonarmos os v\u00edcios (fumo, bebida, prostitui\u00e7\u00e3o, drogas), a n\u00e3o ficarmos indiferentes diante dos problemas sociais (corrup\u00e7\u00e3o, fome, tr\u00e1fico humano, crimes ecol\u00f3gicos), ou de professarmos uma f\u00e9 em sintonia com a vida.<\/p>\n<p>Tudo isso \u00e9 v\u00e1lido, mas n\u00e3o deixemos de lado a \u201cmudan\u00e7a de mentalidade\u201d. Ela \u00e9 mais dif\u00edcil do que o abandono de v\u00edcios ou a pr\u00e1tica do jejum, esmola e ora\u00e7\u00e3o.<\/p>\n<p>\u201c40 anos no deserto\u201d significa, tamb\u00e9m, semear o projeto de Deus, cujos frutos s\u00f3 as pr\u00f3ximas gera\u00e7\u00f5es colher\u00e3o. \u201cQuem perseverar at\u00e9 o fim ser\u00e1 salvo\u201d (Mt 10,22).<\/p>\n","protected":false},"excerpt":{"rendered":"<p>Artigo de Frei Luiz Iakovacz<\/p>\n","protected":false},"author":1,"featured_media":184616,"comment_status":"open","ping_status":"open","sticky":false,"template":"","format":"standard","meta":{"footnotes":""},"categories":[26],"tags":[208],"yoast_head":"<!-- This site is optimized with the Yoast SEO plugin v19.4 - https:\/\/yoast.com\/wordpress\/plugins\/seo\/ -->\n<title>\u201c40 anos no deserto\u201d - Vida Crist\u00e3 - Franciscanos<\/title>\n<meta name=\"robots\" content=\"index, follow, max-snippet:-1, max-image-preview:large, max-video-preview:-1\" \/>\n<link rel=\"canonical\" href=\"https:\/\/franciscanos.org.br\/vidacrista\/40-anos-no-deserto\/\" \/>\n<meta property=\"og:locale\" content=\"pt_BR\" \/>\n<meta property=\"og:type\" content=\"article\" \/>\n<meta property=\"og:title\" content=\"\u201c40 anos no deserto\u201d - Vida Crist\u00e3 - Franciscanos\" \/>\n<meta property=\"og:description\" content=\"Artigo de Frei Luiz Iakovacz\" \/>\n<meta property=\"og:url\" content=\"https:\/\/franciscanos.org.br\/vidacrista\/40-anos-no-deserto\/\" \/>\n<meta property=\"og:site_name\" content=\"Vida Crist\u00e3 - Franciscanos\" \/>\n<meta property=\"article:published_time\" content=\"2018-02-05T15:26:03+00:00\" \/>\n<meta property=\"article:modified_time\" content=\"2020-05-22T14:50:39+00:00\" \/>\n<meta property=\"og:image\" content=\"https:\/\/franciscanos.org.br\/vidacrista\/wp-content\/uploads\/2018\/02\/artigo-830-1.jpg\" \/>\n\t<meta property=\"og:image:width\" content=\"800\" \/>\n\t<meta property=\"og:image:height\" content=\"600\" \/>\n\t<meta property=\"og:image:type\" content=\"image\/jpeg\" \/>\n<meta name=\"author\" content=\"admin\" \/>\n<meta name=\"twitter:card\" content=\"summary_large_image\" \/>\n<meta name=\"twitter:label1\" content=\"Escrito por\" \/>\n\t<meta name=\"twitter:data1\" content=\"admin\" \/>\n\t<meta name=\"twitter:label2\" content=\"Est. tempo de leitura\" \/>\n\t<meta name=\"twitter:data2\" content=\"3 minutos\" \/>\n<script type=\"application\/ld+json\" class=\"yoast-schema-graph\">{\"@context\":\"https:\/\/schema.org\",\"@graph\":[{\"@type\":\"WebSite\",\"@id\":\"https:\/\/franciscanos.org.br\/vidacrista\/#website\",\"url\":\"https:\/\/franciscanos.org.br\/vidacrista\/\",\"name\":\"Vida Crist\u00e3 - Franciscanos\",\"description\":\"Prov\u00edncia Franciscana da Imaculada Concei\u00e7\u00e3o do Brasil - Ordem dos Frades Menores\",\"potentialAction\":[{\"@type\":\"SearchAction\",\"target\":{\"@type\":\"EntryPoint\",\"urlTemplate\":\"https:\/\/franciscanos.org.br\/vidacrista\/?s={search_term_string}\"},\"query-input\":\"required name=search_term_string\"}],\"inLanguage\":\"pt-BR\"},{\"@type\":\"WebPage\",\"@id\":\"https:\/\/franciscanos.org.br\/vidacrista\/40-anos-no-deserto\/\",\"url\":\"https:\/\/franciscanos.org.br\/vidacrista\/40-anos-no-deserto\/\",\"name\":\"\u201c40 anos no deserto\u201d - Vida Crist\u00e3 - Franciscanos\",\"isPartOf\":{\"@id\":\"https:\/\/franciscanos.org.br\/vidacrista\/#website\"},\"datePublished\":\"2018-02-05T15:26:03+00:00\",\"dateModified\":\"2020-05-22T14:50:39+00:00\",\"author\":{\"@id\":\"https:\/\/franciscanos.org.br\/vidacrista\/#\/schema\/person\/133632ca93cec555316a35f76ab4153b\"},\"breadcrumb\":{\"@id\":\"https:\/\/franciscanos.org.br\/vidacrista\/40-anos-no-deserto\/#breadcrumb\"},\"inLanguage\":\"pt-BR\",\"potentialAction\":[{\"@type\":\"ReadAction\",\"target\":[\"https:\/\/franciscanos.org.br\/vidacrista\/40-anos-no-deserto\/\"]}]},{\"@type\":\"BreadcrumbList\",\"@id\":\"https:\/\/franciscanos.org.br\/vidacrista\/40-anos-no-deserto\/#breadcrumb\",\"itemListElement\":[{\"@type\":\"ListItem\",\"position\":1,\"name\":\"Home\",\"item\":\"https:\/\/franciscanos.org.br\/vidacrista\/\"},{\"@type\":\"ListItem\",\"position\":2,\"name\":\"\u201c40 anos no deserto\u201d\"}]},{\"@type\":\"Person\",\"@id\":\"https:\/\/franciscanos.org.br\/vidacrista\/#\/schema\/person\/133632ca93cec555316a35f76ab4153b\",\"name\":\"admin\",\"image\":{\"@type\":\"ImageObject\",\"inLanguage\":\"pt-BR\",\"@id\":\"https:\/\/franciscanos.org.br\/vidacrista\/#\/schema\/person\/image\/\",\"url\":\"https:\/\/secure.gravatar.com\/avatar\/e8495742d34d0ba6448ea1c628263b3e?s=96&d=mm&r=g\",\"contentUrl\":\"https:\/\/secure.gravatar.com\/avatar\/e8495742d34d0ba6448ea1c628263b3e?s=96&d=mm&r=g\",\"caption\":\"admin\"},\"url\":\"https:\/\/franciscanos.org.br\/vidacrista\/author\/admin\/\"}]}<\/script>\n<!-- \/ Yoast SEO plugin. -->","yoast_head_json":{"title":"\u201c40 anos no deserto\u201d - Vida Crist\u00e3 - Franciscanos","robots":{"index":"index","follow":"follow","max-snippet":"max-snippet:-1","max-image-preview":"max-image-preview:large","max-video-preview":"max-video-preview:-1"},"canonical":"https:\/\/franciscanos.org.br\/vidacrista\/40-anos-no-deserto\/","og_locale":"pt_BR","og_type":"article","og_title":"\u201c40 anos no deserto\u201d - Vida Crist\u00e3 - Franciscanos","og_description":"Artigo de Frei Luiz Iakovacz","og_url":"https:\/\/franciscanos.org.br\/vidacrista\/40-anos-no-deserto\/","og_site_name":"Vida Crist\u00e3 - Franciscanos","article_published_time":"2018-02-05T15:26:03+00:00","article_modified_time":"2020-05-22T14:50:39+00:00","og_image":[{"width":800,"height":600,"url":"https:\/\/franciscanos.org.br\/vidacrista\/wp-content\/uploads\/2018\/02\/artigo-830-1.jpg","type":"image\/jpeg"}],"author":"admin","twitter_card":"summary_large_image","twitter_misc":{"Escrito por":"admin","Est. tempo de leitura":"3 minutos"},"schema":{"@context":"https:\/\/schema.org","@graph":[{"@type":"WebSite","@id":"https:\/\/franciscanos.org.br\/vidacrista\/#website","url":"https:\/\/franciscanos.org.br\/vidacrista\/","name":"Vida Crist\u00e3 - Franciscanos","description":"Prov\u00edncia Franciscana da Imaculada Concei\u00e7\u00e3o do Brasil - Ordem dos Frades Menores","potentialAction":[{"@type":"SearchAction","target":{"@type":"EntryPoint","urlTemplate":"https:\/\/franciscanos.org.br\/vidacrista\/?s={search_term_string}"},"query-input":"required name=search_term_string"}],"inLanguage":"pt-BR"},{"@type":"WebPage","@id":"https:\/\/franciscanos.org.br\/vidacrista\/40-anos-no-deserto\/","url":"https:\/\/franciscanos.org.br\/vidacrista\/40-anos-no-deserto\/","name":"\u201c40 anos no deserto\u201d - Vida Crist\u00e3 - Franciscanos","isPartOf":{"@id":"https:\/\/franciscanos.org.br\/vidacrista\/#website"},"datePublished":"2018-02-05T15:26:03+00:00","dateModified":"2020-05-22T14:50:39+00:00","author":{"@id":"https:\/\/franciscanos.org.br\/vidacrista\/#\/schema\/person\/133632ca93cec555316a35f76ab4153b"},"breadcrumb":{"@id":"https:\/\/franciscanos.org.br\/vidacrista\/40-anos-no-deserto\/#breadcrumb"},"inLanguage":"pt-BR","potentialAction":[{"@type":"ReadAction","target":["https:\/\/franciscanos.org.br\/vidacrista\/40-anos-no-deserto\/"]}]},{"@type":"BreadcrumbList","@id":"https:\/\/franciscanos.org.br\/vidacrista\/40-anos-no-deserto\/#breadcrumb","itemListElement":[{"@type":"ListItem","position":1,"name":"Home","item":"https:\/\/franciscanos.org.br\/vidacrista\/"},{"@type":"ListItem","position":2,"name":"\u201c40 anos no deserto\u201d"}]},{"@type":"Person","@id":"https:\/\/franciscanos.org.br\/vidacrista\/#\/schema\/person\/133632ca93cec555316a35f76ab4153b","name":"admin","image":{"@type":"ImageObject","inLanguage":"pt-BR","@id":"https:\/\/franciscanos.org.br\/vidacrista\/#\/schema\/person\/image\/","url":"https:\/\/secure.gravatar.com\/avatar\/e8495742d34d0ba6448ea1c628263b3e?s=96&d=mm&r=g","contentUrl":"https:\/\/secure.gravatar.com\/avatar\/e8495742d34d0ba6448ea1c628263b3e?s=96&d=mm&r=g","caption":"admin"},"url":"https:\/\/franciscanos.org.br\/vidacrista\/author\/admin\/"}]}},"_links":{"self":[{"href":"https:\/\/franciscanos.org.br\/vidacrista\/wp-json\/wp\/v2\/posts\/150774"}],"collection":[{"href":"https:\/\/franciscanos.org.br\/vidacrista\/wp-json\/wp\/v2\/posts"}],"about":[{"href":"https:\/\/franciscanos.org.br\/vidacrista\/wp-json\/wp\/v2\/types\/post"}],"author":[{"embeddable":true,"href":"https:\/\/franciscanos.org.br\/vidacrista\/wp-json\/wp\/v2\/users\/1"}],"replies":[{"embeddable":true,"href":"https:\/\/franciscanos.org.br\/vidacrista\/wp-json\/wp\/v2\/comments?post=150774"}],"version-history":[{"count":2,"href":"https:\/\/franciscanos.org.br\/vidacrista\/wp-json\/wp\/v2\/posts\/150774\/revisions"}],"predecessor-version":[{"id":181112,"href":"https:\/\/franciscanos.org.br\/vidacrista\/wp-json\/wp\/v2\/posts\/150774\/revisions\/181112"}],"wp:featuredmedia":[{"embeddable":true,"href":"https:\/\/franciscanos.org.br\/vidacrista\/wp-json\/wp\/v2\/media\/184616"}],"wp:attachment":[{"href":"https:\/\/franciscanos.org.br\/vidacrista\/wp-json\/wp\/v2\/media?parent=150774"}],"wp:term":[{"taxonomy":"category","embeddable":true,"href":"https:\/\/franciscanos.org.br\/vidacrista\/wp-json\/wp\/v2\/categories?post=150774"},{"taxonomy":"post_tag","embeddable":true,"href":"https:\/\/franciscanos.org.br\/vidacrista\/wp-json\/wp\/v2\/tags?post=150774"}],"curies":[{"name":"wp","href":"https:\/\/api.w.org\/{rel}","templated":true}]}}