{"id":150559,"date":"2018-02-02T07:11:50","date_gmt":"2018-02-02T09:11:50","guid":{"rendered":"http:\/\/franciscanos.org.br\/?p=150559"},"modified":"2019-03-01T13:39:53","modified_gmt":"2019-03-01T16:39:53","slug":"o-misterio-da-agua-na-vida-de-jesus","status":"publish","type":"post","link":"https:\/\/franciscanos.org.br\/vidacrista\/o-misterio-da-agua-na-vida-de-jesus\/","title":{"rendered":"O mist\u00e9rio da \u00e1gua na vida de Jesus"},"content":{"rendered":"<p><img decoding=\"async\" loading=\"lazy\" src=\"http:\/\/franciscanos.org.br\/wp-content\/uploads\/2018\/02\/agua_020218.jpg\" alt=\"agua_020218\" width=\"830\" height=\"486\" \/><\/p>\n<p>Os crist\u00e3os gostam de refletir sobre a figura de Jesus em todo tempo e em todo lugar. Ressoam sempre aos nossos ouvidos a declara\u00e7\u00e3o do Alt\u00edssimo feita no momento em que Jesus era batizado no Jord\u00e3o. Na verdade, faz pouco tempo que ouvimos: \u201cEste \u00e9 o meu Filho amado, no qual eu pus meu agrado\u201d. Lendo as Escrituras, alimentando encontros pessoais com o Senhor, prestando aten\u00e7\u00e3o em seus gritos na voz rouca dos mais abandonados vamos tentando escutar o \u201cFilho amado\u201d. Na primeira sexta-feira de cada m\u00eas consagrada, ao Cora\u00e7\u00e3o do Redentor, procuramos nos aproximar mais e mais daquele que nos amou at\u00e9 o fim.<\/p>\n<p>Precisamente na Festa do Batismo do Senhor, o Lecion\u00e1rio Lit\u00fargico Mon\u00e1stico inseriu uma admir\u00e1vel p\u00e1gina sobre Jesus. Trata-se de uma parte de um tratado de Tertuliano (160-220). O tema: \u201cJamais vemos o Cristo sem a \u00e1gua\u201d. Tertuliano faz inusitadas reflex\u00f5es sobre o tema. Eis um trecho que nos leva at\u00e9 o peito aberto do Senhor do alto da cruz:<\/p>\n<p>\u201cQuanta gra\u00e7a tem a \u00e1gua junto de Deus e de seu Cristo na institui\u00e7\u00e3o do batismo! Jamais vemos o Cristo sem a \u00e1gua! Ele mesmo se deixa batizar na \u00e1gua. Chamado \u00e0s n\u00fapcias, \u00e9 com ela que inaugura manifesta\u00e7\u00e3o de seu poder. Quando prega, convida os que t\u00eam sede a beber da sua \u00e1gua eterna. Quando fala da caridade, aprova entre as obras de amor o copo d\u2019\u00e1gua oferecido ao pr\u00f3ximo. Junto a um po\u00e7o, restaura suas for\u00e7as. Caminha sobre a \u00e1gua, atravessando-a livremente. At\u00e9 em sua paix\u00e3o prossegue o testemunho do batismo: pois a \u00e1gua est\u00e1 presente &#8211; sabem-no as m\u00e3os de Pilatos! &#8211; quando \u00e9 condenado \u00e0 cruz. E ao ser transpassado &#8211; bem o sabe a espada do soldado! &#8211; jorra a \u00e1gua de seu lado\u201d (Lecion\u00e1rio Mon\u00e1stico I, p. 512-513).<\/p>\n<p>\u00c1gua&#8230; tantas imagens, tantas circunst\u00e2ncias. Jesus convivendo com as \u00e1guas. Os cora\u00e7\u00f5es acendrados e m\u00edsticos devotam amor ao Cora\u00e7\u00e3o do Redentor. Fixam-se, de modo especial, nesta imagem joaneica do peito aberto jorrando \u00e1gua, \u00e1gua de vida, \u00e1gua que limpa o pecado, \u00e1gua que purifica as feridas, \u00e1gua que mata a sede, \u00e1gua irriga os cora\u00e7\u00f5es com o amor do qual ela s\u00edmbolo saindo do peito daquele que foi somente fonte de amor.<\/p>\n<p><strong>Frei Almir Guimar\u00e3es<\/strong><\/p>\n","protected":false},"excerpt":{"rendered":"<p>1\u00aa Sexta-feira do M\u00eas<\/p>\n","protected":false},"author":1,"featured_media":178195,"comment_status":"open","ping_status":"open","sticky":false,"template":"","format":"standard","meta":{"footnotes":""},"categories":[105],"tags":[106,112],"yoast_head":"<!-- This site is optimized with the Yoast SEO plugin v19.4 - https:\/\/yoast.com\/wordpress\/plugins\/seo\/ -->\n<title>O mist\u00e9rio da \u00e1gua na vida de Jesus - Vida Crist\u00e3 - Franciscanos<\/title>\n<meta name=\"robots\" content=\"index, follow, max-snippet:-1, max-image-preview:large, max-video-preview:-1\" \/>\n<link rel=\"canonical\" href=\"https:\/\/franciscanos.org.br\/vidacrista\/o-misterio-da-agua-na-vida-de-jesus\/\" \/>\n<meta property=\"og:locale\" content=\"pt_BR\" \/>\n<meta property=\"og:type\" content=\"article\" \/>\n<meta property=\"og:title\" content=\"O mist\u00e9rio da \u00e1gua na vida de Jesus - Vida Crist\u00e3 - Franciscanos\" \/>\n<meta property=\"og:description\" content=\"1\u00aa Sexta-feira do M\u00eas\" \/>\n<meta property=\"og:url\" content=\"https:\/\/franciscanos.org.br\/vidacrista\/o-misterio-da-agua-na-vida-de-jesus\/\" \/>\n<meta property=\"og:site_name\" content=\"Vida Crist\u00e3 - Franciscanos\" \/>\n<meta property=\"article:published_time\" content=\"2018-02-02T09:11:50+00:00\" \/>\n<meta property=\"article:modified_time\" content=\"2019-03-01T16:39:53+00:00\" \/>\n<meta property=\"og:image\" content=\"https:\/\/franciscanos.org.br\/vidacrista\/wp-content\/uploads\/2018\/02\/sagrado_020218.jpg\" \/>\n\t<meta property=\"og:image:width\" content=\"273\" \/>\n\t<meta property=\"og:image:height\" content=\"181\" \/>\n\t<meta property=\"og:image:type\" content=\"image\/jpeg\" \/>\n<meta name=\"author\" content=\"admin\" \/>\n<meta name=\"twitter:card\" content=\"summary_large_image\" \/>\n<meta name=\"twitter:label1\" content=\"Escrito por\" \/>\n\t<meta name=\"twitter:data1\" content=\"admin\" \/>\n\t<meta name=\"twitter:label2\" content=\"Est. tempo de leitura\" \/>\n\t<meta name=\"twitter:data2\" content=\"2 minutos\" \/>\n<script type=\"application\/ld+json\" class=\"yoast-schema-graph\">{\"@context\":\"https:\/\/schema.org\",\"@graph\":[{\"@type\":\"WebSite\",\"@id\":\"https:\/\/franciscanos.org.br\/vidacrista\/#website\",\"url\":\"https:\/\/franciscanos.org.br\/vidacrista\/\",\"name\":\"Vida Crist\u00e3 - Franciscanos\",\"description\":\"Prov\u00edncia Franciscana da Imaculada Concei\u00e7\u00e3o do Brasil - Ordem dos Frades Menores\",\"potentialAction\":[{\"@type\":\"SearchAction\",\"target\":{\"@type\":\"EntryPoint\",\"urlTemplate\":\"https:\/\/franciscanos.org.br\/vidacrista\/?s={search_term_string}\"},\"query-input\":\"required name=search_term_string\"}],\"inLanguage\":\"pt-BR\"},{\"@type\":\"WebPage\",\"@id\":\"https:\/\/franciscanos.org.br\/vidacrista\/o-misterio-da-agua-na-vida-de-jesus\/\",\"url\":\"https:\/\/franciscanos.org.br\/vidacrista\/o-misterio-da-agua-na-vida-de-jesus\/\",\"name\":\"O mist\u00e9rio da \u00e1gua na vida de Jesus - Vida Crist\u00e3 - Franciscanos\",\"isPartOf\":{\"@id\":\"https:\/\/franciscanos.org.br\/vidacrista\/#website\"},\"datePublished\":\"2018-02-02T09:11:50+00:00\",\"dateModified\":\"2019-03-01T16:39:53+00:00\",\"author\":{\"@id\":\"https:\/\/franciscanos.org.br\/vidacrista\/#\/schema\/person\/133632ca93cec555316a35f76ab4153b\"},\"breadcrumb\":{\"@id\":\"https:\/\/franciscanos.org.br\/vidacrista\/o-misterio-da-agua-na-vida-de-jesus\/#breadcrumb\"},\"inLanguage\":\"pt-BR\",\"potentialAction\":[{\"@type\":\"ReadAction\",\"target\":[\"https:\/\/franciscanos.org.br\/vidacrista\/o-misterio-da-agua-na-vida-de-jesus\/\"]}]},{\"@type\":\"BreadcrumbList\",\"@id\":\"https:\/\/franciscanos.org.br\/vidacrista\/o-misterio-da-agua-na-vida-de-jesus\/#breadcrumb\",\"itemListElement\":[{\"@type\":\"ListItem\",\"position\":1,\"name\":\"Home\",\"item\":\"https:\/\/franciscanos.org.br\/vidacrista\/\"},{\"@type\":\"ListItem\",\"position\":2,\"name\":\"O mist\u00e9rio da \u00e1gua na vida de Jesus\"}]},{\"@type\":\"Person\",\"@id\":\"https:\/\/franciscanos.org.br\/vidacrista\/#\/schema\/person\/133632ca93cec555316a35f76ab4153b\",\"name\":\"admin\",\"image\":{\"@type\":\"ImageObject\",\"inLanguage\":\"pt-BR\",\"@id\":\"https:\/\/franciscanos.org.br\/vidacrista\/#\/schema\/person\/image\/\",\"url\":\"https:\/\/secure.gravatar.com\/avatar\/e8495742d34d0ba6448ea1c628263b3e?s=96&d=mm&r=g\",\"contentUrl\":\"https:\/\/secure.gravatar.com\/avatar\/e8495742d34d0ba6448ea1c628263b3e?s=96&d=mm&r=g\",\"caption\":\"admin\"},\"url\":\"https:\/\/franciscanos.org.br\/vidacrista\/author\/admin\/\"}]}<\/script>\n<!-- \/ Yoast SEO plugin. -->","yoast_head_json":{"title":"O mist\u00e9rio da \u00e1gua na vida de Jesus - Vida Crist\u00e3 - Franciscanos","robots":{"index":"index","follow":"follow","max-snippet":"max-snippet:-1","max-image-preview":"max-image-preview:large","max-video-preview":"max-video-preview:-1"},"canonical":"https:\/\/franciscanos.org.br\/vidacrista\/o-misterio-da-agua-na-vida-de-jesus\/","og_locale":"pt_BR","og_type":"article","og_title":"O mist\u00e9rio da \u00e1gua na vida de Jesus - Vida Crist\u00e3 - Franciscanos","og_description":"1\u00aa Sexta-feira do M\u00eas","og_url":"https:\/\/franciscanos.org.br\/vidacrista\/o-misterio-da-agua-na-vida-de-jesus\/","og_site_name":"Vida Crist\u00e3 - Franciscanos","article_published_time":"2018-02-02T09:11:50+00:00","article_modified_time":"2019-03-01T16:39:53+00:00","og_image":[{"width":273,"height":181,"url":"https:\/\/franciscanos.org.br\/vidacrista\/wp-content\/uploads\/2018\/02\/sagrado_020218.jpg","type":"image\/jpeg"}],"author":"admin","twitter_card":"summary_large_image","twitter_misc":{"Escrito por":"admin","Est. tempo de leitura":"2 minutos"},"schema":{"@context":"https:\/\/schema.org","@graph":[{"@type":"WebSite","@id":"https:\/\/franciscanos.org.br\/vidacrista\/#website","url":"https:\/\/franciscanos.org.br\/vidacrista\/","name":"Vida Crist\u00e3 - Franciscanos","description":"Prov\u00edncia Franciscana da Imaculada Concei\u00e7\u00e3o do Brasil - Ordem dos Frades Menores","potentialAction":[{"@type":"SearchAction","target":{"@type":"EntryPoint","urlTemplate":"https:\/\/franciscanos.org.br\/vidacrista\/?s={search_term_string}"},"query-input":"required name=search_term_string"}],"inLanguage":"pt-BR"},{"@type":"WebPage","@id":"https:\/\/franciscanos.org.br\/vidacrista\/o-misterio-da-agua-na-vida-de-jesus\/","url":"https:\/\/franciscanos.org.br\/vidacrista\/o-misterio-da-agua-na-vida-de-jesus\/","name":"O mist\u00e9rio da \u00e1gua na vida de Jesus - Vida Crist\u00e3 - Franciscanos","isPartOf":{"@id":"https:\/\/franciscanos.org.br\/vidacrista\/#website"},"datePublished":"2018-02-02T09:11:50+00:00","dateModified":"2019-03-01T16:39:53+00:00","author":{"@id":"https:\/\/franciscanos.org.br\/vidacrista\/#\/schema\/person\/133632ca93cec555316a35f76ab4153b"},"breadcrumb":{"@id":"https:\/\/franciscanos.org.br\/vidacrista\/o-misterio-da-agua-na-vida-de-jesus\/#breadcrumb"},"inLanguage":"pt-BR","potentialAction":[{"@type":"ReadAction","target":["https:\/\/franciscanos.org.br\/vidacrista\/o-misterio-da-agua-na-vida-de-jesus\/"]}]},{"@type":"BreadcrumbList","@id":"https:\/\/franciscanos.org.br\/vidacrista\/o-misterio-da-agua-na-vida-de-jesus\/#breadcrumb","itemListElement":[{"@type":"ListItem","position":1,"name":"Home","item":"https:\/\/franciscanos.org.br\/vidacrista\/"},{"@type":"ListItem","position":2,"name":"O mist\u00e9rio da \u00e1gua na vida de Jesus"}]},{"@type":"Person","@id":"https:\/\/franciscanos.org.br\/vidacrista\/#\/schema\/person\/133632ca93cec555316a35f76ab4153b","name":"admin","image":{"@type":"ImageObject","inLanguage":"pt-BR","@id":"https:\/\/franciscanos.org.br\/vidacrista\/#\/schema\/person\/image\/","url":"https:\/\/secure.gravatar.com\/avatar\/e8495742d34d0ba6448ea1c628263b3e?s=96&d=mm&r=g","contentUrl":"https:\/\/secure.gravatar.com\/avatar\/e8495742d34d0ba6448ea1c628263b3e?s=96&d=mm&r=g","caption":"admin"},"url":"https:\/\/franciscanos.org.br\/vidacrista\/author\/admin\/"}]}},"_links":{"self":[{"href":"https:\/\/franciscanos.org.br\/vidacrista\/wp-json\/wp\/v2\/posts\/150559"}],"collection":[{"href":"https:\/\/franciscanos.org.br\/vidacrista\/wp-json\/wp\/v2\/posts"}],"about":[{"href":"https:\/\/franciscanos.org.br\/vidacrista\/wp-json\/wp\/v2\/types\/post"}],"author":[{"embeddable":true,"href":"https:\/\/franciscanos.org.br\/vidacrista\/wp-json\/wp\/v2\/users\/1"}],"replies":[{"embeddable":true,"href":"https:\/\/franciscanos.org.br\/vidacrista\/wp-json\/wp\/v2\/comments?post=150559"}],"version-history":[{"count":1,"href":"https:\/\/franciscanos.org.br\/vidacrista\/wp-json\/wp\/v2\/posts\/150559\/revisions"}],"predecessor-version":[{"id":178130,"href":"https:\/\/franciscanos.org.br\/vidacrista\/wp-json\/wp\/v2\/posts\/150559\/revisions\/178130"}],"wp:featuredmedia":[{"embeddable":true,"href":"https:\/\/franciscanos.org.br\/vidacrista\/wp-json\/wp\/v2\/media\/178195"}],"wp:attachment":[{"href":"https:\/\/franciscanos.org.br\/vidacrista\/wp-json\/wp\/v2\/media?parent=150559"}],"wp:term":[{"taxonomy":"category","embeddable":true,"href":"https:\/\/franciscanos.org.br\/vidacrista\/wp-json\/wp\/v2\/categories?post=150559"},{"taxonomy":"post_tag","embeddable":true,"href":"https:\/\/franciscanos.org.br\/vidacrista\/wp-json\/wp\/v2\/tags?post=150559"}],"curies":[{"name":"wp","href":"https:\/\/api.w.org\/{rel}","templated":true}]}}