{"id":148272,"date":"2018-01-05T09:05:55","date_gmt":"2018-01-05T11:05:55","guid":{"rendered":"http:\/\/franciscanos.org.br\/?p=148272"},"modified":"2019-03-01T13:14:46","modified_gmt":"2019-03-01T16:14:46","slug":"os-tesouros-do-coracao-do-senhor","status":"publish","type":"post","link":"https:\/\/franciscanos.org.br\/vidacrista\/os-tesouros-do-coracao-do-senhor\/","title":{"rendered":"&#8220;Os tesouros do Cora\u00e7\u00e3o do Senhor&#8221;"},"content":{"rendered":"<p><img decoding=\"async\" loading=\"lazy\" class=\"alignnone size-full wp-image-148273\" src=\"http:\/\/franciscanos.org.br\/wp-content\/uploads\/2018\/01\/jesus_cor_030118.jpg\" alt=\"jesus_cor_030118\" width=\"830\" height=\"491\" \/><\/p>\n<blockquote><p>Em Cristo est\u00e3o escondidos todos os tesouros da sabedoria e da ci\u00eancia de Deus (Colossenses 2,3)<\/p><\/blockquote>\n<p>N\u00e3o \u00e9 poss\u00edvel esgotar toda riqueza, profundidade e magnanimidade que se alojam em Cristo Jesus, nosso Mestre e Senhor, aquele que vive e que nos chama. Andamos atr\u00e1s dele. A convite do Papa Francisco estamos voltando ao Evangelho, \u00e0 Boa Nova que \u00e9 ele. N\u00e3o se conhece a Cristo t\u00e3o somente pelo estudos, dogmas ou pelo perscrutar de doutrinas. H\u00e1 um conhecimento sapiencial e m\u00edstico.<\/p>\n<p>Os tesouros do cora\u00e7\u00e3o da Redentor se manifestam por sinais e palavras. H\u00e1 o sinal de seu nascimento simples e singelo. H\u00e1 posicionamentos l\u00edmpidos de bondade para os jogados \u00e0 beira da estrada e por todos os que mostram um cora\u00e7\u00e3o dilacerado. H\u00e1 essa aten\u00e7\u00e3o aos Zaqueus e Pr\u00f3digos. Tudo indica, no entanto, que os tesouros mais \u00edntimos de seu bem-querer se revelam em sua entrega na cruz e, ali, em seu peito aberto. O cora\u00e7\u00e3o do Senhor esconde os tesouros da ci\u00eancia e sabedoria de Deus.<\/p>\n<p>Ca\u00edram sob meus olhos palavras fortes e densas de S\u00e3o Jo\u00e3o da Cruz. Temos que sair da superficialidade. N\u00e3o fiquemos repetindo f\u00f3rmulas por mais belas que sejam a respeito do amor do Senhor. \u00c9 pouco. \u201c\u00c9 preciso cavar fundo em Cristo, que se assemelha a uma mina riqu\u00edssima, contendo em si os maiores tesouros; nessa mina, por mais que algu\u00e9m cave em profundidade, nunca encontra fim ou termo. Ao contr\u00e1rio, em toda cavidade aqui e ali, novos veios de novas riquezas\u201d.<\/p>\n<p>N\u00e3o somos, \u00e9 claro, homens e mulheres da &#8220;religi\u00e3o da sexta-feira das dores e da paix\u00e3o&#8221;. Somos disc\u00edpulos do Ressuscitado. A cruz e o sofrimento, as labutas vividas por Cristo e por n\u00f3s n\u00e3o podem, no entanto, deixar de serem levadas em considera\u00e7\u00e3o. Por meio dela penetramos mais e mais no mist\u00e9rio do amor de Cristo. N\u00e3o somos &#8220;doloristas&#8221;, mas n\u00e3o fazemos economia da estrada da cruz.<\/p>\n<p>Novamente damos a palavra a S\u00e3o Jo\u00e3o da Cruz: \u201cQuem dera reconhecessem os homens ser totalmente imposs\u00edvel chegar \u00e0 espessura das riquezas e da sabedoria de Deus! Importa antes entrar na espessura das labutas, suportar muitos sofrimentos, a ponto de renunciar \u00e0 consola\u00e7\u00e3o e ao desejo dela. Com quanta raz\u00e3o a alma, sedenta da divina sabedoria, escolhe antes e verdade entrar na espessura da cruz\u201d.<\/p>\n<p>Nesta reflex\u00e3o cabe recorrer a outro texto de Paulo. Fala do crescimento do homem interior: \u201cQue Cristo habite pela f\u00e9 em vossos cora\u00e7\u00f5es, arraigados e consolidados no amor, a fim de que possais com todos os santos compreender a largura, o comprimento, a altura e a profundidade, e conhecer o amor de Cristo que supera todo conhecimento para que sejais cheios de toda a plenitude de Deus\u201d (Ef\u00e9sios 3, 17-19).<\/p>\n<p>Terminemos ainda com S\u00e3o Jo\u00e3o da Cruz: \u201cJ\u00e1 que a porta por onde se pode entrar at\u00e9 essa preciosa sabedoria \u00e9 a cruz, e \u00e9 porta estreita, muitos s\u00e3o os que cobi\u00e7am as del\u00edcias que por ela se alcan\u00e7am; pouqu\u00edssimos os que por ela desejam entrar\u201d.<\/p>\n<p><strong>Frei Almir Guimar\u00e3es<\/strong><\/p>\n<blockquote><p>Obs.: As cita\u00e7\u00f5es de S\u00e3o Jo\u00e3o da Cruz foram tiradas da Liturgia das Horas I, p. 1072-1073.<\/p><\/blockquote>\n","protected":false},"excerpt":{"rendered":"<p>1\u00aa Sexta-feira do M\u00eas<\/p>\n","protected":false},"author":1,"featured_media":178117,"comment_status":"open","ping_status":"open","sticky":false,"template":"","format":"standard","meta":{"footnotes":""},"categories":[105],"tags":[106,112],"yoast_head":"<!-- This site is optimized with the Yoast SEO plugin v19.4 - https:\/\/yoast.com\/wordpress\/plugins\/seo\/ -->\n<title>&quot;Os tesouros do Cora\u00e7\u00e3o do Senhor&quot; - Vida Crist\u00e3 - Franciscanos<\/title>\n<meta name=\"robots\" content=\"index, follow, max-snippet:-1, max-image-preview:large, max-video-preview:-1\" \/>\n<link rel=\"canonical\" href=\"https:\/\/franciscanos.org.br\/vidacrista\/os-tesouros-do-coracao-do-senhor\/\" \/>\n<meta property=\"og:locale\" content=\"pt_BR\" \/>\n<meta property=\"og:type\" content=\"article\" \/>\n<meta property=\"og:title\" content=\"&quot;Os tesouros do Cora\u00e7\u00e3o do Senhor&quot; - Vida Crist\u00e3 - Franciscanos\" \/>\n<meta property=\"og:description\" content=\"1\u00aa Sexta-feira do M\u00eas\" \/>\n<meta property=\"og:url\" content=\"https:\/\/franciscanos.org.br\/vidacrista\/os-tesouros-do-coracao-do-senhor\/\" \/>\n<meta property=\"og:site_name\" content=\"Vida Crist\u00e3 - Franciscanos\" \/>\n<meta property=\"article:published_time\" content=\"2018-01-05T11:05:55+00:00\" \/>\n<meta property=\"article:modified_time\" content=\"2019-03-01T16:14:46+00:00\" \/>\n<meta property=\"og:image\" content=\"https:\/\/franciscanos.org.br\/vidacrista\/wp-content\/uploads\/2018\/01\/sagrado_050118.jpg\" \/>\n\t<meta property=\"og:image:width\" content=\"273\" \/>\n\t<meta property=\"og:image:height\" content=\"181\" \/>\n\t<meta property=\"og:image:type\" content=\"image\/jpeg\" \/>\n<meta name=\"author\" content=\"admin\" \/>\n<meta name=\"twitter:card\" content=\"summary_large_image\" \/>\n<meta name=\"twitter:label1\" content=\"Escrito por\" \/>\n\t<meta name=\"twitter:data1\" content=\"admin\" \/>\n\t<meta name=\"twitter:label2\" content=\"Est. tempo de leitura\" \/>\n\t<meta name=\"twitter:data2\" content=\"3 minutos\" \/>\n<script type=\"application\/ld+json\" class=\"yoast-schema-graph\">{\"@context\":\"https:\/\/schema.org\",\"@graph\":[{\"@type\":\"WebSite\",\"@id\":\"https:\/\/franciscanos.org.br\/vidacrista\/#website\",\"url\":\"https:\/\/franciscanos.org.br\/vidacrista\/\",\"name\":\"Vida Crist\u00e3 - Franciscanos\",\"description\":\"Prov\u00edncia Franciscana da Imaculada Concei\u00e7\u00e3o do Brasil - Ordem dos Frades Menores\",\"potentialAction\":[{\"@type\":\"SearchAction\",\"target\":{\"@type\":\"EntryPoint\",\"urlTemplate\":\"https:\/\/franciscanos.org.br\/vidacrista\/?s={search_term_string}\"},\"query-input\":\"required name=search_term_string\"}],\"inLanguage\":\"pt-BR\"},{\"@type\":\"WebPage\",\"@id\":\"https:\/\/franciscanos.org.br\/vidacrista\/os-tesouros-do-coracao-do-senhor\/\",\"url\":\"https:\/\/franciscanos.org.br\/vidacrista\/os-tesouros-do-coracao-do-senhor\/\",\"name\":\"\\\"Os tesouros do Cora\u00e7\u00e3o do Senhor\\\" - Vida Crist\u00e3 - Franciscanos\",\"isPartOf\":{\"@id\":\"https:\/\/franciscanos.org.br\/vidacrista\/#website\"},\"datePublished\":\"2018-01-05T11:05:55+00:00\",\"dateModified\":\"2019-03-01T16:14:46+00:00\",\"author\":{\"@id\":\"https:\/\/franciscanos.org.br\/vidacrista\/#\/schema\/person\/133632ca93cec555316a35f76ab4153b\"},\"breadcrumb\":{\"@id\":\"https:\/\/franciscanos.org.br\/vidacrista\/os-tesouros-do-coracao-do-senhor\/#breadcrumb\"},\"inLanguage\":\"pt-BR\",\"potentialAction\":[{\"@type\":\"ReadAction\",\"target\":[\"https:\/\/franciscanos.org.br\/vidacrista\/os-tesouros-do-coracao-do-senhor\/\"]}]},{\"@type\":\"BreadcrumbList\",\"@id\":\"https:\/\/franciscanos.org.br\/vidacrista\/os-tesouros-do-coracao-do-senhor\/#breadcrumb\",\"itemListElement\":[{\"@type\":\"ListItem\",\"position\":1,\"name\":\"Home\",\"item\":\"https:\/\/franciscanos.org.br\/vidacrista\/\"},{\"@type\":\"ListItem\",\"position\":2,\"name\":\"&#8220;Os tesouros do Cora\u00e7\u00e3o do Senhor&#8221;\"}]},{\"@type\":\"Person\",\"@id\":\"https:\/\/franciscanos.org.br\/vidacrista\/#\/schema\/person\/133632ca93cec555316a35f76ab4153b\",\"name\":\"admin\",\"image\":{\"@type\":\"ImageObject\",\"inLanguage\":\"pt-BR\",\"@id\":\"https:\/\/franciscanos.org.br\/vidacrista\/#\/schema\/person\/image\/\",\"url\":\"https:\/\/secure.gravatar.com\/avatar\/e8495742d34d0ba6448ea1c628263b3e?s=96&d=mm&r=g\",\"contentUrl\":\"https:\/\/secure.gravatar.com\/avatar\/e8495742d34d0ba6448ea1c628263b3e?s=96&d=mm&r=g\",\"caption\":\"admin\"},\"url\":\"https:\/\/franciscanos.org.br\/vidacrista\/author\/admin\/\"}]}<\/script>\n<!-- \/ Yoast SEO plugin. -->","yoast_head_json":{"title":"\"Os tesouros do Cora\u00e7\u00e3o do Senhor\" - Vida Crist\u00e3 - Franciscanos","robots":{"index":"index","follow":"follow","max-snippet":"max-snippet:-1","max-image-preview":"max-image-preview:large","max-video-preview":"max-video-preview:-1"},"canonical":"https:\/\/franciscanos.org.br\/vidacrista\/os-tesouros-do-coracao-do-senhor\/","og_locale":"pt_BR","og_type":"article","og_title":"\"Os tesouros do Cora\u00e7\u00e3o do Senhor\" - Vida Crist\u00e3 - Franciscanos","og_description":"1\u00aa Sexta-feira do M\u00eas","og_url":"https:\/\/franciscanos.org.br\/vidacrista\/os-tesouros-do-coracao-do-senhor\/","og_site_name":"Vida Crist\u00e3 - Franciscanos","article_published_time":"2018-01-05T11:05:55+00:00","article_modified_time":"2019-03-01T16:14:46+00:00","og_image":[{"width":273,"height":181,"url":"https:\/\/franciscanos.org.br\/vidacrista\/wp-content\/uploads\/2018\/01\/sagrado_050118.jpg","type":"image\/jpeg"}],"author":"admin","twitter_card":"summary_large_image","twitter_misc":{"Escrito por":"admin","Est. tempo de leitura":"3 minutos"},"schema":{"@context":"https:\/\/schema.org","@graph":[{"@type":"WebSite","@id":"https:\/\/franciscanos.org.br\/vidacrista\/#website","url":"https:\/\/franciscanos.org.br\/vidacrista\/","name":"Vida Crist\u00e3 - Franciscanos","description":"Prov\u00edncia Franciscana da Imaculada Concei\u00e7\u00e3o do Brasil - Ordem dos Frades Menores","potentialAction":[{"@type":"SearchAction","target":{"@type":"EntryPoint","urlTemplate":"https:\/\/franciscanos.org.br\/vidacrista\/?s={search_term_string}"},"query-input":"required name=search_term_string"}],"inLanguage":"pt-BR"},{"@type":"WebPage","@id":"https:\/\/franciscanos.org.br\/vidacrista\/os-tesouros-do-coracao-do-senhor\/","url":"https:\/\/franciscanos.org.br\/vidacrista\/os-tesouros-do-coracao-do-senhor\/","name":"\"Os tesouros do Cora\u00e7\u00e3o do Senhor\" - Vida Crist\u00e3 - Franciscanos","isPartOf":{"@id":"https:\/\/franciscanos.org.br\/vidacrista\/#website"},"datePublished":"2018-01-05T11:05:55+00:00","dateModified":"2019-03-01T16:14:46+00:00","author":{"@id":"https:\/\/franciscanos.org.br\/vidacrista\/#\/schema\/person\/133632ca93cec555316a35f76ab4153b"},"breadcrumb":{"@id":"https:\/\/franciscanos.org.br\/vidacrista\/os-tesouros-do-coracao-do-senhor\/#breadcrumb"},"inLanguage":"pt-BR","potentialAction":[{"@type":"ReadAction","target":["https:\/\/franciscanos.org.br\/vidacrista\/os-tesouros-do-coracao-do-senhor\/"]}]},{"@type":"BreadcrumbList","@id":"https:\/\/franciscanos.org.br\/vidacrista\/os-tesouros-do-coracao-do-senhor\/#breadcrumb","itemListElement":[{"@type":"ListItem","position":1,"name":"Home","item":"https:\/\/franciscanos.org.br\/vidacrista\/"},{"@type":"ListItem","position":2,"name":"&#8220;Os tesouros do Cora\u00e7\u00e3o do Senhor&#8221;"}]},{"@type":"Person","@id":"https:\/\/franciscanos.org.br\/vidacrista\/#\/schema\/person\/133632ca93cec555316a35f76ab4153b","name":"admin","image":{"@type":"ImageObject","inLanguage":"pt-BR","@id":"https:\/\/franciscanos.org.br\/vidacrista\/#\/schema\/person\/image\/","url":"https:\/\/secure.gravatar.com\/avatar\/e8495742d34d0ba6448ea1c628263b3e?s=96&d=mm&r=g","contentUrl":"https:\/\/secure.gravatar.com\/avatar\/e8495742d34d0ba6448ea1c628263b3e?s=96&d=mm&r=g","caption":"admin"},"url":"https:\/\/franciscanos.org.br\/vidacrista\/author\/admin\/"}]}},"_links":{"self":[{"href":"https:\/\/franciscanos.org.br\/vidacrista\/wp-json\/wp\/v2\/posts\/148272"}],"collection":[{"href":"https:\/\/franciscanos.org.br\/vidacrista\/wp-json\/wp\/v2\/posts"}],"about":[{"href":"https:\/\/franciscanos.org.br\/vidacrista\/wp-json\/wp\/v2\/types\/post"}],"author":[{"embeddable":true,"href":"https:\/\/franciscanos.org.br\/vidacrista\/wp-json\/wp\/v2\/users\/1"}],"replies":[{"embeddable":true,"href":"https:\/\/franciscanos.org.br\/vidacrista\/wp-json\/wp\/v2\/comments?post=148272"}],"version-history":[{"count":2,"href":"https:\/\/franciscanos.org.br\/vidacrista\/wp-json\/wp\/v2\/posts\/148272\/revisions"}],"predecessor-version":[{"id":178119,"href":"https:\/\/franciscanos.org.br\/vidacrista\/wp-json\/wp\/v2\/posts\/148272\/revisions\/178119"}],"wp:featuredmedia":[{"embeddable":true,"href":"https:\/\/franciscanos.org.br\/vidacrista\/wp-json\/wp\/v2\/media\/178117"}],"wp:attachment":[{"href":"https:\/\/franciscanos.org.br\/vidacrista\/wp-json\/wp\/v2\/media?parent=148272"}],"wp:term":[{"taxonomy":"category","embeddable":true,"href":"https:\/\/franciscanos.org.br\/vidacrista\/wp-json\/wp\/v2\/categories?post=148272"},{"taxonomy":"post_tag","embeddable":true,"href":"https:\/\/franciscanos.org.br\/vidacrista\/wp-json\/wp\/v2\/tags?post=148272"}],"curies":[{"name":"wp","href":"https:\/\/api.w.org\/{rel}","templated":true}]}}