{"id":146162,"date":"2017-11-29T08:09:13","date_gmt":"2017-11-29T10:09:13","guid":{"rendered":"http:\/\/franciscanos.org.br\/?p=146162"},"modified":"2021-09-03T17:54:17","modified_gmt":"2021-09-03T20:54:17","slug":"concepcao-do-ser-humano-nos-limites-de-uma-ecologia-integral","status":"publish","type":"post","link":"https:\/\/franciscanos.org.br\/vidacrista\/concepcao-do-ser-humano-nos-limites-de-uma-ecologia-integral\/","title":{"rendered":"Concep\u00e7\u00e3o do ser humano nos limites de uma ecologia integral"},"content":{"rendered":"<p>&nbsp;<\/p>\n<p><strong>Leonardo Boff (*)<\/strong><\/p>\n<p>Em sua enc\u00edclica sobre \u201cO Cuidado da Casa Comum\u201d, o Papa Francisco submeteu a uma rigorosa cr\u00edtica o cl\u00e1ssico antropocentrismo de nossa cultura a partir de uma vis\u00e3o de uma ecologia integral, cosmocentrada, dentro da qual o ser humano comparece como parte do Todo e da natureza. Isso nos convida a revisarmos nossa compreens\u00e3o do ser humano nos limites desta ecologia integral. Cabe enfatizar que as contribui\u00e7\u00f5es das ci\u00eancias da Terra e da vida, subjacentes ao texto papal, vem englobadas pela teoria da evolu\u00e7\u00e3o ampliada embora n\u00e3o a cita explicitamente. Elas nos trouxeram vis\u00f5es complexas e totalizadoras, inserindo-nos como um momento do processo global, f\u00edsico, qu\u00edmico, biol\u00f3gico e cultural.<\/p>\n<p>Ap\u00f3s todos estes conhecimentos nos perguntamos, n\u00e3o sem certa perplexidade: quem somos, afinal enquanto humanos? Tentanto responder, vamos logo dizendo: o ser humano \u00e9 uma manifesta\u00e7\u00e3o da Energia de Fundo, donde tudo prov\u00e9m (V\u00e1cuo Qu\u00e2ntico ou Fonte Origin\u00e1ria de todo Ser); um ser c\u00f3smico, parte de um universo, possivelmente, entre outros paralelos, articulado em onze dimens\u00f5es (teoria das cordas); formado pelos mesmos elementos f\u00edsico-qu\u00edmicos e pelas mesmas energias que comp\u00f5em todos os seres; somos habitantes de uma gal\u00e1xia m\u00e9dia, uma entre duzentas bilh\u00f5es; circulando ao redor do Sol, estrela de quinta categoria, uma entre outras trezentas bilh\u00f5es, situada a 27 mil anos luz do centro da Via-L\u00e1ctea, no bra\u00e7o interior da aspiral de \u00d3rion; morando num planeta min\u00fasculo, a Terra, tida como um superorganismo vivo que funciona como um sistema que se autorregula, chamado Gaia.<\/p>\n<p>Somos um elo da corrente sagrada da vida; um animal do ramo dos vertebrados, sexuado, da classe dos mam\u00edferos, da ordem dos primatas, da fam\u00edlia dos<em> hominidas<\/em>, do g\u00eanero homo, da esp\u00e9cie <em>sapiens\/demens<\/em>; dotado de um corpo de 30 bilh\u00f5es de c\u00e9lulas e 40 bilh\u00f5es de bact\u00e9rias, continuamente renovado por um sistema gen\u00e9tico que se formou ao largo de 3,8 bilh\u00f5es de anos, a idade da vida; portador de tr\u00eas n\u00edveis de c\u00e9rebro com cerca cem bilh\u00f5es de neur\u00f4nios: o reptiliano, surgido h\u00e1 300 milh\u00f5es de anos, que responde pelos movimentos instintivos, ao redor do qual se formou o c\u00e9rebro l\u00edmbico, respons\u00e1vel pela nossa afetividade, h\u00e1 220 milh\u00f5es de anos, e por fim, completado pelo c\u00e9rebro neocortical, surgido h\u00e1 cerca de 7-8 milh\u00f5es de anos, com o qual organizamos conceptualmente o mundo.<\/p>\n<p>Portador da psiqu\u00e9 com a mesma ancestralidade do corpo, que lhe permite ser sujeito, psiqu\u00e9 habitada por todo tipo de emo\u00e7\u00f5es e estruturada pelo princ\u00edpio do desejo, com arqu\u00e9tipos ancestrais e coroada pelo o esp\u00edrito que \u00e9 aquele momento da consci\u00eancia pelo qual se sente parte de um Todo maior, que o faz sempre aberto ao outro e ao infinito; capaz de intervir na natureza, e assim de fazer cultura, de criar e captar significados e valores e se indagar sobre o sentido derradeiro do Todo e da Terra, hoje em sua fase planet\u00e1ria, rumo \u00e0 noosfera pela qual mentes e cora\u00e7\u00f5es convergir\u00e3o numa Humanidade unificada.<\/p>\n<p>Ningu\u00e9m melhor que Pascal (+1662) para expressar o ser complexo que somos: \u201cQue \u00e9 o ser humano na natureza? Um nada diante do infinito, e um tudo diante do nada, um elo entre o nada e o tudo, mas incapaz de ver o nada de onde \u00e9 tirado e o infinito para onde \u00e9 atraido\u201d. Nele se cruzam os tr\u00eas infinitos: o infinitamente pequeno, o infinitamente grande e o infinitamente complexo (Chardin). Sendo isso tudo, sentimo-nos inteiros mas incompletos e ainda nascendo pois percebemo-nos cheios de virtualidades que for\u00e7am por vir \u00e0 tona. Estamos sempre na pr\u00e9-hist\u00f3ria de n\u00f3s mesmos. E apesar disso experimentamo-nos um projeto infinito que reclama seu objeto adequado, tamb\u00e9m infinito, que costumamos chamar de Deus ou de outro nome.<\/p>\n<p>E somos destinados \u00e0 morte. Custa-nos acolher a morte como parte da vida e a dramaticidade do destino humano. Pelo amor, pela arte e pela f\u00e9 pressentimos que a morte n\u00e3o \u00e9 um fim, mas uma inven\u00e7\u00e3o da pr\u00f3pria vida para nos transfiguramos atrav\u00e9s dela. E suspeitamos que no balan\u00e7o final das coisas, um pequeno gesto de amor verdadeiro e incondicional vale mais que toda a mat\u00e9ria e a energia do universo juntas. Por isso, s\u00f3 vale falar, crer e esperar em Deus se Ele for sentido como prolongamento do amor, na forma do infinito.<\/p>\n<p>Pertence \u00e0 singularidade do ser humano n\u00e3o apenas apreender uma Presen\u00e7a, Deus, perpassando todos os seres, sen\u00e3o entreter com ele um di\u00e1logo de amizade e de amor. Intui que Ele seja o correspondente ao infinito desejo que sente, Infinito que lhe \u00e9 adequado e no qual pode repousar.<\/p>\n<p>Esse Deus n\u00e3o \u00e9 um objeto entre outros, nem uma energia qualquer entre outras. Se assim fosse poderia ser detectado pela ci\u00eancia. E n\u00e3o seria o Deus da experi\u00eancia oce\u00e2nia que n\u00e3o cabe em nenhuma f\u00f3rmula. Ele comparece como aquele suporte, cuja natureza \u00e9 Mist\u00e9rio, que tudo sustenta, alimenta e mantem na exist\u00eancia. Sem Ele tudo voltaria ao nada ou ao V\u00e1cuo Qu\u00e2ntico de onde irrompeu. Ele \u00e9 a for\u00e7a pela qual o pensamento pensa, mas que n\u00e3o pode ser pensada. O olho que tudo v\u00ea mas que n\u00e3o pode ser visto. Ele \u00e9 o Mist\u00e9rio sempre conhecido e sempre por conhecer indefinidamente. Ele perpassa e penetra at\u00e9 as entranhas de cada ser humano e do inteiro universo.<\/p>\n<p>Podemos pensar, meditar e interiorizar essa complexa Realidade, feita de realidades. Mas \u00e9 nessa dire\u00e7\u00e3o deve ser concebido o ser humano. Quem ele \u00e9 e qual \u00e9 o seu destino derradeiro se perde no Incognosc\u00edvel, sempre de alguma forma cognoc\u00edvel, que \u00e9 o espa\u00e7o do Mist\u00e9rio de Deus ou do Deus do Mist\u00e9rio. Somos seres sempre sendo indefinidamente. Por isso \u00e9 uma equa\u00e7\u00e3o que nunca se fecha e que permanece sempre em aberto. Quem revelar\u00e1 quem somos? Ningu\u00e9m nos quadros do mundo assim como existe e de uma ecologia por mais integral que se apresente.<\/p>\n<p><em>(*) Leonardo Boff \u00e9 articulista do JB on line filosofo e escritor<\/em><\/p>\n","protected":false},"excerpt":{"rendered":"<p>Artigo de Leonardo Boff<\/p>\n","protected":false},"author":1,"featured_media":0,"comment_status":"open","ping_status":"open","sticky":false,"template":"","format":"standard","meta":{"footnotes":""},"categories":[26],"tags":[59],"yoast_head":"<!-- This site is optimized with the Yoast SEO plugin v19.4 - https:\/\/yoast.com\/wordpress\/plugins\/seo\/ -->\n<title>Concep\u00e7\u00e3o do ser humano nos limites de uma ecologia integral - Vida Crist\u00e3 - Franciscanos<\/title>\n<meta name=\"robots\" content=\"index, follow, max-snippet:-1, max-image-preview:large, max-video-preview:-1\" \/>\n<link rel=\"canonical\" href=\"https:\/\/franciscanos.org.br\/vidacrista\/concepcao-do-ser-humano-nos-limites-de-uma-ecologia-integral\/\" \/>\n<meta property=\"og:locale\" content=\"pt_BR\" \/>\n<meta property=\"og:type\" content=\"article\" \/>\n<meta property=\"og:title\" content=\"Concep\u00e7\u00e3o do ser humano nos limites de uma ecologia integral - Vida Crist\u00e3 - Franciscanos\" \/>\n<meta property=\"og:description\" content=\"Artigo de Leonardo Boff\" \/>\n<meta property=\"og:url\" content=\"https:\/\/franciscanos.org.br\/vidacrista\/concepcao-do-ser-humano-nos-limites-de-uma-ecologia-integral\/\" \/>\n<meta property=\"og:site_name\" content=\"Vida Crist\u00e3 - Franciscanos\" \/>\n<meta property=\"article:published_time\" content=\"2017-11-29T10:09:13+00:00\" \/>\n<meta property=\"article:modified_time\" content=\"2021-09-03T20:54:17+00:00\" \/>\n<meta name=\"author\" content=\"admin\" \/>\n<meta name=\"twitter:card\" content=\"summary_large_image\" \/>\n<meta name=\"twitter:label1\" content=\"Escrito por\" \/>\n\t<meta name=\"twitter:data1\" content=\"admin\" \/>\n\t<meta name=\"twitter:label2\" content=\"Est. tempo de leitura\" \/>\n\t<meta name=\"twitter:data2\" content=\"5 minutos\" \/>\n<script type=\"application\/ld+json\" class=\"yoast-schema-graph\">{\"@context\":\"https:\/\/schema.org\",\"@graph\":[{\"@type\":\"WebSite\",\"@id\":\"https:\/\/franciscanos.org.br\/vidacrista\/#website\",\"url\":\"https:\/\/franciscanos.org.br\/vidacrista\/\",\"name\":\"Vida Crist\u00e3 - Franciscanos\",\"description\":\"Prov\u00edncia Franciscana da Imaculada Concei\u00e7\u00e3o do Brasil - Ordem dos Frades Menores\",\"potentialAction\":[{\"@type\":\"SearchAction\",\"target\":{\"@type\":\"EntryPoint\",\"urlTemplate\":\"https:\/\/franciscanos.org.br\/vidacrista\/?s={search_term_string}\"},\"query-input\":\"required name=search_term_string\"}],\"inLanguage\":\"pt-BR\"},{\"@type\":\"WebPage\",\"@id\":\"https:\/\/franciscanos.org.br\/vidacrista\/concepcao-do-ser-humano-nos-limites-de-uma-ecologia-integral\/\",\"url\":\"https:\/\/franciscanos.org.br\/vidacrista\/concepcao-do-ser-humano-nos-limites-de-uma-ecologia-integral\/\",\"name\":\"Concep\u00e7\u00e3o do ser humano nos limites de uma ecologia integral - Vida Crist\u00e3 - Franciscanos\",\"isPartOf\":{\"@id\":\"https:\/\/franciscanos.org.br\/vidacrista\/#website\"},\"datePublished\":\"2017-11-29T10:09:13+00:00\",\"dateModified\":\"2021-09-03T20:54:17+00:00\",\"author\":{\"@id\":\"https:\/\/franciscanos.org.br\/vidacrista\/#\/schema\/person\/133632ca93cec555316a35f76ab4153b\"},\"breadcrumb\":{\"@id\":\"https:\/\/franciscanos.org.br\/vidacrista\/concepcao-do-ser-humano-nos-limites-de-uma-ecologia-integral\/#breadcrumb\"},\"inLanguage\":\"pt-BR\",\"potentialAction\":[{\"@type\":\"ReadAction\",\"target\":[\"https:\/\/franciscanos.org.br\/vidacrista\/concepcao-do-ser-humano-nos-limites-de-uma-ecologia-integral\/\"]}]},{\"@type\":\"BreadcrumbList\",\"@id\":\"https:\/\/franciscanos.org.br\/vidacrista\/concepcao-do-ser-humano-nos-limites-de-uma-ecologia-integral\/#breadcrumb\",\"itemListElement\":[{\"@type\":\"ListItem\",\"position\":1,\"name\":\"Home\",\"item\":\"https:\/\/franciscanos.org.br\/vidacrista\/\"},{\"@type\":\"ListItem\",\"position\":2,\"name\":\"Concep\u00e7\u00e3o do ser humano nos limites de uma ecologia integral\"}]},{\"@type\":\"Person\",\"@id\":\"https:\/\/franciscanos.org.br\/vidacrista\/#\/schema\/person\/133632ca93cec555316a35f76ab4153b\",\"name\":\"admin\",\"image\":{\"@type\":\"ImageObject\",\"inLanguage\":\"pt-BR\",\"@id\":\"https:\/\/franciscanos.org.br\/vidacrista\/#\/schema\/person\/image\/\",\"url\":\"https:\/\/secure.gravatar.com\/avatar\/e8495742d34d0ba6448ea1c628263b3e?s=96&d=mm&r=g\",\"contentUrl\":\"https:\/\/secure.gravatar.com\/avatar\/e8495742d34d0ba6448ea1c628263b3e?s=96&d=mm&r=g\",\"caption\":\"admin\"},\"url\":\"https:\/\/franciscanos.org.br\/vidacrista\/author\/admin\/\"}]}<\/script>\n<!-- \/ Yoast SEO plugin. -->","yoast_head_json":{"title":"Concep\u00e7\u00e3o do ser humano nos limites de uma ecologia integral - Vida Crist\u00e3 - Franciscanos","robots":{"index":"index","follow":"follow","max-snippet":"max-snippet:-1","max-image-preview":"max-image-preview:large","max-video-preview":"max-video-preview:-1"},"canonical":"https:\/\/franciscanos.org.br\/vidacrista\/concepcao-do-ser-humano-nos-limites-de-uma-ecologia-integral\/","og_locale":"pt_BR","og_type":"article","og_title":"Concep\u00e7\u00e3o do ser humano nos limites de uma ecologia integral - Vida Crist\u00e3 - Franciscanos","og_description":"Artigo de Leonardo Boff","og_url":"https:\/\/franciscanos.org.br\/vidacrista\/concepcao-do-ser-humano-nos-limites-de-uma-ecologia-integral\/","og_site_name":"Vida Crist\u00e3 - Franciscanos","article_published_time":"2017-11-29T10:09:13+00:00","article_modified_time":"2021-09-03T20:54:17+00:00","author":"admin","twitter_card":"summary_large_image","twitter_misc":{"Escrito por":"admin","Est. tempo de leitura":"5 minutos"},"schema":{"@context":"https:\/\/schema.org","@graph":[{"@type":"WebSite","@id":"https:\/\/franciscanos.org.br\/vidacrista\/#website","url":"https:\/\/franciscanos.org.br\/vidacrista\/","name":"Vida Crist\u00e3 - Franciscanos","description":"Prov\u00edncia Franciscana da Imaculada Concei\u00e7\u00e3o do Brasil - Ordem dos Frades Menores","potentialAction":[{"@type":"SearchAction","target":{"@type":"EntryPoint","urlTemplate":"https:\/\/franciscanos.org.br\/vidacrista\/?s={search_term_string}"},"query-input":"required name=search_term_string"}],"inLanguage":"pt-BR"},{"@type":"WebPage","@id":"https:\/\/franciscanos.org.br\/vidacrista\/concepcao-do-ser-humano-nos-limites-de-uma-ecologia-integral\/","url":"https:\/\/franciscanos.org.br\/vidacrista\/concepcao-do-ser-humano-nos-limites-de-uma-ecologia-integral\/","name":"Concep\u00e7\u00e3o do ser humano nos limites de uma ecologia integral - Vida Crist\u00e3 - Franciscanos","isPartOf":{"@id":"https:\/\/franciscanos.org.br\/vidacrista\/#website"},"datePublished":"2017-11-29T10:09:13+00:00","dateModified":"2021-09-03T20:54:17+00:00","author":{"@id":"https:\/\/franciscanos.org.br\/vidacrista\/#\/schema\/person\/133632ca93cec555316a35f76ab4153b"},"breadcrumb":{"@id":"https:\/\/franciscanos.org.br\/vidacrista\/concepcao-do-ser-humano-nos-limites-de-uma-ecologia-integral\/#breadcrumb"},"inLanguage":"pt-BR","potentialAction":[{"@type":"ReadAction","target":["https:\/\/franciscanos.org.br\/vidacrista\/concepcao-do-ser-humano-nos-limites-de-uma-ecologia-integral\/"]}]},{"@type":"BreadcrumbList","@id":"https:\/\/franciscanos.org.br\/vidacrista\/concepcao-do-ser-humano-nos-limites-de-uma-ecologia-integral\/#breadcrumb","itemListElement":[{"@type":"ListItem","position":1,"name":"Home","item":"https:\/\/franciscanos.org.br\/vidacrista\/"},{"@type":"ListItem","position":2,"name":"Concep\u00e7\u00e3o do ser humano nos limites de uma ecologia integral"}]},{"@type":"Person","@id":"https:\/\/franciscanos.org.br\/vidacrista\/#\/schema\/person\/133632ca93cec555316a35f76ab4153b","name":"admin","image":{"@type":"ImageObject","inLanguage":"pt-BR","@id":"https:\/\/franciscanos.org.br\/vidacrista\/#\/schema\/person\/image\/","url":"https:\/\/secure.gravatar.com\/avatar\/e8495742d34d0ba6448ea1c628263b3e?s=96&d=mm&r=g","contentUrl":"https:\/\/secure.gravatar.com\/avatar\/e8495742d34d0ba6448ea1c628263b3e?s=96&d=mm&r=g","caption":"admin"},"url":"https:\/\/franciscanos.org.br\/vidacrista\/author\/admin\/"}]}},"_links":{"self":[{"href":"https:\/\/franciscanos.org.br\/vidacrista\/wp-json\/wp\/v2\/posts\/146162"}],"collection":[{"href":"https:\/\/franciscanos.org.br\/vidacrista\/wp-json\/wp\/v2\/posts"}],"about":[{"href":"https:\/\/franciscanos.org.br\/vidacrista\/wp-json\/wp\/v2\/types\/post"}],"author":[{"embeddable":true,"href":"https:\/\/franciscanos.org.br\/vidacrista\/wp-json\/wp\/v2\/users\/1"}],"replies":[{"embeddable":true,"href":"https:\/\/franciscanos.org.br\/vidacrista\/wp-json\/wp\/v2\/comments?post=146162"}],"version-history":[{"count":3,"href":"https:\/\/franciscanos.org.br\/vidacrista\/wp-json\/wp\/v2\/posts\/146162\/revisions"}],"predecessor-version":[{"id":190514,"href":"https:\/\/franciscanos.org.br\/vidacrista\/wp-json\/wp\/v2\/posts\/146162\/revisions\/190514"}],"wp:attachment":[{"href":"https:\/\/franciscanos.org.br\/vidacrista\/wp-json\/wp\/v2\/media?parent=146162"}],"wp:term":[{"taxonomy":"category","embeddable":true,"href":"https:\/\/franciscanos.org.br\/vidacrista\/wp-json\/wp\/v2\/categories?post=146162"},{"taxonomy":"post_tag","embeddable":true,"href":"https:\/\/franciscanos.org.br\/vidacrista\/wp-json\/wp\/v2\/tags?post=146162"}],"curies":[{"name":"wp","href":"https:\/\/api.w.org\/{rel}","templated":true}]}}