{"id":144691,"date":"2017-10-30T08:31:17","date_gmt":"2017-10-30T10:31:17","guid":{"rendered":"http:\/\/franciscanos.org.br\/?p=144691"},"modified":"2020-07-22T15:01:33","modified_gmt":"2020-07-22T18:01:33","slug":"adoecemos-a-terra-e-a-terra-nos-adoece","status":"publish","type":"post","link":"https:\/\/franciscanos.org.br\/vidacrista\/adoecemos-a-terra-e-a-terra-nos-adoece\/","title":{"rendered":"Adoecemos a Terra e a Terra nos adoece"},"content":{"rendered":"<p>&nbsp;<\/p>\n<p><img decoding=\"async\" loading=\"lazy\" class=\"alignnone wp-image-186844 size-full\" src=\"https:\/\/franciscanos.org.br\/vidacrista\/wp-content\/uploads\/2017\/10\/artigo_boff_01.png\" alt=\"\" width=\"840\" height=\"450\" srcset=\"https:\/\/franciscanos.org.br\/vidacrista\/wp-content\/uploads\/2017\/10\/artigo_boff_01.png 840w, https:\/\/franciscanos.org.br\/vidacrista\/wp-content\/uploads\/2017\/10\/artigo_boff_01-450x241.png 450w, https:\/\/franciscanos.org.br\/vidacrista\/wp-content\/uploads\/2017\/10\/artigo_boff_01-768x411.png 768w, https:\/\/franciscanos.org.br\/vidacrista\/wp-content\/uploads\/2017\/10\/artigo_boff_01-150x80.png 150w\" sizes=\"(max-width: 840px) 100vw, 840px\" \/><\/p>\n<p><strong>Leonardo Boff<\/strong><\/p>\n<p>De uma ou de outra forma, todos nos sentimos doentes f\u00edsica, ps\u00edquica e espiritualmente. H\u00e1 muito sofrimento, desamparo, tristeza e decep\u00e7\u00e3o que afetam grande parte da humanidade. J\u00e1 o dissemos aqui: da recess\u00e3o econ\u00f4mica passamos \u00e0 depress\u00e3o psicol\u00f3gica. A causa principal deriva da intr\u00ednseca rela\u00e7\u00e3o existente entre o ser humano e a Terra viva. Entre ambos vigora um envolvimento rec\u00edproco.<\/p>\n<p>Nossa presen\u00e7a na Terra \u00e9 agressiva, movemos uma guerra total \u00e0 Gaia, atacando-a em todas as frentes. A consequ\u00eancia direta \u00e9 que a Terra adoece. Ela o mostra pela febre (aquecimento global), que n\u00e3o \u00e9 uma doen\u00e7a, mas aponta para uma doen\u00e7a: sua incapacidade de continuar nos oferecer seus bens e servi\u00e7os naturais. A partir de 2 de setembro de 2017 ocorreu a <em>Sobrecarga da Terra<\/em>, vale dizer, as reservas da Terra chegaram ao fundo do po\u00e7o. Entramos no vermelho. Para termos o necess\u00e1rio e, pior, para mantermos o consumo suntu\u00e1rio e o desperd\u00edcio dos pa\u00edses ricos, devemos arrancar \u00e0 for\u00e7a seus \u201crecursos\u201d para atender as nossas demandas. At\u00e9 quando a Terra aguentar\u00e1? A consequ\u00eancia ser\u00e1 que teremos menos \u00e1gua, menos nutrientes, menos safras e os demais itens indispens\u00e1veis para a vida.<\/p>\n<p>N\u00f3s, que consoante a nova cosmologia, formamos uma grande unidade, uma verdadeira entidade \u00fanica com a Terra, participamos da doen\u00e7a da Terra. Pela agress\u00e3o aos ecossistemas e pelo consumismo, pela falta de cuidado da vida e da biodiversidade adoecemos a Terra.<\/p>\n<p>Isaac Asimov, cientista russo, famoso por seus livros de divulga\u00e7\u00e3o cient\u00edfica, escreveu um artigo a pedido da revista<em> New York Times<\/em> (do dia 9 de outubro de 1982), por ocasi\u00e3o da celebra\u00e7\u00e3o dos 25 anos do lan\u00e7amento do Sputinik que inaugurou a era espacial, sobre o legado deste quarto de s\u00e9culo espacial. O primeiro legado, disse ele, \u00e9 a percep\u00e7\u00e3o de que, na perspectiva das naves espaciais, a Terra e a humanidade formam uma \u00fanica entidade, vale dizer, um \u00fanico ser, complexo, diverso, contradit\u00f3rio e dotado de grande dinamismo, chamado pelo conhecido cientista James Lovelock, de Gaia. Somos aquela por\u00e7\u00e3o da Terra que sente, pensa, ama e cuida.<\/p>\n<p>O segundo legado, consoante Asimov, \u00e9 a irrup\u00e7\u00e3o da consci\u00eancia planet\u00e1ria: a Terra \u00e9 o grande objeto do pensamento e n\u00e3o mais as na\u00e7\u00f5es. Terra e Humanidade possuem um destino comum. O que se passa num, se passa tamb\u00e9m no outro. Adoece a Terra, adoece juntamente o ser humano; adoece o ser humano, adoece tamb\u00e9m a Terra. Estamos unidos pelo bem e pelo mal.<\/p>\n<p>Mas tamb\u00e9m ocorre o inverso: sempre que nos mostramos mais saud\u00e1veis, cuidando melhor de tudo, recuperando a vitalidade dos ecossistemas, melhorando nossos alimentos org\u00e2nicos, despoluindo o ar, preservando as \u00e1guas e as florestas \u00e9 sinal que n\u00f3s estamos revitalizando a nossa Casa Comum.<\/p>\n<p>Segundo Ilya Prigogine, cientista russo-belga, pr\u00eamio Nobel em qu\u00edmica (1977), a Terra viva desenvolveu estruturas dissipativas, isto \u00e9, estruturas que dissipam a entropia (perda de energia). Elas metabolizam a desordem e o caos (dejetos) do meio ambiente de sorte que surgem novas ordens e estruturas complexas que se auto-organizam, fugindo \u00e0 entropia e positivamente, produzindo sintropia (produzindo energia: <em>Order out of Chaos,<\/em> 1984).<\/p>\n<p>Assim, por exemplo, os f\u00f3tons do sol s\u00e3o para ele, in\u00fateis, energia que escapa ao queimar hidrog\u00eanio do qual vive. Esses f\u00f3tons que s\u00e3o desordem (rejeito), servem de alimento para a Terra, principalmente para as plantas quando estas processam a fotoss\u00edntese. Pela fotoss\u00edntese, as plantas, sob a luz solar, decomp\u00f5em o di\u00f3xido de carbono, alimento para elas e liberam o oxig\u00eanio, necess\u00e1rio para a vida animal e humana.<\/p>\n<p>O que \u00e9 desordem para um serve de ordem para outro. \u00c9 atrav\u00e9s de um equil\u00edbrio sutil entre ordem e desordem (caos: Dupuy, <em>Ordres et D\u00e9sordres,<\/em> 1982) que a vida se mantem (Ehrlich, <em>O mecanismo da natureza,<\/em> 1993). A desordem for\u00e7a a criar novas formas de ordem, mais altas e complexas com menos dissipa\u00e7\u00e3o de energia. A partir desta l\u00f3gica, o universo caminha para formas cada vez mais complexas de vida e assim para uma redu\u00e7\u00e3o da entropia (desgaste de energia).<\/p>\n<p>Em n\u00edvel humano e espiritual, se originam formas de rela\u00e7\u00e3o e de vida nas quais predomina a sintropia (economia de energia) sobre a entropia (desgaste de energia). A solidariedade, o amor, a compaix\u00e3o, o pensamento, a comunica\u00e7\u00e3o s\u00e3o energias fort\u00edssimas com escasso n\u00edvel de entropia e alto n\u00edvel de sintropia. Nesta perspectiva temos pela frente n\u00e3o a morte t\u00e9rmica, mas a transfigura\u00e7\u00e3o do processo cosmog\u00eanico se revelando em ordens supremamente ordenadas, criativas e vitais.<\/p>\n<p>Quanto mais nossas rela\u00e7\u00f5es para com a natureza forem amig\u00e1veis e entre n\u00f3s, cooperativas, mais a Terra se vitaliza. A Terra saud\u00e1vel nos faz tamb\u00e9m saud\u00e1veis. Curamo-nos conjuntamente..<\/p>\n<p><em>Leonardo Boff \u00e9 articulista do JB on line, ecote\u00f3logo, filo\u00f3sofo e escrevu Op\u00e7\u00e3o Terra: a solu\u00e7\u00e3o da Terra n\u00e3o cai do c\u00e9u, Vozes 2009.<\/em><\/p>\n","protected":false},"excerpt":{"rendered":"<p>Artigo de Leonardo Boff<\/p>\n","protected":false},"author":1,"featured_media":186845,"comment_status":"open","ping_status":"open","sticky":false,"template":"","format":"standard","meta":{"footnotes":""},"categories":[26],"tags":[59],"yoast_head":"<!-- This site is optimized with the Yoast SEO plugin v19.4 - https:\/\/yoast.com\/wordpress\/plugins\/seo\/ -->\n<title>Adoecemos a Terra e a Terra nos adoece - Vida Crist\u00e3 - Franciscanos<\/title>\n<meta name=\"robots\" content=\"index, follow, max-snippet:-1, max-image-preview:large, max-video-preview:-1\" \/>\n<link rel=\"canonical\" href=\"https:\/\/franciscanos.org.br\/vidacrista\/adoecemos-a-terra-e-a-terra-nos-adoece\/\" \/>\n<meta property=\"og:locale\" content=\"pt_BR\" \/>\n<meta property=\"og:type\" content=\"article\" \/>\n<meta property=\"og:title\" content=\"Adoecemos a Terra e a Terra nos adoece - Vida Crist\u00e3 - Franciscanos\" \/>\n<meta property=\"og:description\" content=\"Artigo de Leonardo Boff\" \/>\n<meta property=\"og:url\" content=\"https:\/\/franciscanos.org.br\/vidacrista\/adoecemos-a-terra-e-a-terra-nos-adoece\/\" \/>\n<meta property=\"og:site_name\" content=\"Vida Crist\u00e3 - Franciscanos\" \/>\n<meta property=\"article:published_time\" content=\"2017-10-30T10:31:17+00:00\" \/>\n<meta property=\"article:modified_time\" content=\"2020-07-22T18:01:33+00:00\" \/>\n<meta property=\"og:image\" content=\"https:\/\/franciscanos.org.br\/vidacrista\/wp-content\/uploads\/2017\/10\/artigo_boff_01d.png\" \/>\n\t<meta property=\"og:image:width\" content=\"800\" \/>\n\t<meta property=\"og:image:height\" content=\"600\" \/>\n\t<meta property=\"og:image:type\" content=\"image\/png\" \/>\n<meta name=\"author\" content=\"admin\" \/>\n<meta name=\"twitter:card\" content=\"summary_large_image\" \/>\n<meta name=\"twitter:label1\" content=\"Escrito por\" \/>\n\t<meta name=\"twitter:data1\" content=\"admin\" \/>\n\t<meta name=\"twitter:label2\" content=\"Est. tempo de leitura\" \/>\n\t<meta name=\"twitter:data2\" content=\"4 minutos\" \/>\n<script type=\"application\/ld+json\" class=\"yoast-schema-graph\">{\"@context\":\"https:\/\/schema.org\",\"@graph\":[{\"@type\":\"WebSite\",\"@id\":\"https:\/\/franciscanos.org.br\/vidacrista\/#website\",\"url\":\"https:\/\/franciscanos.org.br\/vidacrista\/\",\"name\":\"Vida Crist\u00e3 - Franciscanos\",\"description\":\"Prov\u00edncia Franciscana da Imaculada Concei\u00e7\u00e3o do Brasil - Ordem dos Frades Menores\",\"potentialAction\":[{\"@type\":\"SearchAction\",\"target\":{\"@type\":\"EntryPoint\",\"urlTemplate\":\"https:\/\/franciscanos.org.br\/vidacrista\/?s={search_term_string}\"},\"query-input\":\"required name=search_term_string\"}],\"inLanguage\":\"pt-BR\"},{\"@type\":\"WebPage\",\"@id\":\"https:\/\/franciscanos.org.br\/vidacrista\/adoecemos-a-terra-e-a-terra-nos-adoece\/\",\"url\":\"https:\/\/franciscanos.org.br\/vidacrista\/adoecemos-a-terra-e-a-terra-nos-adoece\/\",\"name\":\"Adoecemos a Terra e a Terra nos adoece - Vida Crist\u00e3 - Franciscanos\",\"isPartOf\":{\"@id\":\"https:\/\/franciscanos.org.br\/vidacrista\/#website\"},\"datePublished\":\"2017-10-30T10:31:17+00:00\",\"dateModified\":\"2020-07-22T18:01:33+00:00\",\"author\":{\"@id\":\"https:\/\/franciscanos.org.br\/vidacrista\/#\/schema\/person\/133632ca93cec555316a35f76ab4153b\"},\"breadcrumb\":{\"@id\":\"https:\/\/franciscanos.org.br\/vidacrista\/adoecemos-a-terra-e-a-terra-nos-adoece\/#breadcrumb\"},\"inLanguage\":\"pt-BR\",\"potentialAction\":[{\"@type\":\"ReadAction\",\"target\":[\"https:\/\/franciscanos.org.br\/vidacrista\/adoecemos-a-terra-e-a-terra-nos-adoece\/\"]}]},{\"@type\":\"BreadcrumbList\",\"@id\":\"https:\/\/franciscanos.org.br\/vidacrista\/adoecemos-a-terra-e-a-terra-nos-adoece\/#breadcrumb\",\"itemListElement\":[{\"@type\":\"ListItem\",\"position\":1,\"name\":\"Home\",\"item\":\"https:\/\/franciscanos.org.br\/vidacrista\/\"},{\"@type\":\"ListItem\",\"position\":2,\"name\":\"Adoecemos a Terra e a Terra nos adoece\"}]},{\"@type\":\"Person\",\"@id\":\"https:\/\/franciscanos.org.br\/vidacrista\/#\/schema\/person\/133632ca93cec555316a35f76ab4153b\",\"name\":\"admin\",\"image\":{\"@type\":\"ImageObject\",\"inLanguage\":\"pt-BR\",\"@id\":\"https:\/\/franciscanos.org.br\/vidacrista\/#\/schema\/person\/image\/\",\"url\":\"https:\/\/secure.gravatar.com\/avatar\/e8495742d34d0ba6448ea1c628263b3e?s=96&d=mm&r=g\",\"contentUrl\":\"https:\/\/secure.gravatar.com\/avatar\/e8495742d34d0ba6448ea1c628263b3e?s=96&d=mm&r=g\",\"caption\":\"admin\"},\"url\":\"https:\/\/franciscanos.org.br\/vidacrista\/author\/admin\/\"}]}<\/script>\n<!-- \/ Yoast SEO plugin. -->","yoast_head_json":{"title":"Adoecemos a Terra e a Terra nos adoece - Vida Crist\u00e3 - Franciscanos","robots":{"index":"index","follow":"follow","max-snippet":"max-snippet:-1","max-image-preview":"max-image-preview:large","max-video-preview":"max-video-preview:-1"},"canonical":"https:\/\/franciscanos.org.br\/vidacrista\/adoecemos-a-terra-e-a-terra-nos-adoece\/","og_locale":"pt_BR","og_type":"article","og_title":"Adoecemos a Terra e a Terra nos adoece - Vida Crist\u00e3 - Franciscanos","og_description":"Artigo de Leonardo Boff","og_url":"https:\/\/franciscanos.org.br\/vidacrista\/adoecemos-a-terra-e-a-terra-nos-adoece\/","og_site_name":"Vida Crist\u00e3 - Franciscanos","article_published_time":"2017-10-30T10:31:17+00:00","article_modified_time":"2020-07-22T18:01:33+00:00","og_image":[{"width":800,"height":600,"url":"https:\/\/franciscanos.org.br\/vidacrista\/wp-content\/uploads\/2017\/10\/artigo_boff_01d.png","type":"image\/png"}],"author":"admin","twitter_card":"summary_large_image","twitter_misc":{"Escrito por":"admin","Est. tempo de leitura":"4 minutos"},"schema":{"@context":"https:\/\/schema.org","@graph":[{"@type":"WebSite","@id":"https:\/\/franciscanos.org.br\/vidacrista\/#website","url":"https:\/\/franciscanos.org.br\/vidacrista\/","name":"Vida Crist\u00e3 - Franciscanos","description":"Prov\u00edncia Franciscana da Imaculada Concei\u00e7\u00e3o do Brasil - Ordem dos Frades Menores","potentialAction":[{"@type":"SearchAction","target":{"@type":"EntryPoint","urlTemplate":"https:\/\/franciscanos.org.br\/vidacrista\/?s={search_term_string}"},"query-input":"required name=search_term_string"}],"inLanguage":"pt-BR"},{"@type":"WebPage","@id":"https:\/\/franciscanos.org.br\/vidacrista\/adoecemos-a-terra-e-a-terra-nos-adoece\/","url":"https:\/\/franciscanos.org.br\/vidacrista\/adoecemos-a-terra-e-a-terra-nos-adoece\/","name":"Adoecemos a Terra e a Terra nos adoece - Vida Crist\u00e3 - Franciscanos","isPartOf":{"@id":"https:\/\/franciscanos.org.br\/vidacrista\/#website"},"datePublished":"2017-10-30T10:31:17+00:00","dateModified":"2020-07-22T18:01:33+00:00","author":{"@id":"https:\/\/franciscanos.org.br\/vidacrista\/#\/schema\/person\/133632ca93cec555316a35f76ab4153b"},"breadcrumb":{"@id":"https:\/\/franciscanos.org.br\/vidacrista\/adoecemos-a-terra-e-a-terra-nos-adoece\/#breadcrumb"},"inLanguage":"pt-BR","potentialAction":[{"@type":"ReadAction","target":["https:\/\/franciscanos.org.br\/vidacrista\/adoecemos-a-terra-e-a-terra-nos-adoece\/"]}]},{"@type":"BreadcrumbList","@id":"https:\/\/franciscanos.org.br\/vidacrista\/adoecemos-a-terra-e-a-terra-nos-adoece\/#breadcrumb","itemListElement":[{"@type":"ListItem","position":1,"name":"Home","item":"https:\/\/franciscanos.org.br\/vidacrista\/"},{"@type":"ListItem","position":2,"name":"Adoecemos a Terra e a Terra nos adoece"}]},{"@type":"Person","@id":"https:\/\/franciscanos.org.br\/vidacrista\/#\/schema\/person\/133632ca93cec555316a35f76ab4153b","name":"admin","image":{"@type":"ImageObject","inLanguage":"pt-BR","@id":"https:\/\/franciscanos.org.br\/vidacrista\/#\/schema\/person\/image\/","url":"https:\/\/secure.gravatar.com\/avatar\/e8495742d34d0ba6448ea1c628263b3e?s=96&d=mm&r=g","contentUrl":"https:\/\/secure.gravatar.com\/avatar\/e8495742d34d0ba6448ea1c628263b3e?s=96&d=mm&r=g","caption":"admin"},"url":"https:\/\/franciscanos.org.br\/vidacrista\/author\/admin\/"}]}},"_links":{"self":[{"href":"https:\/\/franciscanos.org.br\/vidacrista\/wp-json\/wp\/v2\/posts\/144691"}],"collection":[{"href":"https:\/\/franciscanos.org.br\/vidacrista\/wp-json\/wp\/v2\/posts"}],"about":[{"href":"https:\/\/franciscanos.org.br\/vidacrista\/wp-json\/wp\/v2\/types\/post"}],"author":[{"embeddable":true,"href":"https:\/\/franciscanos.org.br\/vidacrista\/wp-json\/wp\/v2\/users\/1"}],"replies":[{"embeddable":true,"href":"https:\/\/franciscanos.org.br\/vidacrista\/wp-json\/wp\/v2\/comments?post=144691"}],"version-history":[{"count":2,"href":"https:\/\/franciscanos.org.br\/vidacrista\/wp-json\/wp\/v2\/posts\/144691\/revisions"}],"predecessor-version":[{"id":186846,"href":"https:\/\/franciscanos.org.br\/vidacrista\/wp-json\/wp\/v2\/posts\/144691\/revisions\/186846"}],"wp:featuredmedia":[{"embeddable":true,"href":"https:\/\/franciscanos.org.br\/vidacrista\/wp-json\/wp\/v2\/media\/186845"}],"wp:attachment":[{"href":"https:\/\/franciscanos.org.br\/vidacrista\/wp-json\/wp\/v2\/media?parent=144691"}],"wp:term":[{"taxonomy":"category","embeddable":true,"href":"https:\/\/franciscanos.org.br\/vidacrista\/wp-json\/wp\/v2\/categories?post=144691"},{"taxonomy":"post_tag","embeddable":true,"href":"https:\/\/franciscanos.org.br\/vidacrista\/wp-json\/wp\/v2\/tags?post=144691"}],"curies":[{"name":"wp","href":"https:\/\/api.w.org\/{rel}","templated":true}]}}