{"id":141175,"date":"2017-09-15T14:01:53","date_gmt":"2017-09-15T17:01:53","guid":{"rendered":"http:\/\/franciscanos.org.br\/?p=141175"},"modified":"2020-05-19T09:23:00","modified_gmt":"2020-05-19T12:23:00","slug":"o-medo-inimigo-da-alegria-de-viver","status":"publish","type":"post","link":"https:\/\/franciscanos.org.br\/vidacrista\/o-medo-inimigo-da-alegria-de-viver\/","title":{"rendered":"O medo: inimigo da alegria de viver"},"content":{"rendered":"<div class=\"post-header\">\n<p><img decoding=\"async\" loading=\"lazy\" src=\"http:\/\/franciscanos.org.br\/wp-content\/uploads\/2017\/09\/boff_150917.jpg\" alt=\"boff_150917\" width=\"830\" height=\"502\" \/><\/p>\n<p><strong>Leonardo Boff<\/strong><\/p>\n<p>Hoje o mundo, o Brasil e as pessoas s\u00e3o assoladas pelo medo de assaltos, \u00e0s vezes com morte, de balas perdidas e de atentados terroristas. Estes recentemente paraticados em Barcelona e Londres provocaram um medo generalizado, por mais que tenha havido demonstra\u00e7\u00f5es de solidariedade e manifesta\u00e7\u00f5es pedindo paz.<\/p>\n<p>Indo mais a fundo na quest\u00e3o, h\u00e1 que se reconhecer que esta situa\u00e7\u00e3o generalizada de medo \u00e9 a consequ\u00eancia \u00faltima de um tipo de sociedade que colocou acumula\u00e7\u00e3o de bens materiais acima das pessoas e estabeleceu a competi\u00e7\u00e3o e n\u00e3o a coopera\u00e7\u00e3o como valor principal. Ademais escolheu o uso da viol\u00eancia como forma de resolver os problemas pessoais e sociais.<\/p>\n<p>A competi\u00e7\u00e3o deve ser distinguida da emula\u00e7\u00e3o. Emula\u00e7\u00e3o \u00e9 coisa boa, pois traz \u00e0 tona o que temos de melhor dentro de n\u00f3s e o mostramos com simplicidade. A competi\u00e7\u00e3o \u00e9 problem\u00e1tica, pois significa a vit\u00f3ria do mais forte entre os contendores, derrotando todos os demais, gerando tens\u00f5es, conflitos e guerras.<\/p>\n<p>Numa sociedade onde esta l\u00f3gica se faz hegem\u00f4nica, n\u00e3o h\u00e1 paz, apenas um armist\u00edcio. Vigora sempre o medo de perder, perder mercados, vantagens competitivas, lucros, o posto de trabalho e a pr\u00f3pria vida.<\/p>\n<p>A vontade de acumula\u00e7\u00e3o introduz tamb\u00e9m ansiedade e medo. A l\u00f3gica dominante \u00e9 esta: quem n\u00e3o tem, quer ter; quem tem, quer ter mais; e quem tem mais, diz, nunca \u00e9 suficiente. A vontade de acumula\u00e7\u00e3o alimenta a estrutura do desejo que, como sabemos, \u00e9 insaci\u00e1vel. Por isso, precisa-se garantir o n\u00edvel de acumula\u00e7\u00e3o e de consumo. Da\u00ed resulta a ansiedade e o medo de n\u00e3o ter, de perder capacidade de consumir, de descer em status social e, por fim, de empobrecer.<\/p>\n<p>O uso da viol\u00eancia como forma de solucionar os problemas entre pa\u00edses, como se mostrou na guerra dos USA contra o Iraque, se baseia na ilus\u00e3o de que derrotando o outro ou humilhando-o, conseguiremos fundar uma conviv\u00eancia pac\u00edfica. Um mal de raiz, como a viol\u00eancia, n\u00e3o pode ser fonte de um bem duradouro. Um fim pac\u00edfico demanda igualmente meios pac\u00edficos. O ser humano pode perder, mas jamais tolera ser ferido em sua dignidade. Abrem-se as feridas que dificilmente se fecham e sobra rancor e esp\u00edrito de vingan\u00e7a, h\u00famus alimentador do terrorismo que vitima tantas vidas inocentes como temos assistindo em muitos pa\u00edses.<\/p>\n<p>A nossa sociedade de cunho ocidental, branca, machista e autorit\u00e1ria escolheu o caminho da viol\u00eancia repressiva e agressiva. Por isso est\u00e1 sempre \u00e0s voltas com guerras, cada vez mais devastadoras, como na atual S\u00edria, com guerrilhas, cada vez mais sofisticadas e atentados, cada vez mais frequentes. Por detr\u00e1s de tais fatos existe um oceano de \u00f3dio, amargura e vontade de vindita. O medo paira como manto de trevas sobre as coletividades e sobre as pessoas individuais.<\/p>\n<p>O que invalida o medo e suas sequelas \u00e9 o cuidado de uns para com os outros. O cuidado constitui um valor fundamental para entendermos a vida e as rela\u00e7\u00f5es entre todos os seres. Sem cuidado a vida n\u00e3o nasce nem se reproduz. O cuidado \u00e9 o orientador pr\u00e9vio dos comportamentos para que seus efeitos sejam bons e fortale\u00e7am a conviv\u00eancia.<\/p>\n<p>Cuidar de algu\u00e9m \u00e9 envolver-se com ele, interessar-se pelo seu bem-estar, \u00e9 sentir-se correspons\u00e1vel do destino dele. Por isso, tudo o que amamos tamb\u00e9m cuidamos e tudo o que cuidamos tamb\u00e9m amamos.<\/p>\n<p>Uma sociedade que se rege pelo cuidado, cuidado pela Casa Comum, a Terra, cuidado com os ecossistemas que garantem as condi\u00e7\u00f5es da biosfera e de nossa vida, cuidado com a seguran\u00e7a alimentar de cada pessoa, cuidado com as rela\u00e7\u00f5es sociais no sentido de serem participativas, equitativas, justas e pac\u00edficas, cuidado com o ambiente espiritual da cultura que permite as pessoas viverem um sentido positivo da vida, acolher suas limita\u00e7\u00f5es, o envelhecimento e a pr\u00f3pria morte como parte da vida mortal: esta sociedade de cuidado gozar\u00e1 de paz e conc\u00f3rdia, necess\u00e1rias para a convivialidade humana.<\/p>\n<p>Em momentos de grande medo, ganham especial sentido as palavras do salmo 23, aquele do \u201cSenhor \u00e9 meu pastor e nada me falta\u201d. Ai o bom pastor garante: \u201dainda que tu devesses passar pelo vale da sombra da morte, n\u00e3o temas porque Eu estou contigo\u201d.<\/p>\n<p>Quem consegue viver esta f\u00e9 se sente acompanhado e na palma da m\u00e3o de Deus. A vida humana ganha leveza e conserva, mesmo no meio de riscos e amea\u00e7as, serena jovialidade e alegria de viver. Pouco importa o que nos acontecer, acontece em seu amor. Ele sabe o caminho e sabe bem certo.<\/p>\n<p><em>Leonardo Boff \u00e9 articulista do JB on line e escreveu o livro O Senhor \u00e9 meu pastor: consolo divino para o desamparo humano, Vozes 2013.<\/em><\/p>\n<\/div>\n","protected":false},"excerpt":{"rendered":"<p>Artigo de Leonardo Boff<\/p>\n","protected":false},"author":1,"featured_media":0,"comment_status":"open","ping_status":"open","sticky":false,"template":"","format":"standard","meta":{"footnotes":""},"categories":[26],"tags":[59],"yoast_head":"<!-- This site is optimized with the Yoast SEO plugin v19.4 - https:\/\/yoast.com\/wordpress\/plugins\/seo\/ -->\n<title>O medo: inimigo da alegria de viver - Vida Crist\u00e3 - Franciscanos<\/title>\n<meta name=\"robots\" content=\"index, follow, max-snippet:-1, max-image-preview:large, max-video-preview:-1\" \/>\n<link rel=\"canonical\" href=\"https:\/\/franciscanos.org.br\/vidacrista\/o-medo-inimigo-da-alegria-de-viver\/\" \/>\n<meta property=\"og:locale\" content=\"pt_BR\" \/>\n<meta property=\"og:type\" content=\"article\" \/>\n<meta property=\"og:title\" content=\"O medo: inimigo da alegria de viver - Vida Crist\u00e3 - Franciscanos\" \/>\n<meta property=\"og:description\" content=\"Artigo de Leonardo Boff\" \/>\n<meta property=\"og:url\" content=\"https:\/\/franciscanos.org.br\/vidacrista\/o-medo-inimigo-da-alegria-de-viver\/\" \/>\n<meta property=\"og:site_name\" content=\"Vida Crist\u00e3 - Franciscanos\" \/>\n<meta property=\"article:published_time\" content=\"2017-09-15T17:01:53+00:00\" \/>\n<meta property=\"article:modified_time\" content=\"2020-05-19T12:23:00+00:00\" \/>\n<meta property=\"og:image\" content=\"http:\/\/franciscanos.org.br\/wp-content\/uploads\/2017\/09\/boff_150917.jpg\" \/>\n<meta name=\"author\" content=\"admin\" \/>\n<meta name=\"twitter:card\" content=\"summary_large_image\" \/>\n<meta name=\"twitter:label1\" content=\"Escrito por\" \/>\n\t<meta name=\"twitter:data1\" content=\"admin\" \/>\n\t<meta name=\"twitter:label2\" content=\"Est. tempo de leitura\" \/>\n\t<meta name=\"twitter:data2\" content=\"4 minutos\" \/>\n<script type=\"application\/ld+json\" class=\"yoast-schema-graph\">{\"@context\":\"https:\/\/schema.org\",\"@graph\":[{\"@type\":\"WebSite\",\"@id\":\"https:\/\/franciscanos.org.br\/vidacrista\/#website\",\"url\":\"https:\/\/franciscanos.org.br\/vidacrista\/\",\"name\":\"Vida Crist\u00e3 - Franciscanos\",\"description\":\"Prov\u00edncia Franciscana da Imaculada Concei\u00e7\u00e3o do Brasil - Ordem dos Frades Menores\",\"potentialAction\":[{\"@type\":\"SearchAction\",\"target\":{\"@type\":\"EntryPoint\",\"urlTemplate\":\"https:\/\/franciscanos.org.br\/vidacrista\/?s={search_term_string}\"},\"query-input\":\"required name=search_term_string\"}],\"inLanguage\":\"pt-BR\"},{\"@type\":\"WebPage\",\"@id\":\"https:\/\/franciscanos.org.br\/vidacrista\/o-medo-inimigo-da-alegria-de-viver\/\",\"url\":\"https:\/\/franciscanos.org.br\/vidacrista\/o-medo-inimigo-da-alegria-de-viver\/\",\"name\":\"O medo: inimigo da alegria de viver - Vida Crist\u00e3 - Franciscanos\",\"isPartOf\":{\"@id\":\"https:\/\/franciscanos.org.br\/vidacrista\/#website\"},\"datePublished\":\"2017-09-15T17:01:53+00:00\",\"dateModified\":\"2020-05-19T12:23:00+00:00\",\"author\":{\"@id\":\"https:\/\/franciscanos.org.br\/vidacrista\/#\/schema\/person\/133632ca93cec555316a35f76ab4153b\"},\"breadcrumb\":{\"@id\":\"https:\/\/franciscanos.org.br\/vidacrista\/o-medo-inimigo-da-alegria-de-viver\/#breadcrumb\"},\"inLanguage\":\"pt-BR\",\"potentialAction\":[{\"@type\":\"ReadAction\",\"target\":[\"https:\/\/franciscanos.org.br\/vidacrista\/o-medo-inimigo-da-alegria-de-viver\/\"]}]},{\"@type\":\"BreadcrumbList\",\"@id\":\"https:\/\/franciscanos.org.br\/vidacrista\/o-medo-inimigo-da-alegria-de-viver\/#breadcrumb\",\"itemListElement\":[{\"@type\":\"ListItem\",\"position\":1,\"name\":\"Home\",\"item\":\"https:\/\/franciscanos.org.br\/vidacrista\/\"},{\"@type\":\"ListItem\",\"position\":2,\"name\":\"O medo: inimigo da alegria de viver\"}]},{\"@type\":\"Person\",\"@id\":\"https:\/\/franciscanos.org.br\/vidacrista\/#\/schema\/person\/133632ca93cec555316a35f76ab4153b\",\"name\":\"admin\",\"image\":{\"@type\":\"ImageObject\",\"inLanguage\":\"pt-BR\",\"@id\":\"https:\/\/franciscanos.org.br\/vidacrista\/#\/schema\/person\/image\/\",\"url\":\"https:\/\/secure.gravatar.com\/avatar\/e8495742d34d0ba6448ea1c628263b3e?s=96&d=mm&r=g\",\"contentUrl\":\"https:\/\/secure.gravatar.com\/avatar\/e8495742d34d0ba6448ea1c628263b3e?s=96&d=mm&r=g\",\"caption\":\"admin\"},\"url\":\"https:\/\/franciscanos.org.br\/vidacrista\/author\/admin\/\"}]}<\/script>\n<!-- \/ Yoast SEO plugin. -->","yoast_head_json":{"title":"O medo: inimigo da alegria de viver - Vida Crist\u00e3 - Franciscanos","robots":{"index":"index","follow":"follow","max-snippet":"max-snippet:-1","max-image-preview":"max-image-preview:large","max-video-preview":"max-video-preview:-1"},"canonical":"https:\/\/franciscanos.org.br\/vidacrista\/o-medo-inimigo-da-alegria-de-viver\/","og_locale":"pt_BR","og_type":"article","og_title":"O medo: inimigo da alegria de viver - Vida Crist\u00e3 - Franciscanos","og_description":"Artigo de Leonardo Boff","og_url":"https:\/\/franciscanos.org.br\/vidacrista\/o-medo-inimigo-da-alegria-de-viver\/","og_site_name":"Vida Crist\u00e3 - Franciscanos","article_published_time":"2017-09-15T17:01:53+00:00","article_modified_time":"2020-05-19T12:23:00+00:00","og_image":[{"url":"http:\/\/franciscanos.org.br\/wp-content\/uploads\/2017\/09\/boff_150917.jpg"}],"author":"admin","twitter_card":"summary_large_image","twitter_misc":{"Escrito por":"admin","Est. tempo de leitura":"4 minutos"},"schema":{"@context":"https:\/\/schema.org","@graph":[{"@type":"WebSite","@id":"https:\/\/franciscanos.org.br\/vidacrista\/#website","url":"https:\/\/franciscanos.org.br\/vidacrista\/","name":"Vida Crist\u00e3 - Franciscanos","description":"Prov\u00edncia Franciscana da Imaculada Concei\u00e7\u00e3o do Brasil - Ordem dos Frades Menores","potentialAction":[{"@type":"SearchAction","target":{"@type":"EntryPoint","urlTemplate":"https:\/\/franciscanos.org.br\/vidacrista\/?s={search_term_string}"},"query-input":"required name=search_term_string"}],"inLanguage":"pt-BR"},{"@type":"WebPage","@id":"https:\/\/franciscanos.org.br\/vidacrista\/o-medo-inimigo-da-alegria-de-viver\/","url":"https:\/\/franciscanos.org.br\/vidacrista\/o-medo-inimigo-da-alegria-de-viver\/","name":"O medo: inimigo da alegria de viver - Vida Crist\u00e3 - Franciscanos","isPartOf":{"@id":"https:\/\/franciscanos.org.br\/vidacrista\/#website"},"datePublished":"2017-09-15T17:01:53+00:00","dateModified":"2020-05-19T12:23:00+00:00","author":{"@id":"https:\/\/franciscanos.org.br\/vidacrista\/#\/schema\/person\/133632ca93cec555316a35f76ab4153b"},"breadcrumb":{"@id":"https:\/\/franciscanos.org.br\/vidacrista\/o-medo-inimigo-da-alegria-de-viver\/#breadcrumb"},"inLanguage":"pt-BR","potentialAction":[{"@type":"ReadAction","target":["https:\/\/franciscanos.org.br\/vidacrista\/o-medo-inimigo-da-alegria-de-viver\/"]}]},{"@type":"BreadcrumbList","@id":"https:\/\/franciscanos.org.br\/vidacrista\/o-medo-inimigo-da-alegria-de-viver\/#breadcrumb","itemListElement":[{"@type":"ListItem","position":1,"name":"Home","item":"https:\/\/franciscanos.org.br\/vidacrista\/"},{"@type":"ListItem","position":2,"name":"O medo: inimigo da alegria de viver"}]},{"@type":"Person","@id":"https:\/\/franciscanos.org.br\/vidacrista\/#\/schema\/person\/133632ca93cec555316a35f76ab4153b","name":"admin","image":{"@type":"ImageObject","inLanguage":"pt-BR","@id":"https:\/\/franciscanos.org.br\/vidacrista\/#\/schema\/person\/image\/","url":"https:\/\/secure.gravatar.com\/avatar\/e8495742d34d0ba6448ea1c628263b3e?s=96&d=mm&r=g","contentUrl":"https:\/\/secure.gravatar.com\/avatar\/e8495742d34d0ba6448ea1c628263b3e?s=96&d=mm&r=g","caption":"admin"},"url":"https:\/\/franciscanos.org.br\/vidacrista\/author\/admin\/"}]}},"_links":{"self":[{"href":"https:\/\/franciscanos.org.br\/vidacrista\/wp-json\/wp\/v2\/posts\/141175"}],"collection":[{"href":"https:\/\/franciscanos.org.br\/vidacrista\/wp-json\/wp\/v2\/posts"}],"about":[{"href":"https:\/\/franciscanos.org.br\/vidacrista\/wp-json\/wp\/v2\/types\/post"}],"author":[{"embeddable":true,"href":"https:\/\/franciscanos.org.br\/vidacrista\/wp-json\/wp\/v2\/users\/1"}],"replies":[{"embeddable":true,"href":"https:\/\/franciscanos.org.br\/vidacrista\/wp-json\/wp\/v2\/comments?post=141175"}],"version-history":[{"count":2,"href":"https:\/\/franciscanos.org.br\/vidacrista\/wp-json\/wp\/v2\/posts\/141175\/revisions"}],"predecessor-version":[{"id":179939,"href":"https:\/\/franciscanos.org.br\/vidacrista\/wp-json\/wp\/v2\/posts\/141175\/revisions\/179939"}],"wp:attachment":[{"href":"https:\/\/franciscanos.org.br\/vidacrista\/wp-json\/wp\/v2\/media?parent=141175"}],"wp:term":[{"taxonomy":"category","embeddable":true,"href":"https:\/\/franciscanos.org.br\/vidacrista\/wp-json\/wp\/v2\/categories?post=141175"},{"taxonomy":"post_tag","embeddable":true,"href":"https:\/\/franciscanos.org.br\/vidacrista\/wp-json\/wp\/v2\/tags?post=141175"}],"curies":[{"name":"wp","href":"https:\/\/api.w.org\/{rel}","templated":true}]}}