{"id":139764,"date":"2017-08-30T08:35:32","date_gmt":"2017-08-30T11:35:32","guid":{"rendered":"http:\/\/franciscanos.org.br\/?p=139764"},"modified":"2020-05-22T13:02:13","modified_gmt":"2020-05-22T16:02:13","slug":"o-que-eles-dizem-a-respeito-do-coracao-do-redentor","status":"publish","type":"post","link":"https:\/\/franciscanos.org.br\/vidacrista\/o-que-eles-dizem-a-respeito-do-coracao-do-redentor\/","title":{"rendered":"O que eles dizem a respeito do Cora\u00e7\u00e3o do Redentor?"},"content":{"rendered":"<p><img decoding=\"async\" loading=\"lazy\" src=\"http:\/\/franciscanos.org.br\/wp-content\/uploads\/2017\/08\/coracao_300817.jpg\" alt=\"coracao_300817\" width=\"820\" height=\"492\" \/><\/p>\n<p>Sempre de novo os disc\u00edpulos de Jesus procuram penetrar a mente e o esp\u00edrito nas insond\u00e1veis riquezas do Cora\u00e7\u00e3o de Jesus, fonte de todas as gra\u00e7as. M\u00edsticos e pessoas de profunda intimidade com o Mestre muito escreveram e dissertaram sobre esse abismo de miseric\u00f3rdia.<\/p>\n<p>\u2022 Em forma de ora\u00e7\u00e3o temos este texto de Guilherme de Saint-Thierry (1985-1148):<\/p>\n<p>\u201cAs inef\u00e1veis riquezas de tua gl\u00f3ria, Senhor, estavam escondidas no c\u00e9u do teu ser misterioso at\u00e9 o momento em que, tendo a lan\u00e7a do soldado aberto o lado do teu Filho nosso Senhor e Redentor, no alto da cruz, tivessem jorrado os sacramentos da nossa Reden\u00e7\u00e3o, a fim de que n\u00e3o coloc\u00e1ssemos nesse lado apenas nosso dedo ou nossa m\u00e3o como Tom\u00e9, mas atrav\u00e9s daquela porta aberta entr\u00e1ssemos at\u00e9 o fundo do teu cora\u00e7\u00e3o, \u00f3 Jesus, segura sede da miseric\u00f3rdia, at\u00e9 a tua alma santa, repleta da plenitude de Deus, cheia de gra\u00e7a e de verdade, repleta da nossa salva\u00e7\u00e3o e da nossa consola\u00e7\u00e3o. Abre, n\u00f3s te pedimos, a porta lateral de tua arca a fim de que entremos todos e todos os eleitos (&#8230;), abre-nos o lado de teu corpo, a fim de que entrem aqueles que desejam ver os segredos do Filho, e que recebam os rios misteriosos que dali brotam e o pre\u00e7o da sua reden\u00e7\u00e3o\u201d.<\/p>\n<p>\u2022 Um pensamento de S\u00e3o Bernardo ( 1090-1153):<br \/>\n\u201cA lan\u00e7a atravessou a sua alma e tocou seu cora\u00e7\u00e3o para que viesse compartilhar com minha natureza vulner\u00e1vel. O segredo de seu cora\u00e7\u00e3o fica patente nas chagas de seu corpo: aparece descoberto esse mist\u00e9rio de infinita bondade, esta miseric\u00f3rdia de nosso Deus que veio dos altos c\u00e9us at\u00e9 n\u00f3s\u201d.<\/p>\n<p>\u2022 Uma exorta\u00e7\u00e3o de Santo Ambr\u00f3sio (337-397):<br \/>\nSacia tua sede em Cristo, porque ele \u00e9 a rocha da qual brotam as \u00e1guas.<br \/>\nSacia tua sede em Cristo, porque ele \u00e9 a fonte da vida.<br \/>\nSacia tua sede em Cristo, porque ele \u00e9 o rio que alegra a cidade de Deus.<br \/>\nSacia tua sede em Cristo, porque ele \u00e9 a tua paz.<br \/>\nSacia tua sede em Cristo, porque rios de \u00e1gua viva brotam de seu seio.<\/p>\n<p>\u2022 Palavras contemplativas de S\u00e3o Boaventura (1221-1274):<br \/>\n\u201cLevanta-te, pois, tu que amas o Cristo, s\u00ea como a pomba que faz o seu ninho na borda do rochedo, e a\u00ed, como o p\u00e1ssaro que encontrou sua morada, n\u00e3o cesses de estar vigilante; a\u00ed esconde como a andorinha os filhos nascidos do casto amor; a\u00ed aproxima teus l\u00e1bios para beber as \u00e1guas das fontes do Salvador. Pois esta \u00e9 a fonte que brota no meio do para\u00edso e, dividida em quatro rios, se derrama no cora\u00e7\u00e3o dos fi\u00e9is para irrigar e fecundar a terra inteira\u201d.<\/p>\n<p><strong>Frei Almir Guimar\u00e3es<\/strong><\/p>\n","protected":false},"excerpt":{"rendered":"<p>1\u00aa Sexta-feira do M\u00eas<\/p>\n","protected":false},"author":1,"featured_media":184653,"comment_status":"open","ping_status":"open","sticky":false,"template":"","format":"standard","meta":{"footnotes":""},"categories":[105],"tags":[106,112],"yoast_head":"<!-- This site is optimized with the Yoast SEO plugin v19.4 - https:\/\/yoast.com\/wordpress\/plugins\/seo\/ -->\n<title>O que eles dizem a respeito do Cora\u00e7\u00e3o do Redentor? - Vida Crist\u00e3 - Franciscanos<\/title>\n<meta name=\"robots\" content=\"index, follow, max-snippet:-1, max-image-preview:large, max-video-preview:-1\" \/>\n<link rel=\"canonical\" href=\"https:\/\/franciscanos.org.br\/vidacrista\/o-que-eles-dizem-a-respeito-do-coracao-do-redentor\/\" \/>\n<meta property=\"og:locale\" content=\"pt_BR\" \/>\n<meta property=\"og:type\" content=\"article\" \/>\n<meta property=\"og:title\" content=\"O que eles dizem a respeito do Cora\u00e7\u00e3o do Redentor? - Vida Crist\u00e3 - Franciscanos\" \/>\n<meta property=\"og:description\" content=\"1\u00aa Sexta-feira do M\u00eas\" \/>\n<meta property=\"og:url\" content=\"https:\/\/franciscanos.org.br\/vidacrista\/o-que-eles-dizem-a-respeito-do-coracao-do-redentor\/\" \/>\n<meta property=\"og:site_name\" content=\"Vida Crist\u00e3 - Franciscanos\" \/>\n<meta property=\"article:published_time\" content=\"2017-08-30T11:35:32+00:00\" \/>\n<meta property=\"article:modified_time\" content=\"2020-05-22T16:02:13+00:00\" \/>\n<meta property=\"og:image\" content=\"https:\/\/franciscanos.org.br\/vidacrista\/wp-content\/uploads\/2017\/08\/coracao_300817.jpg\" \/>\n\t<meta property=\"og:image:width\" content=\"800\" \/>\n\t<meta property=\"og:image:height\" content=\"600\" \/>\n\t<meta property=\"og:image:type\" content=\"image\/jpeg\" \/>\n<meta name=\"author\" content=\"admin\" \/>\n<meta name=\"twitter:card\" content=\"summary_large_image\" \/>\n<meta name=\"twitter:label1\" content=\"Escrito por\" \/>\n\t<meta name=\"twitter:data1\" content=\"admin\" \/>\n\t<meta name=\"twitter:label2\" content=\"Est. tempo de leitura\" \/>\n\t<meta name=\"twitter:data2\" content=\"2 minutos\" \/>\n<script type=\"application\/ld+json\" class=\"yoast-schema-graph\">{\"@context\":\"https:\/\/schema.org\",\"@graph\":[{\"@type\":\"WebSite\",\"@id\":\"https:\/\/franciscanos.org.br\/vidacrista\/#website\",\"url\":\"https:\/\/franciscanos.org.br\/vidacrista\/\",\"name\":\"Vida Crist\u00e3 - Franciscanos\",\"description\":\"Prov\u00edncia Franciscana da Imaculada Concei\u00e7\u00e3o do Brasil - Ordem dos Frades Menores\",\"potentialAction\":[{\"@type\":\"SearchAction\",\"target\":{\"@type\":\"EntryPoint\",\"urlTemplate\":\"https:\/\/franciscanos.org.br\/vidacrista\/?s={search_term_string}\"},\"query-input\":\"required name=search_term_string\"}],\"inLanguage\":\"pt-BR\"},{\"@type\":\"WebPage\",\"@id\":\"https:\/\/franciscanos.org.br\/vidacrista\/o-que-eles-dizem-a-respeito-do-coracao-do-redentor\/\",\"url\":\"https:\/\/franciscanos.org.br\/vidacrista\/o-que-eles-dizem-a-respeito-do-coracao-do-redentor\/\",\"name\":\"O que eles dizem a respeito do Cora\u00e7\u00e3o do Redentor? - Vida Crist\u00e3 - Franciscanos\",\"isPartOf\":{\"@id\":\"https:\/\/franciscanos.org.br\/vidacrista\/#website\"},\"datePublished\":\"2017-08-30T11:35:32+00:00\",\"dateModified\":\"2020-05-22T16:02:13+00:00\",\"author\":{\"@id\":\"https:\/\/franciscanos.org.br\/vidacrista\/#\/schema\/person\/133632ca93cec555316a35f76ab4153b\"},\"breadcrumb\":{\"@id\":\"https:\/\/franciscanos.org.br\/vidacrista\/o-que-eles-dizem-a-respeito-do-coracao-do-redentor\/#breadcrumb\"},\"inLanguage\":\"pt-BR\",\"potentialAction\":[{\"@type\":\"ReadAction\",\"target\":[\"https:\/\/franciscanos.org.br\/vidacrista\/o-que-eles-dizem-a-respeito-do-coracao-do-redentor\/\"]}]},{\"@type\":\"BreadcrumbList\",\"@id\":\"https:\/\/franciscanos.org.br\/vidacrista\/o-que-eles-dizem-a-respeito-do-coracao-do-redentor\/#breadcrumb\",\"itemListElement\":[{\"@type\":\"ListItem\",\"position\":1,\"name\":\"Home\",\"item\":\"https:\/\/franciscanos.org.br\/vidacrista\/\"},{\"@type\":\"ListItem\",\"position\":2,\"name\":\"O que eles dizem a respeito do Cora\u00e7\u00e3o do Redentor?\"}]},{\"@type\":\"Person\",\"@id\":\"https:\/\/franciscanos.org.br\/vidacrista\/#\/schema\/person\/133632ca93cec555316a35f76ab4153b\",\"name\":\"admin\",\"image\":{\"@type\":\"ImageObject\",\"inLanguage\":\"pt-BR\",\"@id\":\"https:\/\/franciscanos.org.br\/vidacrista\/#\/schema\/person\/image\/\",\"url\":\"https:\/\/secure.gravatar.com\/avatar\/e8495742d34d0ba6448ea1c628263b3e?s=96&d=mm&r=g\",\"contentUrl\":\"https:\/\/secure.gravatar.com\/avatar\/e8495742d34d0ba6448ea1c628263b3e?s=96&d=mm&r=g\",\"caption\":\"admin\"},\"url\":\"https:\/\/franciscanos.org.br\/vidacrista\/author\/admin\/\"}]}<\/script>\n<!-- \/ Yoast SEO plugin. -->","yoast_head_json":{"title":"O que eles dizem a respeito do Cora\u00e7\u00e3o do Redentor? - Vida Crist\u00e3 - Franciscanos","robots":{"index":"index","follow":"follow","max-snippet":"max-snippet:-1","max-image-preview":"max-image-preview:large","max-video-preview":"max-video-preview:-1"},"canonical":"https:\/\/franciscanos.org.br\/vidacrista\/o-que-eles-dizem-a-respeito-do-coracao-do-redentor\/","og_locale":"pt_BR","og_type":"article","og_title":"O que eles dizem a respeito do Cora\u00e7\u00e3o do Redentor? - Vida Crist\u00e3 - Franciscanos","og_description":"1\u00aa Sexta-feira do M\u00eas","og_url":"https:\/\/franciscanos.org.br\/vidacrista\/o-que-eles-dizem-a-respeito-do-coracao-do-redentor\/","og_site_name":"Vida Crist\u00e3 - Franciscanos","article_published_time":"2017-08-30T11:35:32+00:00","article_modified_time":"2020-05-22T16:02:13+00:00","og_image":[{"width":800,"height":600,"url":"https:\/\/franciscanos.org.br\/vidacrista\/wp-content\/uploads\/2017\/08\/coracao_300817.jpg","type":"image\/jpeg"}],"author":"admin","twitter_card":"summary_large_image","twitter_misc":{"Escrito por":"admin","Est. tempo de leitura":"2 minutos"},"schema":{"@context":"https:\/\/schema.org","@graph":[{"@type":"WebSite","@id":"https:\/\/franciscanos.org.br\/vidacrista\/#website","url":"https:\/\/franciscanos.org.br\/vidacrista\/","name":"Vida Crist\u00e3 - Franciscanos","description":"Prov\u00edncia Franciscana da Imaculada Concei\u00e7\u00e3o do Brasil - Ordem dos Frades Menores","potentialAction":[{"@type":"SearchAction","target":{"@type":"EntryPoint","urlTemplate":"https:\/\/franciscanos.org.br\/vidacrista\/?s={search_term_string}"},"query-input":"required name=search_term_string"}],"inLanguage":"pt-BR"},{"@type":"WebPage","@id":"https:\/\/franciscanos.org.br\/vidacrista\/o-que-eles-dizem-a-respeito-do-coracao-do-redentor\/","url":"https:\/\/franciscanos.org.br\/vidacrista\/o-que-eles-dizem-a-respeito-do-coracao-do-redentor\/","name":"O que eles dizem a respeito do Cora\u00e7\u00e3o do Redentor? - Vida Crist\u00e3 - Franciscanos","isPartOf":{"@id":"https:\/\/franciscanos.org.br\/vidacrista\/#website"},"datePublished":"2017-08-30T11:35:32+00:00","dateModified":"2020-05-22T16:02:13+00:00","author":{"@id":"https:\/\/franciscanos.org.br\/vidacrista\/#\/schema\/person\/133632ca93cec555316a35f76ab4153b"},"breadcrumb":{"@id":"https:\/\/franciscanos.org.br\/vidacrista\/o-que-eles-dizem-a-respeito-do-coracao-do-redentor\/#breadcrumb"},"inLanguage":"pt-BR","potentialAction":[{"@type":"ReadAction","target":["https:\/\/franciscanos.org.br\/vidacrista\/o-que-eles-dizem-a-respeito-do-coracao-do-redentor\/"]}]},{"@type":"BreadcrumbList","@id":"https:\/\/franciscanos.org.br\/vidacrista\/o-que-eles-dizem-a-respeito-do-coracao-do-redentor\/#breadcrumb","itemListElement":[{"@type":"ListItem","position":1,"name":"Home","item":"https:\/\/franciscanos.org.br\/vidacrista\/"},{"@type":"ListItem","position":2,"name":"O que eles dizem a respeito do Cora\u00e7\u00e3o do Redentor?"}]},{"@type":"Person","@id":"https:\/\/franciscanos.org.br\/vidacrista\/#\/schema\/person\/133632ca93cec555316a35f76ab4153b","name":"admin","image":{"@type":"ImageObject","inLanguage":"pt-BR","@id":"https:\/\/franciscanos.org.br\/vidacrista\/#\/schema\/person\/image\/","url":"https:\/\/secure.gravatar.com\/avatar\/e8495742d34d0ba6448ea1c628263b3e?s=96&d=mm&r=g","contentUrl":"https:\/\/secure.gravatar.com\/avatar\/e8495742d34d0ba6448ea1c628263b3e?s=96&d=mm&r=g","caption":"admin"},"url":"https:\/\/franciscanos.org.br\/vidacrista\/author\/admin\/"}]}},"_links":{"self":[{"href":"https:\/\/franciscanos.org.br\/vidacrista\/wp-json\/wp\/v2\/posts\/139764"}],"collection":[{"href":"https:\/\/franciscanos.org.br\/vidacrista\/wp-json\/wp\/v2\/posts"}],"about":[{"href":"https:\/\/franciscanos.org.br\/vidacrista\/wp-json\/wp\/v2\/types\/post"}],"author":[{"embeddable":true,"href":"https:\/\/franciscanos.org.br\/vidacrista\/wp-json\/wp\/v2\/users\/1"}],"replies":[{"embeddable":true,"href":"https:\/\/franciscanos.org.br\/vidacrista\/wp-json\/wp\/v2\/comments?post=139764"}],"version-history":[{"count":2,"href":"https:\/\/franciscanos.org.br\/vidacrista\/wp-json\/wp\/v2\/posts\/139764\/revisions"}],"predecessor-version":[{"id":178197,"href":"https:\/\/franciscanos.org.br\/vidacrista\/wp-json\/wp\/v2\/posts\/139764\/revisions\/178197"}],"wp:featuredmedia":[{"embeddable":true,"href":"https:\/\/franciscanos.org.br\/vidacrista\/wp-json\/wp\/v2\/media\/184653"}],"wp:attachment":[{"href":"https:\/\/franciscanos.org.br\/vidacrista\/wp-json\/wp\/v2\/media?parent=139764"}],"wp:term":[{"taxonomy":"category","embeddable":true,"href":"https:\/\/franciscanos.org.br\/vidacrista\/wp-json\/wp\/v2\/categories?post=139764"},{"taxonomy":"post_tag","embeddable":true,"href":"https:\/\/franciscanos.org.br\/vidacrista\/wp-json\/wp\/v2\/tags?post=139764"}],"curies":[{"name":"wp","href":"https:\/\/api.w.org\/{rel}","templated":true}]}}