{"id":137457,"date":"2017-07-05T15:50:13","date_gmt":"2017-07-05T18:50:13","guid":{"rendered":"http:\/\/franciscanos.org.br\/?p=137457"},"modified":"2019-03-01T13:47:41","modified_gmt":"2019-03-01T16:47:41","slug":"ladainha-do-coracao-de-jesus","status":"publish","type":"post","link":"https:\/\/franciscanos.org.br\/vidacrista\/ladainha-do-coracao-de-jesus\/","title":{"rendered":"Ladainha do Cora\u00e7\u00e3o de Jesus"},"content":{"rendered":"<p><img decoding=\"async\" loading=\"lazy\" src=\"http:\/\/franciscanos.org.br\/wp-content\/uploads\/2017\/07\/coracao_050717.jpg\" alt=\"coracao_050717\" width=\"820\" height=\"468\" \/><\/p>\n<p>Nome\u00a0 de Jesus,<br \/>\no Nome do Bem-Amado,<br \/>\no Nome do Primog\u00eanito,<br \/>\nLouvado sejas tu!<\/p>\n<p>Cora\u00e7\u00e3o de Jesus,<br \/>\nardendo de tanto amor,<br \/>\nferido pelo pecado,<br \/>\nPiedade de n\u00f3s!<\/p>\n<p>Nome de Jesus,<br \/>\no Nome do verdadeiro\u00a0 Pastor,<br \/>\no nome do Pr\u00edncipe-Cordeiro,<br \/>\nLouvado sejas tu!<\/p>\n<p>Cora\u00e7\u00e3o de Jesus,<br \/>\ndescanso para os cora\u00e7\u00f5es feridos<br \/>\ne gra\u00e7a dos pecadores,<br \/>\nPiedade de n\u00f3s!<\/p>\n<p>Nome de Jesus,<br \/>\nmais belo que todos os nomes,<br \/>\no Nome que d\u00e1 nome\u00a0 Deus,<br \/>\nLouvado sejas tu!<\/p>\n<p>Cora\u00e7\u00e3o de Jesus<br \/>\nque\u00a0 falas do cora\u00e7\u00e3o de Deus<br \/>\nmaior que nosso cora\u00e7\u00e3o,<br \/>\nPiedade de n\u00f3s!<\/p>\n<p>Nome de Jesus,<br \/>\no nome dos batizados,<br \/>\n\u00fanico nome\u00a0 que justifica,<br \/>\nLouvado sejas tu!<\/p>\n<p>Cora\u00e7\u00e3o de Jesus,<br \/>\no cora\u00e7\u00e3o do Homem Deus,<br \/>\no cora\u00e7\u00e3o de Deus na cruz.<br \/>\nPiedade de n\u00f3s!<\/p>\n<p>Nome de Jesus<br \/>\nque feres o nosso cora\u00e7\u00e3o<br \/>\ne aprofundas\u00a0 nosso desejo,<br \/>\nLouvado sejas tu!<\/p>\n<p>Cora\u00e7\u00e3o de Jesus,<br \/>\nque acalmas toda sede<br \/>\ne sacias toda fome,<br \/>\nLouvado sejas tu!<\/p>\n<p>Nome de Jesus,<br \/>\nfor\u00e7a de salva\u00e7\u00e3o<br \/>\nque marcas nossa fronte,<br \/>\nLouvado sejas tu!<\/p>\n<p>Cora\u00e7\u00e3o\u00a0 de Jesus<br \/>\nque conduzes \u00e0 alegria<br \/>\ne que nos conservas na paz,<br \/>\nPiedade de n\u00f3s.<\/p>\n<p>Nome de Jesus,<br \/>\nSol em plena noite,<br \/>\nfrescor em pleno ver\u00e3o,<br \/>\nLouvado sejas tu!<\/p>\n<p>Cora\u00e7\u00e3o de Jesus,<br \/>\nprimavera em pleno inverno,<br \/>\nfonte no cora\u00e7\u00e3o do deserto,<br \/>\nPiedade de\u00a0 n\u00f3s!<\/p>\n<p>Nome de Jesus,<br \/>\nmais claro do que o dia,<br \/>\nmais doce que o mel,<br \/>\nLouvado sejas tu!<\/p>\n<p>Cora\u00e7\u00e3o de Jesus,<br \/>\nestrela no caminho,<br \/>\nrochedo que faz jorrar \u00e1gua,<br \/>\nPiedade de n\u00f3s!<\/p>\n<p>Nome de Jesus,<br \/>\np\u00e9rola de grande valor<br \/>\ntesouro de infinito pre\u00e7o,<br \/>\nLouvado sejas tu!<\/p>\n<p>Cora\u00e7\u00e3o de Jesus,<br \/>\nviolento como o Amor,<br \/>\nforte como o fogo,<br \/>\nPiedade de n\u00f3s!<\/p>\n<hr \/>\n<h2><strong>Hist\u00f3ria da Devo\u00e7\u00e3o ao Sagrado Cora\u00e7\u00e3o de Jesus<\/strong><\/h2>\n<p>A devo\u00e7\u00e3o ao Sagrado Cora\u00e7\u00e3o de Jesus surgiu no s\u00e9culo XVII, quando Santa Margarida Maria de Alacoque, que era religiosa e vivia em um convento, recebeu a visita de Nosso Senhor, que apareceu a ela tr\u00eas vezes. A primeira foi em dezembro de 1673, a segunda em 1674 e a terceira em 1675, quando Jesus manifestou-se lhe com o peito aberto e apontando com o dedo seu Cora\u00e7\u00e3o, exclamou: &#8220;Eis o Cora\u00e7\u00e3o que tem amado tanto aos homens a ponto de nada poupar at\u00e9 exaurir-se e\u00a0consumir-se para demonstrar-lhes o seu amor. E em reconhecimento n\u00e3o recebo sen\u00e3o ingratid\u00e3o da maior parte deles&#8221;.<\/p>\n<p>Durante essas apari\u00e7\u00f5es, Jesus fez 12 grandes promessas \u00e0s pessoas que fossem devotas de seu Cora\u00e7\u00e3o Misericordioso e que participassem da Santa Eucaristia, comungando pela repara\u00e7\u00e3o dos pecados, toda primeira sexta-feira de cada m\u00eas, durante nove meses seguidos.<\/p>\n<p>Depois, em 11 de junho de 1899, o Papa Le\u00e3o XIII consagrou todo o g\u00eanero humano ao Sagrado Cora\u00e7\u00e3o de Jesus, afirmando ser esse o maior ato de todo o seu pontificado.<\/p>\n<p>Dessa forma, a devo\u00e7\u00e3o ao Sagrado Cora\u00e7\u00e3o de Jesus difundiu-se por todo o mundo e foi recomendada por muitos Papas da Igreja. Muitos Santos, como S\u00e3o Francisco de Assis, Santo In\u00e1cio de Loyola, Santa Tereza D\u2019Avila e outros, dedicaram terna devo\u00e7\u00e3o, admira\u00e7\u00e3o e adora\u00e7\u00e3o ao Sagrado Cora\u00e7\u00e3o de Jesus.<br \/>\n<strong>Hoje, o movimento do Apostolado da Ora\u00e7\u00e3o ao Sagrado Cora\u00e7\u00e3o de Jesus zela por essa devo\u00e7\u00e3o e a propaga pelo mundo todo.<\/strong><\/p>\n<p>As promessas que trazem grandes benef\u00edcios espirituais para a vida daqueles que t\u00eam essa devo\u00e7\u00e3o s\u00e3o:<\/p>\n<p><strong>1\u00aa Promessa:<\/strong> \u201cEu darei aos devotos de meu Cora\u00e7\u00e3o todas as gra\u00e7as necess\u00e1rias a seu estado\u201d.<br \/>\n<strong>2\u00aa Promessa:<\/strong> \u201cEstabelecerei e conservarei a paz em suas fam\u00edlias \u201d.<br \/>\n<strong>3\u00aa Promessa:<\/strong> \u201cEu os consolarei em todas as suas afli\u00e7\u00f5es\u201d.<br \/>\n<strong>4\u00aa Promessa:<\/strong> \u201cSerei ref\u00fagio seguro na vida e principalmente na hora da morte\u201d.<br \/>\n<strong>5\u00aa Promessa:<\/strong> \u201cLan\u00e7arei b\u00ean\u00e7\u00e3os abundantes sobre os seus trabalhos e empreendimentos\u201d.<br \/>\n<strong>6\u00aa Promessa:<\/strong> \u201cOs pecadores encontrar\u00e3o em meu Cora\u00e7\u00e3o fonte inesgot\u00e1vel de miseric\u00f3rdias\u201d.<br \/>\n<strong>7\u00aa Promessa:<\/strong> \u201cAs almas t\u00edbias tornar-se-\u00e3o fervorosas pela pr\u00e1tica dessa devo\u00e7\u00e3o\u201d.<br \/>\n<strong>8\u00aa Promessa:<\/strong> \u201cAs almas fervorosas subir\u00e3o em pouco tempo a uma alta perfei\u00e7\u00e3o\u201d.<br \/>\n<strong>9\u00aa Promessa:<\/strong> \u201cA minha b\u00ean\u00e7\u00e3o permanecer\u00e1 sobre as casas em que se achar exposta e venerada a imagem de meu Sagrado Cora\u00e7\u00e3o\u201d.<br \/>\n<strong>10\u00aa Promessa:<\/strong> \u201cDarei aos sacerdotes que praticarem especialmente essa devo\u00e7\u00e3o o poder de tocar os cora\u00e7\u00f5es mais endurecidos\u201d.<br \/>\n1<strong>1\u00aa Promessa:<\/strong> \u201cAs pessoas que propagarem esta devo\u00e7\u00e3o ter\u00e3o o seu nome inscrito para sempre no meu Cora\u00e7\u00e3o\u201d.<br \/>\n<strong>12\u00aa Promessa:<\/strong> \u201cA todos os que comunguem nas primeiras sextas-feiras de nove meses consecutivos, darei a gra\u00e7a da perseveran\u00e7a final e da salva\u00e7\u00e3o eterna\u201d.<\/p>\n","protected":false},"excerpt":{"rendered":"<p>1\u00aa Sexta-feira do M\u00eas<\/p>\n","protected":false},"author":1,"featured_media":178199,"comment_status":"open","ping_status":"open","sticky":false,"template":"","format":"standard","meta":{"footnotes":""},"categories":[105],"tags":[106,112],"yoast_head":"<!-- This site is optimized with the Yoast SEO plugin v19.4 - https:\/\/yoast.com\/wordpress\/plugins\/seo\/ -->\n<title>Ladainha do Cora\u00e7\u00e3o de Jesus - Vida Crist\u00e3 - Franciscanos<\/title>\n<meta name=\"robots\" content=\"index, follow, max-snippet:-1, max-image-preview:large, max-video-preview:-1\" \/>\n<link rel=\"canonical\" href=\"https:\/\/franciscanos.org.br\/vidacrista\/ladainha-do-coracao-de-jesus\/\" \/>\n<meta property=\"og:locale\" content=\"pt_BR\" \/>\n<meta property=\"og:type\" content=\"article\" \/>\n<meta property=\"og:title\" content=\"Ladainha do Cora\u00e7\u00e3o de Jesus - Vida Crist\u00e3 - Franciscanos\" \/>\n<meta property=\"og:description\" content=\"1\u00aa Sexta-feira do M\u00eas\" \/>\n<meta property=\"og:url\" content=\"https:\/\/franciscanos.org.br\/vidacrista\/ladainha-do-coracao-de-jesus\/\" \/>\n<meta property=\"og:site_name\" content=\"Vida Crist\u00e3 - Franciscanos\" \/>\n<meta property=\"article:published_time\" content=\"2017-07-05T18:50:13+00:00\" \/>\n<meta property=\"article:modified_time\" content=\"2019-03-01T16:47:41+00:00\" \/>\n<meta property=\"og:image\" content=\"https:\/\/franciscanos.org.br\/vidacrista\/wp-content\/uploads\/2017\/07\/sagrado_050717.jpg\" \/>\n\t<meta property=\"og:image:width\" content=\"273\" \/>\n\t<meta property=\"og:image:height\" content=\"181\" \/>\n\t<meta property=\"og:image:type\" content=\"image\/jpeg\" \/>\n<meta name=\"author\" content=\"admin\" \/>\n<meta name=\"twitter:card\" content=\"summary_large_image\" \/>\n<meta name=\"twitter:label1\" content=\"Escrito por\" \/>\n\t<meta name=\"twitter:data1\" content=\"admin\" \/>\n\t<meta name=\"twitter:label2\" content=\"Est. tempo de leitura\" \/>\n\t<meta name=\"twitter:data2\" content=\"4 minutos\" \/>\n<script type=\"application\/ld+json\" class=\"yoast-schema-graph\">{\"@context\":\"https:\/\/schema.org\",\"@graph\":[{\"@type\":\"WebSite\",\"@id\":\"https:\/\/franciscanos.org.br\/vidacrista\/#website\",\"url\":\"https:\/\/franciscanos.org.br\/vidacrista\/\",\"name\":\"Vida Crist\u00e3 - Franciscanos\",\"description\":\"Prov\u00edncia Franciscana da Imaculada Concei\u00e7\u00e3o do Brasil - Ordem dos Frades Menores\",\"potentialAction\":[{\"@type\":\"SearchAction\",\"target\":{\"@type\":\"EntryPoint\",\"urlTemplate\":\"https:\/\/franciscanos.org.br\/vidacrista\/?s={search_term_string}\"},\"query-input\":\"required name=search_term_string\"}],\"inLanguage\":\"pt-BR\"},{\"@type\":\"WebPage\",\"@id\":\"https:\/\/franciscanos.org.br\/vidacrista\/ladainha-do-coracao-de-jesus\/\",\"url\":\"https:\/\/franciscanos.org.br\/vidacrista\/ladainha-do-coracao-de-jesus\/\",\"name\":\"Ladainha do Cora\u00e7\u00e3o de Jesus - Vida Crist\u00e3 - Franciscanos\",\"isPartOf\":{\"@id\":\"https:\/\/franciscanos.org.br\/vidacrista\/#website\"},\"datePublished\":\"2017-07-05T18:50:13+00:00\",\"dateModified\":\"2019-03-01T16:47:41+00:00\",\"author\":{\"@id\":\"https:\/\/franciscanos.org.br\/vidacrista\/#\/schema\/person\/133632ca93cec555316a35f76ab4153b\"},\"breadcrumb\":{\"@id\":\"https:\/\/franciscanos.org.br\/vidacrista\/ladainha-do-coracao-de-jesus\/#breadcrumb\"},\"inLanguage\":\"pt-BR\",\"potentialAction\":[{\"@type\":\"ReadAction\",\"target\":[\"https:\/\/franciscanos.org.br\/vidacrista\/ladainha-do-coracao-de-jesus\/\"]}]},{\"@type\":\"BreadcrumbList\",\"@id\":\"https:\/\/franciscanos.org.br\/vidacrista\/ladainha-do-coracao-de-jesus\/#breadcrumb\",\"itemListElement\":[{\"@type\":\"ListItem\",\"position\":1,\"name\":\"Home\",\"item\":\"https:\/\/franciscanos.org.br\/vidacrista\/\"},{\"@type\":\"ListItem\",\"position\":2,\"name\":\"Ladainha do Cora\u00e7\u00e3o de Jesus\"}]},{\"@type\":\"Person\",\"@id\":\"https:\/\/franciscanos.org.br\/vidacrista\/#\/schema\/person\/133632ca93cec555316a35f76ab4153b\",\"name\":\"admin\",\"image\":{\"@type\":\"ImageObject\",\"inLanguage\":\"pt-BR\",\"@id\":\"https:\/\/franciscanos.org.br\/vidacrista\/#\/schema\/person\/image\/\",\"url\":\"https:\/\/secure.gravatar.com\/avatar\/e8495742d34d0ba6448ea1c628263b3e?s=96&d=mm&r=g\",\"contentUrl\":\"https:\/\/secure.gravatar.com\/avatar\/e8495742d34d0ba6448ea1c628263b3e?s=96&d=mm&r=g\",\"caption\":\"admin\"},\"url\":\"https:\/\/franciscanos.org.br\/vidacrista\/author\/admin\/\"}]}<\/script>\n<!-- \/ Yoast SEO plugin. -->","yoast_head_json":{"title":"Ladainha do Cora\u00e7\u00e3o de Jesus - Vida Crist\u00e3 - Franciscanos","robots":{"index":"index","follow":"follow","max-snippet":"max-snippet:-1","max-image-preview":"max-image-preview:large","max-video-preview":"max-video-preview:-1"},"canonical":"https:\/\/franciscanos.org.br\/vidacrista\/ladainha-do-coracao-de-jesus\/","og_locale":"pt_BR","og_type":"article","og_title":"Ladainha do Cora\u00e7\u00e3o de Jesus - Vida Crist\u00e3 - Franciscanos","og_description":"1\u00aa Sexta-feira do M\u00eas","og_url":"https:\/\/franciscanos.org.br\/vidacrista\/ladainha-do-coracao-de-jesus\/","og_site_name":"Vida Crist\u00e3 - Franciscanos","article_published_time":"2017-07-05T18:50:13+00:00","article_modified_time":"2019-03-01T16:47:41+00:00","og_image":[{"width":273,"height":181,"url":"https:\/\/franciscanos.org.br\/vidacrista\/wp-content\/uploads\/2017\/07\/sagrado_050717.jpg","type":"image\/jpeg"}],"author":"admin","twitter_card":"summary_large_image","twitter_misc":{"Escrito por":"admin","Est. tempo de leitura":"4 minutos"},"schema":{"@context":"https:\/\/schema.org","@graph":[{"@type":"WebSite","@id":"https:\/\/franciscanos.org.br\/vidacrista\/#website","url":"https:\/\/franciscanos.org.br\/vidacrista\/","name":"Vida Crist\u00e3 - Franciscanos","description":"Prov\u00edncia Franciscana da Imaculada Concei\u00e7\u00e3o do Brasil - Ordem dos Frades Menores","potentialAction":[{"@type":"SearchAction","target":{"@type":"EntryPoint","urlTemplate":"https:\/\/franciscanos.org.br\/vidacrista\/?s={search_term_string}"},"query-input":"required name=search_term_string"}],"inLanguage":"pt-BR"},{"@type":"WebPage","@id":"https:\/\/franciscanos.org.br\/vidacrista\/ladainha-do-coracao-de-jesus\/","url":"https:\/\/franciscanos.org.br\/vidacrista\/ladainha-do-coracao-de-jesus\/","name":"Ladainha do Cora\u00e7\u00e3o de Jesus - Vida Crist\u00e3 - Franciscanos","isPartOf":{"@id":"https:\/\/franciscanos.org.br\/vidacrista\/#website"},"datePublished":"2017-07-05T18:50:13+00:00","dateModified":"2019-03-01T16:47:41+00:00","author":{"@id":"https:\/\/franciscanos.org.br\/vidacrista\/#\/schema\/person\/133632ca93cec555316a35f76ab4153b"},"breadcrumb":{"@id":"https:\/\/franciscanos.org.br\/vidacrista\/ladainha-do-coracao-de-jesus\/#breadcrumb"},"inLanguage":"pt-BR","potentialAction":[{"@type":"ReadAction","target":["https:\/\/franciscanos.org.br\/vidacrista\/ladainha-do-coracao-de-jesus\/"]}]},{"@type":"BreadcrumbList","@id":"https:\/\/franciscanos.org.br\/vidacrista\/ladainha-do-coracao-de-jesus\/#breadcrumb","itemListElement":[{"@type":"ListItem","position":1,"name":"Home","item":"https:\/\/franciscanos.org.br\/vidacrista\/"},{"@type":"ListItem","position":2,"name":"Ladainha do Cora\u00e7\u00e3o de Jesus"}]},{"@type":"Person","@id":"https:\/\/franciscanos.org.br\/vidacrista\/#\/schema\/person\/133632ca93cec555316a35f76ab4153b","name":"admin","image":{"@type":"ImageObject","inLanguage":"pt-BR","@id":"https:\/\/franciscanos.org.br\/vidacrista\/#\/schema\/person\/image\/","url":"https:\/\/secure.gravatar.com\/avatar\/e8495742d34d0ba6448ea1c628263b3e?s=96&d=mm&r=g","contentUrl":"https:\/\/secure.gravatar.com\/avatar\/e8495742d34d0ba6448ea1c628263b3e?s=96&d=mm&r=g","caption":"admin"},"url":"https:\/\/franciscanos.org.br\/vidacrista\/author\/admin\/"}]}},"_links":{"self":[{"href":"https:\/\/franciscanos.org.br\/vidacrista\/wp-json\/wp\/v2\/posts\/137457"}],"collection":[{"href":"https:\/\/franciscanos.org.br\/vidacrista\/wp-json\/wp\/v2\/posts"}],"about":[{"href":"https:\/\/franciscanos.org.br\/vidacrista\/wp-json\/wp\/v2\/types\/post"}],"author":[{"embeddable":true,"href":"https:\/\/franciscanos.org.br\/vidacrista\/wp-json\/wp\/v2\/users\/1"}],"replies":[{"embeddable":true,"href":"https:\/\/franciscanos.org.br\/vidacrista\/wp-json\/wp\/v2\/comments?post=137457"}],"version-history":[{"count":3,"href":"https:\/\/franciscanos.org.br\/vidacrista\/wp-json\/wp\/v2\/posts\/137457\/revisions"}],"predecessor-version":[{"id":178201,"href":"https:\/\/franciscanos.org.br\/vidacrista\/wp-json\/wp\/v2\/posts\/137457\/revisions\/178201"}],"wp:featuredmedia":[{"embeddable":true,"href":"https:\/\/franciscanos.org.br\/vidacrista\/wp-json\/wp\/v2\/media\/178199"}],"wp:attachment":[{"href":"https:\/\/franciscanos.org.br\/vidacrista\/wp-json\/wp\/v2\/media?parent=137457"}],"wp:term":[{"taxonomy":"category","embeddable":true,"href":"https:\/\/franciscanos.org.br\/vidacrista\/wp-json\/wp\/v2\/categories?post=137457"},{"taxonomy":"post_tag","embeddable":true,"href":"https:\/\/franciscanos.org.br\/vidacrista\/wp-json\/wp\/v2\/tags?post=137457"}],"curies":[{"name":"wp","href":"https:\/\/api.w.org\/{rel}","templated":true}]}}