{"id":134801,"date":"2017-06-02T07:05:00","date_gmt":"2017-06-02T10:05:00","guid":{"rendered":"http:\/\/franciscanos.org.br\/?p=134801"},"modified":"2020-09-21T12:34:15","modified_gmt":"2020-09-21T15:34:15","slug":"a-arvore-do-fruto-bendito-chamado-jesus","status":"publish","type":"post","link":"https:\/\/franciscanos.org.br\/vidacrista\/a-arvore-do-fruto-bendito-chamado-jesus\/","title":{"rendered":"A \u00e1rvore do fruto bendito chamado Jesus"},"content":{"rendered":"<h2>As duas \u00e1rvores: a do Para\u00edso e a do G\u00f3lgota<\/h2>\n<p style=\"padding-left: 30px;\"><em>Sempre de novo temos a ganhar quando contemplamos com as entranhas de n\u00f3s mesmos a cena da crucifix\u00e3o de Jesus. Mais exatamente quando vemos aquele que ficou suspenso do lenho. Aquele que encharcou a madeira da cruz com seu sangue. Aquele Jesus do peito dilacerado. Um Deus que morre de amor e derrama a \u00faltima gota de seu sangue, do sangue divino-humano, para que o mundo viva e viva em plenitude. Nossa medita\u00e7\u00e3o desta primeira sexta-feira do m\u00eas ser\u00e1 inspirada em admir\u00e1vel p\u00e1gina de S\u00e3o Teodoro Estudita (Constantinopla 759 &#8211; Bit\u00ednia 826). <strong>Frei Almir Guimar\u00e3es<\/strong><\/em><\/p>\n<p><img decoding=\"async\" loading=\"lazy\" src=\"http:\/\/franciscanos.org.br\/wp-content\/uploads\/2017\/06\/cruz_020617.jpg\" alt=\"cruz_020617\" width=\"820\" height=\"437\" \/><\/p>\n<p><strong>A cruz, uma \u00e1rvore diferente<\/strong><\/p>\n<p>No para\u00edso havia aquela \u00e1rvore do bem do mal. No Calv\u00e1rio se eleva uma outra \u00e1rvore:<br \/>\n\u201c\u00d3 precioso dom da cruz! Vede o esplendor de sua forma. N\u00e3o mostra apenas uma imagem mesclada de bem e de mal como aquela \u00e1rvore do Para\u00edso, mas totalmente bela e magn\u00edfica para a vista e o paladar\u201d.<\/p>\n<p><strong>Uma \u00e1rvore que d\u00e1 vida<\/strong><\/p>\n<p>\u201c\u00c9 uma \u00e1rvore que n\u00e3o gera a morte, mas a vida, que n\u00e3o difunde as trevas, mas a luz; que n\u00e3o expulsa do para\u00edso, mas nele introduz. A esta \u00e1rvore subiu Cristo, como um rei que sobre num carro triunfal, e venceu o dem\u00f4nio, detentor do poder da morte, para libertar o g\u00eanero humano da escravid\u00e3o do tirano. Sobre esta \u00e1rvore o Senhor, como um valente guerreiro, ferido durante o combate em suas m\u00e3os, nos p\u00e9s e em seu lado divino, curou as chagas de nossos pecados, isto \u00e9, curou a nossa natureza ferida pela serpente venenosa.<\/p>\n<p><strong>Em vez de morte, a \u00e1rvore da cruz nos \u00e9 d\u00e1 a vida<\/strong><\/p>\n<p>\u201cSe antes, pela \u00e1rvore fomos mortos, agora, pela \u00e1rvore, recuperamos a vida; se antes pela \u00e1rvore, fomos enganados, agora, pela \u00e1rvore, repelimos a ast\u00facia da serpente. Sem d\u00favida, novas extraordin\u00e1rias mudan\u00e7as! Em vez da morte, nos \u00e9 dada a vida; em lugar da corrup\u00e7\u00e3o, a incorrup\u00e7\u00e3o, da vergonha a gl\u00f3ria\u201d.<\/p>\n<p><strong>Somos dos que se gloriam da cruz<\/strong><\/p>\n<p>\u201cN\u00e3o \u00e9 sem raz\u00e3o que o Ap\u00f3stolo exclama: Quanto a mim, que eu me glorie somente na cruz do Senhor nosso, Jesus Cristo. Por ele, o mundo est\u00e1 crucificado para mim e eu estou crucificado para o mundo\u201d (Gl 6,14). Pois aquela suprema sabedoria que floresceu na cruz, desmascarou a presun\u00e7\u00e3o e a arrogante loucura da sabedoria do mundo; toda a esp\u00e9cie de bens maravilhosos que brotaram da cruz extirparam inteiramente a raiz da maldade e do pecado\u201d.<\/p>\n<p><strong>Assim a morte foi destru\u00edda<\/strong><\/p>\n<p>E fomos destinados \u00e0s moradas celestes: \u201cPela cruz, a morte foi destru\u00edda e Ad\u00e3o recuperou a vida. Pela cruz, todos os ap\u00f3stolos foram glorificados, todos os m\u00e1rtires coroados e todos os que creem santificados. Pela cruz fomos revestidos de Cristo ao despojarmos do homem velho. Pela cruz, n\u00f3s, ovelhas de Cristo, fomos reunidos num s\u00f3 rebanho e destinados \u00e0s moradas celestes\u201d.<\/p>\n<p><strong>Respons\u00f3rio<\/strong><\/p>\n<blockquote><p>\u00d3 \u00e1rvore nobre plantada no meio do Jardim do Senhor.<br \/>\nEm ti pelo Cristo, a morte de todos foi morta.<br \/>\nTu \u00e9s a mais alta de todos os cedros que existem nas matas.<\/p><\/blockquote>\n<p><em>Texto:<\/em><br \/>\n<em>Dos Serm\u00f5es de S\u00e3o Teodoro Estudita<\/em><br \/>\n<em>Liturgia das Horas II, p.609-611<\/em><\/p>\n","protected":false},"excerpt":{"rendered":"<p>1\u00aa Sexta-feira do M\u00eas<\/p>\n","protected":false},"author":1,"featured_media":187986,"comment_status":"open","ping_status":"open","sticky":false,"template":"","format":"standard","meta":{"footnotes":""},"categories":[105],"tags":[106,112],"yoast_head":"<!-- This site is optimized with the Yoast SEO plugin v19.4 - https:\/\/yoast.com\/wordpress\/plugins\/seo\/ -->\n<title>A \u00e1rvore do fruto bendito chamado Jesus - Vida Crist\u00e3 - Franciscanos<\/title>\n<meta name=\"robots\" content=\"index, follow, max-snippet:-1, max-image-preview:large, max-video-preview:-1\" \/>\n<link rel=\"canonical\" href=\"https:\/\/franciscanos.org.br\/vidacrista\/a-arvore-do-fruto-bendito-chamado-jesus\/\" \/>\n<meta property=\"og:locale\" content=\"pt_BR\" \/>\n<meta property=\"og:type\" content=\"article\" \/>\n<meta property=\"og:title\" content=\"A \u00e1rvore do fruto bendito chamado Jesus - Vida Crist\u00e3 - Franciscanos\" \/>\n<meta property=\"og:description\" content=\"1\u00aa Sexta-feira do M\u00eas\" \/>\n<meta property=\"og:url\" content=\"https:\/\/franciscanos.org.br\/vidacrista\/a-arvore-do-fruto-bendito-chamado-jesus\/\" \/>\n<meta property=\"og:site_name\" content=\"Vida Crist\u00e3 - Franciscanos\" \/>\n<meta property=\"article:published_time\" content=\"2017-06-02T10:05:00+00:00\" \/>\n<meta property=\"article:modified_time\" content=\"2020-09-21T15:34:15+00:00\" \/>\n<meta property=\"og:image\" content=\"https:\/\/franciscanos.org.br\/vidacrista\/wp-content\/uploads\/2017\/06\/cruz_020617.jpg\" \/>\n\t<meta property=\"og:image:width\" content=\"800\" \/>\n\t<meta property=\"og:image:height\" content=\"601\" \/>\n\t<meta property=\"og:image:type\" content=\"image\/jpeg\" \/>\n<meta name=\"author\" content=\"admin\" \/>\n<meta name=\"twitter:card\" content=\"summary_large_image\" \/>\n<meta name=\"twitter:label1\" content=\"Escrito por\" \/>\n\t<meta name=\"twitter:data1\" content=\"admin\" \/>\n\t<meta name=\"twitter:label2\" content=\"Est. tempo de leitura\" \/>\n\t<meta name=\"twitter:data2\" content=\"3 minutos\" \/>\n<script type=\"application\/ld+json\" class=\"yoast-schema-graph\">{\"@context\":\"https:\/\/schema.org\",\"@graph\":[{\"@type\":\"WebSite\",\"@id\":\"https:\/\/franciscanos.org.br\/vidacrista\/#website\",\"url\":\"https:\/\/franciscanos.org.br\/vidacrista\/\",\"name\":\"Vida Crist\u00e3 - Franciscanos\",\"description\":\"Prov\u00edncia Franciscana da Imaculada Concei\u00e7\u00e3o do Brasil - Ordem dos Frades Menores\",\"potentialAction\":[{\"@type\":\"SearchAction\",\"target\":{\"@type\":\"EntryPoint\",\"urlTemplate\":\"https:\/\/franciscanos.org.br\/vidacrista\/?s={search_term_string}\"},\"query-input\":\"required name=search_term_string\"}],\"inLanguage\":\"pt-BR\"},{\"@type\":\"WebPage\",\"@id\":\"https:\/\/franciscanos.org.br\/vidacrista\/a-arvore-do-fruto-bendito-chamado-jesus\/\",\"url\":\"https:\/\/franciscanos.org.br\/vidacrista\/a-arvore-do-fruto-bendito-chamado-jesus\/\",\"name\":\"A \u00e1rvore do fruto bendito chamado Jesus - Vida Crist\u00e3 - Franciscanos\",\"isPartOf\":{\"@id\":\"https:\/\/franciscanos.org.br\/vidacrista\/#website\"},\"datePublished\":\"2017-06-02T10:05:00+00:00\",\"dateModified\":\"2020-09-21T15:34:15+00:00\",\"author\":{\"@id\":\"https:\/\/franciscanos.org.br\/vidacrista\/#\/schema\/person\/133632ca93cec555316a35f76ab4153b\"},\"breadcrumb\":{\"@id\":\"https:\/\/franciscanos.org.br\/vidacrista\/a-arvore-do-fruto-bendito-chamado-jesus\/#breadcrumb\"},\"inLanguage\":\"pt-BR\",\"potentialAction\":[{\"@type\":\"ReadAction\",\"target\":[\"https:\/\/franciscanos.org.br\/vidacrista\/a-arvore-do-fruto-bendito-chamado-jesus\/\"]}]},{\"@type\":\"BreadcrumbList\",\"@id\":\"https:\/\/franciscanos.org.br\/vidacrista\/a-arvore-do-fruto-bendito-chamado-jesus\/#breadcrumb\",\"itemListElement\":[{\"@type\":\"ListItem\",\"position\":1,\"name\":\"Home\",\"item\":\"https:\/\/franciscanos.org.br\/vidacrista\/\"},{\"@type\":\"ListItem\",\"position\":2,\"name\":\"A \u00e1rvore do fruto bendito chamado Jesus\"}]},{\"@type\":\"Person\",\"@id\":\"https:\/\/franciscanos.org.br\/vidacrista\/#\/schema\/person\/133632ca93cec555316a35f76ab4153b\",\"name\":\"admin\",\"image\":{\"@type\":\"ImageObject\",\"inLanguage\":\"pt-BR\",\"@id\":\"https:\/\/franciscanos.org.br\/vidacrista\/#\/schema\/person\/image\/\",\"url\":\"https:\/\/secure.gravatar.com\/avatar\/e8495742d34d0ba6448ea1c628263b3e?s=96&d=mm&r=g\",\"contentUrl\":\"https:\/\/secure.gravatar.com\/avatar\/e8495742d34d0ba6448ea1c628263b3e?s=96&d=mm&r=g\",\"caption\":\"admin\"},\"url\":\"https:\/\/franciscanos.org.br\/vidacrista\/author\/admin\/\"}]}<\/script>\n<!-- \/ Yoast SEO plugin. -->","yoast_head_json":{"title":"A \u00e1rvore do fruto bendito chamado Jesus - Vida Crist\u00e3 - Franciscanos","robots":{"index":"index","follow":"follow","max-snippet":"max-snippet:-1","max-image-preview":"max-image-preview:large","max-video-preview":"max-video-preview:-1"},"canonical":"https:\/\/franciscanos.org.br\/vidacrista\/a-arvore-do-fruto-bendito-chamado-jesus\/","og_locale":"pt_BR","og_type":"article","og_title":"A \u00e1rvore do fruto bendito chamado Jesus - Vida Crist\u00e3 - Franciscanos","og_description":"1\u00aa Sexta-feira do M\u00eas","og_url":"https:\/\/franciscanos.org.br\/vidacrista\/a-arvore-do-fruto-bendito-chamado-jesus\/","og_site_name":"Vida Crist\u00e3 - Franciscanos","article_published_time":"2017-06-02T10:05:00+00:00","article_modified_time":"2020-09-21T15:34:15+00:00","og_image":[{"width":800,"height":601,"url":"https:\/\/franciscanos.org.br\/vidacrista\/wp-content\/uploads\/2017\/06\/cruz_020617.jpg","type":"image\/jpeg"}],"author":"admin","twitter_card":"summary_large_image","twitter_misc":{"Escrito por":"admin","Est. tempo de leitura":"3 minutos"},"schema":{"@context":"https:\/\/schema.org","@graph":[{"@type":"WebSite","@id":"https:\/\/franciscanos.org.br\/vidacrista\/#website","url":"https:\/\/franciscanos.org.br\/vidacrista\/","name":"Vida Crist\u00e3 - Franciscanos","description":"Prov\u00edncia Franciscana da Imaculada Concei\u00e7\u00e3o do Brasil - Ordem dos Frades Menores","potentialAction":[{"@type":"SearchAction","target":{"@type":"EntryPoint","urlTemplate":"https:\/\/franciscanos.org.br\/vidacrista\/?s={search_term_string}"},"query-input":"required name=search_term_string"}],"inLanguage":"pt-BR"},{"@type":"WebPage","@id":"https:\/\/franciscanos.org.br\/vidacrista\/a-arvore-do-fruto-bendito-chamado-jesus\/","url":"https:\/\/franciscanos.org.br\/vidacrista\/a-arvore-do-fruto-bendito-chamado-jesus\/","name":"A \u00e1rvore do fruto bendito chamado Jesus - Vida Crist\u00e3 - Franciscanos","isPartOf":{"@id":"https:\/\/franciscanos.org.br\/vidacrista\/#website"},"datePublished":"2017-06-02T10:05:00+00:00","dateModified":"2020-09-21T15:34:15+00:00","author":{"@id":"https:\/\/franciscanos.org.br\/vidacrista\/#\/schema\/person\/133632ca93cec555316a35f76ab4153b"},"breadcrumb":{"@id":"https:\/\/franciscanos.org.br\/vidacrista\/a-arvore-do-fruto-bendito-chamado-jesus\/#breadcrumb"},"inLanguage":"pt-BR","potentialAction":[{"@type":"ReadAction","target":["https:\/\/franciscanos.org.br\/vidacrista\/a-arvore-do-fruto-bendito-chamado-jesus\/"]}]},{"@type":"BreadcrumbList","@id":"https:\/\/franciscanos.org.br\/vidacrista\/a-arvore-do-fruto-bendito-chamado-jesus\/#breadcrumb","itemListElement":[{"@type":"ListItem","position":1,"name":"Home","item":"https:\/\/franciscanos.org.br\/vidacrista\/"},{"@type":"ListItem","position":2,"name":"A \u00e1rvore do fruto bendito chamado Jesus"}]},{"@type":"Person","@id":"https:\/\/franciscanos.org.br\/vidacrista\/#\/schema\/person\/133632ca93cec555316a35f76ab4153b","name":"admin","image":{"@type":"ImageObject","inLanguage":"pt-BR","@id":"https:\/\/franciscanos.org.br\/vidacrista\/#\/schema\/person\/image\/","url":"https:\/\/secure.gravatar.com\/avatar\/e8495742d34d0ba6448ea1c628263b3e?s=96&d=mm&r=g","contentUrl":"https:\/\/secure.gravatar.com\/avatar\/e8495742d34d0ba6448ea1c628263b3e?s=96&d=mm&r=g","caption":"admin"},"url":"https:\/\/franciscanos.org.br\/vidacrista\/author\/admin\/"}]}},"_links":{"self":[{"href":"https:\/\/franciscanos.org.br\/vidacrista\/wp-json\/wp\/v2\/posts\/134801"}],"collection":[{"href":"https:\/\/franciscanos.org.br\/vidacrista\/wp-json\/wp\/v2\/posts"}],"about":[{"href":"https:\/\/franciscanos.org.br\/vidacrista\/wp-json\/wp\/v2\/types\/post"}],"author":[{"embeddable":true,"href":"https:\/\/franciscanos.org.br\/vidacrista\/wp-json\/wp\/v2\/users\/1"}],"replies":[{"embeddable":true,"href":"https:\/\/franciscanos.org.br\/vidacrista\/wp-json\/wp\/v2\/comments?post=134801"}],"version-history":[{"count":1,"href":"https:\/\/franciscanos.org.br\/vidacrista\/wp-json\/wp\/v2\/posts\/134801\/revisions"}],"predecessor-version":[{"id":178134,"href":"https:\/\/franciscanos.org.br\/vidacrista\/wp-json\/wp\/v2\/posts\/134801\/revisions\/178134"}],"wp:featuredmedia":[{"embeddable":true,"href":"https:\/\/franciscanos.org.br\/vidacrista\/wp-json\/wp\/v2\/media\/187986"}],"wp:attachment":[{"href":"https:\/\/franciscanos.org.br\/vidacrista\/wp-json\/wp\/v2\/media?parent=134801"}],"wp:term":[{"taxonomy":"category","embeddable":true,"href":"https:\/\/franciscanos.org.br\/vidacrista\/wp-json\/wp\/v2\/categories?post=134801"},{"taxonomy":"post_tag","embeddable":true,"href":"https:\/\/franciscanos.org.br\/vidacrista\/wp-json\/wp\/v2\/tags?post=134801"}],"curies":[{"name":"wp","href":"https:\/\/api.w.org\/{rel}","templated":true}]}}