{"id":13392,"date":"2012-04-04T01:00:17","date_gmt":"2012-04-04T04:00:17","guid":{"rendered":"http:\/\/new.franciscanos.org.br\/?p=13392"},"modified":"2020-05-22T10:09:17","modified_gmt":"2020-05-22T13:09:17","slug":"as-delicadezas-de-um-grande-coracao","status":"publish","type":"post","link":"https:\/\/franciscanos.org.br\/vidacrista\/as-delicadezas-de-um-grande-coracao\/","title":{"rendered":"As delicadezas de um grande cora\u00e7\u00e3o"},"content":{"rendered":"<p><strong><strong><a href=\"http:\/\/franciscanos.org.br\/wp-content\/uploads\/2012\/01\/giotto_crucifixo_g03.jpg\"><img decoding=\"async\" loading=\"lazy\" class=\"alignright\" title=\"Crucifica\u00e7\u00e3o de Cristo, de Giotto \" src=\"http:\/\/franciscanos.org.br\/wp-content\/uploads\/2012\/01\/giotto_crucifixo_g03-207x300.jpg\" alt=\"\" width=\"207\" height=\"300\" \/><\/a><\/strong>Frei Almir Ribeiro Guimar\u00e3es<\/strong><\/p>\n<p>A primeira sexta-feira do m\u00eas de abril neste ano de 2012 coincide com a sexta-feira da Paix\u00e3o do Senhor. Neste dia contemplamos todas as finezas amorosas do Senhor que d\u00e1 a vida pelos seus e que tem o cora\u00e7\u00e3o aberto pela lan\u00e7a. Transcrevemos uma das mais belas p\u00e1ginas de Santo Anselmo que fala das delicadezas do Crucificado.<\/p>\n<p>\u201cEu te suplico, \u00f3 Majestade, \u00f3 amor suspenso na cruz! Tu \u00e9s\u00a0 minha esperan\u00e7a,\u00a0 meu ref\u00fagio, minha miseric\u00f3rdia. Tem piedade de mim, e\u00a0 ensina-me a te adorar, a te amar\u00a0 pois \u00e9 meu desejo te adorar e te amar, embora n\u00e3o saiba como faz\u00ea-lo.<\/p>\n<p>Eu te pe\u00e7o, \u00f3 Jesus, que ouves os que te amam, pelo amor que manifestaste na cruz pelo homem: faze que eu jamais sinta desgosto ou vergonha de estar diante da tua cruz;\u00a0 mas que minha alma se compraza em\u00a0 permanecer fielmente sob o teu olhar, e que teus divinos olhos se comprazam em me olhar\u00a0 misericordiosamente. D\u00e1-me a for\u00e7a de chorar minha mis\u00e9ria, d\u00e1-me o contentamento de ver minha tristeza mudada em alegria.<\/p>\n<p>Eu me lembro de haveres dito a tua m\u00e3e quando pendias da cruz: <em>Mulher, eis a\u00ed o teu filho! <\/em>(Jo 19,26).\u00a0 Agora, bon\u00edssimo Senhor, dize a teu servo:\u00a0 \u201cEis aqui teu Deus, teu redentor\u201d\u00a0 E tu, Virgem bendita entre todas as mulheres, dize-me:\u00a0 \u201cEis aqui meu filho, eis aqui teu salvador\u201d.\u00a0 Pois eu vejo muito bem teu\u00a0 Filho, \u00f3 Senhora, deitado no pres\u00e9pio, eu o reconhe\u00e7o ensinando no templo, mas em nenhum outro lugar o conhe\u00e7o com tanta certeza como na cruz. \u00c9 l\u00e1 que ele declara:<em> Mulher, eis a\u00ed teu filho!<\/em>\u00a0 \u00c9 l\u00e1, Santa M\u00e3e, que \u00e9 preciso interceder por mim, pois,\u00a0 dizendo-se teu Filho, ele assume a obriga\u00e7\u00e3o de acolher com amor tua prece.\u00a0 Dize-lhe:\u00a0 \u201cMeu filho, um\u00a0 pecador clama por mim!\u00a0 Perdoa seus pecados, pois ele agiu irrefletidamente\u201d.\u00a0 &#8211;\u00a0 Sim, Senhor, \u00e9 verdade.\u00a0 Eu sou culpado e confesso a ti e a tua m\u00e3e.\u00a0 Desde a inf\u00e2ncia tua cruz me \u00e9 apresentada e eu n\u00e3o soube ador\u00e1-la. Tu que triunfas na bondade, perdoa o mal que cometi sem refletir. Tu \u00e9s a minha verdadeira e\u00a0 \u00fanica esperan\u00e7a.<\/p>\n<p>Quero sentir o perfume de tua cruz, como o ladr\u00e3o que disse:\u00a0 <em>Senhor, lembra-te de mim quando entrares em teu reino<\/em>. O que teus milagres n\u00e3o puderam fazer, tua cruz fez.\u00a0 Ele te conheceu com maior certeza e\u00a0 mais perfeitamente sobre a cruz\u00a0 do que na prega\u00e7\u00e3o e nos milagres. \u00d3 poder da cruz, \u00f3 triunfo do crucificado! Desde que viu o madeiro, o homem reconheceu o teu reino. Vendo-te crucificado, compreendeu que eras rei. \u00d3 perfume da cruz que dissipas as d\u00favidas! <em>Senhor!\u00a0 &#8211;<\/em>\u00a0 exclama o ladr\u00e3o, vendo com seus olhos o pre\u00e7o com que\u00a0 Deus o resgatou.<\/p>\n<p>Mas, bon\u00edssimo Senhor, que respondeste ao ladr\u00e3o suplicante?\u00a0 &#8211;\u00a0 <em>Hoje estar\u00e1s comigo no Para\u00edso <\/em>(Lc 23,43). \u00d3 meu rei, os cravos te atravessam e tu prometes o Para\u00edso! \u00d3 desejo das almas, onde \u00e9 o Para\u00edso?\u00a0 Ser\u00e1 que o Para\u00edso est\u00e1 contigo?\u00a0 Que o Para\u00edso \u00e9 l\u00e1 onde\u00a0 queres?\u00a0 Sim, eu sei,\u00a0 o Para\u00edso \u00e9s tu, que o prometes com tanta certeza. Eu creio, Senhor, eu creio sem reserva que o Para\u00edso \u00e9 l\u00e1 onde queres, l\u00e1 onde est\u00e1s. Estar contigo, eis o Para\u00edso. Hoje \u00e9 o dia da cruz e o dia da eternidade, contigo o reino. Felizes os que est\u00e3o contigo no Para\u00edso, pela f\u00e9 e pelo amor\u201d.<\/p>\n","protected":false},"excerpt":{"rendered":"<p>Frei Almir Ribeiro Guimar\u00e3es<\/p>\n","protected":false},"author":1,"featured_media":184572,"comment_status":"closed","ping_status":"closed","sticky":false,"template":"","format":"standard","meta":{"footnotes":""},"categories":[105],"tags":[106,112],"yoast_head":"<!-- This site is optimized with the Yoast SEO plugin v19.4 - https:\/\/yoast.com\/wordpress\/plugins\/seo\/ -->\n<title>As delicadezas de um grande cora\u00e7\u00e3o - Vida Crist\u00e3 - Franciscanos<\/title>\n<meta name=\"robots\" content=\"index, follow, max-snippet:-1, max-image-preview:large, max-video-preview:-1\" \/>\n<link rel=\"canonical\" href=\"https:\/\/franciscanos.org.br\/vidacrista\/as-delicadezas-de-um-grande-coracao\/\" \/>\n<meta property=\"og:locale\" content=\"pt_BR\" \/>\n<meta property=\"og:type\" content=\"article\" \/>\n<meta property=\"og:title\" content=\"As delicadezas de um grande cora\u00e7\u00e3o - Vida Crist\u00e3 - Franciscanos\" \/>\n<meta property=\"og:description\" content=\"Frei Almir Ribeiro Guimar\u00e3es\" \/>\n<meta property=\"og:url\" content=\"https:\/\/franciscanos.org.br\/vidacrista\/as-delicadezas-de-um-grande-coracao\/\" \/>\n<meta property=\"og:site_name\" content=\"Vida Crist\u00e3 - Franciscanos\" \/>\n<meta property=\"article:published_time\" content=\"2012-04-04T04:00:17+00:00\" \/>\n<meta property=\"article:modified_time\" content=\"2020-05-22T13:09:17+00:00\" \/>\n<meta property=\"og:image\" content=\"https:\/\/franciscanos.org.br\/vidacrista\/wp-content\/uploads\/2012\/04\/giotto_crucifixo_g03-207x300.jpg\" \/>\n\t<meta property=\"og:image:width\" content=\"800\" \/>\n\t<meta property=\"og:image:height\" content=\"603\" \/>\n\t<meta property=\"og:image:type\" content=\"image\/jpeg\" \/>\n<meta name=\"author\" content=\"admin\" \/>\n<meta name=\"twitter:card\" content=\"summary_large_image\" \/>\n<meta name=\"twitter:label1\" content=\"Escrito por\" \/>\n\t<meta name=\"twitter:data1\" content=\"admin\" \/>\n\t<meta name=\"twitter:label2\" content=\"Est. tempo de leitura\" \/>\n\t<meta name=\"twitter:data2\" content=\"3 minutos\" \/>\n<script type=\"application\/ld+json\" class=\"yoast-schema-graph\">{\"@context\":\"https:\/\/schema.org\",\"@graph\":[{\"@type\":\"WebSite\",\"@id\":\"https:\/\/franciscanos.org.br\/vidacrista\/#website\",\"url\":\"https:\/\/franciscanos.org.br\/vidacrista\/\",\"name\":\"Vida Crist\u00e3 - Franciscanos\",\"description\":\"Prov\u00edncia Franciscana da Imaculada Concei\u00e7\u00e3o do Brasil - Ordem dos Frades Menores\",\"potentialAction\":[{\"@type\":\"SearchAction\",\"target\":{\"@type\":\"EntryPoint\",\"urlTemplate\":\"https:\/\/franciscanos.org.br\/vidacrista\/?s={search_term_string}\"},\"query-input\":\"required name=search_term_string\"}],\"inLanguage\":\"pt-BR\"},{\"@type\":\"WebPage\",\"@id\":\"https:\/\/franciscanos.org.br\/vidacrista\/as-delicadezas-de-um-grande-coracao\/\",\"url\":\"https:\/\/franciscanos.org.br\/vidacrista\/as-delicadezas-de-um-grande-coracao\/\",\"name\":\"As delicadezas de um grande cora\u00e7\u00e3o - Vida Crist\u00e3 - Franciscanos\",\"isPartOf\":{\"@id\":\"https:\/\/franciscanos.org.br\/vidacrista\/#website\"},\"datePublished\":\"2012-04-04T04:00:17+00:00\",\"dateModified\":\"2020-05-22T13:09:17+00:00\",\"author\":{\"@id\":\"https:\/\/franciscanos.org.br\/vidacrista\/#\/schema\/person\/133632ca93cec555316a35f76ab4153b\"},\"breadcrumb\":{\"@id\":\"https:\/\/franciscanos.org.br\/vidacrista\/as-delicadezas-de-um-grande-coracao\/#breadcrumb\"},\"inLanguage\":\"pt-BR\",\"potentialAction\":[{\"@type\":\"ReadAction\",\"target\":[\"https:\/\/franciscanos.org.br\/vidacrista\/as-delicadezas-de-um-grande-coracao\/\"]}]},{\"@type\":\"BreadcrumbList\",\"@id\":\"https:\/\/franciscanos.org.br\/vidacrista\/as-delicadezas-de-um-grande-coracao\/#breadcrumb\",\"itemListElement\":[{\"@type\":\"ListItem\",\"position\":1,\"name\":\"Home\",\"item\":\"https:\/\/franciscanos.org.br\/vidacrista\/\"},{\"@type\":\"ListItem\",\"position\":2,\"name\":\"As delicadezas de um grande cora\u00e7\u00e3o\"}]},{\"@type\":\"Person\",\"@id\":\"https:\/\/franciscanos.org.br\/vidacrista\/#\/schema\/person\/133632ca93cec555316a35f76ab4153b\",\"name\":\"admin\",\"image\":{\"@type\":\"ImageObject\",\"inLanguage\":\"pt-BR\",\"@id\":\"https:\/\/franciscanos.org.br\/vidacrista\/#\/schema\/person\/image\/\",\"url\":\"https:\/\/secure.gravatar.com\/avatar\/e8495742d34d0ba6448ea1c628263b3e?s=96&d=mm&r=g\",\"contentUrl\":\"https:\/\/secure.gravatar.com\/avatar\/e8495742d34d0ba6448ea1c628263b3e?s=96&d=mm&r=g\",\"caption\":\"admin\"},\"url\":\"https:\/\/franciscanos.org.br\/vidacrista\/author\/admin\/\"}]}<\/script>\n<!-- \/ Yoast SEO plugin. -->","yoast_head_json":{"title":"As delicadezas de um grande cora\u00e7\u00e3o - Vida Crist\u00e3 - Franciscanos","robots":{"index":"index","follow":"follow","max-snippet":"max-snippet:-1","max-image-preview":"max-image-preview:large","max-video-preview":"max-video-preview:-1"},"canonical":"https:\/\/franciscanos.org.br\/vidacrista\/as-delicadezas-de-um-grande-coracao\/","og_locale":"pt_BR","og_type":"article","og_title":"As delicadezas de um grande cora\u00e7\u00e3o - Vida Crist\u00e3 - Franciscanos","og_description":"Frei Almir Ribeiro Guimar\u00e3es","og_url":"https:\/\/franciscanos.org.br\/vidacrista\/as-delicadezas-de-um-grande-coracao\/","og_site_name":"Vida Crist\u00e3 - Franciscanos","article_published_time":"2012-04-04T04:00:17+00:00","article_modified_time":"2020-05-22T13:09:17+00:00","og_image":[{"width":800,"height":603,"url":"https:\/\/franciscanos.org.br\/vidacrista\/wp-content\/uploads\/2012\/04\/giotto_crucifixo_g03-207x300.jpg","type":"image\/jpeg"}],"author":"admin","twitter_card":"summary_large_image","twitter_misc":{"Escrito por":"admin","Est. tempo de leitura":"3 minutos"},"schema":{"@context":"https:\/\/schema.org","@graph":[{"@type":"WebSite","@id":"https:\/\/franciscanos.org.br\/vidacrista\/#website","url":"https:\/\/franciscanos.org.br\/vidacrista\/","name":"Vida Crist\u00e3 - Franciscanos","description":"Prov\u00edncia Franciscana da Imaculada Concei\u00e7\u00e3o do Brasil - Ordem dos Frades Menores","potentialAction":[{"@type":"SearchAction","target":{"@type":"EntryPoint","urlTemplate":"https:\/\/franciscanos.org.br\/vidacrista\/?s={search_term_string}"},"query-input":"required name=search_term_string"}],"inLanguage":"pt-BR"},{"@type":"WebPage","@id":"https:\/\/franciscanos.org.br\/vidacrista\/as-delicadezas-de-um-grande-coracao\/","url":"https:\/\/franciscanos.org.br\/vidacrista\/as-delicadezas-de-um-grande-coracao\/","name":"As delicadezas de um grande cora\u00e7\u00e3o - Vida Crist\u00e3 - Franciscanos","isPartOf":{"@id":"https:\/\/franciscanos.org.br\/vidacrista\/#website"},"datePublished":"2012-04-04T04:00:17+00:00","dateModified":"2020-05-22T13:09:17+00:00","author":{"@id":"https:\/\/franciscanos.org.br\/vidacrista\/#\/schema\/person\/133632ca93cec555316a35f76ab4153b"},"breadcrumb":{"@id":"https:\/\/franciscanos.org.br\/vidacrista\/as-delicadezas-de-um-grande-coracao\/#breadcrumb"},"inLanguage":"pt-BR","potentialAction":[{"@type":"ReadAction","target":["https:\/\/franciscanos.org.br\/vidacrista\/as-delicadezas-de-um-grande-coracao\/"]}]},{"@type":"BreadcrumbList","@id":"https:\/\/franciscanos.org.br\/vidacrista\/as-delicadezas-de-um-grande-coracao\/#breadcrumb","itemListElement":[{"@type":"ListItem","position":1,"name":"Home","item":"https:\/\/franciscanos.org.br\/vidacrista\/"},{"@type":"ListItem","position":2,"name":"As delicadezas de um grande cora\u00e7\u00e3o"}]},{"@type":"Person","@id":"https:\/\/franciscanos.org.br\/vidacrista\/#\/schema\/person\/133632ca93cec555316a35f76ab4153b","name":"admin","image":{"@type":"ImageObject","inLanguage":"pt-BR","@id":"https:\/\/franciscanos.org.br\/vidacrista\/#\/schema\/person\/image\/","url":"https:\/\/secure.gravatar.com\/avatar\/e8495742d34d0ba6448ea1c628263b3e?s=96&d=mm&r=g","contentUrl":"https:\/\/secure.gravatar.com\/avatar\/e8495742d34d0ba6448ea1c628263b3e?s=96&d=mm&r=g","caption":"admin"},"url":"https:\/\/franciscanos.org.br\/vidacrista\/author\/admin\/"}]}},"_links":{"self":[{"href":"https:\/\/franciscanos.org.br\/vidacrista\/wp-json\/wp\/v2\/posts\/13392"}],"collection":[{"href":"https:\/\/franciscanos.org.br\/vidacrista\/wp-json\/wp\/v2\/posts"}],"about":[{"href":"https:\/\/franciscanos.org.br\/vidacrista\/wp-json\/wp\/v2\/types\/post"}],"author":[{"embeddable":true,"href":"https:\/\/franciscanos.org.br\/vidacrista\/wp-json\/wp\/v2\/users\/1"}],"replies":[{"embeddable":true,"href":"https:\/\/franciscanos.org.br\/vidacrista\/wp-json\/wp\/v2\/comments?post=13392"}],"version-history":[{"count":1,"href":"https:\/\/franciscanos.org.br\/vidacrista\/wp-json\/wp\/v2\/posts\/13392\/revisions"}],"predecessor-version":[{"id":178164,"href":"https:\/\/franciscanos.org.br\/vidacrista\/wp-json\/wp\/v2\/posts\/13392\/revisions\/178164"}],"wp:featuredmedia":[{"embeddable":true,"href":"https:\/\/franciscanos.org.br\/vidacrista\/wp-json\/wp\/v2\/media\/184572"}],"wp:attachment":[{"href":"https:\/\/franciscanos.org.br\/vidacrista\/wp-json\/wp\/v2\/media?parent=13392"}],"wp:term":[{"taxonomy":"category","embeddable":true,"href":"https:\/\/franciscanos.org.br\/vidacrista\/wp-json\/wp\/v2\/categories?post=13392"},{"taxonomy":"post_tag","embeddable":true,"href":"https:\/\/franciscanos.org.br\/vidacrista\/wp-json\/wp\/v2\/tags?post=13392"}],"curies":[{"name":"wp","href":"https:\/\/api.w.org\/{rel}","templated":true}]}}